{"id":32998,"date":"2022-08-25T08:37:27","date_gmt":"2022-08-25T13:37:27","guid":{"rendered":"https:\/\/luchonoticias.com\/?p=32998"},"modified":"2022-08-25T08:37:28","modified_gmt":"2022-08-25T13:37:28","slug":"las-puertas-de-este-palacio-estan-abiertas-para-la-oposicion-presidente-petro","status":"publish","type":"post","link":"https:\/\/luchonoticias.com\/editor\/las-puertas-de-este-palacio-estan-abiertas-para-la-oposicion-presidente-petro\/","title":{"rendered":"Las puertas de este Palacio est\u00e1n abiertas para la oposici\u00f3n: Presidente Petro"},"content":{"rendered":"\n<p>Al t\u00e9rmino de la reuni\u00f3n bilateral con el Presidente del Gobierno espa\u00f1ol, Pedro S\u00e1nchez, el Mandatario colombiano, Gustavo Petro, asegur\u00f3: \u201cCada vez que la oposici\u00f3n que se configure quiera hablar conmigo, las puertas de este Palacio, tan acogedor, est\u00e1n abiertas, siempre estar\u00e1n abiertas; nosotros no le tenemos ning\u00fan temor al di\u00e1logo, a conversar, incluso, a corregir si nos demuestran que estamos equivocados\u201d.<\/p>\n\n\n\n<p>El mensaje fue dado por el Jefe de Estado luego del encuentro que sostuvo con su hom\u00f3logo y el equipo de gobierno espa\u00f1ol, quienes adelantan una visita Oficial a Colombia, en la que se avanz\u00f3 en la agenda com\u00fan y reforzar las relaciones entre las dos naciones.<\/p>\n\n\n\n<p>Al responder las preguntas de los periodistas, luego de la declaraci\u00f3n oficial, el Presidente Petro record\u00f3 que solamente lleva 15 d\u00edas en el cargo y que en este tiempo \u201cno se ha consolidado una oposici\u00f3n al Gobierno; ya ser\u00e1 un proceso y la habr\u00e1, porque toda sociedad debe tener debate, no puede haber una homogenizaci\u00f3n de la sociedad en su manera de pensar y sentir, eso es un imposible. Si existiera, la sociedad no vivir\u00eda, ser\u00eda una sociedad muerta, pero hasta ahora lo que vemos son expresiones de cosas, pero no una oposici\u00f3n configurada\u201d.<\/p>\n\n\n\n<p>Reiter\u00f3 que todos los lineamientos de este Gobierno se han hecho p\u00fablicos desde la campa\u00f1a y \u201clos estamos siguiendo\u201d. De hecho, \u201cen estos 15 d\u00edas nadie podr\u00e1 decir que hemos hecho algo que es contrario a lo que hab\u00edamos dicho en campa\u00f1a, hemos seguido lo que dijimos y lo seguiremos haciendo\u201d.<\/p>\n\n\n\n<p>El Mandatario, al referirse a la aprobaci\u00f3n de las leyes que se tienen previstas, dijo que eso implica que haya mayor\u00edas en el Congreso de la Rep\u00fablica, y reconoci\u00f3 que si bien su Gobierno tiene una gran fuerza \u201cno alcanzamos a ser mayor\u00eda en las elecciones parlamentarias\u201d, por lo que dijo: \u201cSe ha construido un bloque all\u00ed de fuerzas que, obviamente, no piensan igual que nosotros, son diferentes, pero en medio de esa diferencia vamos encontrando puntos comunes que nos permiten aprobar reformas\u201d.<\/p>\n\n\n\n<p><strong>Di\u00e1logo para construir consensos<\/strong><\/p>\n\n\n\n<p>En su intervenci\u00f3n, el Presidente Petro coment\u00f3 que ha dialogado con diferentes gremios del sector productivo.<\/p>\n\n\n\n<p>\u201cHemos dialogado, en sus eventos, con banqueros, con industriales \u2014los pocos que hay\u2014, con empresarios en general; el Consejo Gremial se reuni\u00f3 con nosotros, hablamos horas, se abri\u00f3 all\u00ed el di\u00e1logo con el Ministerio de Trabajo para una concertaci\u00f3n nacional hacia una reforma laboral que incluya, por primera vez, la orden dada por la Constituci\u00f3n del 91 de tener un Estatuto del Trabajo en Colombia\u201d.<\/p>\n\n\n\n<p>Sobre este aspecto de la reforma, manifest\u00f3: \u201cEsas conversaciones deben ir de cara a dignificar y a profundizar la estabilidad laboral en el pa\u00eds. Ya veremos los resultados de esas conversaciones durante todo este a\u00f1o; hay tiempo hasta diciembre, un poco m\u00e1s si es necesario, para presentar un proyecto de ley, ojal\u00e1 sea concertado, al Congreso de la Rep\u00fablica de reforma laboral\u201d.<\/p>\n","protected":false},"excerpt":{"rendered":"<p>Al t\u00e9rmino de la reuni\u00f3n bilateral con el Presidente del Gobierno espa\u00f1ol, Pedro S\u00e1nchez, el Mandatario colombiano, Gustavo Petro, asegur\u00f3: \u201cCada vez que la oposici\u00f3n que se configure quiera hablar conmigo, las puertas de este Palacio, tan acogedor, est\u00e1n abiertas, siempre estar\u00e1n abiertas; nosotros no le tenemos ning\u00fan temor al di\u00e1logo, a conversar, incluso, a [&hellip;]<\/p>\n","protected":false},"author":1,"featured_media":0,"comment_status":"open","ping_status":"open","sticky":false,"template":"","format":"standard","meta":{"footnotes":""},"categories":[36,32],"tags":[],"class_list":["post-32998","post","type-post","status-publish","format-standard","hentry","category-destacado","category-nacional"],"yoast_head":"<!-- This site is optimized with the Yoast SEO plugin v26.6 - https:\/\/yoast.com\/wordpress\/plugins\/seo\/ -->\n<title>Las puertas de este Palacio est\u00e1n abiertas para la oposici\u00f3n: Presidente Petro -<\/title>\n<meta name=\"robots\" content=\"index, follow, max-snippet:-1, max-image-preview:large, max-video-preview:-1\" \/>\n<link rel=\"canonical\" href=\"https:\/\/luchonoticias.com\/editor\/las-puertas-de-este-palacio-estan-abiertas-para-la-oposicion-presidente-petro\/\" \/>\n<meta property=\"og:locale\" content=\"es_ES\" \/>\n<meta property=\"og:type\" content=\"article\" \/>\n<meta property=\"og:title\" content=\"Las puertas de este Palacio est\u00e1n abiertas para la oposici\u00f3n: Presidente Petro -\" \/>\n<meta property=\"og:url\" content=\"https:\/\/luchonoticias.com\/editor\/las-puertas-de-este-palacio-estan-abiertas-para-la-oposicion-presidente-petro\/\" \/>\n<meta property=\"article:publisher\" content=\"https:\/\/www.facebook.com\/luchonoticiasneiva\" \/>\n<meta property=\"article:author\" content=\"https:\/\/www.facebook.com\/luchonoticiasneiva\" \/>\n<meta property=\"article:published_time\" content=\"2022-08-25T13:37:27+00:00\" \/>\n<meta property=\"article:modified_time\" content=\"2022-08-25T13:37:28+00:00\" \/>\n<meta name=\"author\" content=\"admin\" \/>\n<meta name=\"twitter:card\" content=\"summary_large_image\" \/>\n<meta name=\"twitter:label1\" content=\"Escrito por\" \/>\n\t<meta name=\"twitter:data1\" content=\"admin\" \/>\n\t<meta name=\"twitter:label2\" content=\"Tiempo de lectura\" \/>\n\t<meta name=\"twitter:data2\" content=\"3 minutos\" \/>\n<script type=\"application\/ld+json\" class=\"yoast-schema-graph\">{\"@context\":\"https:\/\/schema.org\",\"@graph\":[{\"@type\":\"Article\",\"@id\":\"https:\/\/luchonoticias.com\/editor\/las-puertas-de-este-palacio-estan-abiertas-para-la-oposicion-presidente-petro\/#article\",\"isPartOf\":{\"@id\":\"https:\/\/luchonoticias.com\/editor\/las-puertas-de-este-palacio-estan-abiertas-para-la-oposicion-presidente-petro\/\"},\"author\":{\"name\":\"admin\",\"@id\":\"https:\/\/luchonoticias.com\/editor\/#\/schema\/person\/7a7fd911f58561fd056dbac7b55af9cd\"},\"headline\":\"Las puertas de este Palacio est\u00e1n abiertas para la oposici\u00f3n: Presidente Petro\",\"datePublished\":\"2022-08-25T13:37:27+00:00\",\"dateModified\":\"2022-08-25T13:37:28+00:00\",\"mainEntityOfPage\":{\"@id\":\"https:\/\/luchonoticias.com\/editor\/las-puertas-de-este-palacio-estan-abiertas-para-la-oposicion-presidente-petro\/\"},\"wordCount\":532,\"commentCount\":0,\"publisher\":{\"@id\":\"https:\/\/luchonoticias.com\/editor\/#\/schema\/person\/7a7fd911f58561fd056dbac7b55af9cd\"},\"articleSection\":[\"Destacado\",\"Nacional\"],\"inLanguage\":\"es\",\"potentialAction\":[{\"@type\":\"CommentAction\",\"name\":\"Comment\",\"target\":[\"https:\/\/luchonoticias.com\/editor\/las-puertas-de-este-palacio-estan-abiertas-para-la-oposicion-presidente-petro\/#respond\"]}]},{\"@type\":\"WebPage\",\"@id\":\"https:\/\/luchonoticias.com\/editor\/las-puertas-de-este-palacio-estan-abiertas-para-la-oposicion-presidente-petro\/\",\"url\":\"https:\/\/luchonoticias.com\/editor\/las-puertas-de-este-palacio-estan-abiertas-para-la-oposicion-presidente-petro\/\",\"name\":\"Las puertas de este Palacio est\u00e1n abiertas para la oposici\u00f3n: Presidente Petro -\",\"isPartOf\":{\"@id\":\"https:\/\/luchonoticias.com\/editor\/#website\"},\"datePublished\":\"2022-08-25T13:37:27+00:00\",\"dateModified\":\"2022-08-25T13:37:28+00:00\",\"breadcrumb\":{\"@id\":\"https:\/\/luchonoticias.com\/editor\/las-puertas-de-este-palacio-estan-abiertas-para-la-oposicion-presidente-petro\/#breadcrumb\"},\"inLanguage\":\"es\",\"potentialAction\":[{\"@type\":\"ReadAction\",\"target\":[\"https:\/\/luchonoticias.com\/editor\/las-puertas-de-este-palacio-estan-abiertas-para-la-oposicion-presidente-petro\/\"]}]},{\"@type\":\"BreadcrumbList\",\"@id\":\"https:\/\/luchonoticias.com\/editor\/las-puertas-de-este-palacio-estan-abiertas-para-la-oposicion-presidente-petro\/#breadcrumb\",\"itemListElement\":[{\"@type\":\"ListItem\",\"position\":1,\"name\":\"Portada\",\"item\":\"https:\/\/luchonoticias.com\/editor\/\"},{\"@type\":\"ListItem\",\"position\":2,\"name\":\"Las puertas de este Palacio est\u00e1n abiertas para la oposici\u00f3n: Presidente Petro\"}]},{\"@type\":\"WebSite\",\"@id\":\"https:\/\/luchonoticias.com\/editor\/#website\",\"url\":\"https:\/\/luchonoticias.com\/editor\/\",\"name\":\"\",\"description\":\"\",\"publisher\":{\"@id\":\"https:\/\/luchonoticias.com\/editor\/#\/schema\/person\/7a7fd911f58561fd056dbac7b55af9cd\"},\"potentialAction\":[{\"@type\":\"SearchAction\",\"target\":{\"@type\":\"EntryPoint\",\"urlTemplate\":\"https:\/\/luchonoticias.com\/editor\/?s={search_term_string}\"},\"query-input\":{\"@type\":\"PropertyValueSpecification\",\"valueRequired\":true,\"valueName\":\"search_term_string\"}}],\"inLanguage\":\"es\"},{\"@type\":[\"Person\",\"Organization\"],\"@id\":\"https:\/\/luchonoticias.com\/editor\/#\/schema\/person\/7a7fd911f58561fd056dbac7b55af9cd\",\"name\":\"admin\",\"image\":{\"@type\":\"ImageObject\",\"inLanguage\":\"es\",\"@id\":\"https:\/\/luchonoticias.com\/editor\/#\/schema\/person\/image\/\",\"url\":\"https:\/\/luchonoticias.com\/editor\/wp-content\/uploads\/2024\/02\/cropped-cropped-logolu.webp\",\"contentUrl\":\"https:\/\/luchonoticias.com\/editor\/wp-content\/uploads\/2024\/02\/cropped-cropped-logolu.webp\",\"width\":382,\"height\":170,\"caption\":\"admin\"},\"logo\":{\"@id\":\"https:\/\/luchonoticias.com\/editor\/#\/schema\/person\/image\/\"},\"sameAs\":[\"https:\/\/www.facebook.com\/luchonoticiasneiva\"],\"url\":\"https:\/\/luchonoticias.com\/editor\/author\/admin\/\"}]}<\/script>\n<!-- \/ Yoast SEO plugin. -->","yoast_head_json":{"title":"Las puertas de este Palacio est\u00e1n abiertas para la oposici\u00f3n: Presidente Petro -","robots":{"index":"index","follow":"follow","max-snippet":"max-snippet:-1","max-image-preview":"max-image-preview:large","max-video-preview":"max-video-preview:-1"},"canonical":"https:\/\/luchonoticias.com\/editor\/las-puertas-de-este-palacio-estan-abiertas-para-la-oposicion-presidente-petro\/","og_locale":"es_ES","og_type":"article","og_title":"Las puertas de este Palacio est\u00e1n abiertas para la oposici\u00f3n: Presidente Petro -","og_url":"https:\/\/luchonoticias.com\/editor\/las-puertas-de-este-palacio-estan-abiertas-para-la-oposicion-presidente-petro\/","article_publisher":"https:\/\/www.facebook.com\/luchonoticiasneiva","article_author":"https:\/\/www.facebook.com\/luchonoticiasneiva","article_published_time":"2022-08-25T13:37:27+00:00","article_modified_time":"2022-08-25T13:37:28+00:00","author":"admin","twitter_card":"summary_large_image","twitter_misc":{"Escrito por":"admin","Tiempo de lectura":"3 minutos"},"schema":{"@context":"https:\/\/schema.org","@graph":[{"@type":"Article","@id":"https:\/\/luchonoticias.com\/editor\/las-puertas-de-este-palacio-estan-abiertas-para-la-oposicion-presidente-petro\/#article","isPartOf":{"@id":"https:\/\/luchonoticias.com\/editor\/las-puertas-de-este-palacio-estan-abiertas-para-la-oposicion-presidente-petro\/"},"author":{"name":"admin","@id":"https:\/\/luchonoticias.com\/editor\/#\/schema\/person\/7a7fd911f58561fd056dbac7b55af9cd"},"headline":"Las puertas de este Palacio est\u00e1n abiertas para la oposici\u00f3n: Presidente Petro","datePublished":"2022-08-25T13:37:27+00:00","dateModified":"2022-08-25T13:37:28+00:00","mainEntityOfPage":{"@id":"https:\/\/luchonoticias.com\/editor\/las-puertas-de-este-palacio-estan-abiertas-para-la-oposicion-presidente-petro\/"},"wordCount":532,"commentCount":0,"publisher":{"@id":"https:\/\/luchonoticias.com\/editor\/#\/schema\/person\/7a7fd911f58561fd056dbac7b55af9cd"},"articleSection":["Destacado","Nacional"],"inLanguage":"es","potentialAction":[{"@type":"CommentAction","name":"Comment","target":["https:\/\/luchonoticias.com\/editor\/las-puertas-de-este-palacio-estan-abiertas-para-la-oposicion-presidente-petro\/#respond"]}]},{"@type":"WebPage","@id":"https:\/\/luchonoticias.com\/editor\/las-puertas-de-este-palacio-estan-abiertas-para-la-oposicion-presidente-petro\/","url":"https:\/\/luchonoticias.com\/editor\/las-puertas-de-este-palacio-estan-abiertas-para-la-oposicion-presidente-petro\/","name":"Las puertas de este Palacio est\u00e1n abiertas para la oposici\u00f3n: Presidente Petro -","isPartOf":{"@id":"https:\/\/luchonoticias.com\/editor\/#website"},"datePublished":"2022-08-25T13:37:27+00:00","dateModified":"2022-08-25T13:37:28+00:00","breadcrumb":{"@id":"https:\/\/luchonoticias.com\/editor\/las-puertas-de-este-palacio-estan-abiertas-para-la-oposicion-presidente-petro\/#breadcrumb"},"inLanguage":"es","potentialAction":[{"@type":"ReadAction","target":["https:\/\/luchonoticias.com\/editor\/las-puertas-de-este-palacio-estan-abiertas-para-la-oposicion-presidente-petro\/"]}]},{"@type":"BreadcrumbList","@id":"https:\/\/luchonoticias.com\/editor\/las-puertas-de-este-palacio-estan-abiertas-para-la-oposicion-presidente-petro\/#breadcrumb","itemListElement":[{"@type":"ListItem","position":1,"name":"Portada","item":"https:\/\/luchonoticias.com\/editor\/"},{"@type":"ListItem","position":2,"name":"Las puertas de este Palacio est\u00e1n abiertas para la oposici\u00f3n: Presidente Petro"}]},{"@type":"WebSite","@id":"https:\/\/luchonoticias.com\/editor\/#website","url":"https:\/\/luchonoticias.com\/editor\/","name":"","description":"","publisher":{"@id":"https:\/\/luchonoticias.com\/editor\/#\/schema\/person\/7a7fd911f58561fd056dbac7b55af9cd"},"potentialAction":[{"@type":"SearchAction","target":{"@type":"EntryPoint","urlTemplate":"https:\/\/luchonoticias.com\/editor\/?s={search_term_string}"},"query-input":{"@type":"PropertyValueSpecification","valueRequired":true,"valueName":"search_term_string"}}],"inLanguage":"es"},{"@type":["Person","Organization"],"@id":"https:\/\/luchonoticias.com\/editor\/#\/schema\/person\/7a7fd911f58561fd056dbac7b55af9cd","name":"admin","image":{"@type":"ImageObject","inLanguage":"es","@id":"https:\/\/luchonoticias.com\/editor\/#\/schema\/person\/image\/","url":"https:\/\/luchonoticias.com\/editor\/wp-content\/uploads\/2024\/02\/cropped-cropped-logolu.webp","contentUrl":"https:\/\/luchonoticias.com\/editor\/wp-content\/uploads\/2024\/02\/cropped-cropped-logolu.webp","width":382,"height":170,"caption":"admin"},"logo":{"@id":"https:\/\/luchonoticias.com\/editor\/#\/schema\/person\/image\/"},"sameAs":["https:\/\/www.facebook.com\/luchonoticiasneiva"],"url":"https:\/\/luchonoticias.com\/editor\/author\/admin\/"}]}},"_links":{"self":[{"href":"https:\/\/luchonoticias.com\/editor\/wp-json\/wp\/v2\/posts\/32998","targetHints":{"allow":["GET"]}}],"collection":[{"href":"https:\/\/luchonoticias.com\/editor\/wp-json\/wp\/v2\/posts"}],"about":[{"href":"https:\/\/luchonoticias.com\/editor\/wp-json\/wp\/v2\/types\/post"}],"author":[{"embeddable":true,"href":"https:\/\/luchonoticias.com\/editor\/wp-json\/wp\/v2\/users\/1"}],"replies":[{"embeddable":true,"href":"https:\/\/luchonoticias.com\/editor\/wp-json\/wp\/v2\/comments?post=32998"}],"version-history":[{"count":0,"href":"https:\/\/luchonoticias.com\/editor\/wp-json\/wp\/v2\/posts\/32998\/revisions"}],"wp:attachment":[{"href":"https:\/\/luchonoticias.com\/editor\/wp-json\/wp\/v2\/media?parent=32998"}],"wp:term":[{"taxonomy":"category","embeddable":true,"href":"https:\/\/luchonoticias.com\/editor\/wp-json\/wp\/v2\/categories?post=32998"},{"taxonomy":"post_tag","embeddable":true,"href":"https:\/\/luchonoticias.com\/editor\/wp-json\/wp\/v2\/tags?post=32998"}],"curies":[{"name":"wp","href":"https:\/\/api.w.org\/{rel}","templated":true}]}}