{"id":33026,"date":"2022-08-26T04:34:26","date_gmt":"2022-08-26T09:34:26","guid":{"rendered":"https:\/\/luchonoticias.com\/?p=33026"},"modified":"2022-08-26T04:34:27","modified_gmt":"2022-08-26T09:34:27","slug":"los-proyectos-para-el-sector-ganadero-del-huila","status":"publish","type":"post","link":"https:\/\/luchonoticias.com\/editor\/los-proyectos-para-el-sector-ganadero-del-huila\/","title":{"rendered":"Los proyectos para el sector ganadero del Huila"},"content":{"rendered":"\n<p><strong>Uno de los proyectos m\u00e1s ambiciosos<\/strong>&nbsp;del sector agropecuario en el departamento del Huila, denominado<strong>&nbsp;Fortalecimiento t\u00e9cnico productivo de la actividad ganadera&nbsp;<\/strong>mediante la implementaci\u00f3n de un sistema silvopastoril y la&nbsp;<strong>dotaci\u00f3n de activos productivos a peque\u00f1os y medianos productores&nbsp;<\/strong>en el departamento del Huila, gestionado por el gobierno \u201cHuila Crece\u201d ante el ministerio de Agricultura, no est\u00e1 perdido, as\u00ed lo asegur\u00f3 el gobernador, Luis Enrique Duss\u00e1n.<\/p>\n\n\n\n<p>\u201cEse<strong>&nbsp;fue un proyecto que gestionamos nosotros, y tuvimos la fortuna de conseguir la aprobaci\u00f3n de $20.000 millones<\/strong>&nbsp;ante el Ministerio de Agricultura, para nosotros fue muy importante esa gesti\u00f3n pues esos recursos no estaban en las cuentas de nadie, pero cuando ya iniciamos el proceso, se adelant\u00f3 una convocatoria p\u00fablica buscando que se presentaran empresas que aportaran&nbsp; recursos para el cierre financiero, y logramos que se presentara una uni\u00f3n temporal conformada entre una empresa sin \u00e1nimo de lucro y el Comit\u00e9 Departamental de Ganaderos, ellos se ganaron la licitaci\u00f3n y deb\u00edan aportar cerca de $5.000 millones, nosotros como Gobernaci\u00f3n del Huila hac\u00edamos otro aporte, y cuando se deb\u00eda iniciar la ejecuci\u00f3n de proyecto les solicitamos la presentaci\u00f3n de las respectivas p\u00f3lizas de garant\u00eda que respaldaran el proceso, desafortunadamente no pudieron obtenerlas, debido a que las empresas aseguradoras dif\u00edcilmente emiten respaldo a proyectos de ganader\u00eda debido al riesgo que existe\u201d.<\/p>\n\n\n\n<p>Este proyecto por el orden de los&nbsp; $25.858.080.000, con el que<strong>&nbsp;se busca aumentar la producci\u00f3n en los sistemas ganaderos de peque\u00f1os y medianos productores&nbsp;<\/strong>en el Huila, mejorar gen\u00e9ticamente el hato ganadero y su alimentaci\u00f3n, as\u00ed como capacitar a los ganaderos en sistemas Integrados de producci\u00f3n que permitan un balance entre tecnolog\u00edas, negocios, sociedad y recursos naturales, direccionado a 832 peque\u00f1os ganaderos pertenecientes a 26 asociaciones de los municipios de Agrado, Campoalegre, Colombia, Gigante, Hobo, Iquira, Isnos, La Plata, N\u00e1taga, Neiva, Rivera, San Agust\u00edn , Santa Mar\u00eda, Suaza, Tello, Teruel, Tesalia, y Yaguar\u00e1.<\/p>\n\n\n\n<p>Cabe resaltar que este&nbsp;<strong>no es el \u00fanico esfuerzo adelantado por el gobierno departamental<\/strong>&nbsp;en favor de los ganaderos, pues existen otros tres proyectos que se vienen ejecutando con normalidad, encaminados al mejoramiento gen\u00e9tico, e implementaci\u00f3n de sistemas para la producci\u00f3n de forraje.<\/p>\n","protected":false},"excerpt":{"rendered":"<p>Uno de los proyectos m\u00e1s ambiciosos&nbsp;del sector agropecuario en el departamento del Huila, denominado&nbsp;Fortalecimiento t\u00e9cnico productivo de la actividad ganadera&nbsp;mediante la implementaci\u00f3n de un sistema silvopastoril y la&nbsp;dotaci\u00f3n de activos productivos a peque\u00f1os y medianos productores&nbsp;en el departamento del Huila, gestionado por el gobierno \u201cHuila Crece\u201d ante el ministerio de Agricultura, no est\u00e1 perdido, as\u00ed [&hellip;]<\/p>\n","protected":false},"author":1,"featured_media":0,"comment_status":"open","ping_status":"open","sticky":false,"template":"","format":"standard","meta":{"footnotes":""},"categories":[33],"tags":[],"class_list":["post-33026","post","type-post","status-publish","format-standard","hentry","category-huila"],"yoast_head":"<!-- This site is optimized with the Yoast SEO plugin v26.6 - https:\/\/yoast.com\/wordpress\/plugins\/seo\/ -->\n<title>Los proyectos para el sector ganadero del Huila -<\/title>\n<meta name=\"robots\" content=\"index, follow, max-snippet:-1, max-image-preview:large, max-video-preview:-1\" \/>\n<link rel=\"canonical\" href=\"https:\/\/luchonoticias.com\/editor\/los-proyectos-para-el-sector-ganadero-del-huila\/\" \/>\n<meta property=\"og:locale\" content=\"es_ES\" \/>\n<meta property=\"og:type\" content=\"article\" \/>\n<meta property=\"og:title\" content=\"Los proyectos para el sector ganadero del Huila -\" \/>\n<meta property=\"og:url\" content=\"https:\/\/luchonoticias.com\/editor\/los-proyectos-para-el-sector-ganadero-del-huila\/\" \/>\n<meta property=\"article:publisher\" content=\"https:\/\/www.facebook.com\/luchonoticiasneiva\" \/>\n<meta property=\"article:author\" content=\"https:\/\/www.facebook.com\/luchonoticiasneiva\" \/>\n<meta property=\"article:published_time\" content=\"2022-08-26T09:34:26+00:00\" \/>\n<meta property=\"article:modified_time\" content=\"2022-08-26T09:34:27+00:00\" \/>\n<meta name=\"author\" content=\"admin\" \/>\n<meta name=\"twitter:card\" content=\"summary_large_image\" \/>\n<meta name=\"twitter:label1\" content=\"Escrito por\" \/>\n\t<meta name=\"twitter:data1\" content=\"admin\" \/>\n\t<meta name=\"twitter:label2\" content=\"Tiempo de lectura\" \/>\n\t<meta name=\"twitter:data2\" content=\"2 minutos\" \/>\n<script type=\"application\/ld+json\" class=\"yoast-schema-graph\">{\"@context\":\"https:\/\/schema.org\",\"@graph\":[{\"@type\":\"Article\",\"@id\":\"https:\/\/luchonoticias.com\/editor\/los-proyectos-para-el-sector-ganadero-del-huila\/#article\",\"isPartOf\":{\"@id\":\"https:\/\/luchonoticias.com\/editor\/los-proyectos-para-el-sector-ganadero-del-huila\/\"},\"author\":{\"name\":\"admin\",\"@id\":\"https:\/\/luchonoticias.com\/editor\/#\/schema\/person\/7a7fd911f58561fd056dbac7b55af9cd\"},\"headline\":\"Los proyectos para el sector ganadero del Huila\",\"datePublished\":\"2022-08-26T09:34:26+00:00\",\"dateModified\":\"2022-08-26T09:34:27+00:00\",\"mainEntityOfPage\":{\"@id\":\"https:\/\/luchonoticias.com\/editor\/los-proyectos-para-el-sector-ganadero-del-huila\/\"},\"wordCount\":403,\"commentCount\":0,\"publisher\":{\"@id\":\"https:\/\/luchonoticias.com\/editor\/#\/schema\/person\/7a7fd911f58561fd056dbac7b55af9cd\"},\"articleSection\":[\"Huila\"],\"inLanguage\":\"es\",\"potentialAction\":[{\"@type\":\"CommentAction\",\"name\":\"Comment\",\"target\":[\"https:\/\/luchonoticias.com\/editor\/los-proyectos-para-el-sector-ganadero-del-huila\/#respond\"]}]},{\"@type\":\"WebPage\",\"@id\":\"https:\/\/luchonoticias.com\/editor\/los-proyectos-para-el-sector-ganadero-del-huila\/\",\"url\":\"https:\/\/luchonoticias.com\/editor\/los-proyectos-para-el-sector-ganadero-del-huila\/\",\"name\":\"Los proyectos para el sector ganadero del Huila -\",\"isPartOf\":{\"@id\":\"https:\/\/luchonoticias.com\/editor\/#website\"},\"datePublished\":\"2022-08-26T09:34:26+00:00\",\"dateModified\":\"2022-08-26T09:34:27+00:00\",\"breadcrumb\":{\"@id\":\"https:\/\/luchonoticias.com\/editor\/los-proyectos-para-el-sector-ganadero-del-huila\/#breadcrumb\"},\"inLanguage\":\"es\",\"potentialAction\":[{\"@type\":\"ReadAction\",\"target\":[\"https:\/\/luchonoticias.com\/editor\/los-proyectos-para-el-sector-ganadero-del-huila\/\"]}]},{\"@type\":\"BreadcrumbList\",\"@id\":\"https:\/\/luchonoticias.com\/editor\/los-proyectos-para-el-sector-ganadero-del-huila\/#breadcrumb\",\"itemListElement\":[{\"@type\":\"ListItem\",\"position\":1,\"name\":\"Portada\",\"item\":\"https:\/\/luchonoticias.com\/editor\/\"},{\"@type\":\"ListItem\",\"position\":2,\"name\":\"Los proyectos para el sector ganadero del Huila\"}]},{\"@type\":\"WebSite\",\"@id\":\"https:\/\/luchonoticias.com\/editor\/#website\",\"url\":\"https:\/\/luchonoticias.com\/editor\/\",\"name\":\"\",\"description\":\"\",\"publisher\":{\"@id\":\"https:\/\/luchonoticias.com\/editor\/#\/schema\/person\/7a7fd911f58561fd056dbac7b55af9cd\"},\"potentialAction\":[{\"@type\":\"SearchAction\",\"target\":{\"@type\":\"EntryPoint\",\"urlTemplate\":\"https:\/\/luchonoticias.com\/editor\/?s={search_term_string}\"},\"query-input\":{\"@type\":\"PropertyValueSpecification\",\"valueRequired\":true,\"valueName\":\"search_term_string\"}}],\"inLanguage\":\"es\"},{\"@type\":[\"Person\",\"Organization\"],\"@id\":\"https:\/\/luchonoticias.com\/editor\/#\/schema\/person\/7a7fd911f58561fd056dbac7b55af9cd\",\"name\":\"admin\",\"image\":{\"@type\":\"ImageObject\",\"inLanguage\":\"es\",\"@id\":\"https:\/\/luchonoticias.com\/editor\/#\/schema\/person\/image\/\",\"url\":\"https:\/\/luchonoticias.com\/editor\/wp-content\/uploads\/2024\/02\/cropped-cropped-logolu.webp\",\"contentUrl\":\"https:\/\/luchonoticias.com\/editor\/wp-content\/uploads\/2024\/02\/cropped-cropped-logolu.webp\",\"width\":382,\"height\":170,\"caption\":\"admin\"},\"logo\":{\"@id\":\"https:\/\/luchonoticias.com\/editor\/#\/schema\/person\/image\/\"},\"sameAs\":[\"https:\/\/www.facebook.com\/luchonoticiasneiva\"],\"url\":\"https:\/\/luchonoticias.com\/editor\/author\/admin\/\"}]}<\/script>\n<!-- \/ Yoast SEO plugin. -->","yoast_head_json":{"title":"Los proyectos para el sector ganadero del Huila -","robots":{"index":"index","follow":"follow","max-snippet":"max-snippet:-1","max-image-preview":"max-image-preview:large","max-video-preview":"max-video-preview:-1"},"canonical":"https:\/\/luchonoticias.com\/editor\/los-proyectos-para-el-sector-ganadero-del-huila\/","og_locale":"es_ES","og_type":"article","og_title":"Los proyectos para el sector ganadero del Huila -","og_url":"https:\/\/luchonoticias.com\/editor\/los-proyectos-para-el-sector-ganadero-del-huila\/","article_publisher":"https:\/\/www.facebook.com\/luchonoticiasneiva","article_author":"https:\/\/www.facebook.com\/luchonoticiasneiva","article_published_time":"2022-08-26T09:34:26+00:00","article_modified_time":"2022-08-26T09:34:27+00:00","author":"admin","twitter_card":"summary_large_image","twitter_misc":{"Escrito por":"admin","Tiempo de lectura":"2 minutos"},"schema":{"@context":"https:\/\/schema.org","@graph":[{"@type":"Article","@id":"https:\/\/luchonoticias.com\/editor\/los-proyectos-para-el-sector-ganadero-del-huila\/#article","isPartOf":{"@id":"https:\/\/luchonoticias.com\/editor\/los-proyectos-para-el-sector-ganadero-del-huila\/"},"author":{"name":"admin","@id":"https:\/\/luchonoticias.com\/editor\/#\/schema\/person\/7a7fd911f58561fd056dbac7b55af9cd"},"headline":"Los proyectos para el sector ganadero del Huila","datePublished":"2022-08-26T09:34:26+00:00","dateModified":"2022-08-26T09:34:27+00:00","mainEntityOfPage":{"@id":"https:\/\/luchonoticias.com\/editor\/los-proyectos-para-el-sector-ganadero-del-huila\/"},"wordCount":403,"commentCount":0,"publisher":{"@id":"https:\/\/luchonoticias.com\/editor\/#\/schema\/person\/7a7fd911f58561fd056dbac7b55af9cd"},"articleSection":["Huila"],"inLanguage":"es","potentialAction":[{"@type":"CommentAction","name":"Comment","target":["https:\/\/luchonoticias.com\/editor\/los-proyectos-para-el-sector-ganadero-del-huila\/#respond"]}]},{"@type":"WebPage","@id":"https:\/\/luchonoticias.com\/editor\/los-proyectos-para-el-sector-ganadero-del-huila\/","url":"https:\/\/luchonoticias.com\/editor\/los-proyectos-para-el-sector-ganadero-del-huila\/","name":"Los proyectos para el sector ganadero del Huila -","isPartOf":{"@id":"https:\/\/luchonoticias.com\/editor\/#website"},"datePublished":"2022-08-26T09:34:26+00:00","dateModified":"2022-08-26T09:34:27+00:00","breadcrumb":{"@id":"https:\/\/luchonoticias.com\/editor\/los-proyectos-para-el-sector-ganadero-del-huila\/#breadcrumb"},"inLanguage":"es","potentialAction":[{"@type":"ReadAction","target":["https:\/\/luchonoticias.com\/editor\/los-proyectos-para-el-sector-ganadero-del-huila\/"]}]},{"@type":"BreadcrumbList","@id":"https:\/\/luchonoticias.com\/editor\/los-proyectos-para-el-sector-ganadero-del-huila\/#breadcrumb","itemListElement":[{"@type":"ListItem","position":1,"name":"Portada","item":"https:\/\/luchonoticias.com\/editor\/"},{"@type":"ListItem","position":2,"name":"Los proyectos para el sector ganadero del Huila"}]},{"@type":"WebSite","@id":"https:\/\/luchonoticias.com\/editor\/#website","url":"https:\/\/luchonoticias.com\/editor\/","name":"","description":"","publisher":{"@id":"https:\/\/luchonoticias.com\/editor\/#\/schema\/person\/7a7fd911f58561fd056dbac7b55af9cd"},"potentialAction":[{"@type":"SearchAction","target":{"@type":"EntryPoint","urlTemplate":"https:\/\/luchonoticias.com\/editor\/?s={search_term_string}"},"query-input":{"@type":"PropertyValueSpecification","valueRequired":true,"valueName":"search_term_string"}}],"inLanguage":"es"},{"@type":["Person","Organization"],"@id":"https:\/\/luchonoticias.com\/editor\/#\/schema\/person\/7a7fd911f58561fd056dbac7b55af9cd","name":"admin","image":{"@type":"ImageObject","inLanguage":"es","@id":"https:\/\/luchonoticias.com\/editor\/#\/schema\/person\/image\/","url":"https:\/\/luchonoticias.com\/editor\/wp-content\/uploads\/2024\/02\/cropped-cropped-logolu.webp","contentUrl":"https:\/\/luchonoticias.com\/editor\/wp-content\/uploads\/2024\/02\/cropped-cropped-logolu.webp","width":382,"height":170,"caption":"admin"},"logo":{"@id":"https:\/\/luchonoticias.com\/editor\/#\/schema\/person\/image\/"},"sameAs":["https:\/\/www.facebook.com\/luchonoticiasneiva"],"url":"https:\/\/luchonoticias.com\/editor\/author\/admin\/"}]}},"_links":{"self":[{"href":"https:\/\/luchonoticias.com\/editor\/wp-json\/wp\/v2\/posts\/33026","targetHints":{"allow":["GET"]}}],"collection":[{"href":"https:\/\/luchonoticias.com\/editor\/wp-json\/wp\/v2\/posts"}],"about":[{"href":"https:\/\/luchonoticias.com\/editor\/wp-json\/wp\/v2\/types\/post"}],"author":[{"embeddable":true,"href":"https:\/\/luchonoticias.com\/editor\/wp-json\/wp\/v2\/users\/1"}],"replies":[{"embeddable":true,"href":"https:\/\/luchonoticias.com\/editor\/wp-json\/wp\/v2\/comments?post=33026"}],"version-history":[{"count":0,"href":"https:\/\/luchonoticias.com\/editor\/wp-json\/wp\/v2\/posts\/33026\/revisions"}],"wp:attachment":[{"href":"https:\/\/luchonoticias.com\/editor\/wp-json\/wp\/v2\/media?parent=33026"}],"wp:term":[{"taxonomy":"category","embeddable":true,"href":"https:\/\/luchonoticias.com\/editor\/wp-json\/wp\/v2\/categories?post=33026"},{"taxonomy":"post_tag","embeddable":true,"href":"https:\/\/luchonoticias.com\/editor\/wp-json\/wp\/v2\/tags?post=33026"}],"curies":[{"name":"wp","href":"https:\/\/api.w.org\/{rel}","templated":true}]}}