{"id":33032,"date":"2022-08-26T04:37:06","date_gmt":"2022-08-26T09:37:06","guid":{"rendered":"https:\/\/luchonoticias.com\/?p=33032"},"modified":"2022-08-26T04:37:06","modified_gmt":"2022-08-26T09:37:06","slug":"gobernador-presente-en-reunion-del-consejo-departamental-de-mujeres","status":"publish","type":"post","link":"https:\/\/luchonoticias.com\/editor\/gobernador-presente-en-reunion-del-consejo-departamental-de-mujeres\/","title":{"rendered":"Gobernador presente en reuni\u00f3n del Consejo Departamental de Mujeres"},"content":{"rendered":"\n<p>El Gobernador del Huila, Luis Enrique Duss\u00e1n, fue invitado a una&nbsp;<strong>sesi\u00f3n del Consejo Departamental de Mujeres<\/strong>, evento que lideraron las integrantes de este organismo el cual representa a un poco m\u00e1s de 500.000 mujeres que hay en el territorio huilense.<\/p>\n\n\n\n<p>Durante la sesi\u00f3n, el mandatario departamental&nbsp;<strong>escuch\u00f3 las propuestas de las mujeres de este Consejo<\/strong>&nbsp;y los temas tratados giraron en torno al apoyo que deben tener los Consejos Municipales de Mujer en cada localidad, fortalecimiento al CDM, (Consejo Departamental de Mujer), la&nbsp;<strong>posibilidad de realizar eventos, foros y cert\u00e1menes nacionales,<\/strong>&nbsp;as\u00ed como una mesa de trabajo para examinar el decreto que crea y otorga funciones al CDM.<\/p>\n\n\n\n<p>La sesi\u00f3n estuvo acompa\u00f1ada por la Oficina de Asuntos Sociales del gobierno departamental, oficina que lidera la ingeniera Claudia Marcela Maya.<\/p>\n\n\n\n<p>El mandatario departamental se comprometi\u00f3 a&nbsp;<strong>concitar el inter\u00e9s y el compromiso de los alcaldes de los municipios del Huila&nbsp;<\/strong>para que asuman sus competencias en la reactivaci\u00f3n de los CMM, (Consejos Municipales de Mujer).<\/p>\n\n\n\n<p>\u201cEstamos dando esa discusi\u00f3n a nivel nacional. A los territorios nos llenaron de Competencias sin recursos. La misma Constituci\u00f3n Pol\u00edtica dice que para cada competencia debe garantizarse la fuente de recursos. Hoy a los departamentos los est\u00e1n llenando de m\u00e1s responsabilidades, pero sin fuente de recursos como por ejemplo las c\u00e1rceles, el transporte escolar, los Consejo Departamentales de Juventud, etc\u201d, afirm\u00f3 el mandatario.<\/p>\n\n\n\n<p>Tambi\u00e9n<strong>&nbsp;se comprometi\u00f3 a una mesa de trabajo para revisar el Decreto que da creaci\u00f3n y funciones al CDM<\/strong>, con el \u00e1nimo de mejorarlo y definir funciones que empoderen m\u00e1s a la mujer huilense.<\/p>\n\n\n\n<p>\u201cVamos a mirar la propuesta de impulsar la actividad de las confecciones, un emprendimiento que debe ir acompa\u00f1ado con el Sena para enfocar esta entidad en las demandas de formaci\u00f3n para emprendimiento de la mujer en este oficio que ellas est\u00e1n pidiendo. La idea es que se vuelvan iniciativas productivas reales\u201d, expres\u00f3 Duss\u00e1n.<\/p>\n\n\n\n<p>Record\u00f3 que su gobierno ha hecho mucho por la mujer. \u201cLa&nbsp;<strong>construcci\u00f3n de Proyectos Tipo, financiado con recurso de Regal\u00edas<\/strong>. All\u00ed tenemos un cupo de $5.200 millones que por primera vez lo lleva a cabo un Departamento del pa\u00eds y es el Huila. Somos pionero en ese tipo de proyectos para apoyar con recursos p\u00fablicos, el emprendimiento de nuestras mujeres\u201d, afirm\u00f3 el gobernador.<\/p>\n","protected":false},"excerpt":{"rendered":"<p>El Gobernador del Huila, Luis Enrique Duss\u00e1n, fue invitado a una&nbsp;sesi\u00f3n del Consejo Departamental de Mujeres, evento que lideraron las integrantes de este organismo el cual representa a un poco m\u00e1s de 500.000 mujeres que hay en el territorio huilense. Durante la sesi\u00f3n, el mandatario departamental&nbsp;escuch\u00f3 las propuestas de las mujeres de este Consejo&nbsp;y los [&hellip;]<\/p>\n","protected":false},"author":1,"featured_media":0,"comment_status":"open","ping_status":"open","sticky":false,"template":"","format":"standard","meta":{"footnotes":""},"categories":[33],"tags":[],"class_list":["post-33032","post","type-post","status-publish","format-standard","hentry","category-huila"],"yoast_head":"<!-- This site is optimized with the Yoast SEO plugin v26.6 - https:\/\/yoast.com\/wordpress\/plugins\/seo\/ -->\n<title>Gobernador presente en reuni\u00f3n del Consejo Departamental de Mujeres -<\/title>\n<meta name=\"robots\" content=\"index, follow, max-snippet:-1, max-image-preview:large, max-video-preview:-1\" \/>\n<link rel=\"canonical\" href=\"https:\/\/luchonoticias.com\/editor\/gobernador-presente-en-reunion-del-consejo-departamental-de-mujeres\/\" \/>\n<meta property=\"og:locale\" content=\"es_ES\" \/>\n<meta property=\"og:type\" content=\"article\" \/>\n<meta property=\"og:title\" content=\"Gobernador presente en reuni\u00f3n del Consejo Departamental de Mujeres -\" \/>\n<meta property=\"og:url\" content=\"https:\/\/luchonoticias.com\/editor\/gobernador-presente-en-reunion-del-consejo-departamental-de-mujeres\/\" \/>\n<meta property=\"article:publisher\" content=\"https:\/\/www.facebook.com\/luchonoticiasneiva\" \/>\n<meta property=\"article:author\" content=\"https:\/\/www.facebook.com\/luchonoticiasneiva\" \/>\n<meta property=\"article:published_time\" content=\"2022-08-26T09:37:06+00:00\" \/>\n<meta name=\"author\" content=\"admin\" \/>\n<meta name=\"twitter:card\" content=\"summary_large_image\" \/>\n<meta name=\"twitter:label1\" content=\"Escrito por\" \/>\n\t<meta name=\"twitter:data1\" content=\"admin\" \/>\n\t<meta name=\"twitter:label2\" content=\"Tiempo de lectura\" \/>\n\t<meta name=\"twitter:data2\" content=\"2 minutos\" \/>\n<script type=\"application\/ld+json\" class=\"yoast-schema-graph\">{\"@context\":\"https:\/\/schema.org\",\"@graph\":[{\"@type\":\"Article\",\"@id\":\"https:\/\/luchonoticias.com\/editor\/gobernador-presente-en-reunion-del-consejo-departamental-de-mujeres\/#article\",\"isPartOf\":{\"@id\":\"https:\/\/luchonoticias.com\/editor\/gobernador-presente-en-reunion-del-consejo-departamental-de-mujeres\/\"},\"author\":{\"name\":\"admin\",\"@id\":\"https:\/\/luchonoticias.com\/editor\/#\/schema\/person\/7a7fd911f58561fd056dbac7b55af9cd\"},\"headline\":\"Gobernador presente en reuni\u00f3n del Consejo Departamental de Mujeres\",\"datePublished\":\"2022-08-26T09:37:06+00:00\",\"mainEntityOfPage\":{\"@id\":\"https:\/\/luchonoticias.com\/editor\/gobernador-presente-en-reunion-del-consejo-departamental-de-mujeres\/\"},\"wordCount\":421,\"commentCount\":0,\"publisher\":{\"@id\":\"https:\/\/luchonoticias.com\/editor\/#\/schema\/person\/7a7fd911f58561fd056dbac7b55af9cd\"},\"articleSection\":[\"Huila\"],\"inLanguage\":\"es\",\"potentialAction\":[{\"@type\":\"CommentAction\",\"name\":\"Comment\",\"target\":[\"https:\/\/luchonoticias.com\/editor\/gobernador-presente-en-reunion-del-consejo-departamental-de-mujeres\/#respond\"]}]},{\"@type\":\"WebPage\",\"@id\":\"https:\/\/luchonoticias.com\/editor\/gobernador-presente-en-reunion-del-consejo-departamental-de-mujeres\/\",\"url\":\"https:\/\/luchonoticias.com\/editor\/gobernador-presente-en-reunion-del-consejo-departamental-de-mujeres\/\",\"name\":\"Gobernador presente en reuni\u00f3n del Consejo Departamental de Mujeres -\",\"isPartOf\":{\"@id\":\"https:\/\/luchonoticias.com\/editor\/#website\"},\"datePublished\":\"2022-08-26T09:37:06+00:00\",\"breadcrumb\":{\"@id\":\"https:\/\/luchonoticias.com\/editor\/gobernador-presente-en-reunion-del-consejo-departamental-de-mujeres\/#breadcrumb\"},\"inLanguage\":\"es\",\"potentialAction\":[{\"@type\":\"ReadAction\",\"target\":[\"https:\/\/luchonoticias.com\/editor\/gobernador-presente-en-reunion-del-consejo-departamental-de-mujeres\/\"]}]},{\"@type\":\"BreadcrumbList\",\"@id\":\"https:\/\/luchonoticias.com\/editor\/gobernador-presente-en-reunion-del-consejo-departamental-de-mujeres\/#breadcrumb\",\"itemListElement\":[{\"@type\":\"ListItem\",\"position\":1,\"name\":\"Portada\",\"item\":\"https:\/\/luchonoticias.com\/editor\/\"},{\"@type\":\"ListItem\",\"position\":2,\"name\":\"Gobernador presente en reuni\u00f3n del Consejo Departamental de Mujeres\"}]},{\"@type\":\"WebSite\",\"@id\":\"https:\/\/luchonoticias.com\/editor\/#website\",\"url\":\"https:\/\/luchonoticias.com\/editor\/\",\"name\":\"\",\"description\":\"\",\"publisher\":{\"@id\":\"https:\/\/luchonoticias.com\/editor\/#\/schema\/person\/7a7fd911f58561fd056dbac7b55af9cd\"},\"potentialAction\":[{\"@type\":\"SearchAction\",\"target\":{\"@type\":\"EntryPoint\",\"urlTemplate\":\"https:\/\/luchonoticias.com\/editor\/?s={search_term_string}\"},\"query-input\":{\"@type\":\"PropertyValueSpecification\",\"valueRequired\":true,\"valueName\":\"search_term_string\"}}],\"inLanguage\":\"es\"},{\"@type\":[\"Person\",\"Organization\"],\"@id\":\"https:\/\/luchonoticias.com\/editor\/#\/schema\/person\/7a7fd911f58561fd056dbac7b55af9cd\",\"name\":\"admin\",\"image\":{\"@type\":\"ImageObject\",\"inLanguage\":\"es\",\"@id\":\"https:\/\/luchonoticias.com\/editor\/#\/schema\/person\/image\/\",\"url\":\"https:\/\/luchonoticias.com\/editor\/wp-content\/uploads\/2024\/02\/cropped-cropped-logolu.webp\",\"contentUrl\":\"https:\/\/luchonoticias.com\/editor\/wp-content\/uploads\/2024\/02\/cropped-cropped-logolu.webp\",\"width\":382,\"height\":170,\"caption\":\"admin\"},\"logo\":{\"@id\":\"https:\/\/luchonoticias.com\/editor\/#\/schema\/person\/image\/\"},\"sameAs\":[\"https:\/\/www.facebook.com\/luchonoticiasneiva\"],\"url\":\"https:\/\/luchonoticias.com\/editor\/author\/admin\/\"}]}<\/script>\n<!-- \/ Yoast SEO plugin. -->","yoast_head_json":{"title":"Gobernador presente en reuni\u00f3n del Consejo Departamental de Mujeres -","robots":{"index":"index","follow":"follow","max-snippet":"max-snippet:-1","max-image-preview":"max-image-preview:large","max-video-preview":"max-video-preview:-1"},"canonical":"https:\/\/luchonoticias.com\/editor\/gobernador-presente-en-reunion-del-consejo-departamental-de-mujeres\/","og_locale":"es_ES","og_type":"article","og_title":"Gobernador presente en reuni\u00f3n del Consejo Departamental de Mujeres -","og_url":"https:\/\/luchonoticias.com\/editor\/gobernador-presente-en-reunion-del-consejo-departamental-de-mujeres\/","article_publisher":"https:\/\/www.facebook.com\/luchonoticiasneiva","article_author":"https:\/\/www.facebook.com\/luchonoticiasneiva","article_published_time":"2022-08-26T09:37:06+00:00","author":"admin","twitter_card":"summary_large_image","twitter_misc":{"Escrito por":"admin","Tiempo de lectura":"2 minutos"},"schema":{"@context":"https:\/\/schema.org","@graph":[{"@type":"Article","@id":"https:\/\/luchonoticias.com\/editor\/gobernador-presente-en-reunion-del-consejo-departamental-de-mujeres\/#article","isPartOf":{"@id":"https:\/\/luchonoticias.com\/editor\/gobernador-presente-en-reunion-del-consejo-departamental-de-mujeres\/"},"author":{"name":"admin","@id":"https:\/\/luchonoticias.com\/editor\/#\/schema\/person\/7a7fd911f58561fd056dbac7b55af9cd"},"headline":"Gobernador presente en reuni\u00f3n del Consejo Departamental de Mujeres","datePublished":"2022-08-26T09:37:06+00:00","mainEntityOfPage":{"@id":"https:\/\/luchonoticias.com\/editor\/gobernador-presente-en-reunion-del-consejo-departamental-de-mujeres\/"},"wordCount":421,"commentCount":0,"publisher":{"@id":"https:\/\/luchonoticias.com\/editor\/#\/schema\/person\/7a7fd911f58561fd056dbac7b55af9cd"},"articleSection":["Huila"],"inLanguage":"es","potentialAction":[{"@type":"CommentAction","name":"Comment","target":["https:\/\/luchonoticias.com\/editor\/gobernador-presente-en-reunion-del-consejo-departamental-de-mujeres\/#respond"]}]},{"@type":"WebPage","@id":"https:\/\/luchonoticias.com\/editor\/gobernador-presente-en-reunion-del-consejo-departamental-de-mujeres\/","url":"https:\/\/luchonoticias.com\/editor\/gobernador-presente-en-reunion-del-consejo-departamental-de-mujeres\/","name":"Gobernador presente en reuni\u00f3n del Consejo Departamental de Mujeres -","isPartOf":{"@id":"https:\/\/luchonoticias.com\/editor\/#website"},"datePublished":"2022-08-26T09:37:06+00:00","breadcrumb":{"@id":"https:\/\/luchonoticias.com\/editor\/gobernador-presente-en-reunion-del-consejo-departamental-de-mujeres\/#breadcrumb"},"inLanguage":"es","potentialAction":[{"@type":"ReadAction","target":["https:\/\/luchonoticias.com\/editor\/gobernador-presente-en-reunion-del-consejo-departamental-de-mujeres\/"]}]},{"@type":"BreadcrumbList","@id":"https:\/\/luchonoticias.com\/editor\/gobernador-presente-en-reunion-del-consejo-departamental-de-mujeres\/#breadcrumb","itemListElement":[{"@type":"ListItem","position":1,"name":"Portada","item":"https:\/\/luchonoticias.com\/editor\/"},{"@type":"ListItem","position":2,"name":"Gobernador presente en reuni\u00f3n del Consejo Departamental de Mujeres"}]},{"@type":"WebSite","@id":"https:\/\/luchonoticias.com\/editor\/#website","url":"https:\/\/luchonoticias.com\/editor\/","name":"","description":"","publisher":{"@id":"https:\/\/luchonoticias.com\/editor\/#\/schema\/person\/7a7fd911f58561fd056dbac7b55af9cd"},"potentialAction":[{"@type":"SearchAction","target":{"@type":"EntryPoint","urlTemplate":"https:\/\/luchonoticias.com\/editor\/?s={search_term_string}"},"query-input":{"@type":"PropertyValueSpecification","valueRequired":true,"valueName":"search_term_string"}}],"inLanguage":"es"},{"@type":["Person","Organization"],"@id":"https:\/\/luchonoticias.com\/editor\/#\/schema\/person\/7a7fd911f58561fd056dbac7b55af9cd","name":"admin","image":{"@type":"ImageObject","inLanguage":"es","@id":"https:\/\/luchonoticias.com\/editor\/#\/schema\/person\/image\/","url":"https:\/\/luchonoticias.com\/editor\/wp-content\/uploads\/2024\/02\/cropped-cropped-logolu.webp","contentUrl":"https:\/\/luchonoticias.com\/editor\/wp-content\/uploads\/2024\/02\/cropped-cropped-logolu.webp","width":382,"height":170,"caption":"admin"},"logo":{"@id":"https:\/\/luchonoticias.com\/editor\/#\/schema\/person\/image\/"},"sameAs":["https:\/\/www.facebook.com\/luchonoticiasneiva"],"url":"https:\/\/luchonoticias.com\/editor\/author\/admin\/"}]}},"_links":{"self":[{"href":"https:\/\/luchonoticias.com\/editor\/wp-json\/wp\/v2\/posts\/33032","targetHints":{"allow":["GET"]}}],"collection":[{"href":"https:\/\/luchonoticias.com\/editor\/wp-json\/wp\/v2\/posts"}],"about":[{"href":"https:\/\/luchonoticias.com\/editor\/wp-json\/wp\/v2\/types\/post"}],"author":[{"embeddable":true,"href":"https:\/\/luchonoticias.com\/editor\/wp-json\/wp\/v2\/users\/1"}],"replies":[{"embeddable":true,"href":"https:\/\/luchonoticias.com\/editor\/wp-json\/wp\/v2\/comments?post=33032"}],"version-history":[{"count":0,"href":"https:\/\/luchonoticias.com\/editor\/wp-json\/wp\/v2\/posts\/33032\/revisions"}],"wp:attachment":[{"href":"https:\/\/luchonoticias.com\/editor\/wp-json\/wp\/v2\/media?parent=33032"}],"wp:term":[{"taxonomy":"category","embeddable":true,"href":"https:\/\/luchonoticias.com\/editor\/wp-json\/wp\/v2\/categories?post=33032"},{"taxonomy":"post_tag","embeddable":true,"href":"https:\/\/luchonoticias.com\/editor\/wp-json\/wp\/v2\/tags?post=33032"}],"curies":[{"name":"wp","href":"https:\/\/api.w.org\/{rel}","templated":true}]}}