{"id":33038,"date":"2022-08-26T07:08:01","date_gmt":"2022-08-26T12:08:01","guid":{"rendered":"https:\/\/luchonoticias.com\/?p=33038"},"modified":"2022-08-26T07:08:02","modified_gmt":"2022-08-26T12:08:02","slug":"socializacion-de-los-lineamientos-ante-la-asamblea-avanza-en-el-huila-la-politica-publica-de-salud-mental","status":"publish","type":"post","link":"https:\/\/luchonoticias.com\/editor\/socializacion-de-los-lineamientos-ante-la-asamblea-avanza-en-el-huila-la-politica-publica-de-salud-mental\/","title":{"rendered":"Socializaci\u00f3n de los lineamientos ante la Asamblea, avanza en el Huila la pol\u00edtica p\u00fablica de salud mental"},"content":{"rendered":"\n<p>Se realiz\u00f3 este jueves la socializaci\u00f3n de la Pol\u00edtica P\u00fablica de Salud Mental ante la Comisi\u00f3n Segunda de la Asamblea del Huila, con el objetivo de dar a conocer los lineamientos y ejes tem\u00e1ticos que marcar\u00e1n el abordaje y las acciones intersectoriales para la salud mental con enfoque en la reducci\u00f3n del consumo de sustancias psicoactivas.<\/p>\n\n\n\n<p>El prop\u00f3sito de la socializaci\u00f3n, seg\u00fan explicaron los integrantes de la Comisi\u00f3n del Plan de Desarrollo, era que todos los actores institucionales y comunitarios, as\u00ed como los sectores de educaci\u00f3n y salud del Departamento conocieran el proceso metodol\u00f3gico que se ha desarrollado frente a la construcci\u00f3n de la Pol\u00edtica P\u00fablica de Salud Mental y Prevenci\u00f3n del Consumo de Sustancias Psicoactivas.<\/p>\n\n\n\n<p>Pedro Pablo Tinjac\u00e1, integrante de la Junta M\u00e9dica del Huila, hizo \u00e9nfasis en la necesidad de que exista una Unidad de Salud Mental para el Departamento y el surcolombiano, dentro de la concepci\u00f3n de la nueva psiquiatr\u00eda.<\/p>\n\n\n\n<p>Tinjac\u00e1, habl\u00f3 sobre la importancia de aperturar la especializaci\u00f3n en psiquiatr\u00eda y de otras ramas de la salud mental, e invit\u00f3 a la reflexi\u00f3n sobre la carencia de recurso humano para la aplicaci\u00f3n del procedimiento de la eutanasia y el suicidio asistido.<\/p>\n\n\n\n<p>Por su parte, el diputado Omar Alexis D\u00edaz, inst\u00f3 al gobierno departamental a dise\u00f1ar estrategias que les permita identificar y caracterizar a las personas con trastornos mentales, remitir oportunamente los casos detectados a los servicios de salud, al tiempo que apoyar y acompa\u00f1ar a sus familias e incentivar el desarrollo de los servicios para esta clases de situaciones.<\/p>\n\n\n\n<p>\u201cLas cifras de suicidio han incrementado desde el 2018 en el Departamento; municipios como El Agrado, El Pital, Tesalia y San Agust\u00edn registran m\u00e1s casos. Vemos con mucha preocupaci\u00f3n que se ha incrementado el consumo de bebidas alcoh\u00f3licas y que, en 2021, doce menores de edad atentaron contra su vida\u201d, revel\u00f3 el asamble\u00edsta.<\/p>\n\n\n\n<figure class=\"wp-block-image size-large is-style-rounded\"><img decoding=\"async\" src=\"https:\/\/luchonoticias.com\/wp-content\/uploads\/2022\/08\/WhatsApp-Image-2022-08-25-at-3.53.14-PM-1024x682.jpeg\" alt=\"\" class=\"wp-image-33040\"\/><\/figure>\n\n\n\n<p><strong>Disminuci\u00f3n de la problem\u00e1tica de salud mental<\/strong><\/p>\n\n\n\n<p>Seg\u00fan explic\u00f3 el secretario de Salud del Huila, C\u00e9sar Alberto Polan\u00eda, la idea es que los 37 municipios del Departamento apropien e implementen en sus agendas p\u00fablicas el cumplimiento de estas normativas y trabajen en conjunto para derribar el concepto de salud mental como tema tab\u00fa.<\/p>\n\n\n\n<p>El funcionario, destac\u00f3 el espacio deliberativo y de gran compromiso de la Duma Departamental en torno a esta pol\u00edtica p\u00fablica, comprometi\u00e9ndose a hacer una gesti\u00f3n y an\u00e1lisis \u2014en compa\u00f1\u00eda del equipo t\u00e9cnico y del gobernador Luis Enrique Duss\u00e1n\u2014, de las propuestas presentadas en el marco de la socializaci\u00f3n, referentes a inversi\u00f3n p\u00fablica e infraestructura en salud mental.&nbsp;<\/p>\n\n\n\n<p>La Pol\u00edtica P\u00fablica de Salud Mental y Prevenci\u00f3n del Consumo de Sustancias Psicoactivas trazada para 10 a\u00f1os, define estrategias orientadas a la detecci\u00f3n temprana de los riesgos de violencia, problemas y trastornos mentales, conducta suicida, consumo de sustancias psicoactivas y epilepsia, lo mismo que a la educaci\u00f3n en salud mental.<\/p>\n","protected":false},"excerpt":{"rendered":"<p>Se realiz\u00f3 este jueves la socializaci\u00f3n de la Pol\u00edtica P\u00fablica de Salud Mental ante la Comisi\u00f3n Segunda de la Asamblea del Huila, con el objetivo de dar a conocer los lineamientos y ejes tem\u00e1ticos que marcar\u00e1n el abordaje y las acciones intersectoriales para la salud mental con enfoque en la reducci\u00f3n del consumo de sustancias [&hellip;]<\/p>\n","protected":false},"author":1,"featured_media":0,"comment_status":"open","ping_status":"open","sticky":false,"template":"","format":"standard","meta":{"footnotes":""},"categories":[36,33],"tags":[],"class_list":["post-33038","post","type-post","status-publish","format-standard","hentry","category-destacado","category-huila"],"yoast_head":"<!-- This site is optimized with the Yoast SEO plugin v26.6 - https:\/\/yoast.com\/wordpress\/plugins\/seo\/ -->\n<title>Socializaci\u00f3n de los lineamientos ante la Asamblea, avanza en el Huila la pol\u00edtica p\u00fablica de salud mental -<\/title>\n<meta name=\"robots\" content=\"index, follow, max-snippet:-1, max-image-preview:large, max-video-preview:-1\" \/>\n<link rel=\"canonical\" href=\"https:\/\/luchonoticias.com\/editor\/socializacion-de-los-lineamientos-ante-la-asamblea-avanza-en-el-huila-la-politica-publica-de-salud-mental\/\" \/>\n<meta property=\"og:locale\" content=\"es_ES\" \/>\n<meta property=\"og:type\" content=\"article\" \/>\n<meta property=\"og:title\" content=\"Socializaci\u00f3n de los lineamientos ante la Asamblea, avanza en el Huila la pol\u00edtica p\u00fablica de salud mental -\" \/>\n<meta property=\"og:url\" content=\"https:\/\/luchonoticias.com\/editor\/socializacion-de-los-lineamientos-ante-la-asamblea-avanza-en-el-huila-la-politica-publica-de-salud-mental\/\" \/>\n<meta property=\"article:publisher\" content=\"https:\/\/www.facebook.com\/luchonoticiasneiva\" \/>\n<meta property=\"article:author\" content=\"https:\/\/www.facebook.com\/luchonoticiasneiva\" \/>\n<meta property=\"article:published_time\" content=\"2022-08-26T12:08:01+00:00\" \/>\n<meta property=\"article:modified_time\" content=\"2022-08-26T12:08:02+00:00\" \/>\n<meta property=\"og:image\" content=\"https:\/\/luchonoticias.com\/wp-content\/uploads\/2022\/08\/WhatsApp-Image-2022-08-25-at-3.53.14-PM-1024x682.jpeg\" \/>\n<meta name=\"author\" content=\"admin\" \/>\n<meta name=\"twitter:card\" content=\"summary_large_image\" \/>\n<meta name=\"twitter:label1\" content=\"Escrito por\" \/>\n\t<meta name=\"twitter:data1\" content=\"admin\" \/>\n\t<meta name=\"twitter:label2\" content=\"Tiempo de lectura\" \/>\n\t<meta name=\"twitter:data2\" content=\"3 minutos\" \/>\n<script type=\"application\/ld+json\" class=\"yoast-schema-graph\">{\"@context\":\"https:\/\/schema.org\",\"@graph\":[{\"@type\":\"Article\",\"@id\":\"https:\/\/luchonoticias.com\/editor\/socializacion-de-los-lineamientos-ante-la-asamblea-avanza-en-el-huila-la-politica-publica-de-salud-mental\/#article\",\"isPartOf\":{\"@id\":\"https:\/\/luchonoticias.com\/editor\/socializacion-de-los-lineamientos-ante-la-asamblea-avanza-en-el-huila-la-politica-publica-de-salud-mental\/\"},\"author\":{\"name\":\"admin\",\"@id\":\"https:\/\/luchonoticias.com\/editor\/#\/schema\/person\/7a7fd911f58561fd056dbac7b55af9cd\"},\"headline\":\"Socializaci\u00f3n de los lineamientos ante la Asamblea, avanza en el Huila la pol\u00edtica p\u00fablica de salud mental\",\"datePublished\":\"2022-08-26T12:08:01+00:00\",\"dateModified\":\"2022-08-26T12:08:02+00:00\",\"mainEntityOfPage\":{\"@id\":\"https:\/\/luchonoticias.com\/editor\/socializacion-de-los-lineamientos-ante-la-asamblea-avanza-en-el-huila-la-politica-publica-de-salud-mental\/\"},\"wordCount\":538,\"commentCount\":0,\"publisher\":{\"@id\":\"https:\/\/luchonoticias.com\/editor\/#\/schema\/person\/7a7fd911f58561fd056dbac7b55af9cd\"},\"image\":{\"@id\":\"https:\/\/luchonoticias.com\/editor\/socializacion-de-los-lineamientos-ante-la-asamblea-avanza-en-el-huila-la-politica-publica-de-salud-mental\/#primaryimage\"},\"thumbnailUrl\":\"https:\/\/luchonoticias.com\/wp-content\/uploads\/2022\/08\/WhatsApp-Image-2022-08-25-at-3.53.14-PM-1024x682.jpeg\",\"articleSection\":[\"Destacado\",\"Huila\"],\"inLanguage\":\"es\",\"potentialAction\":[{\"@type\":\"CommentAction\",\"name\":\"Comment\",\"target\":[\"https:\/\/luchonoticias.com\/editor\/socializacion-de-los-lineamientos-ante-la-asamblea-avanza-en-el-huila-la-politica-publica-de-salud-mental\/#respond\"]}]},{\"@type\":\"WebPage\",\"@id\":\"https:\/\/luchonoticias.com\/editor\/socializacion-de-los-lineamientos-ante-la-asamblea-avanza-en-el-huila-la-politica-publica-de-salud-mental\/\",\"url\":\"https:\/\/luchonoticias.com\/editor\/socializacion-de-los-lineamientos-ante-la-asamblea-avanza-en-el-huila-la-politica-publica-de-salud-mental\/\",\"name\":\"Socializaci\u00f3n de los lineamientos ante la Asamblea, avanza en el Huila la pol\u00edtica p\u00fablica de salud mental -\",\"isPartOf\":{\"@id\":\"https:\/\/luchonoticias.com\/editor\/#website\"},\"primaryImageOfPage\":{\"@id\":\"https:\/\/luchonoticias.com\/editor\/socializacion-de-los-lineamientos-ante-la-asamblea-avanza-en-el-huila-la-politica-publica-de-salud-mental\/#primaryimage\"},\"image\":{\"@id\":\"https:\/\/luchonoticias.com\/editor\/socializacion-de-los-lineamientos-ante-la-asamblea-avanza-en-el-huila-la-politica-publica-de-salud-mental\/#primaryimage\"},\"thumbnailUrl\":\"https:\/\/luchonoticias.com\/wp-content\/uploads\/2022\/08\/WhatsApp-Image-2022-08-25-at-3.53.14-PM-1024x682.jpeg\",\"datePublished\":\"2022-08-26T12:08:01+00:00\",\"dateModified\":\"2022-08-26T12:08:02+00:00\",\"breadcrumb\":{\"@id\":\"https:\/\/luchonoticias.com\/editor\/socializacion-de-los-lineamientos-ante-la-asamblea-avanza-en-el-huila-la-politica-publica-de-salud-mental\/#breadcrumb\"},\"inLanguage\":\"es\",\"potentialAction\":[{\"@type\":\"ReadAction\",\"target\":[\"https:\/\/luchonoticias.com\/editor\/socializacion-de-los-lineamientos-ante-la-asamblea-avanza-en-el-huila-la-politica-publica-de-salud-mental\/\"]}]},{\"@type\":\"ImageObject\",\"inLanguage\":\"es\",\"@id\":\"https:\/\/luchonoticias.com\/editor\/socializacion-de-los-lineamientos-ante-la-asamblea-avanza-en-el-huila-la-politica-publica-de-salud-mental\/#primaryimage\",\"url\":\"https:\/\/luchonoticias.com\/wp-content\/uploads\/2022\/08\/WhatsApp-Image-2022-08-25-at-3.53.14-PM-1024x682.jpeg\",\"contentUrl\":\"https:\/\/luchonoticias.com\/wp-content\/uploads\/2022\/08\/WhatsApp-Image-2022-08-25-at-3.53.14-PM-1024x682.jpeg\"},{\"@type\":\"BreadcrumbList\",\"@id\":\"https:\/\/luchonoticias.com\/editor\/socializacion-de-los-lineamientos-ante-la-asamblea-avanza-en-el-huila-la-politica-publica-de-salud-mental\/#breadcrumb\",\"itemListElement\":[{\"@type\":\"ListItem\",\"position\":1,\"name\":\"Portada\",\"item\":\"https:\/\/luchonoticias.com\/editor\/\"},{\"@type\":\"ListItem\",\"position\":2,\"name\":\"Socializaci\u00f3n de los lineamientos ante la Asamblea, avanza en el Huila la pol\u00edtica p\u00fablica de salud mental\"}]},{\"@type\":\"WebSite\",\"@id\":\"https:\/\/luchonoticias.com\/editor\/#website\",\"url\":\"https:\/\/luchonoticias.com\/editor\/\",\"name\":\"\",\"description\":\"\",\"publisher\":{\"@id\":\"https:\/\/luchonoticias.com\/editor\/#\/schema\/person\/7a7fd911f58561fd056dbac7b55af9cd\"},\"potentialAction\":[{\"@type\":\"SearchAction\",\"target\":{\"@type\":\"EntryPoint\",\"urlTemplate\":\"https:\/\/luchonoticias.com\/editor\/?s={search_term_string}\"},\"query-input\":{\"@type\":\"PropertyValueSpecification\",\"valueRequired\":true,\"valueName\":\"search_term_string\"}}],\"inLanguage\":\"es\"},{\"@type\":[\"Person\",\"Organization\"],\"@id\":\"https:\/\/luchonoticias.com\/editor\/#\/schema\/person\/7a7fd911f58561fd056dbac7b55af9cd\",\"name\":\"admin\",\"image\":{\"@type\":\"ImageObject\",\"inLanguage\":\"es\",\"@id\":\"https:\/\/luchonoticias.com\/editor\/#\/schema\/person\/image\/\",\"url\":\"https:\/\/luchonoticias.com\/editor\/wp-content\/uploads\/2024\/02\/cropped-cropped-logolu.webp\",\"contentUrl\":\"https:\/\/luchonoticias.com\/editor\/wp-content\/uploads\/2024\/02\/cropped-cropped-logolu.webp\",\"width\":382,\"height\":170,\"caption\":\"admin\"},\"logo\":{\"@id\":\"https:\/\/luchonoticias.com\/editor\/#\/schema\/person\/image\/\"},\"sameAs\":[\"https:\/\/www.facebook.com\/luchonoticiasneiva\"],\"url\":\"https:\/\/luchonoticias.com\/editor\/author\/admin\/\"}]}<\/script>\n<!-- \/ Yoast SEO plugin. -->","yoast_head_json":{"title":"Socializaci\u00f3n de los lineamientos ante la Asamblea, avanza en el Huila la pol\u00edtica p\u00fablica de salud mental -","robots":{"index":"index","follow":"follow","max-snippet":"max-snippet:-1","max-image-preview":"max-image-preview:large","max-video-preview":"max-video-preview:-1"},"canonical":"https:\/\/luchonoticias.com\/editor\/socializacion-de-los-lineamientos-ante-la-asamblea-avanza-en-el-huila-la-politica-publica-de-salud-mental\/","og_locale":"es_ES","og_type":"article","og_title":"Socializaci\u00f3n de los lineamientos ante la Asamblea, avanza en el Huila la pol\u00edtica p\u00fablica de salud mental -","og_url":"https:\/\/luchonoticias.com\/editor\/socializacion-de-los-lineamientos-ante-la-asamblea-avanza-en-el-huila-la-politica-publica-de-salud-mental\/","article_publisher":"https:\/\/www.facebook.com\/luchonoticiasneiva","article_author":"https:\/\/www.facebook.com\/luchonoticiasneiva","article_published_time":"2022-08-26T12:08:01+00:00","article_modified_time":"2022-08-26T12:08:02+00:00","og_image":[{"url":"https:\/\/luchonoticias.com\/wp-content\/uploads\/2022\/08\/WhatsApp-Image-2022-08-25-at-3.53.14-PM-1024x682.jpeg","type":"","width":"","height":""}],"author":"admin","twitter_card":"summary_large_image","twitter_misc":{"Escrito por":"admin","Tiempo de lectura":"3 minutos"},"schema":{"@context":"https:\/\/schema.org","@graph":[{"@type":"Article","@id":"https:\/\/luchonoticias.com\/editor\/socializacion-de-los-lineamientos-ante-la-asamblea-avanza-en-el-huila-la-politica-publica-de-salud-mental\/#article","isPartOf":{"@id":"https:\/\/luchonoticias.com\/editor\/socializacion-de-los-lineamientos-ante-la-asamblea-avanza-en-el-huila-la-politica-publica-de-salud-mental\/"},"author":{"name":"admin","@id":"https:\/\/luchonoticias.com\/editor\/#\/schema\/person\/7a7fd911f58561fd056dbac7b55af9cd"},"headline":"Socializaci\u00f3n de los lineamientos ante la Asamblea, avanza en el Huila la pol\u00edtica p\u00fablica de salud mental","datePublished":"2022-08-26T12:08:01+00:00","dateModified":"2022-08-26T12:08:02+00:00","mainEntityOfPage":{"@id":"https:\/\/luchonoticias.com\/editor\/socializacion-de-los-lineamientos-ante-la-asamblea-avanza-en-el-huila-la-politica-publica-de-salud-mental\/"},"wordCount":538,"commentCount":0,"publisher":{"@id":"https:\/\/luchonoticias.com\/editor\/#\/schema\/person\/7a7fd911f58561fd056dbac7b55af9cd"},"image":{"@id":"https:\/\/luchonoticias.com\/editor\/socializacion-de-los-lineamientos-ante-la-asamblea-avanza-en-el-huila-la-politica-publica-de-salud-mental\/#primaryimage"},"thumbnailUrl":"https:\/\/luchonoticias.com\/wp-content\/uploads\/2022\/08\/WhatsApp-Image-2022-08-25-at-3.53.14-PM-1024x682.jpeg","articleSection":["Destacado","Huila"],"inLanguage":"es","potentialAction":[{"@type":"CommentAction","name":"Comment","target":["https:\/\/luchonoticias.com\/editor\/socializacion-de-los-lineamientos-ante-la-asamblea-avanza-en-el-huila-la-politica-publica-de-salud-mental\/#respond"]}]},{"@type":"WebPage","@id":"https:\/\/luchonoticias.com\/editor\/socializacion-de-los-lineamientos-ante-la-asamblea-avanza-en-el-huila-la-politica-publica-de-salud-mental\/","url":"https:\/\/luchonoticias.com\/editor\/socializacion-de-los-lineamientos-ante-la-asamblea-avanza-en-el-huila-la-politica-publica-de-salud-mental\/","name":"Socializaci\u00f3n de los lineamientos ante la Asamblea, avanza en el Huila la pol\u00edtica p\u00fablica de salud mental -","isPartOf":{"@id":"https:\/\/luchonoticias.com\/editor\/#website"},"primaryImageOfPage":{"@id":"https:\/\/luchonoticias.com\/editor\/socializacion-de-los-lineamientos-ante-la-asamblea-avanza-en-el-huila-la-politica-publica-de-salud-mental\/#primaryimage"},"image":{"@id":"https:\/\/luchonoticias.com\/editor\/socializacion-de-los-lineamientos-ante-la-asamblea-avanza-en-el-huila-la-politica-publica-de-salud-mental\/#primaryimage"},"thumbnailUrl":"https:\/\/luchonoticias.com\/wp-content\/uploads\/2022\/08\/WhatsApp-Image-2022-08-25-at-3.53.14-PM-1024x682.jpeg","datePublished":"2022-08-26T12:08:01+00:00","dateModified":"2022-08-26T12:08:02+00:00","breadcrumb":{"@id":"https:\/\/luchonoticias.com\/editor\/socializacion-de-los-lineamientos-ante-la-asamblea-avanza-en-el-huila-la-politica-publica-de-salud-mental\/#breadcrumb"},"inLanguage":"es","potentialAction":[{"@type":"ReadAction","target":["https:\/\/luchonoticias.com\/editor\/socializacion-de-los-lineamientos-ante-la-asamblea-avanza-en-el-huila-la-politica-publica-de-salud-mental\/"]}]},{"@type":"ImageObject","inLanguage":"es","@id":"https:\/\/luchonoticias.com\/editor\/socializacion-de-los-lineamientos-ante-la-asamblea-avanza-en-el-huila-la-politica-publica-de-salud-mental\/#primaryimage","url":"https:\/\/luchonoticias.com\/wp-content\/uploads\/2022\/08\/WhatsApp-Image-2022-08-25-at-3.53.14-PM-1024x682.jpeg","contentUrl":"https:\/\/luchonoticias.com\/wp-content\/uploads\/2022\/08\/WhatsApp-Image-2022-08-25-at-3.53.14-PM-1024x682.jpeg"},{"@type":"BreadcrumbList","@id":"https:\/\/luchonoticias.com\/editor\/socializacion-de-los-lineamientos-ante-la-asamblea-avanza-en-el-huila-la-politica-publica-de-salud-mental\/#breadcrumb","itemListElement":[{"@type":"ListItem","position":1,"name":"Portada","item":"https:\/\/luchonoticias.com\/editor\/"},{"@type":"ListItem","position":2,"name":"Socializaci\u00f3n de los lineamientos ante la Asamblea, avanza en el Huila la pol\u00edtica p\u00fablica de salud mental"}]},{"@type":"WebSite","@id":"https:\/\/luchonoticias.com\/editor\/#website","url":"https:\/\/luchonoticias.com\/editor\/","name":"","description":"","publisher":{"@id":"https:\/\/luchonoticias.com\/editor\/#\/schema\/person\/7a7fd911f58561fd056dbac7b55af9cd"},"potentialAction":[{"@type":"SearchAction","target":{"@type":"EntryPoint","urlTemplate":"https:\/\/luchonoticias.com\/editor\/?s={search_term_string}"},"query-input":{"@type":"PropertyValueSpecification","valueRequired":true,"valueName":"search_term_string"}}],"inLanguage":"es"},{"@type":["Person","Organization"],"@id":"https:\/\/luchonoticias.com\/editor\/#\/schema\/person\/7a7fd911f58561fd056dbac7b55af9cd","name":"admin","image":{"@type":"ImageObject","inLanguage":"es","@id":"https:\/\/luchonoticias.com\/editor\/#\/schema\/person\/image\/","url":"https:\/\/luchonoticias.com\/editor\/wp-content\/uploads\/2024\/02\/cropped-cropped-logolu.webp","contentUrl":"https:\/\/luchonoticias.com\/editor\/wp-content\/uploads\/2024\/02\/cropped-cropped-logolu.webp","width":382,"height":170,"caption":"admin"},"logo":{"@id":"https:\/\/luchonoticias.com\/editor\/#\/schema\/person\/image\/"},"sameAs":["https:\/\/www.facebook.com\/luchonoticiasneiva"],"url":"https:\/\/luchonoticias.com\/editor\/author\/admin\/"}]}},"_links":{"self":[{"href":"https:\/\/luchonoticias.com\/editor\/wp-json\/wp\/v2\/posts\/33038","targetHints":{"allow":["GET"]}}],"collection":[{"href":"https:\/\/luchonoticias.com\/editor\/wp-json\/wp\/v2\/posts"}],"about":[{"href":"https:\/\/luchonoticias.com\/editor\/wp-json\/wp\/v2\/types\/post"}],"author":[{"embeddable":true,"href":"https:\/\/luchonoticias.com\/editor\/wp-json\/wp\/v2\/users\/1"}],"replies":[{"embeddable":true,"href":"https:\/\/luchonoticias.com\/editor\/wp-json\/wp\/v2\/comments?post=33038"}],"version-history":[{"count":0,"href":"https:\/\/luchonoticias.com\/editor\/wp-json\/wp\/v2\/posts\/33038\/revisions"}],"wp:attachment":[{"href":"https:\/\/luchonoticias.com\/editor\/wp-json\/wp\/v2\/media?parent=33038"}],"wp:term":[{"taxonomy":"category","embeddable":true,"href":"https:\/\/luchonoticias.com\/editor\/wp-json\/wp\/v2\/categories?post=33038"},{"taxonomy":"post_tag","embeddable":true,"href":"https:\/\/luchonoticias.com\/editor\/wp-json\/wp\/v2\/tags?post=33038"}],"curies":[{"name":"wp","href":"https:\/\/api.w.org\/{rel}","templated":true}]}}