{"id":33048,"date":"2022-08-26T07:17:33","date_gmt":"2022-08-26T12:17:33","guid":{"rendered":"https:\/\/luchonoticias.com\/?p=33048"},"modified":"2022-08-26T07:17:34","modified_gmt":"2022-08-26T12:17:34","slug":"caravanas-por-la-vida-la-estrategia-de-la-policia-huila-para-la-prevencion-del-delito","status":"publish","type":"post","link":"https:\/\/luchonoticias.com\/editor\/caravanas-por-la-vida-la-estrategia-de-la-policia-huila-para-la-prevencion-del-delito\/","title":{"rendered":"Caravanas por la vida, la estrategia de la Polic\u00eda Huila para la prevenci\u00f3n del delito\u00a0"},"content":{"rendered":"\n<p>Fue as\u00ed como el d\u00eda de hoy funcionarios del grupo de Prevenci\u00f3n y Educaci\u00f3n Ciudadana junto con el Gaula, Infancia y Adolescencia y Carabineros, llegaron hasta la vereda El Retiro del municipio de San Agust\u00edn, para impactar esta poblaci\u00f3n con actividades l\u00fadicas, buscando librar la instrumentalizaci\u00f3n de nuestros ni\u00f1os, ni\u00f1as y adolescentes en hechos delictivos, y sensibiliz\u00e1ndolos en la prevenci\u00f3n de delitos sexuales. Igualmente, visitaron las fincas para dar a conocer las nuevas modalidades que vienen utilizando los delincuentes, desplegando campa\u00f1as como \u201cYo no pago, yo denuncio\u201d, \u201cAbre Tus Ojos\u201d y el cuidado y protecci\u00f3n del medio ambiente.<\/p>\n\n\n\n<p>\u201cEl despliegue de esta estrategia ha permitido la reducci\u00f3n de delitos como el homicidio (-21%), la extorsi\u00f3n (-28%), el hurto a residencia (-12%), el abigeato (-28%) y en los delitos sexuales (-14%)\u201d, revelaron las autoridades en un comunicado.<\/p>\n\n\n\n<figure class=\"wp-block-gallery has-nested-images columns-default is-cropped wp-block-gallery-1 is-layout-flex wp-block-gallery-is-layout-flex\">\n<figure class=\"wp-block-image size-large\"><img decoding=\"async\" data-id=\"33050\" src=\"https:\/\/luchonoticias.com\/wp-content\/uploads\/2022\/08\/WhatsApp-Image-2022-08-25-at-4.34.47-PM-1-1024x768.jpeg\" alt=\"\" class=\"wp-image-33050\"\/><\/figure>\n\n\n\n<figure class=\"wp-block-image size-large\"><img decoding=\"async\" data-id=\"33051\" src=\"https:\/\/luchonoticias.com\/wp-content\/uploads\/2022\/08\/WhatsApp-Image-2022-08-25-at-4.34.47-PM-1024x768.jpeg\" alt=\"\" class=\"wp-image-33051\"\/><\/figure>\n<\/figure>\n\n\n\n<p><strong>Invitaci\u00f3n a la ciudadan\u00eda<\/strong><\/p>\n\n\n\n<p>Asimismo, la Polic\u00eda hace una invitaci\u00f3n a todos los ciudadanos para que participen y hagan parte de estas actividades, \u201cy as\u00ed propender por territorios seguros y en paz\u201d, Indic\u00f3 el coronel Gustavo Adolfo Camargo Romero, Comandante del Departamento de Polic\u00eda Huila.<\/p>\n","protected":false},"excerpt":{"rendered":"<p>Fue as\u00ed como el d\u00eda de hoy funcionarios del grupo de Prevenci\u00f3n y Educaci\u00f3n Ciudadana junto con el Gaula, Infancia y Adolescencia y Carabineros, llegaron hasta la vereda El Retiro del municipio de San Agust\u00edn, para impactar esta poblaci\u00f3n con actividades l\u00fadicas, buscando librar la instrumentalizaci\u00f3n de nuestros ni\u00f1os, ni\u00f1as y adolescentes en hechos delictivos, [&hellip;]<\/p>\n","protected":false},"author":1,"featured_media":0,"comment_status":"open","ping_status":"open","sticky":false,"template":"","format":"standard","meta":{"footnotes":""},"categories":[36,35],"tags":[],"class_list":["post-33048","post","type-post","status-publish","format-standard","hentry","category-destacado","category-regional"],"yoast_head":"<!-- This site is optimized with the Yoast SEO plugin v26.6 - https:\/\/yoast.com\/wordpress\/plugins\/seo\/ -->\n<title>Caravanas por la vida, la estrategia de la Polic\u00eda Huila para la prevenci\u00f3n del delito\u00a0 -<\/title>\n<meta name=\"robots\" content=\"index, follow, max-snippet:-1, max-image-preview:large, max-video-preview:-1\" \/>\n<link rel=\"canonical\" href=\"https:\/\/luchonoticias.com\/editor\/caravanas-por-la-vida-la-estrategia-de-la-policia-huila-para-la-prevencion-del-delito\/\" \/>\n<meta property=\"og:locale\" content=\"es_ES\" \/>\n<meta property=\"og:type\" content=\"article\" \/>\n<meta property=\"og:title\" content=\"Caravanas por la vida, la estrategia de la Polic\u00eda Huila para la prevenci\u00f3n del delito\u00a0 -\" \/>\n<meta property=\"og:url\" content=\"https:\/\/luchonoticias.com\/editor\/caravanas-por-la-vida-la-estrategia-de-la-policia-huila-para-la-prevencion-del-delito\/\" \/>\n<meta property=\"article:publisher\" content=\"https:\/\/www.facebook.com\/luchonoticiasneiva\" \/>\n<meta property=\"article:author\" content=\"https:\/\/www.facebook.com\/luchonoticiasneiva\" \/>\n<meta property=\"article:published_time\" content=\"2022-08-26T12:17:33+00:00\" \/>\n<meta property=\"article:modified_time\" content=\"2022-08-26T12:17:34+00:00\" \/>\n<meta property=\"og:image\" content=\"https:\/\/luchonoticias.com\/wp-content\/uploads\/2022\/08\/WhatsApp-Image-2022-08-25-at-4.34.47-PM-1-1024x768.jpeg\" \/>\n<meta name=\"author\" content=\"admin\" \/>\n<meta name=\"twitter:card\" content=\"summary_large_image\" \/>\n<meta name=\"twitter:label1\" content=\"Escrito por\" \/>\n\t<meta name=\"twitter:data1\" content=\"admin\" \/>\n\t<meta name=\"twitter:label2\" content=\"Tiempo de lectura\" \/>\n\t<meta name=\"twitter:data2\" content=\"1 minuto\" \/>\n<script type=\"application\/ld+json\" class=\"yoast-schema-graph\">{\"@context\":\"https:\/\/schema.org\",\"@graph\":[{\"@type\":\"Article\",\"@id\":\"https:\/\/luchonoticias.com\/editor\/caravanas-por-la-vida-la-estrategia-de-la-policia-huila-para-la-prevencion-del-delito\/#article\",\"isPartOf\":{\"@id\":\"https:\/\/luchonoticias.com\/editor\/caravanas-por-la-vida-la-estrategia-de-la-policia-huila-para-la-prevencion-del-delito\/\"},\"author\":{\"name\":\"admin\",\"@id\":\"https:\/\/luchonoticias.com\/editor\/#\/schema\/person\/7a7fd911f58561fd056dbac7b55af9cd\"},\"headline\":\"Caravanas por la vida, la estrategia de la Polic\u00eda Huila para la prevenci\u00f3n del delito\u00a0\",\"datePublished\":\"2022-08-26T12:17:33+00:00\",\"dateModified\":\"2022-08-26T12:17:34+00:00\",\"mainEntityOfPage\":{\"@id\":\"https:\/\/luchonoticias.com\/editor\/caravanas-por-la-vida-la-estrategia-de-la-policia-huila-para-la-prevencion-del-delito\/\"},\"wordCount\":218,\"commentCount\":0,\"publisher\":{\"@id\":\"https:\/\/luchonoticias.com\/editor\/#\/schema\/person\/7a7fd911f58561fd056dbac7b55af9cd\"},\"image\":{\"@id\":\"https:\/\/luchonoticias.com\/editor\/caravanas-por-la-vida-la-estrategia-de-la-policia-huila-para-la-prevencion-del-delito\/#primaryimage\"},\"thumbnailUrl\":\"https:\/\/luchonoticias.com\/wp-content\/uploads\/2022\/08\/WhatsApp-Image-2022-08-25-at-4.34.47-PM-1-1024x768.jpeg\",\"articleSection\":[\"Destacado\",\"Regional\"],\"inLanguage\":\"es\",\"potentialAction\":[{\"@type\":\"CommentAction\",\"name\":\"Comment\",\"target\":[\"https:\/\/luchonoticias.com\/editor\/caravanas-por-la-vida-la-estrategia-de-la-policia-huila-para-la-prevencion-del-delito\/#respond\"]}]},{\"@type\":\"WebPage\",\"@id\":\"https:\/\/luchonoticias.com\/editor\/caravanas-por-la-vida-la-estrategia-de-la-policia-huila-para-la-prevencion-del-delito\/\",\"url\":\"https:\/\/luchonoticias.com\/editor\/caravanas-por-la-vida-la-estrategia-de-la-policia-huila-para-la-prevencion-del-delito\/\",\"name\":\"Caravanas por la vida, la estrategia de la Polic\u00eda Huila para la prevenci\u00f3n del delito\u00a0 -\",\"isPartOf\":{\"@id\":\"https:\/\/luchonoticias.com\/editor\/#website\"},\"primaryImageOfPage\":{\"@id\":\"https:\/\/luchonoticias.com\/editor\/caravanas-por-la-vida-la-estrategia-de-la-policia-huila-para-la-prevencion-del-delito\/#primaryimage\"},\"image\":{\"@id\":\"https:\/\/luchonoticias.com\/editor\/caravanas-por-la-vida-la-estrategia-de-la-policia-huila-para-la-prevencion-del-delito\/#primaryimage\"},\"thumbnailUrl\":\"https:\/\/luchonoticias.com\/wp-content\/uploads\/2022\/08\/WhatsApp-Image-2022-08-25-at-4.34.47-PM-1-1024x768.jpeg\",\"datePublished\":\"2022-08-26T12:17:33+00:00\",\"dateModified\":\"2022-08-26T12:17:34+00:00\",\"breadcrumb\":{\"@id\":\"https:\/\/luchonoticias.com\/editor\/caravanas-por-la-vida-la-estrategia-de-la-policia-huila-para-la-prevencion-del-delito\/#breadcrumb\"},\"inLanguage\":\"es\",\"potentialAction\":[{\"@type\":\"ReadAction\",\"target\":[\"https:\/\/luchonoticias.com\/editor\/caravanas-por-la-vida-la-estrategia-de-la-policia-huila-para-la-prevencion-del-delito\/\"]}]},{\"@type\":\"ImageObject\",\"inLanguage\":\"es\",\"@id\":\"https:\/\/luchonoticias.com\/editor\/caravanas-por-la-vida-la-estrategia-de-la-policia-huila-para-la-prevencion-del-delito\/#primaryimage\",\"url\":\"https:\/\/luchonoticias.com\/wp-content\/uploads\/2022\/08\/WhatsApp-Image-2022-08-25-at-4.34.47-PM-1-1024x768.jpeg\",\"contentUrl\":\"https:\/\/luchonoticias.com\/wp-content\/uploads\/2022\/08\/WhatsApp-Image-2022-08-25-at-4.34.47-PM-1-1024x768.jpeg\"},{\"@type\":\"BreadcrumbList\",\"@id\":\"https:\/\/luchonoticias.com\/editor\/caravanas-por-la-vida-la-estrategia-de-la-policia-huila-para-la-prevencion-del-delito\/#breadcrumb\",\"itemListElement\":[{\"@type\":\"ListItem\",\"position\":1,\"name\":\"Portada\",\"item\":\"https:\/\/luchonoticias.com\/editor\/\"},{\"@type\":\"ListItem\",\"position\":2,\"name\":\"Caravanas por la vida, la estrategia de la Polic\u00eda Huila para la prevenci\u00f3n del delito\u00a0\"}]},{\"@type\":\"WebSite\",\"@id\":\"https:\/\/luchonoticias.com\/editor\/#website\",\"url\":\"https:\/\/luchonoticias.com\/editor\/\",\"name\":\"\",\"description\":\"\",\"publisher\":{\"@id\":\"https:\/\/luchonoticias.com\/editor\/#\/schema\/person\/7a7fd911f58561fd056dbac7b55af9cd\"},\"potentialAction\":[{\"@type\":\"SearchAction\",\"target\":{\"@type\":\"EntryPoint\",\"urlTemplate\":\"https:\/\/luchonoticias.com\/editor\/?s={search_term_string}\"},\"query-input\":{\"@type\":\"PropertyValueSpecification\",\"valueRequired\":true,\"valueName\":\"search_term_string\"}}],\"inLanguage\":\"es\"},{\"@type\":[\"Person\",\"Organization\"],\"@id\":\"https:\/\/luchonoticias.com\/editor\/#\/schema\/person\/7a7fd911f58561fd056dbac7b55af9cd\",\"name\":\"admin\",\"image\":{\"@type\":\"ImageObject\",\"inLanguage\":\"es\",\"@id\":\"https:\/\/luchonoticias.com\/editor\/#\/schema\/person\/image\/\",\"url\":\"https:\/\/luchonoticias.com\/editor\/wp-content\/uploads\/2024\/02\/cropped-cropped-logolu.webp\",\"contentUrl\":\"https:\/\/luchonoticias.com\/editor\/wp-content\/uploads\/2024\/02\/cropped-cropped-logolu.webp\",\"width\":382,\"height\":170,\"caption\":\"admin\"},\"logo\":{\"@id\":\"https:\/\/luchonoticias.com\/editor\/#\/schema\/person\/image\/\"},\"sameAs\":[\"https:\/\/www.facebook.com\/luchonoticiasneiva\"],\"url\":\"https:\/\/luchonoticias.com\/editor\/author\/admin\/\"}]}<\/script>\n<!-- \/ Yoast SEO plugin. -->","yoast_head_json":{"title":"Caravanas por la vida, la estrategia de la Polic\u00eda Huila para la prevenci\u00f3n del delito\u00a0 -","robots":{"index":"index","follow":"follow","max-snippet":"max-snippet:-1","max-image-preview":"max-image-preview:large","max-video-preview":"max-video-preview:-1"},"canonical":"https:\/\/luchonoticias.com\/editor\/caravanas-por-la-vida-la-estrategia-de-la-policia-huila-para-la-prevencion-del-delito\/","og_locale":"es_ES","og_type":"article","og_title":"Caravanas por la vida, la estrategia de la Polic\u00eda Huila para la prevenci\u00f3n del delito\u00a0 -","og_url":"https:\/\/luchonoticias.com\/editor\/caravanas-por-la-vida-la-estrategia-de-la-policia-huila-para-la-prevencion-del-delito\/","article_publisher":"https:\/\/www.facebook.com\/luchonoticiasneiva","article_author":"https:\/\/www.facebook.com\/luchonoticiasneiva","article_published_time":"2022-08-26T12:17:33+00:00","article_modified_time":"2022-08-26T12:17:34+00:00","og_image":[{"url":"https:\/\/luchonoticias.com\/wp-content\/uploads\/2022\/08\/WhatsApp-Image-2022-08-25-at-4.34.47-PM-1-1024x768.jpeg","type":"","width":"","height":""}],"author":"admin","twitter_card":"summary_large_image","twitter_misc":{"Escrito por":"admin","Tiempo de lectura":"1 minuto"},"schema":{"@context":"https:\/\/schema.org","@graph":[{"@type":"Article","@id":"https:\/\/luchonoticias.com\/editor\/caravanas-por-la-vida-la-estrategia-de-la-policia-huila-para-la-prevencion-del-delito\/#article","isPartOf":{"@id":"https:\/\/luchonoticias.com\/editor\/caravanas-por-la-vida-la-estrategia-de-la-policia-huila-para-la-prevencion-del-delito\/"},"author":{"name":"admin","@id":"https:\/\/luchonoticias.com\/editor\/#\/schema\/person\/7a7fd911f58561fd056dbac7b55af9cd"},"headline":"Caravanas por la vida, la estrategia de la Polic\u00eda Huila para la prevenci\u00f3n del delito\u00a0","datePublished":"2022-08-26T12:17:33+00:00","dateModified":"2022-08-26T12:17:34+00:00","mainEntityOfPage":{"@id":"https:\/\/luchonoticias.com\/editor\/caravanas-por-la-vida-la-estrategia-de-la-policia-huila-para-la-prevencion-del-delito\/"},"wordCount":218,"commentCount":0,"publisher":{"@id":"https:\/\/luchonoticias.com\/editor\/#\/schema\/person\/7a7fd911f58561fd056dbac7b55af9cd"},"image":{"@id":"https:\/\/luchonoticias.com\/editor\/caravanas-por-la-vida-la-estrategia-de-la-policia-huila-para-la-prevencion-del-delito\/#primaryimage"},"thumbnailUrl":"https:\/\/luchonoticias.com\/wp-content\/uploads\/2022\/08\/WhatsApp-Image-2022-08-25-at-4.34.47-PM-1-1024x768.jpeg","articleSection":["Destacado","Regional"],"inLanguage":"es","potentialAction":[{"@type":"CommentAction","name":"Comment","target":["https:\/\/luchonoticias.com\/editor\/caravanas-por-la-vida-la-estrategia-de-la-policia-huila-para-la-prevencion-del-delito\/#respond"]}]},{"@type":"WebPage","@id":"https:\/\/luchonoticias.com\/editor\/caravanas-por-la-vida-la-estrategia-de-la-policia-huila-para-la-prevencion-del-delito\/","url":"https:\/\/luchonoticias.com\/editor\/caravanas-por-la-vida-la-estrategia-de-la-policia-huila-para-la-prevencion-del-delito\/","name":"Caravanas por la vida, la estrategia de la Polic\u00eda Huila para la prevenci\u00f3n del delito\u00a0 -","isPartOf":{"@id":"https:\/\/luchonoticias.com\/editor\/#website"},"primaryImageOfPage":{"@id":"https:\/\/luchonoticias.com\/editor\/caravanas-por-la-vida-la-estrategia-de-la-policia-huila-para-la-prevencion-del-delito\/#primaryimage"},"image":{"@id":"https:\/\/luchonoticias.com\/editor\/caravanas-por-la-vida-la-estrategia-de-la-policia-huila-para-la-prevencion-del-delito\/#primaryimage"},"thumbnailUrl":"https:\/\/luchonoticias.com\/wp-content\/uploads\/2022\/08\/WhatsApp-Image-2022-08-25-at-4.34.47-PM-1-1024x768.jpeg","datePublished":"2022-08-26T12:17:33+00:00","dateModified":"2022-08-26T12:17:34+00:00","breadcrumb":{"@id":"https:\/\/luchonoticias.com\/editor\/caravanas-por-la-vida-la-estrategia-de-la-policia-huila-para-la-prevencion-del-delito\/#breadcrumb"},"inLanguage":"es","potentialAction":[{"@type":"ReadAction","target":["https:\/\/luchonoticias.com\/editor\/caravanas-por-la-vida-la-estrategia-de-la-policia-huila-para-la-prevencion-del-delito\/"]}]},{"@type":"ImageObject","inLanguage":"es","@id":"https:\/\/luchonoticias.com\/editor\/caravanas-por-la-vida-la-estrategia-de-la-policia-huila-para-la-prevencion-del-delito\/#primaryimage","url":"https:\/\/luchonoticias.com\/wp-content\/uploads\/2022\/08\/WhatsApp-Image-2022-08-25-at-4.34.47-PM-1-1024x768.jpeg","contentUrl":"https:\/\/luchonoticias.com\/wp-content\/uploads\/2022\/08\/WhatsApp-Image-2022-08-25-at-4.34.47-PM-1-1024x768.jpeg"},{"@type":"BreadcrumbList","@id":"https:\/\/luchonoticias.com\/editor\/caravanas-por-la-vida-la-estrategia-de-la-policia-huila-para-la-prevencion-del-delito\/#breadcrumb","itemListElement":[{"@type":"ListItem","position":1,"name":"Portada","item":"https:\/\/luchonoticias.com\/editor\/"},{"@type":"ListItem","position":2,"name":"Caravanas por la vida, la estrategia de la Polic\u00eda Huila para la prevenci\u00f3n del delito\u00a0"}]},{"@type":"WebSite","@id":"https:\/\/luchonoticias.com\/editor\/#website","url":"https:\/\/luchonoticias.com\/editor\/","name":"","description":"","publisher":{"@id":"https:\/\/luchonoticias.com\/editor\/#\/schema\/person\/7a7fd911f58561fd056dbac7b55af9cd"},"potentialAction":[{"@type":"SearchAction","target":{"@type":"EntryPoint","urlTemplate":"https:\/\/luchonoticias.com\/editor\/?s={search_term_string}"},"query-input":{"@type":"PropertyValueSpecification","valueRequired":true,"valueName":"search_term_string"}}],"inLanguage":"es"},{"@type":["Person","Organization"],"@id":"https:\/\/luchonoticias.com\/editor\/#\/schema\/person\/7a7fd911f58561fd056dbac7b55af9cd","name":"admin","image":{"@type":"ImageObject","inLanguage":"es","@id":"https:\/\/luchonoticias.com\/editor\/#\/schema\/person\/image\/","url":"https:\/\/luchonoticias.com\/editor\/wp-content\/uploads\/2024\/02\/cropped-cropped-logolu.webp","contentUrl":"https:\/\/luchonoticias.com\/editor\/wp-content\/uploads\/2024\/02\/cropped-cropped-logolu.webp","width":382,"height":170,"caption":"admin"},"logo":{"@id":"https:\/\/luchonoticias.com\/editor\/#\/schema\/person\/image\/"},"sameAs":["https:\/\/www.facebook.com\/luchonoticiasneiva"],"url":"https:\/\/luchonoticias.com\/editor\/author\/admin\/"}]}},"_links":{"self":[{"href":"https:\/\/luchonoticias.com\/editor\/wp-json\/wp\/v2\/posts\/33048","targetHints":{"allow":["GET"]}}],"collection":[{"href":"https:\/\/luchonoticias.com\/editor\/wp-json\/wp\/v2\/posts"}],"about":[{"href":"https:\/\/luchonoticias.com\/editor\/wp-json\/wp\/v2\/types\/post"}],"author":[{"embeddable":true,"href":"https:\/\/luchonoticias.com\/editor\/wp-json\/wp\/v2\/users\/1"}],"replies":[{"embeddable":true,"href":"https:\/\/luchonoticias.com\/editor\/wp-json\/wp\/v2\/comments?post=33048"}],"version-history":[{"count":0,"href":"https:\/\/luchonoticias.com\/editor\/wp-json\/wp\/v2\/posts\/33048\/revisions"}],"wp:attachment":[{"href":"https:\/\/luchonoticias.com\/editor\/wp-json\/wp\/v2\/media?parent=33048"}],"wp:term":[{"taxonomy":"category","embeddable":true,"href":"https:\/\/luchonoticias.com\/editor\/wp-json\/wp\/v2\/categories?post=33048"},{"taxonomy":"post_tag","embeddable":true,"href":"https:\/\/luchonoticias.com\/editor\/wp-json\/wp\/v2\/tags?post=33048"}],"curies":[{"name":"wp","href":"https:\/\/api.w.org\/{rel}","templated":true}]}}