{"id":33053,"date":"2022-08-26T07:20:42","date_gmt":"2022-08-26T12:20:42","guid":{"rendered":"https:\/\/luchonoticias.com\/?p=33053"},"modified":"2022-08-26T07:20:43","modified_gmt":"2022-08-26T12:20:43","slug":"alcaldia-realizo-parcheo-de-via-principal-de-fortalecillas","status":"publish","type":"post","link":"https:\/\/luchonoticias.com\/editor\/alcaldia-realizo-parcheo-de-via-principal-de-fortalecillas\/","title":{"rendered":"Alcald\u00eda realiz\u00f3 parcheo de v\u00eda principal de Fortalecillas"},"content":{"rendered":"\n<p>El cumplir la palabra empe\u00f1ada es una de las banderas de la Administraci\u00f3n Municipal en cabeza del alcalde Gorky Mu\u00f1oz Calder\u00f3n. En las \u00faltimas horas los habitantes de veredas como La Jagua, La Mojana, El Venado, entre otros, levantaron el bloqueo en la v\u00eda al relleno sanitario, que imped\u00eda el ingreso de camiones de basura a este dep\u00f3sito. Y todo por el inicio de las labores de mantenimiento con la maquinaria del municipio, desde primeras horas del d\u00eda.<\/p>\n\n\n\n<p>Pero tambi\u00e9n cumpli\u00f3 la palabra en el casco urbano de Fortalecillas, donde una semana despu\u00e9s de haberse comprometido a mejorar el estado de la v\u00eda, realiz\u00f3 parcheo de la v\u00eda principal del corregimiento.<\/p>\n\n\n\n<p>\u201cLa semana pasada tuvimos un inconveniente con la comunidad porque hicieron un taponamiento durante tres d\u00edas, se llegaron a unos acuerdos con la Gobernaci\u00f3n del Huila y la Alcald\u00eda y hoy el alcalde de Neiva, Gorky Mu\u00f1oz Calder\u00f3n, le cumpli\u00f3 a la comunidad con el reparcheo de la v\u00eda. Igualmente se hizo el levantamiento del paro sobre la v\u00eda al relleno sanitario Los \u00c1ngeles, donde tambi\u00e9n se lleg\u00f3 a acuerdos con las diferentes empresas y hoy se dio v\u00eda con la llegada de la maquinaria amarilla para dar inicio a las obras que se acordaron\u201d, manifest\u00f3 R\u00f3binson G\u00f3mez, corregidor de Fortalecillas.<\/p>\n\n\n\n<figure class=\"wp-block-image size-large\"><img decoding=\"async\" src=\"https:\/\/luchonoticias.com\/wp-content\/uploads\/2022\/08\/WhatsApp-Image-2022-08-25-at-7.42.51-PM-1024x682.jpeg\" alt=\"\" class=\"wp-image-33055\"\/><\/figure>\n\n\n\n<p>El parcheo de la v\u00eda fue un compromiso adquirido por la&nbsp; Alcald\u00eda de Neiva en conjunto con la Gobernaci\u00f3n del Huila para lograr el levantamiento del taponamiento de la v\u00eda que comunica al norte del Huila, durante la semana pasada.<\/p>\n\n\n\n<p>Seg\u00fan Aurelio Cubides, director de V\u00edas del municipio \u201cel proceso de reparcheo se adelant\u00f3 atendiendo una solicitud de la comunidad y de acuerdo a una directriz que nos traz\u00f3 el Alcalde, con el objeto de satisfacer en algo las solicitudes y las necesidades de la comunidad de Fortalecillas con relaci\u00f3n a la v\u00eda, hicimos una alianza estrat\u00e9gica con la Gobernaci\u00f3n del Huila, donde ellos contrataron los dise\u00f1os y posteriormente la construcci\u00f3n de un contrato de mantenimiento entre Neiva y Tello, donde se incluye este tramo de v\u00eda. Pero como eso tiene sus demoras, por los tr\u00e1mites de contrataci\u00f3n legales, entonces por iniciativa del se\u00f1or alcalde Gorky Mu\u00f1oz, nos comprometimos a hacer un parcheo del cruce de la v\u00eda por el corregimiento de Fortalecillas, trabajo que ya fue concluido\u201d.<\/p>\n\n\n\n<p>Con la ejecuci\u00f3n del parcheo la comunidad qued\u00f3 satisfecha como lo se\u00f1al\u00f3 William Rodr\u00edguez, residente en el sector, quien agradeci\u00f3 por los trabajos, \u201cqued\u00f3 muy bueno el parcheo y lo hicieron en el tiempo establecido. Era muy complicado cruzar por esta v\u00eda, era un caos completo y ahora el tr\u00e1nsito est\u00e1 muy bueno\u201d, se\u00f1al\u00f3.<\/p>\n","protected":false},"excerpt":{"rendered":"<p>El cumplir la palabra empe\u00f1ada es una de las banderas de la Administraci\u00f3n Municipal en cabeza del alcalde Gorky Mu\u00f1oz Calder\u00f3n. En las \u00faltimas horas los habitantes de veredas como La Jagua, La Mojana, El Venado, entre otros, levantaron el bloqueo en la v\u00eda al relleno sanitario, que imped\u00eda el ingreso de camiones de basura [&hellip;]<\/p>\n","protected":false},"author":1,"featured_media":0,"comment_status":"open","ping_status":"open","sticky":false,"template":"","format":"standard","meta":{"footnotes":""},"categories":[36,31],"tags":[],"class_list":["post-33053","post","type-post","status-publish","format-standard","hentry","category-destacado","category-local"],"yoast_head":"<!-- This site is optimized with the Yoast SEO plugin v26.6 - https:\/\/yoast.com\/wordpress\/plugins\/seo\/ -->\n<title>Alcald\u00eda realiz\u00f3 parcheo de v\u00eda principal de Fortalecillas -<\/title>\n<meta name=\"robots\" content=\"index, follow, max-snippet:-1, max-image-preview:large, max-video-preview:-1\" \/>\n<link rel=\"canonical\" href=\"https:\/\/luchonoticias.com\/editor\/alcaldia-realizo-parcheo-de-via-principal-de-fortalecillas\/\" \/>\n<meta property=\"og:locale\" content=\"es_ES\" \/>\n<meta property=\"og:type\" content=\"article\" \/>\n<meta property=\"og:title\" content=\"Alcald\u00eda realiz\u00f3 parcheo de v\u00eda principal de Fortalecillas -\" \/>\n<meta property=\"og:url\" content=\"https:\/\/luchonoticias.com\/editor\/alcaldia-realizo-parcheo-de-via-principal-de-fortalecillas\/\" \/>\n<meta property=\"article:publisher\" content=\"https:\/\/www.facebook.com\/luchonoticiasneiva\" \/>\n<meta property=\"article:author\" content=\"https:\/\/www.facebook.com\/luchonoticiasneiva\" \/>\n<meta property=\"article:published_time\" content=\"2022-08-26T12:20:42+00:00\" \/>\n<meta property=\"article:modified_time\" content=\"2022-08-26T12:20:43+00:00\" \/>\n<meta property=\"og:image\" content=\"https:\/\/luchonoticias.com\/wp-content\/uploads\/2022\/08\/WhatsApp-Image-2022-08-25-at-7.42.51-PM-1024x682.jpeg\" \/>\n<meta name=\"author\" content=\"admin\" \/>\n<meta name=\"twitter:card\" content=\"summary_large_image\" \/>\n<meta name=\"twitter:label1\" content=\"Escrito por\" \/>\n\t<meta name=\"twitter:data1\" content=\"admin\" \/>\n\t<meta name=\"twitter:label2\" content=\"Tiempo de lectura\" \/>\n\t<meta name=\"twitter:data2\" content=\"2 minutos\" \/>\n<script type=\"application\/ld+json\" class=\"yoast-schema-graph\">{\"@context\":\"https:\/\/schema.org\",\"@graph\":[{\"@type\":\"Article\",\"@id\":\"https:\/\/luchonoticias.com\/editor\/alcaldia-realizo-parcheo-de-via-principal-de-fortalecillas\/#article\",\"isPartOf\":{\"@id\":\"https:\/\/luchonoticias.com\/editor\/alcaldia-realizo-parcheo-de-via-principal-de-fortalecillas\/\"},\"author\":{\"name\":\"admin\",\"@id\":\"https:\/\/luchonoticias.com\/editor\/#\/schema\/person\/7a7fd911f58561fd056dbac7b55af9cd\"},\"headline\":\"Alcald\u00eda realiz\u00f3 parcheo de v\u00eda principal de Fortalecillas\",\"datePublished\":\"2022-08-26T12:20:42+00:00\",\"dateModified\":\"2022-08-26T12:20:43+00:00\",\"mainEntityOfPage\":{\"@id\":\"https:\/\/luchonoticias.com\/editor\/alcaldia-realizo-parcheo-de-via-principal-de-fortalecillas\/\"},\"wordCount\":492,\"commentCount\":0,\"publisher\":{\"@id\":\"https:\/\/luchonoticias.com\/editor\/#\/schema\/person\/7a7fd911f58561fd056dbac7b55af9cd\"},\"image\":{\"@id\":\"https:\/\/luchonoticias.com\/editor\/alcaldia-realizo-parcheo-de-via-principal-de-fortalecillas\/#primaryimage\"},\"thumbnailUrl\":\"https:\/\/luchonoticias.com\/wp-content\/uploads\/2022\/08\/WhatsApp-Image-2022-08-25-at-7.42.51-PM-1024x682.jpeg\",\"articleSection\":[\"Destacado\",\"Local\"],\"inLanguage\":\"es\",\"potentialAction\":[{\"@type\":\"CommentAction\",\"name\":\"Comment\",\"target\":[\"https:\/\/luchonoticias.com\/editor\/alcaldia-realizo-parcheo-de-via-principal-de-fortalecillas\/#respond\"]}]},{\"@type\":\"WebPage\",\"@id\":\"https:\/\/luchonoticias.com\/editor\/alcaldia-realizo-parcheo-de-via-principal-de-fortalecillas\/\",\"url\":\"https:\/\/luchonoticias.com\/editor\/alcaldia-realizo-parcheo-de-via-principal-de-fortalecillas\/\",\"name\":\"Alcald\u00eda realiz\u00f3 parcheo de v\u00eda principal de Fortalecillas -\",\"isPartOf\":{\"@id\":\"https:\/\/luchonoticias.com\/editor\/#website\"},\"primaryImageOfPage\":{\"@id\":\"https:\/\/luchonoticias.com\/editor\/alcaldia-realizo-parcheo-de-via-principal-de-fortalecillas\/#primaryimage\"},\"image\":{\"@id\":\"https:\/\/luchonoticias.com\/editor\/alcaldia-realizo-parcheo-de-via-principal-de-fortalecillas\/#primaryimage\"},\"thumbnailUrl\":\"https:\/\/luchonoticias.com\/wp-content\/uploads\/2022\/08\/WhatsApp-Image-2022-08-25-at-7.42.51-PM-1024x682.jpeg\",\"datePublished\":\"2022-08-26T12:20:42+00:00\",\"dateModified\":\"2022-08-26T12:20:43+00:00\",\"breadcrumb\":{\"@id\":\"https:\/\/luchonoticias.com\/editor\/alcaldia-realizo-parcheo-de-via-principal-de-fortalecillas\/#breadcrumb\"},\"inLanguage\":\"es\",\"potentialAction\":[{\"@type\":\"ReadAction\",\"target\":[\"https:\/\/luchonoticias.com\/editor\/alcaldia-realizo-parcheo-de-via-principal-de-fortalecillas\/\"]}]},{\"@type\":\"ImageObject\",\"inLanguage\":\"es\",\"@id\":\"https:\/\/luchonoticias.com\/editor\/alcaldia-realizo-parcheo-de-via-principal-de-fortalecillas\/#primaryimage\",\"url\":\"https:\/\/luchonoticias.com\/wp-content\/uploads\/2022\/08\/WhatsApp-Image-2022-08-25-at-7.42.51-PM-1024x682.jpeg\",\"contentUrl\":\"https:\/\/luchonoticias.com\/wp-content\/uploads\/2022\/08\/WhatsApp-Image-2022-08-25-at-7.42.51-PM-1024x682.jpeg\"},{\"@type\":\"BreadcrumbList\",\"@id\":\"https:\/\/luchonoticias.com\/editor\/alcaldia-realizo-parcheo-de-via-principal-de-fortalecillas\/#breadcrumb\",\"itemListElement\":[{\"@type\":\"ListItem\",\"position\":1,\"name\":\"Portada\",\"item\":\"https:\/\/luchonoticias.com\/editor\/\"},{\"@type\":\"ListItem\",\"position\":2,\"name\":\"Alcald\u00eda realiz\u00f3 parcheo de v\u00eda principal de Fortalecillas\"}]},{\"@type\":\"WebSite\",\"@id\":\"https:\/\/luchonoticias.com\/editor\/#website\",\"url\":\"https:\/\/luchonoticias.com\/editor\/\",\"name\":\"\",\"description\":\"\",\"publisher\":{\"@id\":\"https:\/\/luchonoticias.com\/editor\/#\/schema\/person\/7a7fd911f58561fd056dbac7b55af9cd\"},\"potentialAction\":[{\"@type\":\"SearchAction\",\"target\":{\"@type\":\"EntryPoint\",\"urlTemplate\":\"https:\/\/luchonoticias.com\/editor\/?s={search_term_string}\"},\"query-input\":{\"@type\":\"PropertyValueSpecification\",\"valueRequired\":true,\"valueName\":\"search_term_string\"}}],\"inLanguage\":\"es\"},{\"@type\":[\"Person\",\"Organization\"],\"@id\":\"https:\/\/luchonoticias.com\/editor\/#\/schema\/person\/7a7fd911f58561fd056dbac7b55af9cd\",\"name\":\"admin\",\"image\":{\"@type\":\"ImageObject\",\"inLanguage\":\"es\",\"@id\":\"https:\/\/luchonoticias.com\/editor\/#\/schema\/person\/image\/\",\"url\":\"https:\/\/luchonoticias.com\/editor\/wp-content\/uploads\/2024\/02\/cropped-cropped-logolu.webp\",\"contentUrl\":\"https:\/\/luchonoticias.com\/editor\/wp-content\/uploads\/2024\/02\/cropped-cropped-logolu.webp\",\"width\":382,\"height\":170,\"caption\":\"admin\"},\"logo\":{\"@id\":\"https:\/\/luchonoticias.com\/editor\/#\/schema\/person\/image\/\"},\"sameAs\":[\"https:\/\/www.facebook.com\/luchonoticiasneiva\"],\"url\":\"https:\/\/luchonoticias.com\/editor\/author\/admin\/\"}]}<\/script>\n<!-- \/ Yoast SEO plugin. -->","yoast_head_json":{"title":"Alcald\u00eda realiz\u00f3 parcheo de v\u00eda principal de Fortalecillas -","robots":{"index":"index","follow":"follow","max-snippet":"max-snippet:-1","max-image-preview":"max-image-preview:large","max-video-preview":"max-video-preview:-1"},"canonical":"https:\/\/luchonoticias.com\/editor\/alcaldia-realizo-parcheo-de-via-principal-de-fortalecillas\/","og_locale":"es_ES","og_type":"article","og_title":"Alcald\u00eda realiz\u00f3 parcheo de v\u00eda principal de Fortalecillas -","og_url":"https:\/\/luchonoticias.com\/editor\/alcaldia-realizo-parcheo-de-via-principal-de-fortalecillas\/","article_publisher":"https:\/\/www.facebook.com\/luchonoticiasneiva","article_author":"https:\/\/www.facebook.com\/luchonoticiasneiva","article_published_time":"2022-08-26T12:20:42+00:00","article_modified_time":"2022-08-26T12:20:43+00:00","og_image":[{"url":"https:\/\/luchonoticias.com\/wp-content\/uploads\/2022\/08\/WhatsApp-Image-2022-08-25-at-7.42.51-PM-1024x682.jpeg","type":"","width":"","height":""}],"author":"admin","twitter_card":"summary_large_image","twitter_misc":{"Escrito por":"admin","Tiempo de lectura":"2 minutos"},"schema":{"@context":"https:\/\/schema.org","@graph":[{"@type":"Article","@id":"https:\/\/luchonoticias.com\/editor\/alcaldia-realizo-parcheo-de-via-principal-de-fortalecillas\/#article","isPartOf":{"@id":"https:\/\/luchonoticias.com\/editor\/alcaldia-realizo-parcheo-de-via-principal-de-fortalecillas\/"},"author":{"name":"admin","@id":"https:\/\/luchonoticias.com\/editor\/#\/schema\/person\/7a7fd911f58561fd056dbac7b55af9cd"},"headline":"Alcald\u00eda realiz\u00f3 parcheo de v\u00eda principal de Fortalecillas","datePublished":"2022-08-26T12:20:42+00:00","dateModified":"2022-08-26T12:20:43+00:00","mainEntityOfPage":{"@id":"https:\/\/luchonoticias.com\/editor\/alcaldia-realizo-parcheo-de-via-principal-de-fortalecillas\/"},"wordCount":492,"commentCount":0,"publisher":{"@id":"https:\/\/luchonoticias.com\/editor\/#\/schema\/person\/7a7fd911f58561fd056dbac7b55af9cd"},"image":{"@id":"https:\/\/luchonoticias.com\/editor\/alcaldia-realizo-parcheo-de-via-principal-de-fortalecillas\/#primaryimage"},"thumbnailUrl":"https:\/\/luchonoticias.com\/wp-content\/uploads\/2022\/08\/WhatsApp-Image-2022-08-25-at-7.42.51-PM-1024x682.jpeg","articleSection":["Destacado","Local"],"inLanguage":"es","potentialAction":[{"@type":"CommentAction","name":"Comment","target":["https:\/\/luchonoticias.com\/editor\/alcaldia-realizo-parcheo-de-via-principal-de-fortalecillas\/#respond"]}]},{"@type":"WebPage","@id":"https:\/\/luchonoticias.com\/editor\/alcaldia-realizo-parcheo-de-via-principal-de-fortalecillas\/","url":"https:\/\/luchonoticias.com\/editor\/alcaldia-realizo-parcheo-de-via-principal-de-fortalecillas\/","name":"Alcald\u00eda realiz\u00f3 parcheo de v\u00eda principal de Fortalecillas -","isPartOf":{"@id":"https:\/\/luchonoticias.com\/editor\/#website"},"primaryImageOfPage":{"@id":"https:\/\/luchonoticias.com\/editor\/alcaldia-realizo-parcheo-de-via-principal-de-fortalecillas\/#primaryimage"},"image":{"@id":"https:\/\/luchonoticias.com\/editor\/alcaldia-realizo-parcheo-de-via-principal-de-fortalecillas\/#primaryimage"},"thumbnailUrl":"https:\/\/luchonoticias.com\/wp-content\/uploads\/2022\/08\/WhatsApp-Image-2022-08-25-at-7.42.51-PM-1024x682.jpeg","datePublished":"2022-08-26T12:20:42+00:00","dateModified":"2022-08-26T12:20:43+00:00","breadcrumb":{"@id":"https:\/\/luchonoticias.com\/editor\/alcaldia-realizo-parcheo-de-via-principal-de-fortalecillas\/#breadcrumb"},"inLanguage":"es","potentialAction":[{"@type":"ReadAction","target":["https:\/\/luchonoticias.com\/editor\/alcaldia-realizo-parcheo-de-via-principal-de-fortalecillas\/"]}]},{"@type":"ImageObject","inLanguage":"es","@id":"https:\/\/luchonoticias.com\/editor\/alcaldia-realizo-parcheo-de-via-principal-de-fortalecillas\/#primaryimage","url":"https:\/\/luchonoticias.com\/wp-content\/uploads\/2022\/08\/WhatsApp-Image-2022-08-25-at-7.42.51-PM-1024x682.jpeg","contentUrl":"https:\/\/luchonoticias.com\/wp-content\/uploads\/2022\/08\/WhatsApp-Image-2022-08-25-at-7.42.51-PM-1024x682.jpeg"},{"@type":"BreadcrumbList","@id":"https:\/\/luchonoticias.com\/editor\/alcaldia-realizo-parcheo-de-via-principal-de-fortalecillas\/#breadcrumb","itemListElement":[{"@type":"ListItem","position":1,"name":"Portada","item":"https:\/\/luchonoticias.com\/editor\/"},{"@type":"ListItem","position":2,"name":"Alcald\u00eda realiz\u00f3 parcheo de v\u00eda principal de Fortalecillas"}]},{"@type":"WebSite","@id":"https:\/\/luchonoticias.com\/editor\/#website","url":"https:\/\/luchonoticias.com\/editor\/","name":"","description":"","publisher":{"@id":"https:\/\/luchonoticias.com\/editor\/#\/schema\/person\/7a7fd911f58561fd056dbac7b55af9cd"},"potentialAction":[{"@type":"SearchAction","target":{"@type":"EntryPoint","urlTemplate":"https:\/\/luchonoticias.com\/editor\/?s={search_term_string}"},"query-input":{"@type":"PropertyValueSpecification","valueRequired":true,"valueName":"search_term_string"}}],"inLanguage":"es"},{"@type":["Person","Organization"],"@id":"https:\/\/luchonoticias.com\/editor\/#\/schema\/person\/7a7fd911f58561fd056dbac7b55af9cd","name":"admin","image":{"@type":"ImageObject","inLanguage":"es","@id":"https:\/\/luchonoticias.com\/editor\/#\/schema\/person\/image\/","url":"https:\/\/luchonoticias.com\/editor\/wp-content\/uploads\/2024\/02\/cropped-cropped-logolu.webp","contentUrl":"https:\/\/luchonoticias.com\/editor\/wp-content\/uploads\/2024\/02\/cropped-cropped-logolu.webp","width":382,"height":170,"caption":"admin"},"logo":{"@id":"https:\/\/luchonoticias.com\/editor\/#\/schema\/person\/image\/"},"sameAs":["https:\/\/www.facebook.com\/luchonoticiasneiva"],"url":"https:\/\/luchonoticias.com\/editor\/author\/admin\/"}]}},"_links":{"self":[{"href":"https:\/\/luchonoticias.com\/editor\/wp-json\/wp\/v2\/posts\/33053","targetHints":{"allow":["GET"]}}],"collection":[{"href":"https:\/\/luchonoticias.com\/editor\/wp-json\/wp\/v2\/posts"}],"about":[{"href":"https:\/\/luchonoticias.com\/editor\/wp-json\/wp\/v2\/types\/post"}],"author":[{"embeddable":true,"href":"https:\/\/luchonoticias.com\/editor\/wp-json\/wp\/v2\/users\/1"}],"replies":[{"embeddable":true,"href":"https:\/\/luchonoticias.com\/editor\/wp-json\/wp\/v2\/comments?post=33053"}],"version-history":[{"count":0,"href":"https:\/\/luchonoticias.com\/editor\/wp-json\/wp\/v2\/posts\/33053\/revisions"}],"wp:attachment":[{"href":"https:\/\/luchonoticias.com\/editor\/wp-json\/wp\/v2\/media?parent=33053"}],"wp:term":[{"taxonomy":"category","embeddable":true,"href":"https:\/\/luchonoticias.com\/editor\/wp-json\/wp\/v2\/categories?post=33053"},{"taxonomy":"post_tag","embeddable":true,"href":"https:\/\/luchonoticias.com\/editor\/wp-json\/wp\/v2\/tags?post=33053"}],"curies":[{"name":"wp","href":"https:\/\/api.w.org\/{rel}","templated":true}]}}