{"id":33057,"date":"2022-08-26T07:22:27","date_gmt":"2022-08-26T12:22:27","guid":{"rendered":"https:\/\/luchonoticias.com\/?p=33057"},"modified":"2022-08-26T07:22:28","modified_gmt":"2022-08-26T12:22:28","slug":"no-habra-tala-de-arboles-en-infraestructura-turistica-de-fortalecillas","status":"publish","type":"post","link":"https:\/\/luchonoticias.com\/editor\/no-habra-tala-de-arboles-en-infraestructura-turistica-de-fortalecillas\/","title":{"rendered":"No habr\u00e1 tala de \u00e1rboles en infraestructura tur\u00edstica de Fortalecillas"},"content":{"rendered":"\n<p>La Administraci\u00f3n Municipal, liderada por el alcalde de Neiva, Gorky Mu\u00f1oz Calder\u00f3n, a trav\u00e9s del equipo de trabajo de la Secretar\u00eda de Competitividad, escuch\u00f3 a la comunidad del corregimiento de Fortalecillas frente a las inquietudes sobre el proyecto de infraestructura tur\u00edstica Ruta de la Achira, primer acercamiento que tuvo lugar en el polideportivo principal del corregimiento, donde estuvo la comunidad que dice sentirse afectada con este proyecto.<\/p>\n\n\n\n<p>\u201cLa Administraci\u00f3n Municipal inici\u00f3 la implementaci\u00f3n de un proyecto de infraestructura tur\u00edstica en el corregimiento de Fortalecillas, que hab\u00eda sido formulado y socializado con la comunidad, sin embargo, algunas personas manifiestan unas inquietudes frente al tema de los dise\u00f1os y los \u00e1rboles\u201d, sostuvo Jos\u00e9 Alex\u00e1nder D\u00edaz M\u00e9ndez, asesor de Despacho de la Alcald\u00eda de Neiva.<\/p>\n\n\n\n<p>En ese sentido, se explic\u00f3 que, en el \u00e1rea de influencia al proyecto, se identificaron 36 \u00e1rboles, de los cuales solo tres necesitaban ser intervenidos debido al alto riesgo para las personas.<\/p>\n\n\n\n<figure class=\"wp-block-gallery has-nested-images columns-default is-cropped wp-block-gallery-1 is-layout-flex wp-block-gallery-is-layout-flex\">\n<figure class=\"wp-block-image size-large\"><img decoding=\"async\" data-id=\"33059\" src=\"https:\/\/luchonoticias.com\/wp-content\/uploads\/2022\/08\/WhatsApp-Image-2022-08-25-at-7.55.28-PM-1024x682.jpeg\" alt=\"\" class=\"wp-image-33059\"\/><\/figure>\n\n\n\n<figure class=\"wp-block-image size-large\"><img decoding=\"async\" data-id=\"33060\" src=\"https:\/\/luchonoticias.com\/wp-content\/uploads\/2022\/08\/WhatsApp-Image-2022-08-25-at-7.55.27-PM-1-1024x682.jpeg\" alt=\"\" class=\"wp-image-33060\"\/><\/figure>\n<\/figure>\n\n\n\n<p>\u201cSin embargo, la comunidad muy preocupada por una posible tala de \u00e1rboles se manifest\u00f3 y venimos hoy aqu\u00ed con los secretarios de Medio Ambiente y Competitividad y el Presidente del Concejo de Neiva, para aclararle las dudas a la comunidad, escucharla y generar la tranquilidad que no se van talar \u00e1rboles, no va haber una masacre ambiental\u201d, expres\u00f3 el Asesor de Despacho.<\/p>\n\n\n\n<p>Frente a lo que manifiesta la comunidad sobre la falta de socializaci\u00f3n del proyecto, se concret\u00f3 que este s\u00e1bado se realizar\u00e1 otra reuni\u00f3n para entregar los detalles de esta iniciativa que busca impulsar el turismo local.<\/p>\n\n\n\n<p>\u201cAlgunos habitantes de la comunidad manifestaron que no fueron invitados a las tres socializaciones que se hicieron el a\u00f1o pasado, que ellos quieren conocer el proyecto y saber qu\u00e9 se va hacer, entonces de una vez concertamos una reuni\u00f3n para este s\u00e1bado a las cuatro de la tarde, y aparte de esto, haremos un recorrido para que cada una de las personas que est\u00e1n sobre el tramo a intervenir, manifiesten sus inquietudes y podamos darle claridad\u201d, expres\u00f3.<\/p>\n","protected":false},"excerpt":{"rendered":"<p>La Administraci\u00f3n Municipal, liderada por el alcalde de Neiva, Gorky Mu\u00f1oz Calder\u00f3n, a trav\u00e9s del equipo de trabajo de la Secretar\u00eda de Competitividad, escuch\u00f3 a la comunidad del corregimiento de Fortalecillas frente a las inquietudes sobre el proyecto de infraestructura tur\u00edstica Ruta de la Achira, primer acercamiento que tuvo lugar en el polideportivo principal del [&hellip;]<\/p>\n","protected":false},"author":1,"featured_media":0,"comment_status":"open","ping_status":"open","sticky":false,"template":"","format":"standard","meta":{"footnotes":""},"categories":[36,31],"tags":[],"class_list":["post-33057","post","type-post","status-publish","format-standard","hentry","category-destacado","category-local"],"yoast_head":"<!-- This site is optimized with the Yoast SEO plugin v26.6 - https:\/\/yoast.com\/wordpress\/plugins\/seo\/ -->\n<title>No habr\u00e1 tala de \u00e1rboles en infraestructura tur\u00edstica de Fortalecillas -<\/title>\n<meta name=\"robots\" content=\"index, follow, max-snippet:-1, max-image-preview:large, max-video-preview:-1\" \/>\n<link rel=\"canonical\" href=\"https:\/\/luchonoticias.com\/editor\/no-habra-tala-de-arboles-en-infraestructura-turistica-de-fortalecillas\/\" \/>\n<meta property=\"og:locale\" content=\"es_ES\" \/>\n<meta property=\"og:type\" content=\"article\" \/>\n<meta property=\"og:title\" content=\"No habr\u00e1 tala de \u00e1rboles en infraestructura tur\u00edstica de Fortalecillas -\" \/>\n<meta property=\"og:url\" content=\"https:\/\/luchonoticias.com\/editor\/no-habra-tala-de-arboles-en-infraestructura-turistica-de-fortalecillas\/\" \/>\n<meta property=\"article:publisher\" content=\"https:\/\/www.facebook.com\/luchonoticiasneiva\" \/>\n<meta property=\"article:author\" content=\"https:\/\/www.facebook.com\/luchonoticiasneiva\" \/>\n<meta property=\"article:published_time\" content=\"2022-08-26T12:22:27+00:00\" \/>\n<meta property=\"article:modified_time\" content=\"2022-08-26T12:22:28+00:00\" \/>\n<meta property=\"og:image\" content=\"https:\/\/luchonoticias.com\/wp-content\/uploads\/2022\/08\/WhatsApp-Image-2022-08-25-at-7.55.28-PM-1024x682.jpeg\" \/>\n<meta name=\"author\" content=\"admin\" \/>\n<meta name=\"twitter:card\" content=\"summary_large_image\" \/>\n<meta name=\"twitter:label1\" content=\"Escrito por\" \/>\n\t<meta name=\"twitter:data1\" content=\"admin\" \/>\n\t<meta name=\"twitter:label2\" content=\"Tiempo de lectura\" \/>\n\t<meta name=\"twitter:data2\" content=\"2 minutos\" \/>\n<script type=\"application\/ld+json\" class=\"yoast-schema-graph\">{\"@context\":\"https:\/\/schema.org\",\"@graph\":[{\"@type\":\"Article\",\"@id\":\"https:\/\/luchonoticias.com\/editor\/no-habra-tala-de-arboles-en-infraestructura-turistica-de-fortalecillas\/#article\",\"isPartOf\":{\"@id\":\"https:\/\/luchonoticias.com\/editor\/no-habra-tala-de-arboles-en-infraestructura-turistica-de-fortalecillas\/\"},\"author\":{\"name\":\"admin\",\"@id\":\"https:\/\/luchonoticias.com\/editor\/#\/schema\/person\/7a7fd911f58561fd056dbac7b55af9cd\"},\"headline\":\"No habr\u00e1 tala de \u00e1rboles en infraestructura tur\u00edstica de Fortalecillas\",\"datePublished\":\"2022-08-26T12:22:27+00:00\",\"dateModified\":\"2022-08-26T12:22:28+00:00\",\"mainEntityOfPage\":{\"@id\":\"https:\/\/luchonoticias.com\/editor\/no-habra-tala-de-arboles-en-infraestructura-turistica-de-fortalecillas\/\"},\"wordCount\":361,\"commentCount\":0,\"publisher\":{\"@id\":\"https:\/\/luchonoticias.com\/editor\/#\/schema\/person\/7a7fd911f58561fd056dbac7b55af9cd\"},\"image\":{\"@id\":\"https:\/\/luchonoticias.com\/editor\/no-habra-tala-de-arboles-en-infraestructura-turistica-de-fortalecillas\/#primaryimage\"},\"thumbnailUrl\":\"https:\/\/luchonoticias.com\/wp-content\/uploads\/2022\/08\/WhatsApp-Image-2022-08-25-at-7.55.28-PM-1024x682.jpeg\",\"articleSection\":[\"Destacado\",\"Local\"],\"inLanguage\":\"es\",\"potentialAction\":[{\"@type\":\"CommentAction\",\"name\":\"Comment\",\"target\":[\"https:\/\/luchonoticias.com\/editor\/no-habra-tala-de-arboles-en-infraestructura-turistica-de-fortalecillas\/#respond\"]}]},{\"@type\":\"WebPage\",\"@id\":\"https:\/\/luchonoticias.com\/editor\/no-habra-tala-de-arboles-en-infraestructura-turistica-de-fortalecillas\/\",\"url\":\"https:\/\/luchonoticias.com\/editor\/no-habra-tala-de-arboles-en-infraestructura-turistica-de-fortalecillas\/\",\"name\":\"No habr\u00e1 tala de \u00e1rboles en infraestructura tur\u00edstica de Fortalecillas -\",\"isPartOf\":{\"@id\":\"https:\/\/luchonoticias.com\/editor\/#website\"},\"primaryImageOfPage\":{\"@id\":\"https:\/\/luchonoticias.com\/editor\/no-habra-tala-de-arboles-en-infraestructura-turistica-de-fortalecillas\/#primaryimage\"},\"image\":{\"@id\":\"https:\/\/luchonoticias.com\/editor\/no-habra-tala-de-arboles-en-infraestructura-turistica-de-fortalecillas\/#primaryimage\"},\"thumbnailUrl\":\"https:\/\/luchonoticias.com\/wp-content\/uploads\/2022\/08\/WhatsApp-Image-2022-08-25-at-7.55.28-PM-1024x682.jpeg\",\"datePublished\":\"2022-08-26T12:22:27+00:00\",\"dateModified\":\"2022-08-26T12:22:28+00:00\",\"breadcrumb\":{\"@id\":\"https:\/\/luchonoticias.com\/editor\/no-habra-tala-de-arboles-en-infraestructura-turistica-de-fortalecillas\/#breadcrumb\"},\"inLanguage\":\"es\",\"potentialAction\":[{\"@type\":\"ReadAction\",\"target\":[\"https:\/\/luchonoticias.com\/editor\/no-habra-tala-de-arboles-en-infraestructura-turistica-de-fortalecillas\/\"]}]},{\"@type\":\"ImageObject\",\"inLanguage\":\"es\",\"@id\":\"https:\/\/luchonoticias.com\/editor\/no-habra-tala-de-arboles-en-infraestructura-turistica-de-fortalecillas\/#primaryimage\",\"url\":\"https:\/\/luchonoticias.com\/wp-content\/uploads\/2022\/08\/WhatsApp-Image-2022-08-25-at-7.55.28-PM-1024x682.jpeg\",\"contentUrl\":\"https:\/\/luchonoticias.com\/wp-content\/uploads\/2022\/08\/WhatsApp-Image-2022-08-25-at-7.55.28-PM-1024x682.jpeg\"},{\"@type\":\"BreadcrumbList\",\"@id\":\"https:\/\/luchonoticias.com\/editor\/no-habra-tala-de-arboles-en-infraestructura-turistica-de-fortalecillas\/#breadcrumb\",\"itemListElement\":[{\"@type\":\"ListItem\",\"position\":1,\"name\":\"Portada\",\"item\":\"https:\/\/luchonoticias.com\/editor\/\"},{\"@type\":\"ListItem\",\"position\":2,\"name\":\"No habr\u00e1 tala de \u00e1rboles en infraestructura tur\u00edstica de Fortalecillas\"}]},{\"@type\":\"WebSite\",\"@id\":\"https:\/\/luchonoticias.com\/editor\/#website\",\"url\":\"https:\/\/luchonoticias.com\/editor\/\",\"name\":\"\",\"description\":\"\",\"publisher\":{\"@id\":\"https:\/\/luchonoticias.com\/editor\/#\/schema\/person\/7a7fd911f58561fd056dbac7b55af9cd\"},\"potentialAction\":[{\"@type\":\"SearchAction\",\"target\":{\"@type\":\"EntryPoint\",\"urlTemplate\":\"https:\/\/luchonoticias.com\/editor\/?s={search_term_string}\"},\"query-input\":{\"@type\":\"PropertyValueSpecification\",\"valueRequired\":true,\"valueName\":\"search_term_string\"}}],\"inLanguage\":\"es\"},{\"@type\":[\"Person\",\"Organization\"],\"@id\":\"https:\/\/luchonoticias.com\/editor\/#\/schema\/person\/7a7fd911f58561fd056dbac7b55af9cd\",\"name\":\"admin\",\"image\":{\"@type\":\"ImageObject\",\"inLanguage\":\"es\",\"@id\":\"https:\/\/luchonoticias.com\/editor\/#\/schema\/person\/image\/\",\"url\":\"https:\/\/luchonoticias.com\/editor\/wp-content\/uploads\/2024\/02\/cropped-cropped-logolu.webp\",\"contentUrl\":\"https:\/\/luchonoticias.com\/editor\/wp-content\/uploads\/2024\/02\/cropped-cropped-logolu.webp\",\"width\":382,\"height\":170,\"caption\":\"admin\"},\"logo\":{\"@id\":\"https:\/\/luchonoticias.com\/editor\/#\/schema\/person\/image\/\"},\"sameAs\":[\"https:\/\/www.facebook.com\/luchonoticiasneiva\"],\"url\":\"https:\/\/luchonoticias.com\/editor\/author\/admin\/\"}]}<\/script>\n<!-- \/ Yoast SEO plugin. -->","yoast_head_json":{"title":"No habr\u00e1 tala de \u00e1rboles en infraestructura tur\u00edstica de Fortalecillas -","robots":{"index":"index","follow":"follow","max-snippet":"max-snippet:-1","max-image-preview":"max-image-preview:large","max-video-preview":"max-video-preview:-1"},"canonical":"https:\/\/luchonoticias.com\/editor\/no-habra-tala-de-arboles-en-infraestructura-turistica-de-fortalecillas\/","og_locale":"es_ES","og_type":"article","og_title":"No habr\u00e1 tala de \u00e1rboles en infraestructura tur\u00edstica de Fortalecillas -","og_url":"https:\/\/luchonoticias.com\/editor\/no-habra-tala-de-arboles-en-infraestructura-turistica-de-fortalecillas\/","article_publisher":"https:\/\/www.facebook.com\/luchonoticiasneiva","article_author":"https:\/\/www.facebook.com\/luchonoticiasneiva","article_published_time":"2022-08-26T12:22:27+00:00","article_modified_time":"2022-08-26T12:22:28+00:00","og_image":[{"url":"https:\/\/luchonoticias.com\/wp-content\/uploads\/2022\/08\/WhatsApp-Image-2022-08-25-at-7.55.28-PM-1024x682.jpeg","type":"","width":"","height":""}],"author":"admin","twitter_card":"summary_large_image","twitter_misc":{"Escrito por":"admin","Tiempo de lectura":"2 minutos"},"schema":{"@context":"https:\/\/schema.org","@graph":[{"@type":"Article","@id":"https:\/\/luchonoticias.com\/editor\/no-habra-tala-de-arboles-en-infraestructura-turistica-de-fortalecillas\/#article","isPartOf":{"@id":"https:\/\/luchonoticias.com\/editor\/no-habra-tala-de-arboles-en-infraestructura-turistica-de-fortalecillas\/"},"author":{"name":"admin","@id":"https:\/\/luchonoticias.com\/editor\/#\/schema\/person\/7a7fd911f58561fd056dbac7b55af9cd"},"headline":"No habr\u00e1 tala de \u00e1rboles en infraestructura tur\u00edstica de Fortalecillas","datePublished":"2022-08-26T12:22:27+00:00","dateModified":"2022-08-26T12:22:28+00:00","mainEntityOfPage":{"@id":"https:\/\/luchonoticias.com\/editor\/no-habra-tala-de-arboles-en-infraestructura-turistica-de-fortalecillas\/"},"wordCount":361,"commentCount":0,"publisher":{"@id":"https:\/\/luchonoticias.com\/editor\/#\/schema\/person\/7a7fd911f58561fd056dbac7b55af9cd"},"image":{"@id":"https:\/\/luchonoticias.com\/editor\/no-habra-tala-de-arboles-en-infraestructura-turistica-de-fortalecillas\/#primaryimage"},"thumbnailUrl":"https:\/\/luchonoticias.com\/wp-content\/uploads\/2022\/08\/WhatsApp-Image-2022-08-25-at-7.55.28-PM-1024x682.jpeg","articleSection":["Destacado","Local"],"inLanguage":"es","potentialAction":[{"@type":"CommentAction","name":"Comment","target":["https:\/\/luchonoticias.com\/editor\/no-habra-tala-de-arboles-en-infraestructura-turistica-de-fortalecillas\/#respond"]}]},{"@type":"WebPage","@id":"https:\/\/luchonoticias.com\/editor\/no-habra-tala-de-arboles-en-infraestructura-turistica-de-fortalecillas\/","url":"https:\/\/luchonoticias.com\/editor\/no-habra-tala-de-arboles-en-infraestructura-turistica-de-fortalecillas\/","name":"No habr\u00e1 tala de \u00e1rboles en infraestructura tur\u00edstica de Fortalecillas -","isPartOf":{"@id":"https:\/\/luchonoticias.com\/editor\/#website"},"primaryImageOfPage":{"@id":"https:\/\/luchonoticias.com\/editor\/no-habra-tala-de-arboles-en-infraestructura-turistica-de-fortalecillas\/#primaryimage"},"image":{"@id":"https:\/\/luchonoticias.com\/editor\/no-habra-tala-de-arboles-en-infraestructura-turistica-de-fortalecillas\/#primaryimage"},"thumbnailUrl":"https:\/\/luchonoticias.com\/wp-content\/uploads\/2022\/08\/WhatsApp-Image-2022-08-25-at-7.55.28-PM-1024x682.jpeg","datePublished":"2022-08-26T12:22:27+00:00","dateModified":"2022-08-26T12:22:28+00:00","breadcrumb":{"@id":"https:\/\/luchonoticias.com\/editor\/no-habra-tala-de-arboles-en-infraestructura-turistica-de-fortalecillas\/#breadcrumb"},"inLanguage":"es","potentialAction":[{"@type":"ReadAction","target":["https:\/\/luchonoticias.com\/editor\/no-habra-tala-de-arboles-en-infraestructura-turistica-de-fortalecillas\/"]}]},{"@type":"ImageObject","inLanguage":"es","@id":"https:\/\/luchonoticias.com\/editor\/no-habra-tala-de-arboles-en-infraestructura-turistica-de-fortalecillas\/#primaryimage","url":"https:\/\/luchonoticias.com\/wp-content\/uploads\/2022\/08\/WhatsApp-Image-2022-08-25-at-7.55.28-PM-1024x682.jpeg","contentUrl":"https:\/\/luchonoticias.com\/wp-content\/uploads\/2022\/08\/WhatsApp-Image-2022-08-25-at-7.55.28-PM-1024x682.jpeg"},{"@type":"BreadcrumbList","@id":"https:\/\/luchonoticias.com\/editor\/no-habra-tala-de-arboles-en-infraestructura-turistica-de-fortalecillas\/#breadcrumb","itemListElement":[{"@type":"ListItem","position":1,"name":"Portada","item":"https:\/\/luchonoticias.com\/editor\/"},{"@type":"ListItem","position":2,"name":"No habr\u00e1 tala de \u00e1rboles en infraestructura tur\u00edstica de Fortalecillas"}]},{"@type":"WebSite","@id":"https:\/\/luchonoticias.com\/editor\/#website","url":"https:\/\/luchonoticias.com\/editor\/","name":"","description":"","publisher":{"@id":"https:\/\/luchonoticias.com\/editor\/#\/schema\/person\/7a7fd911f58561fd056dbac7b55af9cd"},"potentialAction":[{"@type":"SearchAction","target":{"@type":"EntryPoint","urlTemplate":"https:\/\/luchonoticias.com\/editor\/?s={search_term_string}"},"query-input":{"@type":"PropertyValueSpecification","valueRequired":true,"valueName":"search_term_string"}}],"inLanguage":"es"},{"@type":["Person","Organization"],"@id":"https:\/\/luchonoticias.com\/editor\/#\/schema\/person\/7a7fd911f58561fd056dbac7b55af9cd","name":"admin","image":{"@type":"ImageObject","inLanguage":"es","@id":"https:\/\/luchonoticias.com\/editor\/#\/schema\/person\/image\/","url":"https:\/\/luchonoticias.com\/editor\/wp-content\/uploads\/2024\/02\/cropped-cropped-logolu.webp","contentUrl":"https:\/\/luchonoticias.com\/editor\/wp-content\/uploads\/2024\/02\/cropped-cropped-logolu.webp","width":382,"height":170,"caption":"admin"},"logo":{"@id":"https:\/\/luchonoticias.com\/editor\/#\/schema\/person\/image\/"},"sameAs":["https:\/\/www.facebook.com\/luchonoticiasneiva"],"url":"https:\/\/luchonoticias.com\/editor\/author\/admin\/"}]}},"_links":{"self":[{"href":"https:\/\/luchonoticias.com\/editor\/wp-json\/wp\/v2\/posts\/33057","targetHints":{"allow":["GET"]}}],"collection":[{"href":"https:\/\/luchonoticias.com\/editor\/wp-json\/wp\/v2\/posts"}],"about":[{"href":"https:\/\/luchonoticias.com\/editor\/wp-json\/wp\/v2\/types\/post"}],"author":[{"embeddable":true,"href":"https:\/\/luchonoticias.com\/editor\/wp-json\/wp\/v2\/users\/1"}],"replies":[{"embeddable":true,"href":"https:\/\/luchonoticias.com\/editor\/wp-json\/wp\/v2\/comments?post=33057"}],"version-history":[{"count":0,"href":"https:\/\/luchonoticias.com\/editor\/wp-json\/wp\/v2\/posts\/33057\/revisions"}],"wp:attachment":[{"href":"https:\/\/luchonoticias.com\/editor\/wp-json\/wp\/v2\/media?parent=33057"}],"wp:term":[{"taxonomy":"category","embeddable":true,"href":"https:\/\/luchonoticias.com\/editor\/wp-json\/wp\/v2\/categories?post=33057"},{"taxonomy":"post_tag","embeddable":true,"href":"https:\/\/luchonoticias.com\/editor\/wp-json\/wp\/v2\/tags?post=33057"}],"curies":[{"name":"wp","href":"https:\/\/api.w.org\/{rel}","templated":true}]}}