{"id":33062,"date":"2022-08-26T07:25:10","date_gmt":"2022-08-26T12:25:10","guid":{"rendered":"https:\/\/luchonoticias.com\/?p=33062"},"modified":"2022-08-26T07:25:11","modified_gmt":"2022-08-26T12:25:11","slug":"continua-trabajo-de-recuperacion-de-espacio-publico-en-neiva","status":"publish","type":"post","link":"https:\/\/luchonoticias.com\/editor\/continua-trabajo-de-recuperacion-de-espacio-publico-en-neiva\/","title":{"rendered":"Contin\u00faa trabajo de recuperaci\u00f3n de espacio p\u00fablico en Neiva"},"content":{"rendered":"\n<p>Desde la Secretar\u00eda de Gobierno se adelanta una campa\u00f1a de concientizaci\u00f3n para la buena utilizaci\u00f3n del espacio p\u00fablico en Neiva, Hugo Arciniegas, director de Espacio P\u00fablico en uno de los recorridos realizados en la ciudad hizo varias recomendaciones.<\/p>\n\n\n\n<p>\u201cFue muy importante salir a las calles como as\u00ed nos lo recomienda el Alcalde, hicimos una invitaci\u00f3n especial junto al Director de Justicia, se realiz\u00f3 un trabajo pedag\u00f3gico por el microcentro de la ciudad, hablando con la gente, con los vendedores informales sobre la importancia, respeto y buen uso del espacio p\u00fablico, el control y vigilancia que se va a realizar, siempre respetando la dignidad de las personas, pero tambi\u00e9n pensando en el espacio p\u00fablico, la libre locomoci\u00f3n que es un derecho fundamental de todos los ciudadanos, sin atropellar y quitar el derecho al trabajo\u201d, manifest\u00f3 el Director de Espacio P\u00fablico.<\/p>\n\n\n\n<p>La idea es mantener organizado el microcentro de Neiva y, a trav\u00e9s del trabajo pedag\u00f3gico y el di\u00e1logo, llegar a acuerdos importantes que permitan descongestionar la ciudad, \u201cqueremos construir ciudad con el di\u00e1logo, pero cuando es repetitiva la infracci\u00f3n, sencillamente vamos a sancionar y no es competencia de nosotros porque hacemos un control y vigilancia, por eso hicimos una invitaci\u00f3n a la Direcci\u00f3n de Justicia que es el ente sancionatorio\u201d.<\/p>\n\n\n\n<figure class=\"wp-block-gallery has-nested-images columns-default is-cropped wp-block-gallery-1 is-layout-flex wp-block-gallery-is-layout-flex\">\n<figure class=\"wp-block-image size-large\"><img decoding=\"async\" data-id=\"33065\" src=\"https:\/\/luchonoticias.com\/wp-content\/uploads\/2022\/08\/WhatsApp-Image-2022-08-25-at-8.06.05-PM-1024x768.jpeg\" alt=\"\" class=\"wp-image-33065\"\/><\/figure>\n\n\n\n<figure class=\"wp-block-image size-large\"><img decoding=\"async\" data-id=\"33066\" src=\"https:\/\/luchonoticias.com\/wp-content\/uploads\/2022\/08\/WhatsApp-Image-2022-08-25-at-8.06.04-PM-1-1024x768.jpeg\" alt=\"\" class=\"wp-image-33066\"\/><\/figure>\n\n\n\n<figure class=\"wp-block-image size-large\"><img decoding=\"async\" data-id=\"33064\" src=\"https:\/\/luchonoticias.com\/wp-content\/uploads\/2022\/08\/WhatsApp-Image-2022-08-25-at-8.06.03-PM-1-1024x768.jpeg\" alt=\"\" class=\"wp-image-33064\"\/><\/figure>\n<\/figure>\n\n\n\n<p>Se continuar\u00e1n realizando los operativos y recorridos, visitando los establecimientos que incumplen las medidas y trabajar de la mano junto a la Secretar\u00eda de Medio Ambiente, la Oficina de Planeaci\u00f3n y la Direcci\u00f3n de Justicia.<\/p>\n\n\n\n<p>Diego Mauricio Castillo, director de Justicia destac\u00f3 que la pedagog\u00eda es importante \u201cestamos aqu\u00ed con los vendedores ambulantes requiri\u00e9ndolos para que tomemos los lineamientos que van de parte del Director de Espacio P\u00fablico, donde se le est\u00e1 informando que la idea no es llegar a estrellarnos de alguna manera con ellos. Hicimos el requerimiento de alguna manera, donde la idea no es que lleguen los casos a la Direcci\u00f3n de Justicia, donde de pronto se har\u00e1n acreedores a una multa una sanci\u00f3n, la idea es el di\u00e1logo para salir de esta situaci\u00f3n\u201d.<\/p>\n","protected":false},"excerpt":{"rendered":"<p>Desde la Secretar\u00eda de Gobierno se adelanta una campa\u00f1a de concientizaci\u00f3n para la buena utilizaci\u00f3n del espacio p\u00fablico en Neiva, Hugo Arciniegas, director de Espacio P\u00fablico en uno de los recorridos realizados en la ciudad hizo varias recomendaciones. \u201cFue muy importante salir a las calles como as\u00ed nos lo recomienda el Alcalde, hicimos una invitaci\u00f3n [&hellip;]<\/p>\n","protected":false},"author":1,"featured_media":0,"comment_status":"open","ping_status":"open","sticky":false,"template":"","format":"standard","meta":{"footnotes":""},"categories":[36,53],"tags":[],"class_list":["post-33062","post","type-post","status-publish","format-standard","hentry","category-destacado","category-neiva"],"yoast_head":"<!-- This site is optimized with the Yoast SEO plugin v26.6 - https:\/\/yoast.com\/wordpress\/plugins\/seo\/ -->\n<title>Contin\u00faa trabajo de recuperaci\u00f3n de espacio p\u00fablico en Neiva -<\/title>\n<meta name=\"robots\" content=\"index, follow, max-snippet:-1, max-image-preview:large, max-video-preview:-1\" \/>\n<link rel=\"canonical\" href=\"https:\/\/luchonoticias.com\/editor\/continua-trabajo-de-recuperacion-de-espacio-publico-en-neiva\/\" \/>\n<meta property=\"og:locale\" content=\"es_ES\" \/>\n<meta property=\"og:type\" content=\"article\" \/>\n<meta property=\"og:title\" content=\"Contin\u00faa trabajo de recuperaci\u00f3n de espacio p\u00fablico en Neiva -\" \/>\n<meta property=\"og:url\" content=\"https:\/\/luchonoticias.com\/editor\/continua-trabajo-de-recuperacion-de-espacio-publico-en-neiva\/\" \/>\n<meta property=\"article:publisher\" content=\"https:\/\/www.facebook.com\/luchonoticiasneiva\" \/>\n<meta property=\"article:author\" content=\"https:\/\/www.facebook.com\/luchonoticiasneiva\" \/>\n<meta property=\"article:published_time\" content=\"2022-08-26T12:25:10+00:00\" \/>\n<meta property=\"article:modified_time\" content=\"2022-08-26T12:25:11+00:00\" \/>\n<meta property=\"og:image\" content=\"https:\/\/luchonoticias.com\/wp-content\/uploads\/2022\/08\/WhatsApp-Image-2022-08-25-at-8.06.05-PM-1024x768.jpeg\" \/>\n<meta name=\"author\" content=\"admin\" \/>\n<meta name=\"twitter:card\" content=\"summary_large_image\" \/>\n<meta name=\"twitter:label1\" content=\"Escrito por\" \/>\n\t<meta name=\"twitter:data1\" content=\"admin\" \/>\n\t<meta name=\"twitter:label2\" content=\"Tiempo de lectura\" \/>\n\t<meta name=\"twitter:data2\" content=\"2 minutos\" \/>\n<script type=\"application\/ld+json\" class=\"yoast-schema-graph\">{\"@context\":\"https:\/\/schema.org\",\"@graph\":[{\"@type\":\"Article\",\"@id\":\"https:\/\/luchonoticias.com\/editor\/continua-trabajo-de-recuperacion-de-espacio-publico-en-neiva\/#article\",\"isPartOf\":{\"@id\":\"https:\/\/luchonoticias.com\/editor\/continua-trabajo-de-recuperacion-de-espacio-publico-en-neiva\/\"},\"author\":{\"name\":\"admin\",\"@id\":\"https:\/\/luchonoticias.com\/editor\/#\/schema\/person\/7a7fd911f58561fd056dbac7b55af9cd\"},\"headline\":\"Contin\u00faa trabajo de recuperaci\u00f3n de espacio p\u00fablico en Neiva\",\"datePublished\":\"2022-08-26T12:25:10+00:00\",\"dateModified\":\"2022-08-26T12:25:11+00:00\",\"mainEntityOfPage\":{\"@id\":\"https:\/\/luchonoticias.com\/editor\/continua-trabajo-de-recuperacion-de-espacio-publico-en-neiva\/\"},\"wordCount\":380,\"commentCount\":0,\"publisher\":{\"@id\":\"https:\/\/luchonoticias.com\/editor\/#\/schema\/person\/7a7fd911f58561fd056dbac7b55af9cd\"},\"image\":{\"@id\":\"https:\/\/luchonoticias.com\/editor\/continua-trabajo-de-recuperacion-de-espacio-publico-en-neiva\/#primaryimage\"},\"thumbnailUrl\":\"https:\/\/luchonoticias.com\/wp-content\/uploads\/2022\/08\/WhatsApp-Image-2022-08-25-at-8.06.05-PM-1024x768.jpeg\",\"articleSection\":[\"Destacado\",\"Neiva\"],\"inLanguage\":\"es\",\"potentialAction\":[{\"@type\":\"CommentAction\",\"name\":\"Comment\",\"target\":[\"https:\/\/luchonoticias.com\/editor\/continua-trabajo-de-recuperacion-de-espacio-publico-en-neiva\/#respond\"]}]},{\"@type\":\"WebPage\",\"@id\":\"https:\/\/luchonoticias.com\/editor\/continua-trabajo-de-recuperacion-de-espacio-publico-en-neiva\/\",\"url\":\"https:\/\/luchonoticias.com\/editor\/continua-trabajo-de-recuperacion-de-espacio-publico-en-neiva\/\",\"name\":\"Contin\u00faa trabajo de recuperaci\u00f3n de espacio p\u00fablico en Neiva -\",\"isPartOf\":{\"@id\":\"https:\/\/luchonoticias.com\/editor\/#website\"},\"primaryImageOfPage\":{\"@id\":\"https:\/\/luchonoticias.com\/editor\/continua-trabajo-de-recuperacion-de-espacio-publico-en-neiva\/#primaryimage\"},\"image\":{\"@id\":\"https:\/\/luchonoticias.com\/editor\/continua-trabajo-de-recuperacion-de-espacio-publico-en-neiva\/#primaryimage\"},\"thumbnailUrl\":\"https:\/\/luchonoticias.com\/wp-content\/uploads\/2022\/08\/WhatsApp-Image-2022-08-25-at-8.06.05-PM-1024x768.jpeg\",\"datePublished\":\"2022-08-26T12:25:10+00:00\",\"dateModified\":\"2022-08-26T12:25:11+00:00\",\"breadcrumb\":{\"@id\":\"https:\/\/luchonoticias.com\/editor\/continua-trabajo-de-recuperacion-de-espacio-publico-en-neiva\/#breadcrumb\"},\"inLanguage\":\"es\",\"potentialAction\":[{\"@type\":\"ReadAction\",\"target\":[\"https:\/\/luchonoticias.com\/editor\/continua-trabajo-de-recuperacion-de-espacio-publico-en-neiva\/\"]}]},{\"@type\":\"ImageObject\",\"inLanguage\":\"es\",\"@id\":\"https:\/\/luchonoticias.com\/editor\/continua-trabajo-de-recuperacion-de-espacio-publico-en-neiva\/#primaryimage\",\"url\":\"https:\/\/luchonoticias.com\/wp-content\/uploads\/2022\/08\/WhatsApp-Image-2022-08-25-at-8.06.05-PM-1024x768.jpeg\",\"contentUrl\":\"https:\/\/luchonoticias.com\/wp-content\/uploads\/2022\/08\/WhatsApp-Image-2022-08-25-at-8.06.05-PM-1024x768.jpeg\"},{\"@type\":\"BreadcrumbList\",\"@id\":\"https:\/\/luchonoticias.com\/editor\/continua-trabajo-de-recuperacion-de-espacio-publico-en-neiva\/#breadcrumb\",\"itemListElement\":[{\"@type\":\"ListItem\",\"position\":1,\"name\":\"Portada\",\"item\":\"https:\/\/luchonoticias.com\/editor\/\"},{\"@type\":\"ListItem\",\"position\":2,\"name\":\"Contin\u00faa trabajo de recuperaci\u00f3n de espacio p\u00fablico en Neiva\"}]},{\"@type\":\"WebSite\",\"@id\":\"https:\/\/luchonoticias.com\/editor\/#website\",\"url\":\"https:\/\/luchonoticias.com\/editor\/\",\"name\":\"\",\"description\":\"\",\"publisher\":{\"@id\":\"https:\/\/luchonoticias.com\/editor\/#\/schema\/person\/7a7fd911f58561fd056dbac7b55af9cd\"},\"potentialAction\":[{\"@type\":\"SearchAction\",\"target\":{\"@type\":\"EntryPoint\",\"urlTemplate\":\"https:\/\/luchonoticias.com\/editor\/?s={search_term_string}\"},\"query-input\":{\"@type\":\"PropertyValueSpecification\",\"valueRequired\":true,\"valueName\":\"search_term_string\"}}],\"inLanguage\":\"es\"},{\"@type\":[\"Person\",\"Organization\"],\"@id\":\"https:\/\/luchonoticias.com\/editor\/#\/schema\/person\/7a7fd911f58561fd056dbac7b55af9cd\",\"name\":\"admin\",\"image\":{\"@type\":\"ImageObject\",\"inLanguage\":\"es\",\"@id\":\"https:\/\/luchonoticias.com\/editor\/#\/schema\/person\/image\/\",\"url\":\"https:\/\/luchonoticias.com\/editor\/wp-content\/uploads\/2024\/02\/cropped-cropped-logolu.webp\",\"contentUrl\":\"https:\/\/luchonoticias.com\/editor\/wp-content\/uploads\/2024\/02\/cropped-cropped-logolu.webp\",\"width\":382,\"height\":170,\"caption\":\"admin\"},\"logo\":{\"@id\":\"https:\/\/luchonoticias.com\/editor\/#\/schema\/person\/image\/\"},\"sameAs\":[\"https:\/\/www.facebook.com\/luchonoticiasneiva\"],\"url\":\"https:\/\/luchonoticias.com\/editor\/author\/admin\/\"}]}<\/script>\n<!-- \/ Yoast SEO plugin. -->","yoast_head_json":{"title":"Contin\u00faa trabajo de recuperaci\u00f3n de espacio p\u00fablico en Neiva -","robots":{"index":"index","follow":"follow","max-snippet":"max-snippet:-1","max-image-preview":"max-image-preview:large","max-video-preview":"max-video-preview:-1"},"canonical":"https:\/\/luchonoticias.com\/editor\/continua-trabajo-de-recuperacion-de-espacio-publico-en-neiva\/","og_locale":"es_ES","og_type":"article","og_title":"Contin\u00faa trabajo de recuperaci\u00f3n de espacio p\u00fablico en Neiva -","og_url":"https:\/\/luchonoticias.com\/editor\/continua-trabajo-de-recuperacion-de-espacio-publico-en-neiva\/","article_publisher":"https:\/\/www.facebook.com\/luchonoticiasneiva","article_author":"https:\/\/www.facebook.com\/luchonoticiasneiva","article_published_time":"2022-08-26T12:25:10+00:00","article_modified_time":"2022-08-26T12:25:11+00:00","og_image":[{"url":"https:\/\/luchonoticias.com\/wp-content\/uploads\/2022\/08\/WhatsApp-Image-2022-08-25-at-8.06.05-PM-1024x768.jpeg","type":"","width":"","height":""}],"author":"admin","twitter_card":"summary_large_image","twitter_misc":{"Escrito por":"admin","Tiempo de lectura":"2 minutos"},"schema":{"@context":"https:\/\/schema.org","@graph":[{"@type":"Article","@id":"https:\/\/luchonoticias.com\/editor\/continua-trabajo-de-recuperacion-de-espacio-publico-en-neiva\/#article","isPartOf":{"@id":"https:\/\/luchonoticias.com\/editor\/continua-trabajo-de-recuperacion-de-espacio-publico-en-neiva\/"},"author":{"name":"admin","@id":"https:\/\/luchonoticias.com\/editor\/#\/schema\/person\/7a7fd911f58561fd056dbac7b55af9cd"},"headline":"Contin\u00faa trabajo de recuperaci\u00f3n de espacio p\u00fablico en Neiva","datePublished":"2022-08-26T12:25:10+00:00","dateModified":"2022-08-26T12:25:11+00:00","mainEntityOfPage":{"@id":"https:\/\/luchonoticias.com\/editor\/continua-trabajo-de-recuperacion-de-espacio-publico-en-neiva\/"},"wordCount":380,"commentCount":0,"publisher":{"@id":"https:\/\/luchonoticias.com\/editor\/#\/schema\/person\/7a7fd911f58561fd056dbac7b55af9cd"},"image":{"@id":"https:\/\/luchonoticias.com\/editor\/continua-trabajo-de-recuperacion-de-espacio-publico-en-neiva\/#primaryimage"},"thumbnailUrl":"https:\/\/luchonoticias.com\/wp-content\/uploads\/2022\/08\/WhatsApp-Image-2022-08-25-at-8.06.05-PM-1024x768.jpeg","articleSection":["Destacado","Neiva"],"inLanguage":"es","potentialAction":[{"@type":"CommentAction","name":"Comment","target":["https:\/\/luchonoticias.com\/editor\/continua-trabajo-de-recuperacion-de-espacio-publico-en-neiva\/#respond"]}]},{"@type":"WebPage","@id":"https:\/\/luchonoticias.com\/editor\/continua-trabajo-de-recuperacion-de-espacio-publico-en-neiva\/","url":"https:\/\/luchonoticias.com\/editor\/continua-trabajo-de-recuperacion-de-espacio-publico-en-neiva\/","name":"Contin\u00faa trabajo de recuperaci\u00f3n de espacio p\u00fablico en Neiva -","isPartOf":{"@id":"https:\/\/luchonoticias.com\/editor\/#website"},"primaryImageOfPage":{"@id":"https:\/\/luchonoticias.com\/editor\/continua-trabajo-de-recuperacion-de-espacio-publico-en-neiva\/#primaryimage"},"image":{"@id":"https:\/\/luchonoticias.com\/editor\/continua-trabajo-de-recuperacion-de-espacio-publico-en-neiva\/#primaryimage"},"thumbnailUrl":"https:\/\/luchonoticias.com\/wp-content\/uploads\/2022\/08\/WhatsApp-Image-2022-08-25-at-8.06.05-PM-1024x768.jpeg","datePublished":"2022-08-26T12:25:10+00:00","dateModified":"2022-08-26T12:25:11+00:00","breadcrumb":{"@id":"https:\/\/luchonoticias.com\/editor\/continua-trabajo-de-recuperacion-de-espacio-publico-en-neiva\/#breadcrumb"},"inLanguage":"es","potentialAction":[{"@type":"ReadAction","target":["https:\/\/luchonoticias.com\/editor\/continua-trabajo-de-recuperacion-de-espacio-publico-en-neiva\/"]}]},{"@type":"ImageObject","inLanguage":"es","@id":"https:\/\/luchonoticias.com\/editor\/continua-trabajo-de-recuperacion-de-espacio-publico-en-neiva\/#primaryimage","url":"https:\/\/luchonoticias.com\/wp-content\/uploads\/2022\/08\/WhatsApp-Image-2022-08-25-at-8.06.05-PM-1024x768.jpeg","contentUrl":"https:\/\/luchonoticias.com\/wp-content\/uploads\/2022\/08\/WhatsApp-Image-2022-08-25-at-8.06.05-PM-1024x768.jpeg"},{"@type":"BreadcrumbList","@id":"https:\/\/luchonoticias.com\/editor\/continua-trabajo-de-recuperacion-de-espacio-publico-en-neiva\/#breadcrumb","itemListElement":[{"@type":"ListItem","position":1,"name":"Portada","item":"https:\/\/luchonoticias.com\/editor\/"},{"@type":"ListItem","position":2,"name":"Contin\u00faa trabajo de recuperaci\u00f3n de espacio p\u00fablico en Neiva"}]},{"@type":"WebSite","@id":"https:\/\/luchonoticias.com\/editor\/#website","url":"https:\/\/luchonoticias.com\/editor\/","name":"","description":"","publisher":{"@id":"https:\/\/luchonoticias.com\/editor\/#\/schema\/person\/7a7fd911f58561fd056dbac7b55af9cd"},"potentialAction":[{"@type":"SearchAction","target":{"@type":"EntryPoint","urlTemplate":"https:\/\/luchonoticias.com\/editor\/?s={search_term_string}"},"query-input":{"@type":"PropertyValueSpecification","valueRequired":true,"valueName":"search_term_string"}}],"inLanguage":"es"},{"@type":["Person","Organization"],"@id":"https:\/\/luchonoticias.com\/editor\/#\/schema\/person\/7a7fd911f58561fd056dbac7b55af9cd","name":"admin","image":{"@type":"ImageObject","inLanguage":"es","@id":"https:\/\/luchonoticias.com\/editor\/#\/schema\/person\/image\/","url":"https:\/\/luchonoticias.com\/editor\/wp-content\/uploads\/2024\/02\/cropped-cropped-logolu.webp","contentUrl":"https:\/\/luchonoticias.com\/editor\/wp-content\/uploads\/2024\/02\/cropped-cropped-logolu.webp","width":382,"height":170,"caption":"admin"},"logo":{"@id":"https:\/\/luchonoticias.com\/editor\/#\/schema\/person\/image\/"},"sameAs":["https:\/\/www.facebook.com\/luchonoticiasneiva"],"url":"https:\/\/luchonoticias.com\/editor\/author\/admin\/"}]}},"_links":{"self":[{"href":"https:\/\/luchonoticias.com\/editor\/wp-json\/wp\/v2\/posts\/33062","targetHints":{"allow":["GET"]}}],"collection":[{"href":"https:\/\/luchonoticias.com\/editor\/wp-json\/wp\/v2\/posts"}],"about":[{"href":"https:\/\/luchonoticias.com\/editor\/wp-json\/wp\/v2\/types\/post"}],"author":[{"embeddable":true,"href":"https:\/\/luchonoticias.com\/editor\/wp-json\/wp\/v2\/users\/1"}],"replies":[{"embeddable":true,"href":"https:\/\/luchonoticias.com\/editor\/wp-json\/wp\/v2\/comments?post=33062"}],"version-history":[{"count":0,"href":"https:\/\/luchonoticias.com\/editor\/wp-json\/wp\/v2\/posts\/33062\/revisions"}],"wp:attachment":[{"href":"https:\/\/luchonoticias.com\/editor\/wp-json\/wp\/v2\/media?parent=33062"}],"wp:term":[{"taxonomy":"category","embeddable":true,"href":"https:\/\/luchonoticias.com\/editor\/wp-json\/wp\/v2\/categories?post=33062"},{"taxonomy":"post_tag","embeddable":true,"href":"https:\/\/luchonoticias.com\/editor\/wp-json\/wp\/v2\/tags?post=33062"}],"curies":[{"name":"wp","href":"https:\/\/api.w.org\/{rel}","templated":true}]}}