{"id":33068,"date":"2022-08-26T07:27:23","date_gmt":"2022-08-26T12:27:23","guid":{"rendered":"https:\/\/luchonoticias.com\/?p=33068"},"modified":"2022-08-26T07:27:24","modified_gmt":"2022-08-26T12:27:24","slug":"se-podra-terminar-el-coliseo-menor-de-voleibol-la-respuesta-la-tiene-el-concejo-de-neiva","status":"publish","type":"post","link":"https:\/\/luchonoticias.com\/editor\/se-podra-terminar-el-coliseo-menor-de-voleibol-la-respuesta-la-tiene-el-concejo-de-neiva\/","title":{"rendered":"\u00bfSe podr\u00e1 terminar el Coliseo Menor de Voleibol? La respuesta la tiene el Concejo de Neiva\u00a0"},"content":{"rendered":"\n<p>Un a\u00f1o llevan suspendidas las obras del coliseo menor de voleibol de Neiva. El proyecto que inici\u00f3 con serios problemas presupuestales y de planeaci\u00f3n en el a\u00f1o 2019, financiado a trav\u00e9s de regal\u00edas, podr\u00eda convertirse en un nuevo elefante blanco para Neiva, de no conseguirse los recursos necesarios para su terminaci\u00f3n.<\/p>\n\n\n\n<p>La obra avanza ya en un 65%, pero el contratista suspendi\u00f3 actividades en agosto de 2021, esperando una adici\u00f3n presupuestal de 3.433 millones de pesos necesarios para la terminaci\u00f3n.<\/p>\n\n\n\n<figure class=\"wp-block-gallery has-nested-images columns-default is-cropped wp-block-gallery-1 is-layout-flex wp-block-gallery-is-layout-flex\">\n<figure class=\"wp-block-image size-large\"><img decoding=\"async\" data-id=\"33071\" src=\"https:\/\/luchonoticias.com\/wp-content\/uploads\/2022\/08\/WhatsApp-Image-2022-08-25-at-6.37.44-PM-1-1024x683.jpeg\" alt=\"\" class=\"wp-image-33071\"\/><\/figure>\n\n\n\n<figure class=\"wp-block-image size-large\"><img decoding=\"async\" data-id=\"33070\" src=\"https:\/\/luchonoticias.com\/wp-content\/uploads\/2022\/08\/WhatsApp-Image-2022-08-25-at-6.37.44-PM-1024x683.jpeg\" alt=\"\" class=\"wp-image-33070\"\/><\/figure>\n<\/figure>\n\n\n\n<p>El problema, es que a los proyectos financiados con regal\u00edas, s\u00f3lo se le pueden adicionar recursos propios, por lo que la Administraci\u00f3n Municipal tendr\u00eda que meterse la mano al dril, como se dice, si se quiere culminar la obra. Por esta raz\u00f3n, el alcalde Gorky Mu\u00f1oz, decidi\u00f3 incluir este, en los proyectos que espera financiar con recursos del cr\u00e9dito de los 40.000 millones&nbsp; que est\u00e1 en estudio en el Concejo de Neiva, y de esta forma evitar que se convierta en otro elefante blanco en la ciudad. En otras palabras, en manos del Concejo est\u00e1 ahora, decidir si esta obra se termina o no.<\/p>\n\n\n\n<p><strong>Antecedentes<\/strong><\/p>\n\n\n\n<p>En 2019 durante el gobierno del ex alcalde Rodrigo Lara, se contrat\u00f3 esta obra ubicada en el barrio Tercer Milenio, al norte de Neiva, y deb\u00eda ser entregada en el 2020. No obstante problemas en el terreno y en la planificaci\u00f3n de la obra, obligaron a la Administraci\u00f3n Municipal entrante a adicionar 1.500 millones de pesos al contrato para destrabar la obra y poderla terminar. No obstante la pandemia llev\u00f3 a la obra estar suspendida por cerca de un a\u00f1o, y luego el paro nacional en el 2021, gener\u00f3 otro retraso, pero adem\u00e1s a disparar el precio de materiales para la construcci\u00f3n que llevaron de nuevo a escasear los recursos. Por esta raz\u00f3n, en agosto de 2021, y con una ejecuci\u00f3n del 65%, el contratista suspendi\u00f3 obras y solicit\u00f3 una nueva adici\u00f3n presupuestal, que es la que ahora busca la Alcald\u00eda, que le sea aprobada en el Concejo municipal.<\/p>\n\n\n\n<figure class=\"wp-block-gallery has-nested-images columns-default is-cropped wp-block-gallery-2 is-layout-flex wp-block-gallery-is-layout-flex\">\n<figure class=\"wp-block-image size-large\"><img decoding=\"async\" data-id=\"33072\" src=\"https:\/\/luchonoticias.com\/wp-content\/uploads\/2022\/08\/WhatsApp-Image-2022-08-25-at-6.37.43-PM-1-1024x683.jpeg\" alt=\"\" class=\"wp-image-33072\"\/><\/figure>\n\n\n\n<figure class=\"wp-block-image size-large\"><img decoding=\"async\" data-id=\"33073\" src=\"https:\/\/luchonoticias.com\/wp-content\/uploads\/2022\/08\/WhatsApp-Image-2022-08-25-at-6.37.43-PM-1024x683.jpeg\" alt=\"\" class=\"wp-image-33073\"\/><\/figure>\n<\/figure>\n\n\n\n<p><strong>La obra<\/strong><\/p>\n\n\n\n<p>El proyecto contempla tener tres canchas, una principal y dos auxiliares, para la pr\u00e1ctica de distintos deportes. Adem\u00e1s camerinos, bater\u00edas sanitarias, grader\u00eda con cubierta, ascensores para personas con discapacidad, Parqueaderos, \u00e1rea administrativa, senderos peatonales, zonas de circulaci\u00f3n, red contra incendios, acueducto, alcantarillado y bombas el\u00e9ctricas.<\/p>\n\n\n\n<p>De esto falta la instalaci\u00f3n del maderamen, la cubierta steed, carpinter\u00eda mec\u00e1nica para el contorno de las grader\u00edas, y los muros de contenci\u00f3n perimetral, con los que se espera terminar totalmente la obra.<\/p>\n","protected":false},"excerpt":{"rendered":"<p>Un a\u00f1o llevan suspendidas las obras del coliseo menor de voleibol de Neiva. El proyecto que inici\u00f3 con serios problemas presupuestales y de planeaci\u00f3n en el a\u00f1o 2019, financiado a trav\u00e9s de regal\u00edas, podr\u00eda convertirse en un nuevo elefante blanco para Neiva, de no conseguirse los recursos necesarios para su terminaci\u00f3n. La obra avanza ya [&hellip;]<\/p>\n","protected":false},"author":1,"featured_media":0,"comment_status":"open","ping_status":"open","sticky":false,"template":"","format":"standard","meta":{"footnotes":""},"categories":[36,53],"tags":[],"class_list":["post-33068","post","type-post","status-publish","format-standard","hentry","category-destacado","category-neiva"],"yoast_head":"<!-- This site is optimized with the Yoast SEO plugin v26.6 - https:\/\/yoast.com\/wordpress\/plugins\/seo\/ -->\n<title>\u00bfSe podr\u00e1 terminar el Coliseo Menor de Voleibol? La respuesta la tiene el Concejo de Neiva\u00a0 -<\/title>\n<meta name=\"robots\" content=\"index, follow, max-snippet:-1, max-image-preview:large, max-video-preview:-1\" \/>\n<link rel=\"canonical\" href=\"https:\/\/luchonoticias.com\/editor\/se-podra-terminar-el-coliseo-menor-de-voleibol-la-respuesta-la-tiene-el-concejo-de-neiva\/\" \/>\n<meta property=\"og:locale\" content=\"es_ES\" \/>\n<meta property=\"og:type\" content=\"article\" \/>\n<meta property=\"og:title\" content=\"\u00bfSe podr\u00e1 terminar el Coliseo Menor de Voleibol? La respuesta la tiene el Concejo de Neiva\u00a0 -\" \/>\n<meta property=\"og:url\" content=\"https:\/\/luchonoticias.com\/editor\/se-podra-terminar-el-coliseo-menor-de-voleibol-la-respuesta-la-tiene-el-concejo-de-neiva\/\" \/>\n<meta property=\"article:publisher\" content=\"https:\/\/www.facebook.com\/luchonoticiasneiva\" \/>\n<meta property=\"article:author\" content=\"https:\/\/www.facebook.com\/luchonoticiasneiva\" \/>\n<meta property=\"article:published_time\" content=\"2022-08-26T12:27:23+00:00\" \/>\n<meta property=\"article:modified_time\" content=\"2022-08-26T12:27:24+00:00\" \/>\n<meta property=\"og:image\" content=\"https:\/\/luchonoticias.com\/wp-content\/uploads\/2022\/08\/WhatsApp-Image-2022-08-25-at-6.37.44-PM-1-1024x683.jpeg\" \/>\n<meta name=\"author\" content=\"admin\" \/>\n<meta name=\"twitter:card\" content=\"summary_large_image\" \/>\n<meta name=\"twitter:label1\" content=\"Escrito por\" \/>\n\t<meta name=\"twitter:data1\" content=\"admin\" \/>\n\t<meta name=\"twitter:label2\" content=\"Tiempo de lectura\" \/>\n\t<meta name=\"twitter:data2\" content=\"2 minutos\" \/>\n<script type=\"application\/ld+json\" class=\"yoast-schema-graph\">{\"@context\":\"https:\/\/schema.org\",\"@graph\":[{\"@type\":\"Article\",\"@id\":\"https:\/\/luchonoticias.com\/editor\/se-podra-terminar-el-coliseo-menor-de-voleibol-la-respuesta-la-tiene-el-concejo-de-neiva\/#article\",\"isPartOf\":{\"@id\":\"https:\/\/luchonoticias.com\/editor\/se-podra-terminar-el-coliseo-menor-de-voleibol-la-respuesta-la-tiene-el-concejo-de-neiva\/\"},\"author\":{\"name\":\"admin\",\"@id\":\"https:\/\/luchonoticias.com\/editor\/#\/schema\/person\/7a7fd911f58561fd056dbac7b55af9cd\"},\"headline\":\"\u00bfSe podr\u00e1 terminar el Coliseo Menor de Voleibol? La respuesta la tiene el Concejo de Neiva\u00a0\",\"datePublished\":\"2022-08-26T12:27:23+00:00\",\"dateModified\":\"2022-08-26T12:27:24+00:00\",\"mainEntityOfPage\":{\"@id\":\"https:\/\/luchonoticias.com\/editor\/se-podra-terminar-el-coliseo-menor-de-voleibol-la-respuesta-la-tiene-el-concejo-de-neiva\/\"},\"wordCount\":457,\"commentCount\":0,\"publisher\":{\"@id\":\"https:\/\/luchonoticias.com\/editor\/#\/schema\/person\/7a7fd911f58561fd056dbac7b55af9cd\"},\"image\":{\"@id\":\"https:\/\/luchonoticias.com\/editor\/se-podra-terminar-el-coliseo-menor-de-voleibol-la-respuesta-la-tiene-el-concejo-de-neiva\/#primaryimage\"},\"thumbnailUrl\":\"https:\/\/luchonoticias.com\/wp-content\/uploads\/2022\/08\/WhatsApp-Image-2022-08-25-at-6.37.44-PM-1-1024x683.jpeg\",\"articleSection\":[\"Destacado\",\"Neiva\"],\"inLanguage\":\"es\",\"potentialAction\":[{\"@type\":\"CommentAction\",\"name\":\"Comment\",\"target\":[\"https:\/\/luchonoticias.com\/editor\/se-podra-terminar-el-coliseo-menor-de-voleibol-la-respuesta-la-tiene-el-concejo-de-neiva\/#respond\"]}]},{\"@type\":\"WebPage\",\"@id\":\"https:\/\/luchonoticias.com\/editor\/se-podra-terminar-el-coliseo-menor-de-voleibol-la-respuesta-la-tiene-el-concejo-de-neiva\/\",\"url\":\"https:\/\/luchonoticias.com\/editor\/se-podra-terminar-el-coliseo-menor-de-voleibol-la-respuesta-la-tiene-el-concejo-de-neiva\/\",\"name\":\"\u00bfSe podr\u00e1 terminar el Coliseo Menor de Voleibol? La respuesta la tiene el Concejo de Neiva\u00a0 -\",\"isPartOf\":{\"@id\":\"https:\/\/luchonoticias.com\/editor\/#website\"},\"primaryImageOfPage\":{\"@id\":\"https:\/\/luchonoticias.com\/editor\/se-podra-terminar-el-coliseo-menor-de-voleibol-la-respuesta-la-tiene-el-concejo-de-neiva\/#primaryimage\"},\"image\":{\"@id\":\"https:\/\/luchonoticias.com\/editor\/se-podra-terminar-el-coliseo-menor-de-voleibol-la-respuesta-la-tiene-el-concejo-de-neiva\/#primaryimage\"},\"thumbnailUrl\":\"https:\/\/luchonoticias.com\/wp-content\/uploads\/2022\/08\/WhatsApp-Image-2022-08-25-at-6.37.44-PM-1-1024x683.jpeg\",\"datePublished\":\"2022-08-26T12:27:23+00:00\",\"dateModified\":\"2022-08-26T12:27:24+00:00\",\"breadcrumb\":{\"@id\":\"https:\/\/luchonoticias.com\/editor\/se-podra-terminar-el-coliseo-menor-de-voleibol-la-respuesta-la-tiene-el-concejo-de-neiva\/#breadcrumb\"},\"inLanguage\":\"es\",\"potentialAction\":[{\"@type\":\"ReadAction\",\"target\":[\"https:\/\/luchonoticias.com\/editor\/se-podra-terminar-el-coliseo-menor-de-voleibol-la-respuesta-la-tiene-el-concejo-de-neiva\/\"]}]},{\"@type\":\"ImageObject\",\"inLanguage\":\"es\",\"@id\":\"https:\/\/luchonoticias.com\/editor\/se-podra-terminar-el-coliseo-menor-de-voleibol-la-respuesta-la-tiene-el-concejo-de-neiva\/#primaryimage\",\"url\":\"https:\/\/luchonoticias.com\/wp-content\/uploads\/2022\/08\/WhatsApp-Image-2022-08-25-at-6.37.44-PM-1-1024x683.jpeg\",\"contentUrl\":\"https:\/\/luchonoticias.com\/wp-content\/uploads\/2022\/08\/WhatsApp-Image-2022-08-25-at-6.37.44-PM-1-1024x683.jpeg\"},{\"@type\":\"BreadcrumbList\",\"@id\":\"https:\/\/luchonoticias.com\/editor\/se-podra-terminar-el-coliseo-menor-de-voleibol-la-respuesta-la-tiene-el-concejo-de-neiva\/#breadcrumb\",\"itemListElement\":[{\"@type\":\"ListItem\",\"position\":1,\"name\":\"Portada\",\"item\":\"https:\/\/luchonoticias.com\/editor\/\"},{\"@type\":\"ListItem\",\"position\":2,\"name\":\"\u00bfSe podr\u00e1 terminar el Coliseo Menor de Voleibol? La respuesta la tiene el Concejo de Neiva\u00a0\"}]},{\"@type\":\"WebSite\",\"@id\":\"https:\/\/luchonoticias.com\/editor\/#website\",\"url\":\"https:\/\/luchonoticias.com\/editor\/\",\"name\":\"\",\"description\":\"\",\"publisher\":{\"@id\":\"https:\/\/luchonoticias.com\/editor\/#\/schema\/person\/7a7fd911f58561fd056dbac7b55af9cd\"},\"potentialAction\":[{\"@type\":\"SearchAction\",\"target\":{\"@type\":\"EntryPoint\",\"urlTemplate\":\"https:\/\/luchonoticias.com\/editor\/?s={search_term_string}\"},\"query-input\":{\"@type\":\"PropertyValueSpecification\",\"valueRequired\":true,\"valueName\":\"search_term_string\"}}],\"inLanguage\":\"es\"},{\"@type\":[\"Person\",\"Organization\"],\"@id\":\"https:\/\/luchonoticias.com\/editor\/#\/schema\/person\/7a7fd911f58561fd056dbac7b55af9cd\",\"name\":\"admin\",\"image\":{\"@type\":\"ImageObject\",\"inLanguage\":\"es\",\"@id\":\"https:\/\/luchonoticias.com\/editor\/#\/schema\/person\/image\/\",\"url\":\"https:\/\/luchonoticias.com\/editor\/wp-content\/uploads\/2024\/02\/cropped-cropped-logolu.webp\",\"contentUrl\":\"https:\/\/luchonoticias.com\/editor\/wp-content\/uploads\/2024\/02\/cropped-cropped-logolu.webp\",\"width\":382,\"height\":170,\"caption\":\"admin\"},\"logo\":{\"@id\":\"https:\/\/luchonoticias.com\/editor\/#\/schema\/person\/image\/\"},\"sameAs\":[\"https:\/\/www.facebook.com\/luchonoticiasneiva\"],\"url\":\"https:\/\/luchonoticias.com\/editor\/author\/admin\/\"}]}<\/script>\n<!-- \/ Yoast SEO plugin. -->","yoast_head_json":{"title":"\u00bfSe podr\u00e1 terminar el Coliseo Menor de Voleibol? La respuesta la tiene el Concejo de Neiva\u00a0 -","robots":{"index":"index","follow":"follow","max-snippet":"max-snippet:-1","max-image-preview":"max-image-preview:large","max-video-preview":"max-video-preview:-1"},"canonical":"https:\/\/luchonoticias.com\/editor\/se-podra-terminar-el-coliseo-menor-de-voleibol-la-respuesta-la-tiene-el-concejo-de-neiva\/","og_locale":"es_ES","og_type":"article","og_title":"\u00bfSe podr\u00e1 terminar el Coliseo Menor de Voleibol? La respuesta la tiene el Concejo de Neiva\u00a0 -","og_url":"https:\/\/luchonoticias.com\/editor\/se-podra-terminar-el-coliseo-menor-de-voleibol-la-respuesta-la-tiene-el-concejo-de-neiva\/","article_publisher":"https:\/\/www.facebook.com\/luchonoticiasneiva","article_author":"https:\/\/www.facebook.com\/luchonoticiasneiva","article_published_time":"2022-08-26T12:27:23+00:00","article_modified_time":"2022-08-26T12:27:24+00:00","og_image":[{"url":"https:\/\/luchonoticias.com\/wp-content\/uploads\/2022\/08\/WhatsApp-Image-2022-08-25-at-6.37.44-PM-1-1024x683.jpeg","type":"","width":"","height":""}],"author":"admin","twitter_card":"summary_large_image","twitter_misc":{"Escrito por":"admin","Tiempo de lectura":"2 minutos"},"schema":{"@context":"https:\/\/schema.org","@graph":[{"@type":"Article","@id":"https:\/\/luchonoticias.com\/editor\/se-podra-terminar-el-coliseo-menor-de-voleibol-la-respuesta-la-tiene-el-concejo-de-neiva\/#article","isPartOf":{"@id":"https:\/\/luchonoticias.com\/editor\/se-podra-terminar-el-coliseo-menor-de-voleibol-la-respuesta-la-tiene-el-concejo-de-neiva\/"},"author":{"name":"admin","@id":"https:\/\/luchonoticias.com\/editor\/#\/schema\/person\/7a7fd911f58561fd056dbac7b55af9cd"},"headline":"\u00bfSe podr\u00e1 terminar el Coliseo Menor de Voleibol? La respuesta la tiene el Concejo de Neiva\u00a0","datePublished":"2022-08-26T12:27:23+00:00","dateModified":"2022-08-26T12:27:24+00:00","mainEntityOfPage":{"@id":"https:\/\/luchonoticias.com\/editor\/se-podra-terminar-el-coliseo-menor-de-voleibol-la-respuesta-la-tiene-el-concejo-de-neiva\/"},"wordCount":457,"commentCount":0,"publisher":{"@id":"https:\/\/luchonoticias.com\/editor\/#\/schema\/person\/7a7fd911f58561fd056dbac7b55af9cd"},"image":{"@id":"https:\/\/luchonoticias.com\/editor\/se-podra-terminar-el-coliseo-menor-de-voleibol-la-respuesta-la-tiene-el-concejo-de-neiva\/#primaryimage"},"thumbnailUrl":"https:\/\/luchonoticias.com\/wp-content\/uploads\/2022\/08\/WhatsApp-Image-2022-08-25-at-6.37.44-PM-1-1024x683.jpeg","articleSection":["Destacado","Neiva"],"inLanguage":"es","potentialAction":[{"@type":"CommentAction","name":"Comment","target":["https:\/\/luchonoticias.com\/editor\/se-podra-terminar-el-coliseo-menor-de-voleibol-la-respuesta-la-tiene-el-concejo-de-neiva\/#respond"]}]},{"@type":"WebPage","@id":"https:\/\/luchonoticias.com\/editor\/se-podra-terminar-el-coliseo-menor-de-voleibol-la-respuesta-la-tiene-el-concejo-de-neiva\/","url":"https:\/\/luchonoticias.com\/editor\/se-podra-terminar-el-coliseo-menor-de-voleibol-la-respuesta-la-tiene-el-concejo-de-neiva\/","name":"\u00bfSe podr\u00e1 terminar el Coliseo Menor de Voleibol? La respuesta la tiene el Concejo de Neiva\u00a0 -","isPartOf":{"@id":"https:\/\/luchonoticias.com\/editor\/#website"},"primaryImageOfPage":{"@id":"https:\/\/luchonoticias.com\/editor\/se-podra-terminar-el-coliseo-menor-de-voleibol-la-respuesta-la-tiene-el-concejo-de-neiva\/#primaryimage"},"image":{"@id":"https:\/\/luchonoticias.com\/editor\/se-podra-terminar-el-coliseo-menor-de-voleibol-la-respuesta-la-tiene-el-concejo-de-neiva\/#primaryimage"},"thumbnailUrl":"https:\/\/luchonoticias.com\/wp-content\/uploads\/2022\/08\/WhatsApp-Image-2022-08-25-at-6.37.44-PM-1-1024x683.jpeg","datePublished":"2022-08-26T12:27:23+00:00","dateModified":"2022-08-26T12:27:24+00:00","breadcrumb":{"@id":"https:\/\/luchonoticias.com\/editor\/se-podra-terminar-el-coliseo-menor-de-voleibol-la-respuesta-la-tiene-el-concejo-de-neiva\/#breadcrumb"},"inLanguage":"es","potentialAction":[{"@type":"ReadAction","target":["https:\/\/luchonoticias.com\/editor\/se-podra-terminar-el-coliseo-menor-de-voleibol-la-respuesta-la-tiene-el-concejo-de-neiva\/"]}]},{"@type":"ImageObject","inLanguage":"es","@id":"https:\/\/luchonoticias.com\/editor\/se-podra-terminar-el-coliseo-menor-de-voleibol-la-respuesta-la-tiene-el-concejo-de-neiva\/#primaryimage","url":"https:\/\/luchonoticias.com\/wp-content\/uploads\/2022\/08\/WhatsApp-Image-2022-08-25-at-6.37.44-PM-1-1024x683.jpeg","contentUrl":"https:\/\/luchonoticias.com\/wp-content\/uploads\/2022\/08\/WhatsApp-Image-2022-08-25-at-6.37.44-PM-1-1024x683.jpeg"},{"@type":"BreadcrumbList","@id":"https:\/\/luchonoticias.com\/editor\/se-podra-terminar-el-coliseo-menor-de-voleibol-la-respuesta-la-tiene-el-concejo-de-neiva\/#breadcrumb","itemListElement":[{"@type":"ListItem","position":1,"name":"Portada","item":"https:\/\/luchonoticias.com\/editor\/"},{"@type":"ListItem","position":2,"name":"\u00bfSe podr\u00e1 terminar el Coliseo Menor de Voleibol? La respuesta la tiene el Concejo de Neiva\u00a0"}]},{"@type":"WebSite","@id":"https:\/\/luchonoticias.com\/editor\/#website","url":"https:\/\/luchonoticias.com\/editor\/","name":"","description":"","publisher":{"@id":"https:\/\/luchonoticias.com\/editor\/#\/schema\/person\/7a7fd911f58561fd056dbac7b55af9cd"},"potentialAction":[{"@type":"SearchAction","target":{"@type":"EntryPoint","urlTemplate":"https:\/\/luchonoticias.com\/editor\/?s={search_term_string}"},"query-input":{"@type":"PropertyValueSpecification","valueRequired":true,"valueName":"search_term_string"}}],"inLanguage":"es"},{"@type":["Person","Organization"],"@id":"https:\/\/luchonoticias.com\/editor\/#\/schema\/person\/7a7fd911f58561fd056dbac7b55af9cd","name":"admin","image":{"@type":"ImageObject","inLanguage":"es","@id":"https:\/\/luchonoticias.com\/editor\/#\/schema\/person\/image\/","url":"https:\/\/luchonoticias.com\/editor\/wp-content\/uploads\/2024\/02\/cropped-cropped-logolu.webp","contentUrl":"https:\/\/luchonoticias.com\/editor\/wp-content\/uploads\/2024\/02\/cropped-cropped-logolu.webp","width":382,"height":170,"caption":"admin"},"logo":{"@id":"https:\/\/luchonoticias.com\/editor\/#\/schema\/person\/image\/"},"sameAs":["https:\/\/www.facebook.com\/luchonoticiasneiva"],"url":"https:\/\/luchonoticias.com\/editor\/author\/admin\/"}]}},"_links":{"self":[{"href":"https:\/\/luchonoticias.com\/editor\/wp-json\/wp\/v2\/posts\/33068","targetHints":{"allow":["GET"]}}],"collection":[{"href":"https:\/\/luchonoticias.com\/editor\/wp-json\/wp\/v2\/posts"}],"about":[{"href":"https:\/\/luchonoticias.com\/editor\/wp-json\/wp\/v2\/types\/post"}],"author":[{"embeddable":true,"href":"https:\/\/luchonoticias.com\/editor\/wp-json\/wp\/v2\/users\/1"}],"replies":[{"embeddable":true,"href":"https:\/\/luchonoticias.com\/editor\/wp-json\/wp\/v2\/comments?post=33068"}],"version-history":[{"count":0,"href":"https:\/\/luchonoticias.com\/editor\/wp-json\/wp\/v2\/posts\/33068\/revisions"}],"wp:attachment":[{"href":"https:\/\/luchonoticias.com\/editor\/wp-json\/wp\/v2\/media?parent=33068"}],"wp:term":[{"taxonomy":"category","embeddable":true,"href":"https:\/\/luchonoticias.com\/editor\/wp-json\/wp\/v2\/categories?post=33068"},{"taxonomy":"post_tag","embeddable":true,"href":"https:\/\/luchonoticias.com\/editor\/wp-json\/wp\/v2\/tags?post=33068"}],"curies":[{"name":"wp","href":"https:\/\/api.w.org\/{rel}","templated":true}]}}