{"id":33102,"date":"2022-08-27T05:28:36","date_gmt":"2022-08-27T10:28:36","guid":{"rendered":"https:\/\/luchonoticias.com\/?p=33102"},"modified":"2022-10-18T07:05:20","modified_gmt":"2022-10-18T12:05:20","slug":"en-busca-de-una-mejor-atencion-de-las-enfermedades-mentales","status":"publish","type":"post","link":"https:\/\/luchonoticias.com\/editor\/en-busca-de-una-mejor-atencion-de-las-enfermedades-mentales\/","title":{"rendered":"En busca de una mejor atenci\u00f3n de las enfermedades mentales"},"content":{"rendered":"\n<p>Equipos de salud de los hospitales del Huila fueron&nbsp;<strong>convocados&nbsp;<\/strong>a participar en una&nbsp;<strong>jornada&nbsp;<\/strong>que permiti\u00f3 e<strong>l entrenamiento en las gu\u00edas de pr\u00e1ctica cl\u00ednica&nbsp;<\/strong>para la atenci\u00f3n de problemas y trastornos mentales, una iniciativa del Hospital Departamental San Vicente de Pa\u00fal, en la que se cont\u00f3 con la participaci\u00f3n virtual del Doctor, Felipe Agudelo, M\u00e9dico Psiquiatra y consultor de salud Mental del Ministerio de Salud y Protecci\u00f3n Social.<\/p>\n\n\n\n<p>\u201cAprovechamos este encuentro para<strong>&nbsp;ampliar la convocatoria e involucrar a la red prestadora de servicios de salud de los 37 municipios<\/strong>, las IPS de primer nivel y segundo nivel, acudimos al Ministerio de Salud para que nos dieran una orientaci\u00f3n sobre c\u00f3mo abordar las complejas problem\u00e1ticas de trastornos mentales que est\u00e1n increment\u00e1ndose en esta temporada en el departamento del Huila\u201d inform\u00f3 Luz Elcy Manrique, l\u00edder de Salud Mental de la Secretar\u00eda de Salud Departamental.<\/p>\n\n\n\n<p>En la ponencia se\u00f1al\u00f3 el Doctor Felipe Agudelo, que el i<strong>ncremento de los problemas y trastornos mentales&nbsp;<\/strong>se presenta a nivel nacional y mundial&nbsp;<strong>producto de la pandemia, de todas las crisis sociales<\/strong>&nbsp;que est\u00e1 viviendo la humanidad, enfatizando en la necesidad de ver la salud mental no solamente como una intervenci\u00f3n de alta complejidad sino como la posibilidad de lograr un acercamiento a los pacientes y a la comunidad desde los primeros niveles de atenci\u00f3n a trav\u00e9s de una respuesta institucional inmediata.<\/p>\n\n\n\n<p>\u201cLa salud mental&nbsp;<strong>puede ser abordada por los profesionales de medicina general, enfermer\u00eda y todo el resto de equipo de salud<\/strong>&nbsp;que hace parte de la atenci\u00f3n en las instituciones, con herramientas para hacer psicoeducaci\u00f3n, manejo de estr\u00e9s, orientar actividades que fortalezcan las habilidades para el manejo de emociones\u201d agreg\u00f3 Luz Elcy Manrique.&nbsp;<\/p>\n\n\n\n<p>El prop\u00f3sito de la gesti\u00f3n del conocimiento es fortalecer la mitigaci\u00f3n de riesgos por trastornos mentales desde el primer momento, una atenci\u00f3n oportuna que puede evitar situaciones complejas para el paciente.<\/p>\n","protected":false},"excerpt":{"rendered":"<p>Equipos de salud de los hospitales del Huila fueron&nbsp;convocados&nbsp;a participar en una&nbsp;jornada&nbsp;que permiti\u00f3 el entrenamiento en las gu\u00edas de pr\u00e1ctica cl\u00ednica&nbsp;para la atenci\u00f3n de problemas y trastornos mentales, una iniciativa del Hospital Departamental San Vicente de Pa\u00fal, en la que se cont\u00f3 con la participaci\u00f3n virtual del Doctor, Felipe Agudelo, M\u00e9dico Psiquiatra y consultor de [&hellip;]<\/p>\n","protected":false},"author":1,"featured_media":0,"comment_status":"open","ping_status":"open","sticky":false,"template":"","format":"standard","meta":{"footnotes":""},"categories":[34,36],"tags":[],"class_list":["post-33102","post","type-post","status-publish","format-standard","hentry","category-deportes","category-destacado"],"yoast_head":"<!-- This site is optimized with the Yoast SEO plugin v26.6 - https:\/\/yoast.com\/wordpress\/plugins\/seo\/ -->\n<title>En busca de una mejor atenci\u00f3n de las enfermedades mentales -<\/title>\n<meta name=\"robots\" content=\"index, follow, max-snippet:-1, max-image-preview:large, max-video-preview:-1\" \/>\n<link rel=\"canonical\" href=\"https:\/\/luchonoticias.com\/editor\/en-busca-de-una-mejor-atencion-de-las-enfermedades-mentales\/\" \/>\n<meta property=\"og:locale\" content=\"es_ES\" \/>\n<meta property=\"og:type\" content=\"article\" \/>\n<meta property=\"og:title\" content=\"En busca de una mejor atenci\u00f3n de las enfermedades mentales -\" \/>\n<meta property=\"og:url\" content=\"https:\/\/luchonoticias.com\/editor\/en-busca-de-una-mejor-atencion-de-las-enfermedades-mentales\/\" \/>\n<meta property=\"article:publisher\" content=\"https:\/\/www.facebook.com\/luchonoticiasneiva\" \/>\n<meta property=\"article:author\" content=\"https:\/\/www.facebook.com\/luchonoticiasneiva\" \/>\n<meta property=\"article:published_time\" content=\"2022-08-27T10:28:36+00:00\" \/>\n<meta property=\"article:modified_time\" content=\"2022-10-18T12:05:20+00:00\" \/>\n<meta name=\"author\" content=\"admin\" \/>\n<meta name=\"twitter:card\" content=\"summary_large_image\" \/>\n<meta name=\"twitter:label1\" content=\"Escrito por\" \/>\n\t<meta name=\"twitter:data1\" content=\"admin\" \/>\n\t<meta name=\"twitter:label2\" content=\"Tiempo de lectura\" \/>\n\t<meta name=\"twitter:data2\" content=\"2 minutos\" \/>\n<script type=\"application\/ld+json\" class=\"yoast-schema-graph\">{\"@context\":\"https:\/\/schema.org\",\"@graph\":[{\"@type\":\"Article\",\"@id\":\"https:\/\/luchonoticias.com\/editor\/en-busca-de-una-mejor-atencion-de-las-enfermedades-mentales\/#article\",\"isPartOf\":{\"@id\":\"https:\/\/luchonoticias.com\/editor\/en-busca-de-una-mejor-atencion-de-las-enfermedades-mentales\/\"},\"author\":{\"name\":\"admin\",\"@id\":\"https:\/\/luchonoticias.com\/editor\/#\/schema\/person\/7a7fd911f58561fd056dbac7b55af9cd\"},\"headline\":\"En busca de una mejor atenci\u00f3n de las enfermedades mentales\",\"datePublished\":\"2022-08-27T10:28:36+00:00\",\"dateModified\":\"2022-10-18T12:05:20+00:00\",\"mainEntityOfPage\":{\"@id\":\"https:\/\/luchonoticias.com\/editor\/en-busca-de-una-mejor-atencion-de-las-enfermedades-mentales\/\"},\"wordCount\":359,\"commentCount\":0,\"publisher\":{\"@id\":\"https:\/\/luchonoticias.com\/editor\/#\/schema\/person\/7a7fd911f58561fd056dbac7b55af9cd\"},\"articleSection\":[\"Deportes\",\"Destacado\"],\"inLanguage\":\"es\",\"potentialAction\":[{\"@type\":\"CommentAction\",\"name\":\"Comment\",\"target\":[\"https:\/\/luchonoticias.com\/editor\/en-busca-de-una-mejor-atencion-de-las-enfermedades-mentales\/#respond\"]}]},{\"@type\":\"WebPage\",\"@id\":\"https:\/\/luchonoticias.com\/editor\/en-busca-de-una-mejor-atencion-de-las-enfermedades-mentales\/\",\"url\":\"https:\/\/luchonoticias.com\/editor\/en-busca-de-una-mejor-atencion-de-las-enfermedades-mentales\/\",\"name\":\"En busca de una mejor atenci\u00f3n de las enfermedades mentales -\",\"isPartOf\":{\"@id\":\"https:\/\/luchonoticias.com\/editor\/#website\"},\"datePublished\":\"2022-08-27T10:28:36+00:00\",\"dateModified\":\"2022-10-18T12:05:20+00:00\",\"breadcrumb\":{\"@id\":\"https:\/\/luchonoticias.com\/editor\/en-busca-de-una-mejor-atencion-de-las-enfermedades-mentales\/#breadcrumb\"},\"inLanguage\":\"es\",\"potentialAction\":[{\"@type\":\"ReadAction\",\"target\":[\"https:\/\/luchonoticias.com\/editor\/en-busca-de-una-mejor-atencion-de-las-enfermedades-mentales\/\"]}]},{\"@type\":\"BreadcrumbList\",\"@id\":\"https:\/\/luchonoticias.com\/editor\/en-busca-de-una-mejor-atencion-de-las-enfermedades-mentales\/#breadcrumb\",\"itemListElement\":[{\"@type\":\"ListItem\",\"position\":1,\"name\":\"Portada\",\"item\":\"https:\/\/luchonoticias.com\/editor\/\"},{\"@type\":\"ListItem\",\"position\":2,\"name\":\"En busca de una mejor atenci\u00f3n de las enfermedades mentales\"}]},{\"@type\":\"WebSite\",\"@id\":\"https:\/\/luchonoticias.com\/editor\/#website\",\"url\":\"https:\/\/luchonoticias.com\/editor\/\",\"name\":\"\",\"description\":\"\",\"publisher\":{\"@id\":\"https:\/\/luchonoticias.com\/editor\/#\/schema\/person\/7a7fd911f58561fd056dbac7b55af9cd\"},\"potentialAction\":[{\"@type\":\"SearchAction\",\"target\":{\"@type\":\"EntryPoint\",\"urlTemplate\":\"https:\/\/luchonoticias.com\/editor\/?s={search_term_string}\"},\"query-input\":{\"@type\":\"PropertyValueSpecification\",\"valueRequired\":true,\"valueName\":\"search_term_string\"}}],\"inLanguage\":\"es\"},{\"@type\":[\"Person\",\"Organization\"],\"@id\":\"https:\/\/luchonoticias.com\/editor\/#\/schema\/person\/7a7fd911f58561fd056dbac7b55af9cd\",\"name\":\"admin\",\"image\":{\"@type\":\"ImageObject\",\"inLanguage\":\"es\",\"@id\":\"https:\/\/luchonoticias.com\/editor\/#\/schema\/person\/image\/\",\"url\":\"https:\/\/luchonoticias.com\/editor\/wp-content\/uploads\/2024\/02\/cropped-cropped-logolu.webp\",\"contentUrl\":\"https:\/\/luchonoticias.com\/editor\/wp-content\/uploads\/2024\/02\/cropped-cropped-logolu.webp\",\"width\":382,\"height\":170,\"caption\":\"admin\"},\"logo\":{\"@id\":\"https:\/\/luchonoticias.com\/editor\/#\/schema\/person\/image\/\"},\"sameAs\":[\"https:\/\/www.facebook.com\/luchonoticiasneiva\"],\"url\":\"https:\/\/luchonoticias.com\/editor\/author\/admin\/\"}]}<\/script>\n<!-- \/ Yoast SEO plugin. -->","yoast_head_json":{"title":"En busca de una mejor atenci\u00f3n de las enfermedades mentales -","robots":{"index":"index","follow":"follow","max-snippet":"max-snippet:-1","max-image-preview":"max-image-preview:large","max-video-preview":"max-video-preview:-1"},"canonical":"https:\/\/luchonoticias.com\/editor\/en-busca-de-una-mejor-atencion-de-las-enfermedades-mentales\/","og_locale":"es_ES","og_type":"article","og_title":"En busca de una mejor atenci\u00f3n de las enfermedades mentales -","og_url":"https:\/\/luchonoticias.com\/editor\/en-busca-de-una-mejor-atencion-de-las-enfermedades-mentales\/","article_publisher":"https:\/\/www.facebook.com\/luchonoticiasneiva","article_author":"https:\/\/www.facebook.com\/luchonoticiasneiva","article_published_time":"2022-08-27T10:28:36+00:00","article_modified_time":"2022-10-18T12:05:20+00:00","author":"admin","twitter_card":"summary_large_image","twitter_misc":{"Escrito por":"admin","Tiempo de lectura":"2 minutos"},"schema":{"@context":"https:\/\/schema.org","@graph":[{"@type":"Article","@id":"https:\/\/luchonoticias.com\/editor\/en-busca-de-una-mejor-atencion-de-las-enfermedades-mentales\/#article","isPartOf":{"@id":"https:\/\/luchonoticias.com\/editor\/en-busca-de-una-mejor-atencion-de-las-enfermedades-mentales\/"},"author":{"name":"admin","@id":"https:\/\/luchonoticias.com\/editor\/#\/schema\/person\/7a7fd911f58561fd056dbac7b55af9cd"},"headline":"En busca de una mejor atenci\u00f3n de las enfermedades mentales","datePublished":"2022-08-27T10:28:36+00:00","dateModified":"2022-10-18T12:05:20+00:00","mainEntityOfPage":{"@id":"https:\/\/luchonoticias.com\/editor\/en-busca-de-una-mejor-atencion-de-las-enfermedades-mentales\/"},"wordCount":359,"commentCount":0,"publisher":{"@id":"https:\/\/luchonoticias.com\/editor\/#\/schema\/person\/7a7fd911f58561fd056dbac7b55af9cd"},"articleSection":["Deportes","Destacado"],"inLanguage":"es","potentialAction":[{"@type":"CommentAction","name":"Comment","target":["https:\/\/luchonoticias.com\/editor\/en-busca-de-una-mejor-atencion-de-las-enfermedades-mentales\/#respond"]}]},{"@type":"WebPage","@id":"https:\/\/luchonoticias.com\/editor\/en-busca-de-una-mejor-atencion-de-las-enfermedades-mentales\/","url":"https:\/\/luchonoticias.com\/editor\/en-busca-de-una-mejor-atencion-de-las-enfermedades-mentales\/","name":"En busca de una mejor atenci\u00f3n de las enfermedades mentales -","isPartOf":{"@id":"https:\/\/luchonoticias.com\/editor\/#website"},"datePublished":"2022-08-27T10:28:36+00:00","dateModified":"2022-10-18T12:05:20+00:00","breadcrumb":{"@id":"https:\/\/luchonoticias.com\/editor\/en-busca-de-una-mejor-atencion-de-las-enfermedades-mentales\/#breadcrumb"},"inLanguage":"es","potentialAction":[{"@type":"ReadAction","target":["https:\/\/luchonoticias.com\/editor\/en-busca-de-una-mejor-atencion-de-las-enfermedades-mentales\/"]}]},{"@type":"BreadcrumbList","@id":"https:\/\/luchonoticias.com\/editor\/en-busca-de-una-mejor-atencion-de-las-enfermedades-mentales\/#breadcrumb","itemListElement":[{"@type":"ListItem","position":1,"name":"Portada","item":"https:\/\/luchonoticias.com\/editor\/"},{"@type":"ListItem","position":2,"name":"En busca de una mejor atenci\u00f3n de las enfermedades mentales"}]},{"@type":"WebSite","@id":"https:\/\/luchonoticias.com\/editor\/#website","url":"https:\/\/luchonoticias.com\/editor\/","name":"","description":"","publisher":{"@id":"https:\/\/luchonoticias.com\/editor\/#\/schema\/person\/7a7fd911f58561fd056dbac7b55af9cd"},"potentialAction":[{"@type":"SearchAction","target":{"@type":"EntryPoint","urlTemplate":"https:\/\/luchonoticias.com\/editor\/?s={search_term_string}"},"query-input":{"@type":"PropertyValueSpecification","valueRequired":true,"valueName":"search_term_string"}}],"inLanguage":"es"},{"@type":["Person","Organization"],"@id":"https:\/\/luchonoticias.com\/editor\/#\/schema\/person\/7a7fd911f58561fd056dbac7b55af9cd","name":"admin","image":{"@type":"ImageObject","inLanguage":"es","@id":"https:\/\/luchonoticias.com\/editor\/#\/schema\/person\/image\/","url":"https:\/\/luchonoticias.com\/editor\/wp-content\/uploads\/2024\/02\/cropped-cropped-logolu.webp","contentUrl":"https:\/\/luchonoticias.com\/editor\/wp-content\/uploads\/2024\/02\/cropped-cropped-logolu.webp","width":382,"height":170,"caption":"admin"},"logo":{"@id":"https:\/\/luchonoticias.com\/editor\/#\/schema\/person\/image\/"},"sameAs":["https:\/\/www.facebook.com\/luchonoticiasneiva"],"url":"https:\/\/luchonoticias.com\/editor\/author\/admin\/"}]}},"_links":{"self":[{"href":"https:\/\/luchonoticias.com\/editor\/wp-json\/wp\/v2\/posts\/33102","targetHints":{"allow":["GET"]}}],"collection":[{"href":"https:\/\/luchonoticias.com\/editor\/wp-json\/wp\/v2\/posts"}],"about":[{"href":"https:\/\/luchonoticias.com\/editor\/wp-json\/wp\/v2\/types\/post"}],"author":[{"embeddable":true,"href":"https:\/\/luchonoticias.com\/editor\/wp-json\/wp\/v2\/users\/1"}],"replies":[{"embeddable":true,"href":"https:\/\/luchonoticias.com\/editor\/wp-json\/wp\/v2\/comments?post=33102"}],"version-history":[{"count":0,"href":"https:\/\/luchonoticias.com\/editor\/wp-json\/wp\/v2\/posts\/33102\/revisions"}],"wp:attachment":[{"href":"https:\/\/luchonoticias.com\/editor\/wp-json\/wp\/v2\/media?parent=33102"}],"wp:term":[{"taxonomy":"category","embeddable":true,"href":"https:\/\/luchonoticias.com\/editor\/wp-json\/wp\/v2\/categories?post=33102"},{"taxonomy":"post_tag","embeddable":true,"href":"https:\/\/luchonoticias.com\/editor\/wp-json\/wp\/v2\/tags?post=33102"}],"curies":[{"name":"wp","href":"https:\/\/api.w.org\/{rel}","templated":true}]}}