{"id":33108,"date":"2022-08-27T06:31:55","date_gmt":"2022-08-27T11:31:55","guid":{"rendered":"https:\/\/luchonoticias.com\/?p=33108"},"modified":"2022-08-27T06:31:56","modified_gmt":"2022-08-27T11:31:56","slug":"neiva-adelanta-gestiones-en-materia-de-movilidad-y-transporte-en-asocapitales","status":"publish","type":"post","link":"https:\/\/luchonoticias.com\/editor\/neiva-adelanta-gestiones-en-materia-de-movilidad-y-transporte-en-asocapitales\/","title":{"rendered":"Neiva adelanta gestiones en materia de movilidad y transporte en Asocapitales"},"content":{"rendered":"\n<p>El gerente del Servicio Estrat\u00e9gico de Servicio P\u00fablico, SETP, Faiber Sandoval Cumbe, hizo presencia en la m\u00e1s reciente reuni\u00f3n de Asocapitales en la ciudad de Bogot\u00e1, donde, junto a otros mandatarios de ciudades capitales del pa\u00eds, se reuni\u00f3 con el ministro de Transporte Guillermo Reyes, actuando en representaci\u00f3n de la ciudad de Neiva. All\u00ed, el funcionario relacion\u00f3 las necesidades que en materia de infraestructura vial y transporte que requiere la capital del Huila.<\/p>\n\n\n\n<p>\u201cAprovechando la disposici\u00f3n que se ha percibido desde el Gobierno Nacional, se solicit\u00f3 el apoyo en aquellos proyectos que la Administraci\u00f3n del alcalde de Neiva, Gorky Mu\u00f1oz Calder\u00f3n, ha radicado en esta cartera. Proyectos que tienen que ver con la interconexi\u00f3n con otros departamentos y ciudades capitales\u201d, afirm\u00f3 Faiber Sandoval Cumbe, gerente del SETP Neiva y delegado por el Alcalde de Neiva. Cabe resaltar que estos proyectos que se encuentran en tr\u00e1mite y gesti\u00f3n ante el Gobierno Nacional, se enmarcan en el cumplimiento del Plan de Desarrollo \u2018Mandato Ciudadano, Territorio de Vida y Paz 2020-2023\u2019 como lo son las v\u00edas 4G, v\u00edas terciarias y se\u00f1alizaci\u00f3n vial.<\/p>\n\n\n\n<figure class=\"wp-block-gallery has-nested-images columns-default is-cropped wp-block-gallery-1 is-layout-flex wp-block-gallery-is-layout-flex\">\n<figure class=\"wp-block-image size-large\"><img decoding=\"async\" data-id=\"33112\" src=\"https:\/\/luchonoticias.com\/wp-content\/uploads\/2022\/08\/WhatsApp-Image-2022-08-26-at-7.09.22-PM-2-1024x768.jpeg\" alt=\"\" class=\"wp-image-33112\"\/><\/figure>\n\n\n\n<figure class=\"wp-block-image size-large\"><img decoding=\"async\" data-id=\"33110\" src=\"https:\/\/luchonoticias.com\/wp-content\/uploads\/2022\/08\/WhatsApp-Image-2022-08-26-at-7.09.22-PM-1.jpeg\" alt=\"\" class=\"wp-image-33110\"\/><\/figure>\n\n\n\n<figure class=\"wp-block-image size-large\"><img decoding=\"async\" data-id=\"33111\" src=\"https:\/\/luchonoticias.com\/wp-content\/uploads\/2022\/08\/WhatsApp-Image-2022-08-26-at-7.09.22-PM-1024x516.jpeg\" alt=\"\" class=\"wp-image-33111\"\/><\/figure>\n<\/figure>\n\n\n\n<p>As\u00ed mismo, logr\u00f3 exponer los avances presentados en la ciudad en relaci\u00f3n al proceso de implementaci\u00f3n del sistema estrat\u00e9gico de transporte p\u00fablico de Neiva, proyecto que adelanta procesos relacionados con infraestructura operacional y que requiere de todo el apoyo econ\u00f3mico para garantizar el proceso de preoperaci\u00f3n \u201choy nuestras actividades se concentran en toda la infraestructura operacional, dado que es nuestra meta y la directriz del se\u00f1or Alcalde entrar a preoperar el sistema\u201d, agreg\u00f3 el funcionario.<\/p>\n\n\n\n<p>Del mismo modo, se defini\u00f3 la realizaci\u00f3n de jornadas de trabajo con las cuales se busca avanzar, de manera significativa, en los sistemas de transporte en los diversos territorios, y brindar las herramientas necesarias para lograr la materializaci\u00f3n de estos proyectos que se encuentran en marcha, como es el caso del Sistema Estrat\u00e9gico de Transporte P\u00fablico de Neiva. Lo anterior, acompa\u00f1ado de mesas regionales de trabajo que faciliten la gesti\u00f3n, la vigilancia y garantizar el avance de los diferentes proyectos.<\/p>\n\n\n\n<p>Temas como la seguridad vial, el transporte ilegal, peajes, avance en proyectos a\u00e9reos, y acceso a nuevas tecnol\u00f3gico limpias (flota vehicular), entre otros, tambi\u00e9n fueron tocados en esta importante reuni\u00f3n.<\/p>\n","protected":false},"excerpt":{"rendered":"<p>El gerente del Servicio Estrat\u00e9gico de Servicio P\u00fablico, SETP, Faiber Sandoval Cumbe, hizo presencia en la m\u00e1s reciente reuni\u00f3n de Asocapitales en la ciudad de Bogot\u00e1, donde, junto a otros mandatarios de ciudades capitales del pa\u00eds, se reuni\u00f3 con el ministro de Transporte Guillermo Reyes, actuando en representaci\u00f3n de la ciudad de Neiva. All\u00ed, el [&hellip;]<\/p>\n","protected":false},"author":1,"featured_media":0,"comment_status":"open","ping_status":"open","sticky":false,"template":"","format":"standard","meta":{"footnotes":""},"categories":[36,53],"tags":[],"class_list":["post-33108","post","type-post","status-publish","format-standard","hentry","category-destacado","category-neiva"],"yoast_head":"<!-- This site is optimized with the Yoast SEO plugin v26.6 - https:\/\/yoast.com\/wordpress\/plugins\/seo\/ -->\n<title>Neiva adelanta gestiones en materia de movilidad y transporte en Asocapitales -<\/title>\n<meta name=\"robots\" content=\"index, follow, max-snippet:-1, max-image-preview:large, max-video-preview:-1\" \/>\n<link rel=\"canonical\" href=\"https:\/\/luchonoticias.com\/editor\/neiva-adelanta-gestiones-en-materia-de-movilidad-y-transporte-en-asocapitales\/\" \/>\n<meta property=\"og:locale\" content=\"es_ES\" \/>\n<meta property=\"og:type\" content=\"article\" \/>\n<meta property=\"og:title\" content=\"Neiva adelanta gestiones en materia de movilidad y transporte en Asocapitales -\" \/>\n<meta property=\"og:url\" content=\"https:\/\/luchonoticias.com\/editor\/neiva-adelanta-gestiones-en-materia-de-movilidad-y-transporte-en-asocapitales\/\" \/>\n<meta property=\"article:publisher\" content=\"https:\/\/www.facebook.com\/luchonoticiasneiva\" \/>\n<meta property=\"article:author\" content=\"https:\/\/www.facebook.com\/luchonoticiasneiva\" \/>\n<meta property=\"article:published_time\" content=\"2022-08-27T11:31:55+00:00\" \/>\n<meta property=\"article:modified_time\" content=\"2022-08-27T11:31:56+00:00\" \/>\n<meta property=\"og:image\" content=\"https:\/\/luchonoticias.com\/wp-content\/uploads\/2022\/08\/WhatsApp-Image-2022-08-26-at-7.09.22-PM-2-1024x768.jpeg\" \/>\n<meta name=\"author\" content=\"admin\" \/>\n<meta name=\"twitter:card\" content=\"summary_large_image\" \/>\n<meta name=\"twitter:label1\" content=\"Escrito por\" \/>\n\t<meta name=\"twitter:data1\" content=\"admin\" \/>\n\t<meta name=\"twitter:label2\" content=\"Tiempo de lectura\" \/>\n\t<meta name=\"twitter:data2\" content=\"2 minutos\" \/>\n<script type=\"application\/ld+json\" class=\"yoast-schema-graph\">{\"@context\":\"https:\/\/schema.org\",\"@graph\":[{\"@type\":\"Article\",\"@id\":\"https:\/\/luchonoticias.com\/editor\/neiva-adelanta-gestiones-en-materia-de-movilidad-y-transporte-en-asocapitales\/#article\",\"isPartOf\":{\"@id\":\"https:\/\/luchonoticias.com\/editor\/neiva-adelanta-gestiones-en-materia-de-movilidad-y-transporte-en-asocapitales\/\"},\"author\":{\"name\":\"admin\",\"@id\":\"https:\/\/luchonoticias.com\/editor\/#\/schema\/person\/7a7fd911f58561fd056dbac7b55af9cd\"},\"headline\":\"Neiva adelanta gestiones en materia de movilidad y transporte en Asocapitales\",\"datePublished\":\"2022-08-27T11:31:55+00:00\",\"dateModified\":\"2022-08-27T11:31:56+00:00\",\"mainEntityOfPage\":{\"@id\":\"https:\/\/luchonoticias.com\/editor\/neiva-adelanta-gestiones-en-materia-de-movilidad-y-transporte-en-asocapitales\/\"},\"wordCount\":409,\"commentCount\":0,\"publisher\":{\"@id\":\"https:\/\/luchonoticias.com\/editor\/#\/schema\/person\/7a7fd911f58561fd056dbac7b55af9cd\"},\"image\":{\"@id\":\"https:\/\/luchonoticias.com\/editor\/neiva-adelanta-gestiones-en-materia-de-movilidad-y-transporte-en-asocapitales\/#primaryimage\"},\"thumbnailUrl\":\"https:\/\/luchonoticias.com\/wp-content\/uploads\/2022\/08\/WhatsApp-Image-2022-08-26-at-7.09.22-PM-2-1024x768.jpeg\",\"articleSection\":[\"Destacado\",\"Neiva\"],\"inLanguage\":\"es\",\"potentialAction\":[{\"@type\":\"CommentAction\",\"name\":\"Comment\",\"target\":[\"https:\/\/luchonoticias.com\/editor\/neiva-adelanta-gestiones-en-materia-de-movilidad-y-transporte-en-asocapitales\/#respond\"]}]},{\"@type\":\"WebPage\",\"@id\":\"https:\/\/luchonoticias.com\/editor\/neiva-adelanta-gestiones-en-materia-de-movilidad-y-transporte-en-asocapitales\/\",\"url\":\"https:\/\/luchonoticias.com\/editor\/neiva-adelanta-gestiones-en-materia-de-movilidad-y-transporte-en-asocapitales\/\",\"name\":\"Neiva adelanta gestiones en materia de movilidad y transporte en Asocapitales -\",\"isPartOf\":{\"@id\":\"https:\/\/luchonoticias.com\/editor\/#website\"},\"primaryImageOfPage\":{\"@id\":\"https:\/\/luchonoticias.com\/editor\/neiva-adelanta-gestiones-en-materia-de-movilidad-y-transporte-en-asocapitales\/#primaryimage\"},\"image\":{\"@id\":\"https:\/\/luchonoticias.com\/editor\/neiva-adelanta-gestiones-en-materia-de-movilidad-y-transporte-en-asocapitales\/#primaryimage\"},\"thumbnailUrl\":\"https:\/\/luchonoticias.com\/wp-content\/uploads\/2022\/08\/WhatsApp-Image-2022-08-26-at-7.09.22-PM-2-1024x768.jpeg\",\"datePublished\":\"2022-08-27T11:31:55+00:00\",\"dateModified\":\"2022-08-27T11:31:56+00:00\",\"breadcrumb\":{\"@id\":\"https:\/\/luchonoticias.com\/editor\/neiva-adelanta-gestiones-en-materia-de-movilidad-y-transporte-en-asocapitales\/#breadcrumb\"},\"inLanguage\":\"es\",\"potentialAction\":[{\"@type\":\"ReadAction\",\"target\":[\"https:\/\/luchonoticias.com\/editor\/neiva-adelanta-gestiones-en-materia-de-movilidad-y-transporte-en-asocapitales\/\"]}]},{\"@type\":\"ImageObject\",\"inLanguage\":\"es\",\"@id\":\"https:\/\/luchonoticias.com\/editor\/neiva-adelanta-gestiones-en-materia-de-movilidad-y-transporte-en-asocapitales\/#primaryimage\",\"url\":\"https:\/\/luchonoticias.com\/wp-content\/uploads\/2022\/08\/WhatsApp-Image-2022-08-26-at-7.09.22-PM-2-1024x768.jpeg\",\"contentUrl\":\"https:\/\/luchonoticias.com\/wp-content\/uploads\/2022\/08\/WhatsApp-Image-2022-08-26-at-7.09.22-PM-2-1024x768.jpeg\"},{\"@type\":\"BreadcrumbList\",\"@id\":\"https:\/\/luchonoticias.com\/editor\/neiva-adelanta-gestiones-en-materia-de-movilidad-y-transporte-en-asocapitales\/#breadcrumb\",\"itemListElement\":[{\"@type\":\"ListItem\",\"position\":1,\"name\":\"Portada\",\"item\":\"https:\/\/luchonoticias.com\/editor\/\"},{\"@type\":\"ListItem\",\"position\":2,\"name\":\"Neiva adelanta gestiones en materia de movilidad y transporte en Asocapitales\"}]},{\"@type\":\"WebSite\",\"@id\":\"https:\/\/luchonoticias.com\/editor\/#website\",\"url\":\"https:\/\/luchonoticias.com\/editor\/\",\"name\":\"\",\"description\":\"\",\"publisher\":{\"@id\":\"https:\/\/luchonoticias.com\/editor\/#\/schema\/person\/7a7fd911f58561fd056dbac7b55af9cd\"},\"potentialAction\":[{\"@type\":\"SearchAction\",\"target\":{\"@type\":\"EntryPoint\",\"urlTemplate\":\"https:\/\/luchonoticias.com\/editor\/?s={search_term_string}\"},\"query-input\":{\"@type\":\"PropertyValueSpecification\",\"valueRequired\":true,\"valueName\":\"search_term_string\"}}],\"inLanguage\":\"es\"},{\"@type\":[\"Person\",\"Organization\"],\"@id\":\"https:\/\/luchonoticias.com\/editor\/#\/schema\/person\/7a7fd911f58561fd056dbac7b55af9cd\",\"name\":\"admin\",\"image\":{\"@type\":\"ImageObject\",\"inLanguage\":\"es\",\"@id\":\"https:\/\/luchonoticias.com\/editor\/#\/schema\/person\/image\/\",\"url\":\"https:\/\/luchonoticias.com\/editor\/wp-content\/uploads\/2024\/02\/cropped-cropped-logolu.webp\",\"contentUrl\":\"https:\/\/luchonoticias.com\/editor\/wp-content\/uploads\/2024\/02\/cropped-cropped-logolu.webp\",\"width\":382,\"height\":170,\"caption\":\"admin\"},\"logo\":{\"@id\":\"https:\/\/luchonoticias.com\/editor\/#\/schema\/person\/image\/\"},\"sameAs\":[\"https:\/\/www.facebook.com\/luchonoticiasneiva\"],\"url\":\"https:\/\/luchonoticias.com\/editor\/author\/admin\/\"}]}<\/script>\n<!-- \/ Yoast SEO plugin. -->","yoast_head_json":{"title":"Neiva adelanta gestiones en materia de movilidad y transporte en Asocapitales -","robots":{"index":"index","follow":"follow","max-snippet":"max-snippet:-1","max-image-preview":"max-image-preview:large","max-video-preview":"max-video-preview:-1"},"canonical":"https:\/\/luchonoticias.com\/editor\/neiva-adelanta-gestiones-en-materia-de-movilidad-y-transporte-en-asocapitales\/","og_locale":"es_ES","og_type":"article","og_title":"Neiva adelanta gestiones en materia de movilidad y transporte en Asocapitales -","og_url":"https:\/\/luchonoticias.com\/editor\/neiva-adelanta-gestiones-en-materia-de-movilidad-y-transporte-en-asocapitales\/","article_publisher":"https:\/\/www.facebook.com\/luchonoticiasneiva","article_author":"https:\/\/www.facebook.com\/luchonoticiasneiva","article_published_time":"2022-08-27T11:31:55+00:00","article_modified_time":"2022-08-27T11:31:56+00:00","og_image":[{"url":"https:\/\/luchonoticias.com\/wp-content\/uploads\/2022\/08\/WhatsApp-Image-2022-08-26-at-7.09.22-PM-2-1024x768.jpeg","type":"","width":"","height":""}],"author":"admin","twitter_card":"summary_large_image","twitter_misc":{"Escrito por":"admin","Tiempo de lectura":"2 minutos"},"schema":{"@context":"https:\/\/schema.org","@graph":[{"@type":"Article","@id":"https:\/\/luchonoticias.com\/editor\/neiva-adelanta-gestiones-en-materia-de-movilidad-y-transporte-en-asocapitales\/#article","isPartOf":{"@id":"https:\/\/luchonoticias.com\/editor\/neiva-adelanta-gestiones-en-materia-de-movilidad-y-transporte-en-asocapitales\/"},"author":{"name":"admin","@id":"https:\/\/luchonoticias.com\/editor\/#\/schema\/person\/7a7fd911f58561fd056dbac7b55af9cd"},"headline":"Neiva adelanta gestiones en materia de movilidad y transporte en Asocapitales","datePublished":"2022-08-27T11:31:55+00:00","dateModified":"2022-08-27T11:31:56+00:00","mainEntityOfPage":{"@id":"https:\/\/luchonoticias.com\/editor\/neiva-adelanta-gestiones-en-materia-de-movilidad-y-transporte-en-asocapitales\/"},"wordCount":409,"commentCount":0,"publisher":{"@id":"https:\/\/luchonoticias.com\/editor\/#\/schema\/person\/7a7fd911f58561fd056dbac7b55af9cd"},"image":{"@id":"https:\/\/luchonoticias.com\/editor\/neiva-adelanta-gestiones-en-materia-de-movilidad-y-transporte-en-asocapitales\/#primaryimage"},"thumbnailUrl":"https:\/\/luchonoticias.com\/wp-content\/uploads\/2022\/08\/WhatsApp-Image-2022-08-26-at-7.09.22-PM-2-1024x768.jpeg","articleSection":["Destacado","Neiva"],"inLanguage":"es","potentialAction":[{"@type":"CommentAction","name":"Comment","target":["https:\/\/luchonoticias.com\/editor\/neiva-adelanta-gestiones-en-materia-de-movilidad-y-transporte-en-asocapitales\/#respond"]}]},{"@type":"WebPage","@id":"https:\/\/luchonoticias.com\/editor\/neiva-adelanta-gestiones-en-materia-de-movilidad-y-transporte-en-asocapitales\/","url":"https:\/\/luchonoticias.com\/editor\/neiva-adelanta-gestiones-en-materia-de-movilidad-y-transporte-en-asocapitales\/","name":"Neiva adelanta gestiones en materia de movilidad y transporte en Asocapitales -","isPartOf":{"@id":"https:\/\/luchonoticias.com\/editor\/#website"},"primaryImageOfPage":{"@id":"https:\/\/luchonoticias.com\/editor\/neiva-adelanta-gestiones-en-materia-de-movilidad-y-transporte-en-asocapitales\/#primaryimage"},"image":{"@id":"https:\/\/luchonoticias.com\/editor\/neiva-adelanta-gestiones-en-materia-de-movilidad-y-transporte-en-asocapitales\/#primaryimage"},"thumbnailUrl":"https:\/\/luchonoticias.com\/wp-content\/uploads\/2022\/08\/WhatsApp-Image-2022-08-26-at-7.09.22-PM-2-1024x768.jpeg","datePublished":"2022-08-27T11:31:55+00:00","dateModified":"2022-08-27T11:31:56+00:00","breadcrumb":{"@id":"https:\/\/luchonoticias.com\/editor\/neiva-adelanta-gestiones-en-materia-de-movilidad-y-transporte-en-asocapitales\/#breadcrumb"},"inLanguage":"es","potentialAction":[{"@type":"ReadAction","target":["https:\/\/luchonoticias.com\/editor\/neiva-adelanta-gestiones-en-materia-de-movilidad-y-transporte-en-asocapitales\/"]}]},{"@type":"ImageObject","inLanguage":"es","@id":"https:\/\/luchonoticias.com\/editor\/neiva-adelanta-gestiones-en-materia-de-movilidad-y-transporte-en-asocapitales\/#primaryimage","url":"https:\/\/luchonoticias.com\/wp-content\/uploads\/2022\/08\/WhatsApp-Image-2022-08-26-at-7.09.22-PM-2-1024x768.jpeg","contentUrl":"https:\/\/luchonoticias.com\/wp-content\/uploads\/2022\/08\/WhatsApp-Image-2022-08-26-at-7.09.22-PM-2-1024x768.jpeg"},{"@type":"BreadcrumbList","@id":"https:\/\/luchonoticias.com\/editor\/neiva-adelanta-gestiones-en-materia-de-movilidad-y-transporte-en-asocapitales\/#breadcrumb","itemListElement":[{"@type":"ListItem","position":1,"name":"Portada","item":"https:\/\/luchonoticias.com\/editor\/"},{"@type":"ListItem","position":2,"name":"Neiva adelanta gestiones en materia de movilidad y transporte en Asocapitales"}]},{"@type":"WebSite","@id":"https:\/\/luchonoticias.com\/editor\/#website","url":"https:\/\/luchonoticias.com\/editor\/","name":"","description":"","publisher":{"@id":"https:\/\/luchonoticias.com\/editor\/#\/schema\/person\/7a7fd911f58561fd056dbac7b55af9cd"},"potentialAction":[{"@type":"SearchAction","target":{"@type":"EntryPoint","urlTemplate":"https:\/\/luchonoticias.com\/editor\/?s={search_term_string}"},"query-input":{"@type":"PropertyValueSpecification","valueRequired":true,"valueName":"search_term_string"}}],"inLanguage":"es"},{"@type":["Person","Organization"],"@id":"https:\/\/luchonoticias.com\/editor\/#\/schema\/person\/7a7fd911f58561fd056dbac7b55af9cd","name":"admin","image":{"@type":"ImageObject","inLanguage":"es","@id":"https:\/\/luchonoticias.com\/editor\/#\/schema\/person\/image\/","url":"https:\/\/luchonoticias.com\/editor\/wp-content\/uploads\/2024\/02\/cropped-cropped-logolu.webp","contentUrl":"https:\/\/luchonoticias.com\/editor\/wp-content\/uploads\/2024\/02\/cropped-cropped-logolu.webp","width":382,"height":170,"caption":"admin"},"logo":{"@id":"https:\/\/luchonoticias.com\/editor\/#\/schema\/person\/image\/"},"sameAs":["https:\/\/www.facebook.com\/luchonoticiasneiva"],"url":"https:\/\/luchonoticias.com\/editor\/author\/admin\/"}]}},"_links":{"self":[{"href":"https:\/\/luchonoticias.com\/editor\/wp-json\/wp\/v2\/posts\/33108","targetHints":{"allow":["GET"]}}],"collection":[{"href":"https:\/\/luchonoticias.com\/editor\/wp-json\/wp\/v2\/posts"}],"about":[{"href":"https:\/\/luchonoticias.com\/editor\/wp-json\/wp\/v2\/types\/post"}],"author":[{"embeddable":true,"href":"https:\/\/luchonoticias.com\/editor\/wp-json\/wp\/v2\/users\/1"}],"replies":[{"embeddable":true,"href":"https:\/\/luchonoticias.com\/editor\/wp-json\/wp\/v2\/comments?post=33108"}],"version-history":[{"count":0,"href":"https:\/\/luchonoticias.com\/editor\/wp-json\/wp\/v2\/posts\/33108\/revisions"}],"wp:attachment":[{"href":"https:\/\/luchonoticias.com\/editor\/wp-json\/wp\/v2\/media?parent=33108"}],"wp:term":[{"taxonomy":"category","embeddable":true,"href":"https:\/\/luchonoticias.com\/editor\/wp-json\/wp\/v2\/categories?post=33108"},{"taxonomy":"post_tag","embeddable":true,"href":"https:\/\/luchonoticias.com\/editor\/wp-json\/wp\/v2\/tags?post=33108"}],"curies":[{"name":"wp","href":"https:\/\/api.w.org\/{rel}","templated":true}]}}