{"id":33124,"date":"2022-08-27T11:14:09","date_gmt":"2022-08-27T16:14:09","guid":{"rendered":"https:\/\/luchonoticias.com\/?p=33124"},"modified":"2022-08-27T11:14:10","modified_gmt":"2022-08-27T16:14:10","slug":"vuelve-y-juega-jay-vine-en-la-vuelta-a-espana","status":"publish","type":"post","link":"https:\/\/luchonoticias.com\/editor\/vuelve-y-juega-jay-vine-en-la-vuelta-a-espana\/","title":{"rendered":"Vuelve y juega Jay Vine en la Vuelta a Espa\u00f1a"},"content":{"rendered":"\n<p>Segunda etapa con final en alto de la&nbsp;<strong>Vuelta a Espa\u00f1a<\/strong>, donde el australiano<strong>&nbsp;Jay Vine<\/strong>&nbsp;obtuvo su segundo triunfo parcial, adem\u00e1s del liderato de la monta\u00f1a.<\/p>\n\n\n\n<p>Vine venci\u00f3 en solitario en una&nbsp;<strong>jornada con mucha niebla en medio<\/strong>&nbsp;y con una ventaja de 43 segundos sobre el catal\u00e1n Marc Soler que fue el segundo clasificado mientras que&nbsp;<strong>Sergio Higuita<\/strong>&nbsp;en el puesto 19&nbsp;<strong>fue el mejor colombiano.<\/strong><\/p>\n\n\n\n<p>En cuanto a la general el belga&nbsp;<strong>Remco Evenepoel mantiene el primer lugar<\/strong>&nbsp;con una ventaja de 28 segundos sobre el espa\u00f1ol Enric Mas mientras que&nbsp;<strong>Miguel \u00c1ngel L\u00f3pez ascendi\u00f3 a la casilla 13<\/strong>&nbsp;a 3:39 minutos del primer lugar.<\/p>\n\n\n\n<p><strong>Harold Tejada&nbsp;<\/strong>por su parte finaliz\u00f3 la etapa en la casilla 86 a 13:41 minutos del ganad mientras que&nbsp;<strong>en la general tuvo un ascenso de 17 puestos<\/strong>&nbsp;y ahora se encuentra de 117 a m\u00e1s de 1:13 horas del primer lugar.<\/p>\n\n\n\n<p>Ma\u00f1ana otra etapa monta\u00f1osa (aunque de menor exigencia) de 171 kil\u00f3metros entre&nbsp;<strong>Villaviciosa y Les Praeres. Nava<\/strong><\/p>\n","protected":false},"excerpt":{"rendered":"<p>Segunda etapa con final en alto de la&nbsp;Vuelta a Espa\u00f1a, donde el australiano&nbsp;Jay Vine&nbsp;obtuvo su segundo triunfo parcial, adem\u00e1s del liderato de la monta\u00f1a. Vine venci\u00f3 en solitario en una&nbsp;jornada con mucha niebla en medio&nbsp;y con una ventaja de 43 segundos sobre el catal\u00e1n Marc Soler que fue el segundo clasificado mientras que&nbsp;Sergio Higuita&nbsp;en el [&hellip;]<\/p>\n","protected":false},"author":1,"featured_media":0,"comment_status":"open","ping_status":"open","sticky":false,"template":"","format":"standard","meta":{"footnotes":""},"categories":[34],"tags":[],"class_list":["post-33124","post","type-post","status-publish","format-standard","hentry","category-deportes"],"yoast_head":"<!-- This site is optimized with the Yoast SEO plugin v26.6 - https:\/\/yoast.com\/wordpress\/plugins\/seo\/ -->\n<title>Vuelve y juega Jay Vine en la Vuelta a Espa\u00f1a -<\/title>\n<meta name=\"robots\" content=\"index, follow, max-snippet:-1, max-image-preview:large, max-video-preview:-1\" \/>\n<link rel=\"canonical\" href=\"https:\/\/luchonoticias.com\/editor\/vuelve-y-juega-jay-vine-en-la-vuelta-a-espana\/\" \/>\n<meta property=\"og:locale\" content=\"es_ES\" \/>\n<meta property=\"og:type\" content=\"article\" \/>\n<meta property=\"og:title\" content=\"Vuelve y juega Jay Vine en la Vuelta a Espa\u00f1a -\" \/>\n<meta property=\"og:url\" content=\"https:\/\/luchonoticias.com\/editor\/vuelve-y-juega-jay-vine-en-la-vuelta-a-espana\/\" \/>\n<meta property=\"article:publisher\" content=\"https:\/\/www.facebook.com\/luchonoticiasneiva\" \/>\n<meta property=\"article:author\" content=\"https:\/\/www.facebook.com\/luchonoticiasneiva\" \/>\n<meta property=\"article:published_time\" content=\"2022-08-27T16:14:09+00:00\" \/>\n<meta property=\"article:modified_time\" content=\"2022-08-27T16:14:10+00:00\" \/>\n<meta name=\"author\" content=\"admin\" \/>\n<meta name=\"twitter:card\" content=\"summary_large_image\" \/>\n<meta name=\"twitter:label1\" content=\"Escrito por\" \/>\n\t<meta name=\"twitter:data1\" content=\"admin\" \/>\n\t<meta name=\"twitter:label2\" content=\"Tiempo de lectura\" \/>\n\t<meta name=\"twitter:data2\" content=\"1 minuto\" \/>\n<script type=\"application\/ld+json\" class=\"yoast-schema-graph\">{\"@context\":\"https:\/\/schema.org\",\"@graph\":[{\"@type\":\"Article\",\"@id\":\"https:\/\/luchonoticias.com\/editor\/vuelve-y-juega-jay-vine-en-la-vuelta-a-espana\/#article\",\"isPartOf\":{\"@id\":\"https:\/\/luchonoticias.com\/editor\/vuelve-y-juega-jay-vine-en-la-vuelta-a-espana\/\"},\"author\":{\"name\":\"admin\",\"@id\":\"https:\/\/luchonoticias.com\/editor\/#\/schema\/person\/7a7fd911f58561fd056dbac7b55af9cd\"},\"headline\":\"Vuelve y juega Jay Vine en la Vuelta a Espa\u00f1a\",\"datePublished\":\"2022-08-27T16:14:09+00:00\",\"dateModified\":\"2022-08-27T16:14:10+00:00\",\"mainEntityOfPage\":{\"@id\":\"https:\/\/luchonoticias.com\/editor\/vuelve-y-juega-jay-vine-en-la-vuelta-a-espana\/\"},\"wordCount\":193,\"commentCount\":0,\"publisher\":{\"@id\":\"https:\/\/luchonoticias.com\/editor\/#\/schema\/person\/7a7fd911f58561fd056dbac7b55af9cd\"},\"articleSection\":[\"Deportes\"],\"inLanguage\":\"es\",\"potentialAction\":[{\"@type\":\"CommentAction\",\"name\":\"Comment\",\"target\":[\"https:\/\/luchonoticias.com\/editor\/vuelve-y-juega-jay-vine-en-la-vuelta-a-espana\/#respond\"]}]},{\"@type\":\"WebPage\",\"@id\":\"https:\/\/luchonoticias.com\/editor\/vuelve-y-juega-jay-vine-en-la-vuelta-a-espana\/\",\"url\":\"https:\/\/luchonoticias.com\/editor\/vuelve-y-juega-jay-vine-en-la-vuelta-a-espana\/\",\"name\":\"Vuelve y juega Jay Vine en la Vuelta a Espa\u00f1a -\",\"isPartOf\":{\"@id\":\"https:\/\/luchonoticias.com\/editor\/#website\"},\"datePublished\":\"2022-08-27T16:14:09+00:00\",\"dateModified\":\"2022-08-27T16:14:10+00:00\",\"breadcrumb\":{\"@id\":\"https:\/\/luchonoticias.com\/editor\/vuelve-y-juega-jay-vine-en-la-vuelta-a-espana\/#breadcrumb\"},\"inLanguage\":\"es\",\"potentialAction\":[{\"@type\":\"ReadAction\",\"target\":[\"https:\/\/luchonoticias.com\/editor\/vuelve-y-juega-jay-vine-en-la-vuelta-a-espana\/\"]}]},{\"@type\":\"BreadcrumbList\",\"@id\":\"https:\/\/luchonoticias.com\/editor\/vuelve-y-juega-jay-vine-en-la-vuelta-a-espana\/#breadcrumb\",\"itemListElement\":[{\"@type\":\"ListItem\",\"position\":1,\"name\":\"Portada\",\"item\":\"https:\/\/luchonoticias.com\/editor\/\"},{\"@type\":\"ListItem\",\"position\":2,\"name\":\"Vuelve y juega Jay Vine en la Vuelta a Espa\u00f1a\"}]},{\"@type\":\"WebSite\",\"@id\":\"https:\/\/luchonoticias.com\/editor\/#website\",\"url\":\"https:\/\/luchonoticias.com\/editor\/\",\"name\":\"\",\"description\":\"\",\"publisher\":{\"@id\":\"https:\/\/luchonoticias.com\/editor\/#\/schema\/person\/7a7fd911f58561fd056dbac7b55af9cd\"},\"potentialAction\":[{\"@type\":\"SearchAction\",\"target\":{\"@type\":\"EntryPoint\",\"urlTemplate\":\"https:\/\/luchonoticias.com\/editor\/?s={search_term_string}\"},\"query-input\":{\"@type\":\"PropertyValueSpecification\",\"valueRequired\":true,\"valueName\":\"search_term_string\"}}],\"inLanguage\":\"es\"},{\"@type\":[\"Person\",\"Organization\"],\"@id\":\"https:\/\/luchonoticias.com\/editor\/#\/schema\/person\/7a7fd911f58561fd056dbac7b55af9cd\",\"name\":\"admin\",\"image\":{\"@type\":\"ImageObject\",\"inLanguage\":\"es\",\"@id\":\"https:\/\/luchonoticias.com\/editor\/#\/schema\/person\/image\/\",\"url\":\"https:\/\/luchonoticias.com\/editor\/wp-content\/uploads\/2024\/02\/cropped-cropped-logolu.webp\",\"contentUrl\":\"https:\/\/luchonoticias.com\/editor\/wp-content\/uploads\/2024\/02\/cropped-cropped-logolu.webp\",\"width\":382,\"height\":170,\"caption\":\"admin\"},\"logo\":{\"@id\":\"https:\/\/luchonoticias.com\/editor\/#\/schema\/person\/image\/\"},\"sameAs\":[\"https:\/\/www.facebook.com\/luchonoticiasneiva\"],\"url\":\"https:\/\/luchonoticias.com\/editor\/author\/admin\/\"}]}<\/script>\n<!-- \/ Yoast SEO plugin. -->","yoast_head_json":{"title":"Vuelve y juega Jay Vine en la Vuelta a Espa\u00f1a -","robots":{"index":"index","follow":"follow","max-snippet":"max-snippet:-1","max-image-preview":"max-image-preview:large","max-video-preview":"max-video-preview:-1"},"canonical":"https:\/\/luchonoticias.com\/editor\/vuelve-y-juega-jay-vine-en-la-vuelta-a-espana\/","og_locale":"es_ES","og_type":"article","og_title":"Vuelve y juega Jay Vine en la Vuelta a Espa\u00f1a -","og_url":"https:\/\/luchonoticias.com\/editor\/vuelve-y-juega-jay-vine-en-la-vuelta-a-espana\/","article_publisher":"https:\/\/www.facebook.com\/luchonoticiasneiva","article_author":"https:\/\/www.facebook.com\/luchonoticiasneiva","article_published_time":"2022-08-27T16:14:09+00:00","article_modified_time":"2022-08-27T16:14:10+00:00","author":"admin","twitter_card":"summary_large_image","twitter_misc":{"Escrito por":"admin","Tiempo de lectura":"1 minuto"},"schema":{"@context":"https:\/\/schema.org","@graph":[{"@type":"Article","@id":"https:\/\/luchonoticias.com\/editor\/vuelve-y-juega-jay-vine-en-la-vuelta-a-espana\/#article","isPartOf":{"@id":"https:\/\/luchonoticias.com\/editor\/vuelve-y-juega-jay-vine-en-la-vuelta-a-espana\/"},"author":{"name":"admin","@id":"https:\/\/luchonoticias.com\/editor\/#\/schema\/person\/7a7fd911f58561fd056dbac7b55af9cd"},"headline":"Vuelve y juega Jay Vine en la Vuelta a Espa\u00f1a","datePublished":"2022-08-27T16:14:09+00:00","dateModified":"2022-08-27T16:14:10+00:00","mainEntityOfPage":{"@id":"https:\/\/luchonoticias.com\/editor\/vuelve-y-juega-jay-vine-en-la-vuelta-a-espana\/"},"wordCount":193,"commentCount":0,"publisher":{"@id":"https:\/\/luchonoticias.com\/editor\/#\/schema\/person\/7a7fd911f58561fd056dbac7b55af9cd"},"articleSection":["Deportes"],"inLanguage":"es","potentialAction":[{"@type":"CommentAction","name":"Comment","target":["https:\/\/luchonoticias.com\/editor\/vuelve-y-juega-jay-vine-en-la-vuelta-a-espana\/#respond"]}]},{"@type":"WebPage","@id":"https:\/\/luchonoticias.com\/editor\/vuelve-y-juega-jay-vine-en-la-vuelta-a-espana\/","url":"https:\/\/luchonoticias.com\/editor\/vuelve-y-juega-jay-vine-en-la-vuelta-a-espana\/","name":"Vuelve y juega Jay Vine en la Vuelta a Espa\u00f1a -","isPartOf":{"@id":"https:\/\/luchonoticias.com\/editor\/#website"},"datePublished":"2022-08-27T16:14:09+00:00","dateModified":"2022-08-27T16:14:10+00:00","breadcrumb":{"@id":"https:\/\/luchonoticias.com\/editor\/vuelve-y-juega-jay-vine-en-la-vuelta-a-espana\/#breadcrumb"},"inLanguage":"es","potentialAction":[{"@type":"ReadAction","target":["https:\/\/luchonoticias.com\/editor\/vuelve-y-juega-jay-vine-en-la-vuelta-a-espana\/"]}]},{"@type":"BreadcrumbList","@id":"https:\/\/luchonoticias.com\/editor\/vuelve-y-juega-jay-vine-en-la-vuelta-a-espana\/#breadcrumb","itemListElement":[{"@type":"ListItem","position":1,"name":"Portada","item":"https:\/\/luchonoticias.com\/editor\/"},{"@type":"ListItem","position":2,"name":"Vuelve y juega Jay Vine en la Vuelta a Espa\u00f1a"}]},{"@type":"WebSite","@id":"https:\/\/luchonoticias.com\/editor\/#website","url":"https:\/\/luchonoticias.com\/editor\/","name":"","description":"","publisher":{"@id":"https:\/\/luchonoticias.com\/editor\/#\/schema\/person\/7a7fd911f58561fd056dbac7b55af9cd"},"potentialAction":[{"@type":"SearchAction","target":{"@type":"EntryPoint","urlTemplate":"https:\/\/luchonoticias.com\/editor\/?s={search_term_string}"},"query-input":{"@type":"PropertyValueSpecification","valueRequired":true,"valueName":"search_term_string"}}],"inLanguage":"es"},{"@type":["Person","Organization"],"@id":"https:\/\/luchonoticias.com\/editor\/#\/schema\/person\/7a7fd911f58561fd056dbac7b55af9cd","name":"admin","image":{"@type":"ImageObject","inLanguage":"es","@id":"https:\/\/luchonoticias.com\/editor\/#\/schema\/person\/image\/","url":"https:\/\/luchonoticias.com\/editor\/wp-content\/uploads\/2024\/02\/cropped-cropped-logolu.webp","contentUrl":"https:\/\/luchonoticias.com\/editor\/wp-content\/uploads\/2024\/02\/cropped-cropped-logolu.webp","width":382,"height":170,"caption":"admin"},"logo":{"@id":"https:\/\/luchonoticias.com\/editor\/#\/schema\/person\/image\/"},"sameAs":["https:\/\/www.facebook.com\/luchonoticiasneiva"],"url":"https:\/\/luchonoticias.com\/editor\/author\/admin\/"}]}},"_links":{"self":[{"href":"https:\/\/luchonoticias.com\/editor\/wp-json\/wp\/v2\/posts\/33124","targetHints":{"allow":["GET"]}}],"collection":[{"href":"https:\/\/luchonoticias.com\/editor\/wp-json\/wp\/v2\/posts"}],"about":[{"href":"https:\/\/luchonoticias.com\/editor\/wp-json\/wp\/v2\/types\/post"}],"author":[{"embeddable":true,"href":"https:\/\/luchonoticias.com\/editor\/wp-json\/wp\/v2\/users\/1"}],"replies":[{"embeddable":true,"href":"https:\/\/luchonoticias.com\/editor\/wp-json\/wp\/v2\/comments?post=33124"}],"version-history":[{"count":0,"href":"https:\/\/luchonoticias.com\/editor\/wp-json\/wp\/v2\/posts\/33124\/revisions"}],"wp:attachment":[{"href":"https:\/\/luchonoticias.com\/editor\/wp-json\/wp\/v2\/media?parent=33124"}],"wp:term":[{"taxonomy":"category","embeddable":true,"href":"https:\/\/luchonoticias.com\/editor\/wp-json\/wp\/v2\/categories?post=33124"},{"taxonomy":"post_tag","embeddable":true,"href":"https:\/\/luchonoticias.com\/editor\/wp-json\/wp\/v2\/tags?post=33124"}],"curies":[{"name":"wp","href":"https:\/\/api.w.org\/{rel}","templated":true}]}}