{"id":33129,"date":"2022-08-28T04:54:07","date_gmt":"2022-08-28T09:54:07","guid":{"rendered":"https:\/\/luchonoticias.com\/?p=33129"},"modified":"2022-08-28T05:07:16","modified_gmt":"2022-08-28T10:07:16","slug":"el-tea-en-el-huila-parte-ii-su-diario-vivir","status":"publish","type":"post","link":"https:\/\/luchonoticias.com\/editor\/el-tea-en-el-huila-parte-ii-su-diario-vivir\/","title":{"rendered":"El TEA en el Huila (parte II): su diario vivir"},"content":{"rendered":"\n<p><em>En esta segunda entrega de nuestra serie period\u00edstica sobre el Trastorno del Espectro Autista, ahondaremos en el diario vivir de las personas que tienen dicha particularidad, un estilo de vida muy diferente de lo que muchos habitualmente acostumbran a hacer desde que despiertan hasta que duermen.<\/em><\/p>\n\n\n\n<p><\/p>\n\n\n\n<p>Para leer la primera parte del especial puede hacer clic <strong><a href=\"https:\/\/luchonoticias.com\/huila\/el-tea-en-el-huila-parte-i-un-mundo-pintado-de-azul\/\">aqu\u00ed<\/a><\/strong>. <\/p>\n\n\n\n<p><\/p>\n\n\n\n<p>Se dice que el ser humano es un animal de costumbre, algo que, en el caso de las <strong>personas con Trastorno del Espectro Autista<\/strong>, es m\u00e1s que ver\u00eddico, no obstante y a diferencia del resto de las personas convencionales (calificadas dentro del lenguaje TEA como neurot\u00edpicas), la cotidianidad o el diario vivir, tiene otro significado.<\/p>\n\n\n\n<p><strong>Rutinas, poca comunicaci\u00f3n, un inter\u00e9s casi marcado en ciertas cosas, acompa\u00f1amiento permanente<\/strong> por parte de sus seres queridos (dependiendo del grado de autismo) e incluso una <strong>aparente apat\u00eda a actividades catalogadas como socialmente aceptadas<\/strong> por el resto de la poblaci\u00f3n, forman parte de la agenda de las personas que viven con esa condici\u00f3n.<\/p>\n\n\n\n<p>En ese \u00faltimo punto, es donde radica <strong>el gran abismo con las personas convencionales<\/strong>, ya que muchas veces el estilo de vida de una persona con TEA, choca con lo que la gente asume como normal y que es imitado por todos, por lo que <strong>cualquier \u2018violaci\u00f3n\u2019 a lo t\u00e1citamente establecido, es se\u00f1al o caldo de cultivo para un estigma.<\/strong><\/p>\n\n\n\n<p>\u201c<strong>Las personas con TEA tienen una tendencia a un estilo de pensamiento m\u00e1s sistem\u00e1tico <\/strong>que intencional y la mayor\u00eda tiene un estilo intencional que es lo que facilita las intenciones reciprocas de ida y vuelta a trav\u00e9s de la suposici\u00f3n, las atribuciones, las inferencias e interpretaciones; por otro lado <strong>el colectivo humano ha tratado de homogeneizar, a trav\u00e9s de constructos culturales, lo que debe ser estandarizado<\/strong>, lo que debe ser t\u00edpico, entonces all\u00ed una persona con TEA choca contra ese precepto que se espera de un ser humano\u201d, explic\u00f3 el psic\u00f3logo Camilo Ospina. <\/p>\n\n\n\n<p>De hecho, para la tambi\u00e9n psic\u00f3loga Adriana Quintero, \u201cuna conducta que se asume como normal para una persona con TEA <strong>requiere una especie de estructuraci\u00f3n<\/strong>, esto teniendo en cuenta sus dificultades en el procesamiento sensorial y su organizaci\u00f3n de conductas adaptativas\u201d.&nbsp;<\/p>\n\n\n\n<p><\/p>\n\n\n\n<figure class=\"wp-block-image size-full\"><img decoding=\"async\" src=\"https:\/\/luchonoticias.com\/wp-content\/uploads\/2022\/08\/CAMILO-OSPINA.jpg\" alt=\"\" class=\"wp-image-32610\"\/><figcaption>Camilo Ospina, psic\u00f3logo y especialista en autismo. <\/figcaption><\/figure>\n\n\n\n<h5 class=\"has-medium-font-size wp-block-heading\"><strong>Las rutinas\u2026y las crisis<\/strong><\/h5>\n\n\n\n<p>El primer punto del diario vivir de las personas con el Trastorno del Espectro Autista, son sus rutinas; se dice dentro de la juventud de que las cosas planeadas poco funcionan, algo que en la gente con TEA no aplica, ya que <strong>su cotidianidad est\u00e1 marcada por las actividades rutinarias,<\/strong> algo que para ellos, es <strong>una forma de control y de orientaci\u00f3n,<\/strong> en medio de un mundo que se caracteriza en muchos casos por ser impredecible.<\/p>\n\n\n\n<p>\u201cLos rituales en las personas que tienen TEA est\u00e1n asociadas a los comportamientos repetitivos o conductas espec\u00edficas y que est\u00e1n realizados con los problemas que ellos presentan, en su procesamiento sensorial\u2026cuando ellos establecen rutinas o rituales, de alg\u00fan modo <strong>le permiten tener el control de su entorno, regularse sensorialmente, gestionarse emocionalmente<\/strong>, les permite gestionar el mundo desde su percepci\u00f3n y desde su necesidad\u201d, dijo al respecto la psic\u00f3loga Adriana Quintero.<\/p>\n\n\n\n<p>La <strong>ausencia de dicha rigidez <\/strong>cotidiana deja sus secuelas, ya sea en una <strong>crisis o efectos en su forma de ser<\/strong>, un ejemplo claro de ese cambio se encuentra en Michael, quien en Neiva <strong>ten\u00eda una rutina seguida \u2018a rajatabla\u2019<\/strong>, pero que desde la llegada del COVID 19 y su posterior desplazamiento a Cali, su diario vivir ha sufrido cambios, los cuales se notan en su comportamiento.<\/p>\n\n\n\n<p>\u201cEn Neiva antes de la pandemia ten\u00eda una rutina normal: se levantaba, tend\u00eda su cama, aseaba su cuarto, desayunaba, ba\u00f1arse, ir a la piscina que en ese caso era por la ma\u00f1ana y todo normal, con la pandemia hubo \u2018una para\u2019 en todo y no se pod\u00eda ir a la piscina\u2026antes era muy pilo, atento a lo que se le dec\u00eda, muy atento a hacer cosas que le dec\u00eda uno, tanto en la casa como en la nataci\u00f3n; con la llegada de la pandemia notamos ese nuevo comportamiento: que se a\u00edsla, como que se va de este planeta, mirando al infinito pero sin algo detallado y eso le ha afectado en la situaci\u00f3n de la piscina\u201d, explic\u00f3 su padre, Alfredo Garc\u00eda.<\/p>\n\n\n\n<figure class=\"wp-block-image size-full\"><img decoding=\"async\" src=\"https:\/\/luchonoticias.com\/wp-content\/uploads\/2022\/08\/TEA-ESPECIAL-FOTO-2.jpg\" alt=\"\" class=\"wp-image-33141\"\/><figcaption>Michael, joven paranadador del departamento junto con su padre, Alfredo Garc\u00eda. <\/figcaption><\/figure>\n\n\n\n<h5 class=\"has-medium-font-size wp-block-heading\"><strong>\u00bfPsico rigidez o fidelidad de pensamiento?<\/strong><\/h5>\n\n\n\n<p><strong>Un segundo punto de las personas<\/strong> que tienen TEA y que las distingue del resto de la sociedad, es la <strong>rigidez, tanto en su forma de actuar como en sus pensamientos<\/strong>, algo que para algunos se le tacha como psico r\u00edgido pero para ellos, es ser simplemente coherentes con una forma de ver la vida.<\/p>\n\n\n\n<p>Gracias a esto, las personas que tienen esta condici\u00f3n, son <strong>poco amigas de los cambios de opini\u00f3n<\/strong> de los dem\u00e1s o de las <strong>famosas \u2018mentiras blancas\u2019<\/strong>, lo que implica que <strong>no son buenos a la hora de mentir<\/strong> (les cuesta), son dados a hacer una cosa y cumplirla, situaci\u00f3n que a veces significa una <strong>se\u00f1al de conflicto con un alrededor excesivamente din\u00e1mico.<\/strong><\/p>\n\n\n\n<p>\u201cLa gente con TEA <strong>ve el comportamiento humano normal como algo il\u00f3gico a veces o incoherente<\/strong> porque la gente t\u00edpica suele decir una cosa y hacer otra, entonces <strong>esa l\u00f3gica no es f\u00e1cil de entender <\/strong>para una persona con TEA, por otro lado sienten que <strong>habr\u00eda como una especie de mentira e hipocres\u00eda<\/strong> detr\u00e1s de lo que la gente hace pues se trata de unos c\u00f3digos que se han normalizado\u201d, se\u00f1al\u00f3 Camilo Ospina, psic\u00f3logo especializado en autismo.<\/p>\n\n\n\n<h5 class=\"has-medium-font-size wp-block-heading\"><strong>El acompa\u00f1amiento permanente<\/strong><\/h5>\n\n\n\n<p>Otro aspecto en com\u00fan, es <strong>la dependencia de su entorno<\/strong>, el cual puede ser mayor dependiendo del grado de autismo; en el caso de Michael, esa dependencia se traduce en que <strong>no puede realizar de forma independiente<\/strong>, ciertas <strong>acciones t\u00edpicas de la gente de su edad <\/strong>y que muchos dan por sentado.<\/p>\n\n\n\n<p>\u201c<strong>La dependencia ha sido fuerte<\/strong> pero es independiente en muchas cosas: se ba\u00f1a solo, se cepilla solo, puede barrer y trapear o tender la cama, aunque la mam\u00e1 no lo pone a hacer mandados, por ejemplo, si va a un evento deportivo nos toca ir al menos uno de los dos porque \u00e9l no tiene un lenguaje completo, \u00e9l puede hablar pero por pedazos, dice cosas pero no oraciones completas, <strong>no puede expresar pensamientos que tiene al tiempo<\/strong> y eso lo frustra mucho, \u00e9l puede conocer, no se pierde pero cosas como coger un bus no lo hemos acostumbrado\u201d, mencion\u00f3 Alfredo Garc\u00eda, su padre, quien m\u00e1s ha estado pendiente de su situaci\u00f3n.<\/p>\n\n\n\n<p>Por su parte, Jazm\u00edn Rodr\u00edguez, cuyo hijo tiene autismo funcional, considera que <strong>el acompa\u00f1amiento es constante,<\/strong> a tal punto que en ocasiones se asemejan a los ni\u00f1os.<\/p>\n\n\n\n<figure class=\"wp-block-image size-full\"><img decoding=\"async\" src=\"https:\/\/luchonoticias.com\/wp-content\/uploads\/2022\/08\/TEA-ESPECIAL-FOTO-3.jpg\" alt=\"\" class=\"wp-image-33142\"\/><figcaption>Las personas con TEA se caracterizan por su dependencia, el cual puede variar dependiendo de su condici\u00f3n (FOTO: Pixabay)<\/figcaption><\/figure>\n\n\n\n<p>\u201cEl autismo se diferencia en varias fases\u2026<strong>digo que son como ni\u00f1os porque necesitan en todo momento de un tutor<\/strong> y en el caso de un ni\u00f1o como <strong>mi hijo fue trabajado para que sea independiente pero todav\u00eda necesita el apoyo m\u00edo,<\/strong> no es como algunas mam\u00e1s que hacen eso con algunos hijos que llegan a los 18 a\u00f1os\u201d, se\u00f1al\u00f3.<\/p>\n\n\n\n<p>Sobre su hijo, Jazm\u00edn recalc\u00f3 que \u00e9l se puede valer por s\u00ed mismo en varias cosas, eso s\u00ed, siempre con acompa\u00f1amiento, un ejercicio que implica dosis equitativas de tacto y paciencia: \u201c\u00e9l se viste solo pero supervisado con la ropa que se va a colocar\u2026\u00e9l es muy repetitivo: de los que le gusta ciertas prendas y no se la quiere quitar\u2026con presi\u00f3n y con apoyo \u00e9l puede hacer los oficios de la casa, \u00e9l no es de los que dice \u2018tengo que hacer aseo\u2019 o \u2018es mi obligaci\u00f3n\u2019, no, hemos intentado trabajarlo con los terapeutas pero para que \u00e9l siga la rutina para colaborar en la casa\u201d.<\/p>\n\n\n\n<p>En los casos de Michael y Santiago se trata de personas que tienen cierto grado de funcionalidad; no obstante, no todas las personas con TEA pueden hacer lo que ellos hacen, <strong>son muchos los casos de personas con esta condici\u00f3n<\/strong> que pr\u00e1cticamente <strong>dependen de sus padres o de alg\u00fan acudiente para todo,<\/strong> incluso para cosas sencillas como vestirse, asearse o comer. <\/p>\n\n\n\n<p>En ese sentido <strong>el ejemplo m\u00e1s palpable a nivel mundial fue el de Kim Peek,<\/strong> una persona catalogada en su momento como la computadora humana por su gran capacidad memor\u00edstica pero que era <strong>incapaz de hacer tareas b\u00e1sicas<\/strong>; su historia sirvi\u00f3 de <strong>inspiraci\u00f3n para la famosa pel\u00edcula Rain Man,<\/strong> protagonizada por Dustin Hoffman y Tom Cruise. <\/p>\n\n\n\n<p><\/p>\n\n\n\n<figure class=\"wp-block-image size-full\"><img decoding=\"async\" src=\"https:\/\/luchonoticias.com\/wp-content\/uploads\/2022\/08\/kim-peek.jpg\" alt=\"\" class=\"wp-image-33144\"\/><figcaption>Kim Peek (QEPD) conocido en su momento como la &#8216;Computadora Humana&#8217; y que ten\u00eda autismo severo, su historia fue la inspiraci\u00f3n para la pel\u00edcula Rain Man, emitida en los a\u00f1os 80&#8217;s, (FOTO: Full Hygge)<\/figcaption><\/figure>\n\n\n\n<p><\/p>\n\n\n\n<h5 class=\"has-medium-font-size wp-block-heading\"><strong>Una inteligencia sobresaliente<\/strong><\/h5>\n\n\n\n<p>Una de las cosas que caracteriza a los TEA, a tal punto que es su mayor virtud, es el<strong> inter\u00e9s o la habilidad que tienen hacia ciertas cosas<\/strong>, llegando a mostrar en algunos casos un <strong>coeficiente intelectual muy alto o especializarse en determinada disciplina<\/strong> hasta llegar a ser casi un experto o \u2018mini doctor\u2019 en alguna rama del saber. &nbsp;<\/p>\n\n\n\n<p>De hecho, este ha sido <strong>uno de los aspectos de los que m\u00e1s se ha hablado en los medios de comunicaci\u00f3n<\/strong>, varias veces en internet o en la televisi\u00f3n se habla de que los grandes genios o personas sobresalientes en la historia, tienen, podr\u00edan tener o tuvieron alg\u00fan grado de autismo (principalmente el S\u00edndrome de Asperger o el s\u00edndrome de savant): desde la activista medio ambiental <strong>Greta Thumberg <\/strong>hasta el futbolista <strong>Lionel Messi<\/strong>, pasado por actores como <strong>Anthony Hopkins<\/strong>, el dise\u00f1ador japon\u00e9s de videojuegos <strong>Satoshi Taijri<\/strong> (creador de la serie Pokemon), el tenista <strong>Marcelo R\u00edos <\/strong>e incluso se especula que el famoso m\u00fasico <strong>Wolfgang Amadeus Mozart,<\/strong> pudo haber tenido alg\u00fan grado de autismo leve.<\/p>\n\n\n\n<figure class=\"wp-block-image size-full\"><img decoding=\"async\" src=\"https:\/\/luchonoticias.com\/wp-content\/uploads\/2022\/08\/thunberg.jpg\" alt=\"\" class=\"wp-image-33143\"\/><figcaption>Greta Thunberg, joven activista ambiental sueca y quien confes\u00f3 tener s\u00edndrome de asperger, una forma leve de autismo (FOTO: Facebook). <\/figcaption><\/figure>\n\n\n\n<p>Por su fuera poco, <strong>una de las leyendas urbanas m\u00e1s conocidas<\/strong> en torno a los TEA, es que la mayor parte de los <strong>trabajadores de Silicon Valley<\/strong> en Estados Unidos (famosa regi\u00f3n de California l\u00edder en desarrollo de alta tecnolog\u00eda), podr\u00edan tener alg\u00fan tipo de autismo no diagnosticado.<\/p>\n\n\n\n<p>El mismo Peek fue una prueba palpable de ello, al momento de su muerte en 2009, hab\u00eda le\u00eddo 12.000 libros de diferentes temas, llegando a retener el 98 por ciento de lo que le\u00eda.<\/p>\n\n\n\n<p>En el caso de <strong>Santiago<\/strong>, su madre, Jazm\u00edn Rodr\u00edguez, ha manifestado que ha tenido mucho inter\u00e9s en varias cosas a lo largo de su vida y en todas ellas ha mostrado una gran habilidad: \u201c\u00e9l siempre ha sido por etapas: comenz\u00f3 por estar obsesionado por todo lo que volaba, luego por los camiones grandes, despu\u00e9s estuvo concentrado en las banderas del mundo y se las aprendi\u00f3 todas, tambi\u00e9n estuvo obsesionado con los dinosaurios, entonces \u00e9l ha ido cambiando por etapas, en estos momentos hace mucho el bons\u00e1i pero en alambres\u201d.<\/p>\n\n\n\n<p><strong>Michael <\/strong>tambi\u00e9n tiene su habilidad, aunque enfocada a algo tan cotidiano como poco percibido por los dem\u00e1s: \u201c\u00e9l tiene una buena habilidad para recordar los nombres de las personas y no se le olvida: cuando viv\u00edamos en un conjunto de apartamentos en Neiva, \u00e9l se sab\u00eda los nombres de todos los que viv\u00edan, ni yo me los sab\u00eda, \u00e9l saludaba a todo el mundo por el nombre, tambi\u00e9n se aprendi\u00f3 todas las capitales de Colombia y sabe leer y escribir\u201d.<\/p>\n\n\n\n<p><\/p>\n\n\n\n<figure class=\"wp-block-image size-full\"><img decoding=\"async\" src=\"https:\/\/luchonoticias.com\/wp-content\/uploads\/2022\/08\/santiago-y-jazmin.jpg\" alt=\"\" class=\"wp-image-33145\"\/><figcaption>Jazmin Rodr\u00edguez junto con su hijo Santiago. <\/figcaption><\/figure>\n\n\n\n<p><\/p>\n\n\n\n<h5 class=\"has-medium-font-size wp-block-heading\"><strong>La comunicaci\u00f3n y la socializaci\u00f3n<\/strong><\/h5>\n\n\n\n<p>Pero sin duda<strong>, lo que m\u00e1s distingue <\/strong>a las personas con alg\u00fan grado de autismo, es el hecho de que <strong>no son muy expresivos<\/strong> y en consecuencia, <strong>no son buenos para la comunicaci\u00f3n.<\/strong><\/p>\n\n\n\n<p>Una situaci\u00f3n que, en el caso de los protagonistas de esta historia, tiene dos aristas: por un lado Michael se expresa muy poco, a tal punto que a veces no puede compartir ciertos pensamientos, lo que le genera frustraci\u00f3n; por su parte Santiago si tiene la posibilidad de comunicarse, aunque en ciertas facetas se le dificulta.<\/p>\n\n\n\n<p>En muchos casos, <strong>las personas con TEA son extremadamente literales<\/strong>, por lo que <strong>los dobles sentidos, las met\u00e1foras o las bromas, dif\u00edcilmente caben dentro de su procesamiento mental<\/strong>; as\u00ed mismo, <strong>poco conocen el lenguaje no verbal <\/strong>o los c\u00f3digos socio comunicativos t\u00e1citamente establecidos; hay ocasiones en donde llegan a comprender todo ese sistema ling\u00fcista, aunque casi siempre \u2018a las malas\u2019.<\/p>\n\n\n\n<p>Todo ello hace que terminen, sin querer, <strong>enfrentados con una sociedad que poco los entiende <\/strong>y en consecuencia acaban <strong>sufriendo alg\u00fan tipo de discriminaci\u00f3n<\/strong>, algo que trataremos en la \u00faltima entrega de la serie, sobre los problemas a los que han estado expuestos y la lucha para que la sociedad los acepte y los respete.<\/p>\n\n\n\n<p>FOTO DE PORTADA: LICA Liga Colombiana de Autismo. <\/p>\n\n\n\n<p><\/p>\n\n\n\n<p><\/p>\n","protected":false},"excerpt":{"rendered":"<p>En esta segunda entrega de nuestra serie period\u00edstica sobre el Trastorno del Espectro Autista, ahondaremos en el diario vivir de las personas que tienen dicha particularidad, un estilo de vida muy diferente de lo que muchos habitualmente acostumbran a hacer desde que despiertan hasta que duermen. Para leer la primera parte del especial puede hacer [&hellip;]<\/p>\n","protected":false},"author":1,"featured_media":0,"comment_status":"open","ping_status":"open","sticky":false,"template":"","format":"standard","meta":{"footnotes":""},"categories":[36,33],"tags":[],"class_list":["post-33129","post","type-post","status-publish","format-standard","hentry","category-destacado","category-huila"],"yoast_head":"<!-- This site is optimized with the Yoast SEO plugin v26.6 - https:\/\/yoast.com\/wordpress\/plugins\/seo\/ -->\n<title>El TEA en el Huila (parte II): su diario vivir -<\/title>\n<meta name=\"robots\" content=\"index, follow, max-snippet:-1, max-image-preview:large, max-video-preview:-1\" \/>\n<link rel=\"canonical\" href=\"https:\/\/luchonoticias.com\/editor\/el-tea-en-el-huila-parte-ii-su-diario-vivir\/\" \/>\n<meta property=\"og:locale\" content=\"es_ES\" \/>\n<meta property=\"og:type\" content=\"article\" \/>\n<meta property=\"og:title\" content=\"El TEA en el Huila (parte II): su diario vivir -\" \/>\n<meta property=\"og:url\" content=\"https:\/\/luchonoticias.com\/editor\/el-tea-en-el-huila-parte-ii-su-diario-vivir\/\" \/>\n<meta property=\"article:publisher\" content=\"https:\/\/www.facebook.com\/luchonoticiasneiva\" \/>\n<meta property=\"article:author\" content=\"https:\/\/www.facebook.com\/luchonoticiasneiva\" \/>\n<meta property=\"article:published_time\" content=\"2022-08-28T09:54:07+00:00\" \/>\n<meta property=\"article:modified_time\" content=\"2022-08-28T10:07:16+00:00\" \/>\n<meta property=\"og:image\" content=\"https:\/\/luchonoticias.com\/wp-content\/uploads\/2022\/08\/CAMILO-OSPINA.jpg\" \/>\n<meta name=\"author\" content=\"admin\" \/>\n<meta name=\"twitter:card\" content=\"summary_large_image\" \/>\n<meta name=\"twitter:label1\" content=\"Escrito por\" \/>\n\t<meta name=\"twitter:data1\" content=\"admin\" \/>\n\t<meta name=\"twitter:label2\" content=\"Tiempo de lectura\" \/>\n\t<meta name=\"twitter:data2\" content=\"11 minutos\" \/>\n<script type=\"application\/ld+json\" class=\"yoast-schema-graph\">{\"@context\":\"https:\/\/schema.org\",\"@graph\":[{\"@type\":\"Article\",\"@id\":\"https:\/\/luchonoticias.com\/editor\/el-tea-en-el-huila-parte-ii-su-diario-vivir\/#article\",\"isPartOf\":{\"@id\":\"https:\/\/luchonoticias.com\/editor\/el-tea-en-el-huila-parte-ii-su-diario-vivir\/\"},\"author\":{\"name\":\"admin\",\"@id\":\"https:\/\/luchonoticias.com\/editor\/#\/schema\/person\/7a7fd911f58561fd056dbac7b55af9cd\"},\"headline\":\"El TEA en el Huila (parte II): su diario vivir\",\"datePublished\":\"2022-08-28T09:54:07+00:00\",\"dateModified\":\"2022-08-28T10:07:16+00:00\",\"mainEntityOfPage\":{\"@id\":\"https:\/\/luchonoticias.com\/editor\/el-tea-en-el-huila-parte-ii-su-diario-vivir\/\"},\"wordCount\":2279,\"commentCount\":0,\"publisher\":{\"@id\":\"https:\/\/luchonoticias.com\/editor\/#\/schema\/person\/7a7fd911f58561fd056dbac7b55af9cd\"},\"image\":{\"@id\":\"https:\/\/luchonoticias.com\/editor\/el-tea-en-el-huila-parte-ii-su-diario-vivir\/#primaryimage\"},\"thumbnailUrl\":\"https:\/\/luchonoticias.com\/wp-content\/uploads\/2022\/08\/CAMILO-OSPINA.jpg\",\"articleSection\":[\"Destacado\",\"Huila\"],\"inLanguage\":\"es\",\"potentialAction\":[{\"@type\":\"CommentAction\",\"name\":\"Comment\",\"target\":[\"https:\/\/luchonoticias.com\/editor\/el-tea-en-el-huila-parte-ii-su-diario-vivir\/#respond\"]}]},{\"@type\":\"WebPage\",\"@id\":\"https:\/\/luchonoticias.com\/editor\/el-tea-en-el-huila-parte-ii-su-diario-vivir\/\",\"url\":\"https:\/\/luchonoticias.com\/editor\/el-tea-en-el-huila-parte-ii-su-diario-vivir\/\",\"name\":\"El TEA en el Huila (parte II): su diario vivir -\",\"isPartOf\":{\"@id\":\"https:\/\/luchonoticias.com\/editor\/#website\"},\"primaryImageOfPage\":{\"@id\":\"https:\/\/luchonoticias.com\/editor\/el-tea-en-el-huila-parte-ii-su-diario-vivir\/#primaryimage\"},\"image\":{\"@id\":\"https:\/\/luchonoticias.com\/editor\/el-tea-en-el-huila-parte-ii-su-diario-vivir\/#primaryimage\"},\"thumbnailUrl\":\"https:\/\/luchonoticias.com\/wp-content\/uploads\/2022\/08\/CAMILO-OSPINA.jpg\",\"datePublished\":\"2022-08-28T09:54:07+00:00\",\"dateModified\":\"2022-08-28T10:07:16+00:00\",\"breadcrumb\":{\"@id\":\"https:\/\/luchonoticias.com\/editor\/el-tea-en-el-huila-parte-ii-su-diario-vivir\/#breadcrumb\"},\"inLanguage\":\"es\",\"potentialAction\":[{\"@type\":\"ReadAction\",\"target\":[\"https:\/\/luchonoticias.com\/editor\/el-tea-en-el-huila-parte-ii-su-diario-vivir\/\"]}]},{\"@type\":\"ImageObject\",\"inLanguage\":\"es\",\"@id\":\"https:\/\/luchonoticias.com\/editor\/el-tea-en-el-huila-parte-ii-su-diario-vivir\/#primaryimage\",\"url\":\"https:\/\/luchonoticias.com\/wp-content\/uploads\/2022\/08\/CAMILO-OSPINA.jpg\",\"contentUrl\":\"https:\/\/luchonoticias.com\/wp-content\/uploads\/2022\/08\/CAMILO-OSPINA.jpg\"},{\"@type\":\"BreadcrumbList\",\"@id\":\"https:\/\/luchonoticias.com\/editor\/el-tea-en-el-huila-parte-ii-su-diario-vivir\/#breadcrumb\",\"itemListElement\":[{\"@type\":\"ListItem\",\"position\":1,\"name\":\"Portada\",\"item\":\"https:\/\/luchonoticias.com\/editor\/\"},{\"@type\":\"ListItem\",\"position\":2,\"name\":\"El TEA en el Huila (parte II): su diario vivir\"}]},{\"@type\":\"WebSite\",\"@id\":\"https:\/\/luchonoticias.com\/editor\/#website\",\"url\":\"https:\/\/luchonoticias.com\/editor\/\",\"name\":\"\",\"description\":\"\",\"publisher\":{\"@id\":\"https:\/\/luchonoticias.com\/editor\/#\/schema\/person\/7a7fd911f58561fd056dbac7b55af9cd\"},\"potentialAction\":[{\"@type\":\"SearchAction\",\"target\":{\"@type\":\"EntryPoint\",\"urlTemplate\":\"https:\/\/luchonoticias.com\/editor\/?s={search_term_string}\"},\"query-input\":{\"@type\":\"PropertyValueSpecification\",\"valueRequired\":true,\"valueName\":\"search_term_string\"}}],\"inLanguage\":\"es\"},{\"@type\":[\"Person\",\"Organization\"],\"@id\":\"https:\/\/luchonoticias.com\/editor\/#\/schema\/person\/7a7fd911f58561fd056dbac7b55af9cd\",\"name\":\"admin\",\"image\":{\"@type\":\"ImageObject\",\"inLanguage\":\"es\",\"@id\":\"https:\/\/luchonoticias.com\/editor\/#\/schema\/person\/image\/\",\"url\":\"https:\/\/luchonoticias.com\/editor\/wp-content\/uploads\/2024\/02\/cropped-cropped-logolu.webp\",\"contentUrl\":\"https:\/\/luchonoticias.com\/editor\/wp-content\/uploads\/2024\/02\/cropped-cropped-logolu.webp\",\"width\":382,\"height\":170,\"caption\":\"admin\"},\"logo\":{\"@id\":\"https:\/\/luchonoticias.com\/editor\/#\/schema\/person\/image\/\"},\"sameAs\":[\"https:\/\/www.facebook.com\/luchonoticiasneiva\"],\"url\":\"https:\/\/luchonoticias.com\/editor\/author\/admin\/\"}]}<\/script>\n<!-- \/ Yoast SEO plugin. -->","yoast_head_json":{"title":"El TEA en el Huila (parte II): su diario vivir -","robots":{"index":"index","follow":"follow","max-snippet":"max-snippet:-1","max-image-preview":"max-image-preview:large","max-video-preview":"max-video-preview:-1"},"canonical":"https:\/\/luchonoticias.com\/editor\/el-tea-en-el-huila-parte-ii-su-diario-vivir\/","og_locale":"es_ES","og_type":"article","og_title":"El TEA en el Huila (parte II): su diario vivir -","og_url":"https:\/\/luchonoticias.com\/editor\/el-tea-en-el-huila-parte-ii-su-diario-vivir\/","article_publisher":"https:\/\/www.facebook.com\/luchonoticiasneiva","article_author":"https:\/\/www.facebook.com\/luchonoticiasneiva","article_published_time":"2022-08-28T09:54:07+00:00","article_modified_time":"2022-08-28T10:07:16+00:00","og_image":[{"url":"https:\/\/luchonoticias.com\/wp-content\/uploads\/2022\/08\/CAMILO-OSPINA.jpg","type":"","width":"","height":""}],"author":"admin","twitter_card":"summary_large_image","twitter_misc":{"Escrito por":"admin","Tiempo de lectura":"11 minutos"},"schema":{"@context":"https:\/\/schema.org","@graph":[{"@type":"Article","@id":"https:\/\/luchonoticias.com\/editor\/el-tea-en-el-huila-parte-ii-su-diario-vivir\/#article","isPartOf":{"@id":"https:\/\/luchonoticias.com\/editor\/el-tea-en-el-huila-parte-ii-su-diario-vivir\/"},"author":{"name":"admin","@id":"https:\/\/luchonoticias.com\/editor\/#\/schema\/person\/7a7fd911f58561fd056dbac7b55af9cd"},"headline":"El TEA en el Huila (parte II): su diario vivir","datePublished":"2022-08-28T09:54:07+00:00","dateModified":"2022-08-28T10:07:16+00:00","mainEntityOfPage":{"@id":"https:\/\/luchonoticias.com\/editor\/el-tea-en-el-huila-parte-ii-su-diario-vivir\/"},"wordCount":2279,"commentCount":0,"publisher":{"@id":"https:\/\/luchonoticias.com\/editor\/#\/schema\/person\/7a7fd911f58561fd056dbac7b55af9cd"},"image":{"@id":"https:\/\/luchonoticias.com\/editor\/el-tea-en-el-huila-parte-ii-su-diario-vivir\/#primaryimage"},"thumbnailUrl":"https:\/\/luchonoticias.com\/wp-content\/uploads\/2022\/08\/CAMILO-OSPINA.jpg","articleSection":["Destacado","Huila"],"inLanguage":"es","potentialAction":[{"@type":"CommentAction","name":"Comment","target":["https:\/\/luchonoticias.com\/editor\/el-tea-en-el-huila-parte-ii-su-diario-vivir\/#respond"]}]},{"@type":"WebPage","@id":"https:\/\/luchonoticias.com\/editor\/el-tea-en-el-huila-parte-ii-su-diario-vivir\/","url":"https:\/\/luchonoticias.com\/editor\/el-tea-en-el-huila-parte-ii-su-diario-vivir\/","name":"El TEA en el Huila (parte II): su diario vivir -","isPartOf":{"@id":"https:\/\/luchonoticias.com\/editor\/#website"},"primaryImageOfPage":{"@id":"https:\/\/luchonoticias.com\/editor\/el-tea-en-el-huila-parte-ii-su-diario-vivir\/#primaryimage"},"image":{"@id":"https:\/\/luchonoticias.com\/editor\/el-tea-en-el-huila-parte-ii-su-diario-vivir\/#primaryimage"},"thumbnailUrl":"https:\/\/luchonoticias.com\/wp-content\/uploads\/2022\/08\/CAMILO-OSPINA.jpg","datePublished":"2022-08-28T09:54:07+00:00","dateModified":"2022-08-28T10:07:16+00:00","breadcrumb":{"@id":"https:\/\/luchonoticias.com\/editor\/el-tea-en-el-huila-parte-ii-su-diario-vivir\/#breadcrumb"},"inLanguage":"es","potentialAction":[{"@type":"ReadAction","target":["https:\/\/luchonoticias.com\/editor\/el-tea-en-el-huila-parte-ii-su-diario-vivir\/"]}]},{"@type":"ImageObject","inLanguage":"es","@id":"https:\/\/luchonoticias.com\/editor\/el-tea-en-el-huila-parte-ii-su-diario-vivir\/#primaryimage","url":"https:\/\/luchonoticias.com\/wp-content\/uploads\/2022\/08\/CAMILO-OSPINA.jpg","contentUrl":"https:\/\/luchonoticias.com\/wp-content\/uploads\/2022\/08\/CAMILO-OSPINA.jpg"},{"@type":"BreadcrumbList","@id":"https:\/\/luchonoticias.com\/editor\/el-tea-en-el-huila-parte-ii-su-diario-vivir\/#breadcrumb","itemListElement":[{"@type":"ListItem","position":1,"name":"Portada","item":"https:\/\/luchonoticias.com\/editor\/"},{"@type":"ListItem","position":2,"name":"El TEA en el Huila (parte II): su diario vivir"}]},{"@type":"WebSite","@id":"https:\/\/luchonoticias.com\/editor\/#website","url":"https:\/\/luchonoticias.com\/editor\/","name":"","description":"","publisher":{"@id":"https:\/\/luchonoticias.com\/editor\/#\/schema\/person\/7a7fd911f58561fd056dbac7b55af9cd"},"potentialAction":[{"@type":"SearchAction","target":{"@type":"EntryPoint","urlTemplate":"https:\/\/luchonoticias.com\/editor\/?s={search_term_string}"},"query-input":{"@type":"PropertyValueSpecification","valueRequired":true,"valueName":"search_term_string"}}],"inLanguage":"es"},{"@type":["Person","Organization"],"@id":"https:\/\/luchonoticias.com\/editor\/#\/schema\/person\/7a7fd911f58561fd056dbac7b55af9cd","name":"admin","image":{"@type":"ImageObject","inLanguage":"es","@id":"https:\/\/luchonoticias.com\/editor\/#\/schema\/person\/image\/","url":"https:\/\/luchonoticias.com\/editor\/wp-content\/uploads\/2024\/02\/cropped-cropped-logolu.webp","contentUrl":"https:\/\/luchonoticias.com\/editor\/wp-content\/uploads\/2024\/02\/cropped-cropped-logolu.webp","width":382,"height":170,"caption":"admin"},"logo":{"@id":"https:\/\/luchonoticias.com\/editor\/#\/schema\/person\/image\/"},"sameAs":["https:\/\/www.facebook.com\/luchonoticiasneiva"],"url":"https:\/\/luchonoticias.com\/editor\/author\/admin\/"}]}},"_links":{"self":[{"href":"https:\/\/luchonoticias.com\/editor\/wp-json\/wp\/v2\/posts\/33129","targetHints":{"allow":["GET"]}}],"collection":[{"href":"https:\/\/luchonoticias.com\/editor\/wp-json\/wp\/v2\/posts"}],"about":[{"href":"https:\/\/luchonoticias.com\/editor\/wp-json\/wp\/v2\/types\/post"}],"author":[{"embeddable":true,"href":"https:\/\/luchonoticias.com\/editor\/wp-json\/wp\/v2\/users\/1"}],"replies":[{"embeddable":true,"href":"https:\/\/luchonoticias.com\/editor\/wp-json\/wp\/v2\/comments?post=33129"}],"version-history":[{"count":0,"href":"https:\/\/luchonoticias.com\/editor\/wp-json\/wp\/v2\/posts\/33129\/revisions"}],"wp:attachment":[{"href":"https:\/\/luchonoticias.com\/editor\/wp-json\/wp\/v2\/media?parent=33129"}],"wp:term":[{"taxonomy":"category","embeddable":true,"href":"https:\/\/luchonoticias.com\/editor\/wp-json\/wp\/v2\/categories?post=33129"},{"taxonomy":"post_tag","embeddable":true,"href":"https:\/\/luchonoticias.com\/editor\/wp-json\/wp\/v2\/tags?post=33129"}],"curies":[{"name":"wp","href":"https:\/\/api.w.org\/{rel}","templated":true}]}}