{"id":33158,"date":"2022-08-28T05:17:19","date_gmt":"2022-08-28T10:17:19","guid":{"rendered":"https:\/\/luchonoticias.com\/?p=33158"},"modified":"2022-08-28T05:17:20","modified_gmt":"2022-08-28T10:17:20","slug":"minsalud-preocupado-por-rezago-en-vacunacion-contra-el-covid-19","status":"publish","type":"post","link":"https:\/\/luchonoticias.com\/editor\/minsalud-preocupado-por-rezago-en-vacunacion-contra-el-covid-19\/","title":{"rendered":"Minsalud preocupado por rezago en vacunaci\u00f3n contra el COVID 19"},"content":{"rendered":"\n<p>Se llev\u00f3 a cabo el Puesto de Mando Unificado (PMU) n\u00famero 42, a trav\u00e9s del cual se analiza la situaci\u00f3n de la pandemia en Colombia, los avances del Plan de Vacunaci\u00f3n y la situaci\u00f3n de la viruela s\u00edmica.<\/p>\n\n\n\n<p>La ministra de Salud y Protecci\u00f3n Social, Carolina Corcho, se\u00f1al\u00f3 que&nbsp;<strong>a\u00fan hay preocupaciones alrededor de la vacunaci\u00f3n contra el covid-19.&nbsp;<\/strong>\u00abComo hemos conocido, sabemos que todav\u00eda seguimos en la pandemia del covid\u00bb, asegur\u00f3 la ministra.&nbsp;<\/p>\n\n\n\n<p>De igual manera, fue enf\u00e1tica en que&nbsp;<strong>la pandemia sigue produciendo morbilidad y mortalidad<\/strong>. \u00abNo hemos llegado a fase end\u00e9mica y tenemos&nbsp;<strong>rezago en 419 municipios<\/strong>\u00ab, agreg\u00f3.<\/p>\n\n\n\n<p>En ese sentido, destac\u00f3 que&nbsp;<strong>se debe disponer de un operativo de vacunaci\u00f3n masiva<\/strong>. \u00abSi tenemos que irnos a los municipios, nos vamos a los municipios\u00bb, indic\u00f3 la ministra.&nbsp;<\/p>\n\n\n\n<p>De igual manera, resalt\u00f3 que junto con la Superintendencia Nacional de Salud, se realizar\u00e1 la pr\u00f3xima una reuni\u00f3n con los presidentes de las EAPB del pa\u00eds, \u00abpara que organicemos lo que tengamos que hacer\u00bb.<\/p>\n\n\n\n<p>La ministra se\u00f1al\u00f3 que la responsabilidad como sector salud es buscar ni\u00f1os, ni\u00f1as y a todos los ciudadanos, para que sean vacunados contra el covid-19.<\/p>\n\n\n\n<p>\u00abSolicito nos dispongamos a hacer lo que tengamos que hacer para resolver esta situaci\u00f3n es que de urgencia para el pa\u00eds\u00bb, concluy\u00f3 la jefe de la cartera de salud<\/p>\n","protected":false},"excerpt":{"rendered":"<p>Se llev\u00f3 a cabo el Puesto de Mando Unificado (PMU) n\u00famero 42, a trav\u00e9s del cual se analiza la situaci\u00f3n de la pandemia en Colombia, los avances del Plan de Vacunaci\u00f3n y la situaci\u00f3n de la viruela s\u00edmica. La ministra de Salud y Protecci\u00f3n Social, Carolina Corcho, se\u00f1al\u00f3 que&nbsp;a\u00fan hay preocupaciones alrededor de la vacunaci\u00f3n [&hellip;]<\/p>\n","protected":false},"author":1,"featured_media":0,"comment_status":"open","ping_status":"open","sticky":false,"template":"","format":"standard","meta":{"footnotes":""},"categories":[28],"tags":[],"class_list":["post-33158","post","type-post","status-publish","format-standard","hentry","category-actualidad"],"yoast_head":"<!-- This site is optimized with the Yoast SEO plugin v26.6 - https:\/\/yoast.com\/wordpress\/plugins\/seo\/ -->\n<title>Minsalud preocupado por rezago en vacunaci\u00f3n contra el COVID 19 -<\/title>\n<meta name=\"robots\" content=\"index, follow, max-snippet:-1, max-image-preview:large, max-video-preview:-1\" \/>\n<link rel=\"canonical\" href=\"https:\/\/luchonoticias.com\/editor\/minsalud-preocupado-por-rezago-en-vacunacion-contra-el-covid-19\/\" \/>\n<meta property=\"og:locale\" content=\"es_ES\" \/>\n<meta property=\"og:type\" content=\"article\" \/>\n<meta property=\"og:title\" content=\"Minsalud preocupado por rezago en vacunaci\u00f3n contra el COVID 19 -\" \/>\n<meta property=\"og:url\" content=\"https:\/\/luchonoticias.com\/editor\/minsalud-preocupado-por-rezago-en-vacunacion-contra-el-covid-19\/\" \/>\n<meta property=\"article:publisher\" content=\"https:\/\/www.facebook.com\/luchonoticiasneiva\" \/>\n<meta property=\"article:author\" content=\"https:\/\/www.facebook.com\/luchonoticiasneiva\" \/>\n<meta property=\"article:published_time\" content=\"2022-08-28T10:17:19+00:00\" \/>\n<meta property=\"article:modified_time\" content=\"2022-08-28T10:17:20+00:00\" \/>\n<meta name=\"author\" content=\"admin\" \/>\n<meta name=\"twitter:card\" content=\"summary_large_image\" \/>\n<meta name=\"twitter:label1\" content=\"Escrito por\" \/>\n\t<meta name=\"twitter:data1\" content=\"admin\" \/>\n\t<meta name=\"twitter:label2\" content=\"Tiempo de lectura\" \/>\n\t<meta name=\"twitter:data2\" content=\"1 minuto\" \/>\n<script type=\"application\/ld+json\" class=\"yoast-schema-graph\">{\"@context\":\"https:\/\/schema.org\",\"@graph\":[{\"@type\":\"Article\",\"@id\":\"https:\/\/luchonoticias.com\/editor\/minsalud-preocupado-por-rezago-en-vacunacion-contra-el-covid-19\/#article\",\"isPartOf\":{\"@id\":\"https:\/\/luchonoticias.com\/editor\/minsalud-preocupado-por-rezago-en-vacunacion-contra-el-covid-19\/\"},\"author\":{\"name\":\"admin\",\"@id\":\"https:\/\/luchonoticias.com\/editor\/#\/schema\/person\/7a7fd911f58561fd056dbac7b55af9cd\"},\"headline\":\"Minsalud preocupado por rezago en vacunaci\u00f3n contra el COVID 19\",\"datePublished\":\"2022-08-28T10:17:19+00:00\",\"dateModified\":\"2022-08-28T10:17:20+00:00\",\"mainEntityOfPage\":{\"@id\":\"https:\/\/luchonoticias.com\/editor\/minsalud-preocupado-por-rezago-en-vacunacion-contra-el-covid-19\/\"},\"wordCount\":255,\"commentCount\":0,\"publisher\":{\"@id\":\"https:\/\/luchonoticias.com\/editor\/#\/schema\/person\/7a7fd911f58561fd056dbac7b55af9cd\"},\"articleSection\":[\"Actualidad\"],\"inLanguage\":\"es\",\"potentialAction\":[{\"@type\":\"CommentAction\",\"name\":\"Comment\",\"target\":[\"https:\/\/luchonoticias.com\/editor\/minsalud-preocupado-por-rezago-en-vacunacion-contra-el-covid-19\/#respond\"]}]},{\"@type\":\"WebPage\",\"@id\":\"https:\/\/luchonoticias.com\/editor\/minsalud-preocupado-por-rezago-en-vacunacion-contra-el-covid-19\/\",\"url\":\"https:\/\/luchonoticias.com\/editor\/minsalud-preocupado-por-rezago-en-vacunacion-contra-el-covid-19\/\",\"name\":\"Minsalud preocupado por rezago en vacunaci\u00f3n contra el COVID 19 -\",\"isPartOf\":{\"@id\":\"https:\/\/luchonoticias.com\/editor\/#website\"},\"datePublished\":\"2022-08-28T10:17:19+00:00\",\"dateModified\":\"2022-08-28T10:17:20+00:00\",\"breadcrumb\":{\"@id\":\"https:\/\/luchonoticias.com\/editor\/minsalud-preocupado-por-rezago-en-vacunacion-contra-el-covid-19\/#breadcrumb\"},\"inLanguage\":\"es\",\"potentialAction\":[{\"@type\":\"ReadAction\",\"target\":[\"https:\/\/luchonoticias.com\/editor\/minsalud-preocupado-por-rezago-en-vacunacion-contra-el-covid-19\/\"]}]},{\"@type\":\"BreadcrumbList\",\"@id\":\"https:\/\/luchonoticias.com\/editor\/minsalud-preocupado-por-rezago-en-vacunacion-contra-el-covid-19\/#breadcrumb\",\"itemListElement\":[{\"@type\":\"ListItem\",\"position\":1,\"name\":\"Portada\",\"item\":\"https:\/\/luchonoticias.com\/editor\/\"},{\"@type\":\"ListItem\",\"position\":2,\"name\":\"Minsalud preocupado por rezago en vacunaci\u00f3n contra el COVID 19\"}]},{\"@type\":\"WebSite\",\"@id\":\"https:\/\/luchonoticias.com\/editor\/#website\",\"url\":\"https:\/\/luchonoticias.com\/editor\/\",\"name\":\"\",\"description\":\"\",\"publisher\":{\"@id\":\"https:\/\/luchonoticias.com\/editor\/#\/schema\/person\/7a7fd911f58561fd056dbac7b55af9cd\"},\"potentialAction\":[{\"@type\":\"SearchAction\",\"target\":{\"@type\":\"EntryPoint\",\"urlTemplate\":\"https:\/\/luchonoticias.com\/editor\/?s={search_term_string}\"},\"query-input\":{\"@type\":\"PropertyValueSpecification\",\"valueRequired\":true,\"valueName\":\"search_term_string\"}}],\"inLanguage\":\"es\"},{\"@type\":[\"Person\",\"Organization\"],\"@id\":\"https:\/\/luchonoticias.com\/editor\/#\/schema\/person\/7a7fd911f58561fd056dbac7b55af9cd\",\"name\":\"admin\",\"image\":{\"@type\":\"ImageObject\",\"inLanguage\":\"es\",\"@id\":\"https:\/\/luchonoticias.com\/editor\/#\/schema\/person\/image\/\",\"url\":\"https:\/\/luchonoticias.com\/editor\/wp-content\/uploads\/2024\/02\/cropped-cropped-logolu.webp\",\"contentUrl\":\"https:\/\/luchonoticias.com\/editor\/wp-content\/uploads\/2024\/02\/cropped-cropped-logolu.webp\",\"width\":382,\"height\":170,\"caption\":\"admin\"},\"logo\":{\"@id\":\"https:\/\/luchonoticias.com\/editor\/#\/schema\/person\/image\/\"},\"sameAs\":[\"https:\/\/www.facebook.com\/luchonoticiasneiva\"],\"url\":\"https:\/\/luchonoticias.com\/editor\/author\/admin\/\"}]}<\/script>\n<!-- \/ Yoast SEO plugin. -->","yoast_head_json":{"title":"Minsalud preocupado por rezago en vacunaci\u00f3n contra el COVID 19 -","robots":{"index":"index","follow":"follow","max-snippet":"max-snippet:-1","max-image-preview":"max-image-preview:large","max-video-preview":"max-video-preview:-1"},"canonical":"https:\/\/luchonoticias.com\/editor\/minsalud-preocupado-por-rezago-en-vacunacion-contra-el-covid-19\/","og_locale":"es_ES","og_type":"article","og_title":"Minsalud preocupado por rezago en vacunaci\u00f3n contra el COVID 19 -","og_url":"https:\/\/luchonoticias.com\/editor\/minsalud-preocupado-por-rezago-en-vacunacion-contra-el-covid-19\/","article_publisher":"https:\/\/www.facebook.com\/luchonoticiasneiva","article_author":"https:\/\/www.facebook.com\/luchonoticiasneiva","article_published_time":"2022-08-28T10:17:19+00:00","article_modified_time":"2022-08-28T10:17:20+00:00","author":"admin","twitter_card":"summary_large_image","twitter_misc":{"Escrito por":"admin","Tiempo de lectura":"1 minuto"},"schema":{"@context":"https:\/\/schema.org","@graph":[{"@type":"Article","@id":"https:\/\/luchonoticias.com\/editor\/minsalud-preocupado-por-rezago-en-vacunacion-contra-el-covid-19\/#article","isPartOf":{"@id":"https:\/\/luchonoticias.com\/editor\/minsalud-preocupado-por-rezago-en-vacunacion-contra-el-covid-19\/"},"author":{"name":"admin","@id":"https:\/\/luchonoticias.com\/editor\/#\/schema\/person\/7a7fd911f58561fd056dbac7b55af9cd"},"headline":"Minsalud preocupado por rezago en vacunaci\u00f3n contra el COVID 19","datePublished":"2022-08-28T10:17:19+00:00","dateModified":"2022-08-28T10:17:20+00:00","mainEntityOfPage":{"@id":"https:\/\/luchonoticias.com\/editor\/minsalud-preocupado-por-rezago-en-vacunacion-contra-el-covid-19\/"},"wordCount":255,"commentCount":0,"publisher":{"@id":"https:\/\/luchonoticias.com\/editor\/#\/schema\/person\/7a7fd911f58561fd056dbac7b55af9cd"},"articleSection":["Actualidad"],"inLanguage":"es","potentialAction":[{"@type":"CommentAction","name":"Comment","target":["https:\/\/luchonoticias.com\/editor\/minsalud-preocupado-por-rezago-en-vacunacion-contra-el-covid-19\/#respond"]}]},{"@type":"WebPage","@id":"https:\/\/luchonoticias.com\/editor\/minsalud-preocupado-por-rezago-en-vacunacion-contra-el-covid-19\/","url":"https:\/\/luchonoticias.com\/editor\/minsalud-preocupado-por-rezago-en-vacunacion-contra-el-covid-19\/","name":"Minsalud preocupado por rezago en vacunaci\u00f3n contra el COVID 19 -","isPartOf":{"@id":"https:\/\/luchonoticias.com\/editor\/#website"},"datePublished":"2022-08-28T10:17:19+00:00","dateModified":"2022-08-28T10:17:20+00:00","breadcrumb":{"@id":"https:\/\/luchonoticias.com\/editor\/minsalud-preocupado-por-rezago-en-vacunacion-contra-el-covid-19\/#breadcrumb"},"inLanguage":"es","potentialAction":[{"@type":"ReadAction","target":["https:\/\/luchonoticias.com\/editor\/minsalud-preocupado-por-rezago-en-vacunacion-contra-el-covid-19\/"]}]},{"@type":"BreadcrumbList","@id":"https:\/\/luchonoticias.com\/editor\/minsalud-preocupado-por-rezago-en-vacunacion-contra-el-covid-19\/#breadcrumb","itemListElement":[{"@type":"ListItem","position":1,"name":"Portada","item":"https:\/\/luchonoticias.com\/editor\/"},{"@type":"ListItem","position":2,"name":"Minsalud preocupado por rezago en vacunaci\u00f3n contra el COVID 19"}]},{"@type":"WebSite","@id":"https:\/\/luchonoticias.com\/editor\/#website","url":"https:\/\/luchonoticias.com\/editor\/","name":"","description":"","publisher":{"@id":"https:\/\/luchonoticias.com\/editor\/#\/schema\/person\/7a7fd911f58561fd056dbac7b55af9cd"},"potentialAction":[{"@type":"SearchAction","target":{"@type":"EntryPoint","urlTemplate":"https:\/\/luchonoticias.com\/editor\/?s={search_term_string}"},"query-input":{"@type":"PropertyValueSpecification","valueRequired":true,"valueName":"search_term_string"}}],"inLanguage":"es"},{"@type":["Person","Organization"],"@id":"https:\/\/luchonoticias.com\/editor\/#\/schema\/person\/7a7fd911f58561fd056dbac7b55af9cd","name":"admin","image":{"@type":"ImageObject","inLanguage":"es","@id":"https:\/\/luchonoticias.com\/editor\/#\/schema\/person\/image\/","url":"https:\/\/luchonoticias.com\/editor\/wp-content\/uploads\/2024\/02\/cropped-cropped-logolu.webp","contentUrl":"https:\/\/luchonoticias.com\/editor\/wp-content\/uploads\/2024\/02\/cropped-cropped-logolu.webp","width":382,"height":170,"caption":"admin"},"logo":{"@id":"https:\/\/luchonoticias.com\/editor\/#\/schema\/person\/image\/"},"sameAs":["https:\/\/www.facebook.com\/luchonoticiasneiva"],"url":"https:\/\/luchonoticias.com\/editor\/author\/admin\/"}]}},"_links":{"self":[{"href":"https:\/\/luchonoticias.com\/editor\/wp-json\/wp\/v2\/posts\/33158","targetHints":{"allow":["GET"]}}],"collection":[{"href":"https:\/\/luchonoticias.com\/editor\/wp-json\/wp\/v2\/posts"}],"about":[{"href":"https:\/\/luchonoticias.com\/editor\/wp-json\/wp\/v2\/types\/post"}],"author":[{"embeddable":true,"href":"https:\/\/luchonoticias.com\/editor\/wp-json\/wp\/v2\/users\/1"}],"replies":[{"embeddable":true,"href":"https:\/\/luchonoticias.com\/editor\/wp-json\/wp\/v2\/comments?post=33158"}],"version-history":[{"count":0,"href":"https:\/\/luchonoticias.com\/editor\/wp-json\/wp\/v2\/posts\/33158\/revisions"}],"wp:attachment":[{"href":"https:\/\/luchonoticias.com\/editor\/wp-json\/wp\/v2\/media?parent=33158"}],"wp:term":[{"taxonomy":"category","embeddable":true,"href":"https:\/\/luchonoticias.com\/editor\/wp-json\/wp\/v2\/categories?post=33158"},{"taxonomy":"post_tag","embeddable":true,"href":"https:\/\/luchonoticias.com\/editor\/wp-json\/wp\/v2\/tags?post=33158"}],"curies":[{"name":"wp","href":"https:\/\/api.w.org\/{rel}","templated":true}]}}