{"id":33161,"date":"2022-08-28T06:39:34","date_gmt":"2022-08-28T11:39:34","guid":{"rendered":"https:\/\/luchonoticias.com\/?p=33161"},"modified":"2022-08-28T06:39:35","modified_gmt":"2022-08-28T11:39:35","slug":"resguardo-indigena-en-pitalito-gozo-jornada-ludico-recreativa","status":"publish","type":"post","link":"https:\/\/luchonoticias.com\/editor\/resguardo-indigena-en-pitalito-gozo-jornada-ludico-recreativa\/","title":{"rendered":"Resguardo ind\u00edgena en Pitalito goz\u00f3 jornada l\u00fadico-recreativa."},"content":{"rendered":"\n<p>El Departamento de Polic\u00eda Huila en coordinaci\u00f3n con la administraci\u00f3n municipal de Pitalito, desarrollaron una actividad interinstitucional en el resguardo ind\u00edgena Yanacona ubicado en la vereda El Rosal, corregimiento de Chillurco, donde se intervino con diversas actividades de salud, campa\u00f1as de prevenci\u00f3n, charlas de educaci\u00f3n sexual, cuidado del medio ambiente y rumba terapia.&nbsp;&nbsp;&nbsp;<\/p>\n\n\n\n<p>\u201cEstas actividades tienen como fin generar espacios de confianza y comprensi\u00f3n entre la instituci\u00f3n y la ciudadan\u00eda, conocer problem\u00e1ticas de convivencia y seguridad, buscando soluciones de manera conjunta desde la corresponsabilidad (Polic\u00eda, Alcald\u00eda y Comunidad)\u201d, indicaron los organizadores.<\/p>\n\n\n\n<figure class=\"wp-block-gallery has-nested-images columns-default is-cropped wp-block-gallery-1 is-layout-flex wp-block-gallery-is-layout-flex\">\n<figure class=\"wp-block-image size-large\"><img decoding=\"async\" data-id=\"33164\" src=\"https:\/\/luchonoticias.com\/wp-content\/uploads\/2022\/08\/WhatsApp-Image-2022-08-26-at-12.02.36-PM-1024x683.jpeg\" alt=\"\" class=\"wp-image-33164\"\/><\/figure>\n\n\n\n<figure class=\"wp-block-image size-large\"><img decoding=\"async\" data-id=\"33165\" src=\"https:\/\/luchonoticias.com\/wp-content\/uploads\/2022\/08\/WhatsApp-Image-2022-08-26-at-12.02.32-PM-1024x683.jpeg\" alt=\"\" class=\"wp-image-33165\"\/><\/figure>\n\n\n\n<figure class=\"wp-block-image size-large\"><img decoding=\"async\" data-id=\"33166\" src=\"https:\/\/luchonoticias.com\/wp-content\/uploads\/2022\/08\/WhatsApp-Image-2022-08-26-at-12.02.31-PM-1024x683.jpeg\" alt=\"\" class=\"wp-image-33166\"\/><\/figure>\n<\/figure>\n\n\n\n<p>Asimismo, los encargados de la actividad, expresaron que este tipo de jornadas se seguir\u00e1n llevando a cabo en los diferentes resguardos ind\u00edgenas ubicado en el territorio huilense.<\/p>\n","protected":false},"excerpt":{"rendered":"<p>El Departamento de Polic\u00eda Huila en coordinaci\u00f3n con la administraci\u00f3n municipal de Pitalito, desarrollaron una actividad interinstitucional en el resguardo ind\u00edgena Yanacona ubicado en la vereda El Rosal, corregimiento de Chillurco, donde se intervino con diversas actividades de salud, campa\u00f1as de prevenci\u00f3n, charlas de educaci\u00f3n sexual, cuidado del medio ambiente y rumba terapia.&nbsp;&nbsp;&nbsp; \u201cEstas actividades [&hellip;]<\/p>\n","protected":false},"author":1,"featured_media":0,"comment_status":"open","ping_status":"open","sticky":false,"template":"","format":"standard","meta":{"footnotes":""},"categories":[3961,36],"tags":[],"class_list":["post-33161","post","type-post","status-publish","format-standard","hentry","category-comunidad","category-destacado"],"yoast_head":"<!-- This site is optimized with the Yoast SEO plugin v26.6 - https:\/\/yoast.com\/wordpress\/plugins\/seo\/ -->\n<title>Resguardo ind\u00edgena en Pitalito goz\u00f3 jornada l\u00fadico-recreativa. -<\/title>\n<meta name=\"robots\" content=\"index, follow, max-snippet:-1, max-image-preview:large, max-video-preview:-1\" \/>\n<link rel=\"canonical\" href=\"https:\/\/luchonoticias.com\/editor\/resguardo-indigena-en-pitalito-gozo-jornada-ludico-recreativa\/\" \/>\n<meta property=\"og:locale\" content=\"es_ES\" \/>\n<meta property=\"og:type\" content=\"article\" \/>\n<meta property=\"og:title\" content=\"Resguardo ind\u00edgena en Pitalito goz\u00f3 jornada l\u00fadico-recreativa. -\" \/>\n<meta property=\"og:url\" content=\"https:\/\/luchonoticias.com\/editor\/resguardo-indigena-en-pitalito-gozo-jornada-ludico-recreativa\/\" \/>\n<meta property=\"article:publisher\" content=\"https:\/\/www.facebook.com\/luchonoticiasneiva\" \/>\n<meta property=\"article:author\" content=\"https:\/\/www.facebook.com\/luchonoticiasneiva\" \/>\n<meta property=\"article:published_time\" content=\"2022-08-28T11:39:34+00:00\" \/>\n<meta property=\"article:modified_time\" content=\"2022-08-28T11:39:35+00:00\" \/>\n<meta property=\"og:image\" content=\"https:\/\/luchonoticias.com\/wp-content\/uploads\/2022\/08\/WhatsApp-Image-2022-08-26-at-12.02.36-PM-1024x683.jpeg\" \/>\n<meta name=\"author\" content=\"admin\" \/>\n<meta name=\"twitter:card\" content=\"summary_large_image\" \/>\n<meta name=\"twitter:label1\" content=\"Escrito por\" \/>\n\t<meta name=\"twitter:data1\" content=\"admin\" \/>\n\t<meta name=\"twitter:label2\" content=\"Tiempo de lectura\" \/>\n\t<meta name=\"twitter:data2\" content=\"1 minuto\" \/>\n<script type=\"application\/ld+json\" class=\"yoast-schema-graph\">{\"@context\":\"https:\/\/schema.org\",\"@graph\":[{\"@type\":\"Article\",\"@id\":\"https:\/\/luchonoticias.com\/editor\/resguardo-indigena-en-pitalito-gozo-jornada-ludico-recreativa\/#article\",\"isPartOf\":{\"@id\":\"https:\/\/luchonoticias.com\/editor\/resguardo-indigena-en-pitalito-gozo-jornada-ludico-recreativa\/\"},\"author\":{\"name\":\"admin\",\"@id\":\"https:\/\/luchonoticias.com\/editor\/#\/schema\/person\/7a7fd911f58561fd056dbac7b55af9cd\"},\"headline\":\"Resguardo ind\u00edgena en Pitalito goz\u00f3 jornada l\u00fadico-recreativa.\",\"datePublished\":\"2022-08-28T11:39:34+00:00\",\"dateModified\":\"2022-08-28T11:39:35+00:00\",\"mainEntityOfPage\":{\"@id\":\"https:\/\/luchonoticias.com\/editor\/resguardo-indigena-en-pitalito-gozo-jornada-ludico-recreativa\/\"},\"wordCount\":145,\"commentCount\":0,\"publisher\":{\"@id\":\"https:\/\/luchonoticias.com\/editor\/#\/schema\/person\/7a7fd911f58561fd056dbac7b55af9cd\"},\"image\":{\"@id\":\"https:\/\/luchonoticias.com\/editor\/resguardo-indigena-en-pitalito-gozo-jornada-ludico-recreativa\/#primaryimage\"},\"thumbnailUrl\":\"https:\/\/luchonoticias.com\/wp-content\/uploads\/2022\/08\/WhatsApp-Image-2022-08-26-at-12.02.36-PM-1024x683.jpeg\",\"articleSection\":[\"Comunidad\",\"Destacado\"],\"inLanguage\":\"es\",\"potentialAction\":[{\"@type\":\"CommentAction\",\"name\":\"Comment\",\"target\":[\"https:\/\/luchonoticias.com\/editor\/resguardo-indigena-en-pitalito-gozo-jornada-ludico-recreativa\/#respond\"]}]},{\"@type\":\"WebPage\",\"@id\":\"https:\/\/luchonoticias.com\/editor\/resguardo-indigena-en-pitalito-gozo-jornada-ludico-recreativa\/\",\"url\":\"https:\/\/luchonoticias.com\/editor\/resguardo-indigena-en-pitalito-gozo-jornada-ludico-recreativa\/\",\"name\":\"Resguardo ind\u00edgena en Pitalito goz\u00f3 jornada l\u00fadico-recreativa. -\",\"isPartOf\":{\"@id\":\"https:\/\/luchonoticias.com\/editor\/#website\"},\"primaryImageOfPage\":{\"@id\":\"https:\/\/luchonoticias.com\/editor\/resguardo-indigena-en-pitalito-gozo-jornada-ludico-recreativa\/#primaryimage\"},\"image\":{\"@id\":\"https:\/\/luchonoticias.com\/editor\/resguardo-indigena-en-pitalito-gozo-jornada-ludico-recreativa\/#primaryimage\"},\"thumbnailUrl\":\"https:\/\/luchonoticias.com\/wp-content\/uploads\/2022\/08\/WhatsApp-Image-2022-08-26-at-12.02.36-PM-1024x683.jpeg\",\"datePublished\":\"2022-08-28T11:39:34+00:00\",\"dateModified\":\"2022-08-28T11:39:35+00:00\",\"breadcrumb\":{\"@id\":\"https:\/\/luchonoticias.com\/editor\/resguardo-indigena-en-pitalito-gozo-jornada-ludico-recreativa\/#breadcrumb\"},\"inLanguage\":\"es\",\"potentialAction\":[{\"@type\":\"ReadAction\",\"target\":[\"https:\/\/luchonoticias.com\/editor\/resguardo-indigena-en-pitalito-gozo-jornada-ludico-recreativa\/\"]}]},{\"@type\":\"ImageObject\",\"inLanguage\":\"es\",\"@id\":\"https:\/\/luchonoticias.com\/editor\/resguardo-indigena-en-pitalito-gozo-jornada-ludico-recreativa\/#primaryimage\",\"url\":\"https:\/\/luchonoticias.com\/wp-content\/uploads\/2022\/08\/WhatsApp-Image-2022-08-26-at-12.02.36-PM-1024x683.jpeg\",\"contentUrl\":\"https:\/\/luchonoticias.com\/wp-content\/uploads\/2022\/08\/WhatsApp-Image-2022-08-26-at-12.02.36-PM-1024x683.jpeg\"},{\"@type\":\"BreadcrumbList\",\"@id\":\"https:\/\/luchonoticias.com\/editor\/resguardo-indigena-en-pitalito-gozo-jornada-ludico-recreativa\/#breadcrumb\",\"itemListElement\":[{\"@type\":\"ListItem\",\"position\":1,\"name\":\"Portada\",\"item\":\"https:\/\/luchonoticias.com\/editor\/\"},{\"@type\":\"ListItem\",\"position\":2,\"name\":\"Resguardo ind\u00edgena en Pitalito goz\u00f3 jornada l\u00fadico-recreativa.\"}]},{\"@type\":\"WebSite\",\"@id\":\"https:\/\/luchonoticias.com\/editor\/#website\",\"url\":\"https:\/\/luchonoticias.com\/editor\/\",\"name\":\"\",\"description\":\"\",\"publisher\":{\"@id\":\"https:\/\/luchonoticias.com\/editor\/#\/schema\/person\/7a7fd911f58561fd056dbac7b55af9cd\"},\"potentialAction\":[{\"@type\":\"SearchAction\",\"target\":{\"@type\":\"EntryPoint\",\"urlTemplate\":\"https:\/\/luchonoticias.com\/editor\/?s={search_term_string}\"},\"query-input\":{\"@type\":\"PropertyValueSpecification\",\"valueRequired\":true,\"valueName\":\"search_term_string\"}}],\"inLanguage\":\"es\"},{\"@type\":[\"Person\",\"Organization\"],\"@id\":\"https:\/\/luchonoticias.com\/editor\/#\/schema\/person\/7a7fd911f58561fd056dbac7b55af9cd\",\"name\":\"admin\",\"image\":{\"@type\":\"ImageObject\",\"inLanguage\":\"es\",\"@id\":\"https:\/\/luchonoticias.com\/editor\/#\/schema\/person\/image\/\",\"url\":\"https:\/\/luchonoticias.com\/editor\/wp-content\/uploads\/2024\/02\/cropped-cropped-logolu.webp\",\"contentUrl\":\"https:\/\/luchonoticias.com\/editor\/wp-content\/uploads\/2024\/02\/cropped-cropped-logolu.webp\",\"width\":382,\"height\":170,\"caption\":\"admin\"},\"logo\":{\"@id\":\"https:\/\/luchonoticias.com\/editor\/#\/schema\/person\/image\/\"},\"sameAs\":[\"https:\/\/www.facebook.com\/luchonoticiasneiva\"],\"url\":\"https:\/\/luchonoticias.com\/editor\/author\/admin\/\"}]}<\/script>\n<!-- \/ Yoast SEO plugin. -->","yoast_head_json":{"title":"Resguardo ind\u00edgena en Pitalito goz\u00f3 jornada l\u00fadico-recreativa. -","robots":{"index":"index","follow":"follow","max-snippet":"max-snippet:-1","max-image-preview":"max-image-preview:large","max-video-preview":"max-video-preview:-1"},"canonical":"https:\/\/luchonoticias.com\/editor\/resguardo-indigena-en-pitalito-gozo-jornada-ludico-recreativa\/","og_locale":"es_ES","og_type":"article","og_title":"Resguardo ind\u00edgena en Pitalito goz\u00f3 jornada l\u00fadico-recreativa. -","og_url":"https:\/\/luchonoticias.com\/editor\/resguardo-indigena-en-pitalito-gozo-jornada-ludico-recreativa\/","article_publisher":"https:\/\/www.facebook.com\/luchonoticiasneiva","article_author":"https:\/\/www.facebook.com\/luchonoticiasneiva","article_published_time":"2022-08-28T11:39:34+00:00","article_modified_time":"2022-08-28T11:39:35+00:00","og_image":[{"url":"https:\/\/luchonoticias.com\/wp-content\/uploads\/2022\/08\/WhatsApp-Image-2022-08-26-at-12.02.36-PM-1024x683.jpeg","type":"","width":"","height":""}],"author":"admin","twitter_card":"summary_large_image","twitter_misc":{"Escrito por":"admin","Tiempo de lectura":"1 minuto"},"schema":{"@context":"https:\/\/schema.org","@graph":[{"@type":"Article","@id":"https:\/\/luchonoticias.com\/editor\/resguardo-indigena-en-pitalito-gozo-jornada-ludico-recreativa\/#article","isPartOf":{"@id":"https:\/\/luchonoticias.com\/editor\/resguardo-indigena-en-pitalito-gozo-jornada-ludico-recreativa\/"},"author":{"name":"admin","@id":"https:\/\/luchonoticias.com\/editor\/#\/schema\/person\/7a7fd911f58561fd056dbac7b55af9cd"},"headline":"Resguardo ind\u00edgena en Pitalito goz\u00f3 jornada l\u00fadico-recreativa.","datePublished":"2022-08-28T11:39:34+00:00","dateModified":"2022-08-28T11:39:35+00:00","mainEntityOfPage":{"@id":"https:\/\/luchonoticias.com\/editor\/resguardo-indigena-en-pitalito-gozo-jornada-ludico-recreativa\/"},"wordCount":145,"commentCount":0,"publisher":{"@id":"https:\/\/luchonoticias.com\/editor\/#\/schema\/person\/7a7fd911f58561fd056dbac7b55af9cd"},"image":{"@id":"https:\/\/luchonoticias.com\/editor\/resguardo-indigena-en-pitalito-gozo-jornada-ludico-recreativa\/#primaryimage"},"thumbnailUrl":"https:\/\/luchonoticias.com\/wp-content\/uploads\/2022\/08\/WhatsApp-Image-2022-08-26-at-12.02.36-PM-1024x683.jpeg","articleSection":["Comunidad","Destacado"],"inLanguage":"es","potentialAction":[{"@type":"CommentAction","name":"Comment","target":["https:\/\/luchonoticias.com\/editor\/resguardo-indigena-en-pitalito-gozo-jornada-ludico-recreativa\/#respond"]}]},{"@type":"WebPage","@id":"https:\/\/luchonoticias.com\/editor\/resguardo-indigena-en-pitalito-gozo-jornada-ludico-recreativa\/","url":"https:\/\/luchonoticias.com\/editor\/resguardo-indigena-en-pitalito-gozo-jornada-ludico-recreativa\/","name":"Resguardo ind\u00edgena en Pitalito goz\u00f3 jornada l\u00fadico-recreativa. -","isPartOf":{"@id":"https:\/\/luchonoticias.com\/editor\/#website"},"primaryImageOfPage":{"@id":"https:\/\/luchonoticias.com\/editor\/resguardo-indigena-en-pitalito-gozo-jornada-ludico-recreativa\/#primaryimage"},"image":{"@id":"https:\/\/luchonoticias.com\/editor\/resguardo-indigena-en-pitalito-gozo-jornada-ludico-recreativa\/#primaryimage"},"thumbnailUrl":"https:\/\/luchonoticias.com\/wp-content\/uploads\/2022\/08\/WhatsApp-Image-2022-08-26-at-12.02.36-PM-1024x683.jpeg","datePublished":"2022-08-28T11:39:34+00:00","dateModified":"2022-08-28T11:39:35+00:00","breadcrumb":{"@id":"https:\/\/luchonoticias.com\/editor\/resguardo-indigena-en-pitalito-gozo-jornada-ludico-recreativa\/#breadcrumb"},"inLanguage":"es","potentialAction":[{"@type":"ReadAction","target":["https:\/\/luchonoticias.com\/editor\/resguardo-indigena-en-pitalito-gozo-jornada-ludico-recreativa\/"]}]},{"@type":"ImageObject","inLanguage":"es","@id":"https:\/\/luchonoticias.com\/editor\/resguardo-indigena-en-pitalito-gozo-jornada-ludico-recreativa\/#primaryimage","url":"https:\/\/luchonoticias.com\/wp-content\/uploads\/2022\/08\/WhatsApp-Image-2022-08-26-at-12.02.36-PM-1024x683.jpeg","contentUrl":"https:\/\/luchonoticias.com\/wp-content\/uploads\/2022\/08\/WhatsApp-Image-2022-08-26-at-12.02.36-PM-1024x683.jpeg"},{"@type":"BreadcrumbList","@id":"https:\/\/luchonoticias.com\/editor\/resguardo-indigena-en-pitalito-gozo-jornada-ludico-recreativa\/#breadcrumb","itemListElement":[{"@type":"ListItem","position":1,"name":"Portada","item":"https:\/\/luchonoticias.com\/editor\/"},{"@type":"ListItem","position":2,"name":"Resguardo ind\u00edgena en Pitalito goz\u00f3 jornada l\u00fadico-recreativa."}]},{"@type":"WebSite","@id":"https:\/\/luchonoticias.com\/editor\/#website","url":"https:\/\/luchonoticias.com\/editor\/","name":"","description":"","publisher":{"@id":"https:\/\/luchonoticias.com\/editor\/#\/schema\/person\/7a7fd911f58561fd056dbac7b55af9cd"},"potentialAction":[{"@type":"SearchAction","target":{"@type":"EntryPoint","urlTemplate":"https:\/\/luchonoticias.com\/editor\/?s={search_term_string}"},"query-input":{"@type":"PropertyValueSpecification","valueRequired":true,"valueName":"search_term_string"}}],"inLanguage":"es"},{"@type":["Person","Organization"],"@id":"https:\/\/luchonoticias.com\/editor\/#\/schema\/person\/7a7fd911f58561fd056dbac7b55af9cd","name":"admin","image":{"@type":"ImageObject","inLanguage":"es","@id":"https:\/\/luchonoticias.com\/editor\/#\/schema\/person\/image\/","url":"https:\/\/luchonoticias.com\/editor\/wp-content\/uploads\/2024\/02\/cropped-cropped-logolu.webp","contentUrl":"https:\/\/luchonoticias.com\/editor\/wp-content\/uploads\/2024\/02\/cropped-cropped-logolu.webp","width":382,"height":170,"caption":"admin"},"logo":{"@id":"https:\/\/luchonoticias.com\/editor\/#\/schema\/person\/image\/"},"sameAs":["https:\/\/www.facebook.com\/luchonoticiasneiva"],"url":"https:\/\/luchonoticias.com\/editor\/author\/admin\/"}]}},"_links":{"self":[{"href":"https:\/\/luchonoticias.com\/editor\/wp-json\/wp\/v2\/posts\/33161","targetHints":{"allow":["GET"]}}],"collection":[{"href":"https:\/\/luchonoticias.com\/editor\/wp-json\/wp\/v2\/posts"}],"about":[{"href":"https:\/\/luchonoticias.com\/editor\/wp-json\/wp\/v2\/types\/post"}],"author":[{"embeddable":true,"href":"https:\/\/luchonoticias.com\/editor\/wp-json\/wp\/v2\/users\/1"}],"replies":[{"embeddable":true,"href":"https:\/\/luchonoticias.com\/editor\/wp-json\/wp\/v2\/comments?post=33161"}],"version-history":[{"count":0,"href":"https:\/\/luchonoticias.com\/editor\/wp-json\/wp\/v2\/posts\/33161\/revisions"}],"wp:attachment":[{"href":"https:\/\/luchonoticias.com\/editor\/wp-json\/wp\/v2\/media?parent=33161"}],"wp:term":[{"taxonomy":"category","embeddable":true,"href":"https:\/\/luchonoticias.com\/editor\/wp-json\/wp\/v2\/categories?post=33161"},{"taxonomy":"post_tag","embeddable":true,"href":"https:\/\/luchonoticias.com\/editor\/wp-json\/wp\/v2\/tags?post=33161"}],"curies":[{"name":"wp","href":"https:\/\/api.w.org\/{rel}","templated":true}]}}