{"id":33168,"date":"2022-08-28T06:43:07","date_gmt":"2022-08-28T11:43:07","guid":{"rendered":"https:\/\/luchonoticias.com\/?p=33168"},"modified":"2022-08-28T08:11:39","modified_gmt":"2022-08-28T13:11:39","slug":"eps-comfamiliar-primera-entidad-de-salud-que-se-liquidara-en-el-gobierno-petro","status":"publish","type":"post","link":"https:\/\/luchonoticias.com\/editor\/eps-comfamiliar-primera-entidad-de-salud-que-se-liquidara-en-el-gobierno-petro\/","title":{"rendered":"EPS Comfamiliar primera entidad de salud que se liquidar\u00e1 en el gobierno Petro"},"content":{"rendered":"\n<p>El Programa de Salud de Comfamiliar del Huila es la primera EPS que se liquidar\u00e1 en el gobierno del presidente Gustavo Petro. Los 541.000 afiliados en los departamentos de Boyac\u00e1 y Huila ser\u00e1n trasladados a otras Empresas Prestadoras de Salud.<\/p>\n\n\n\n<p>La liquidaci\u00f3n de la EPS Comfamiliar, que estaba bajo una medida de vigilancia especial desde 2019, inici\u00f3 el viernes con la posesi\u00f3n de las instalaciones por parte de la Superintendencia Nacional de Salud.<\/p>\n\n\n\n<p>La Supersalud entre los hallazgos que encontr\u00f3 se destaca que la atenci\u00f3n de mujeres embarazadas causaron un aumento en los casos de s\u00edfilis cong\u00e9nita y mortalidad perinatal \u2013las muertes de fetos o ni\u00f1os desde las 28 semanas de gestaci\u00f3n hasta los primeros siete d\u00edas de nacidos.<\/p>\n\n\n\n<figure class=\"wp-block-image size-full is-resized is-style-rounded\"><img decoding=\"async\" src=\"https:\/\/luchonoticias.com\/wp-content\/uploads\/2022\/08\/WhatsApp-Image-2022-08-28-at-7.41.01-AM-edited.jpeg\" alt=\"\" class=\"wp-image-33186\" width=\"695\"\/><\/figure>\n\n\n\n<p>\u201cNo podemos permitir que las administradoras de recursos no cumplan con su rol y pongan en riesgo al ciudadano y seguiremos tomando decisiones en los casos que identifiquemos vulneraci\u00f3n a sus derechos\u201d, dijo el superintendente de Salud, Ullahy Beltr\u00e1n.<\/p>\n\n\n\n<p>La Supersalud se\u00f1al\u00f3 que el n\u00famero de peticiones, quejas, reclamos y denuncias (PQRD) era uno de los m\u00e1s altos del r\u00e9gimen subsidiado.&nbsp; \u201cLa EPS dificultaba el acceso a servicios de alto costo como quimioterapias y radioterapias para c\u00e1ncer y les pon\u00eda barreras a los pacientes infectados por VIH o a aquellos que requer\u00edan reemplazos articulares\u201d, concluy\u00f3 el comunicado.<\/p>\n\n\n\n<p>La entidad se\u00f1al\u00f3 que la EPS Comfamiliar le deb\u00eda $389.040 millones a su red prestadora y proveedora de servicios.<\/p>\n","protected":false},"excerpt":{"rendered":"<p>El Programa de Salud de Comfamiliar del Huila es la primera EPS que se liquidar\u00e1 en el gobierno del presidente Gustavo Petro. Los 541.000 afiliados en los departamentos de Boyac\u00e1 y Huila ser\u00e1n trasladados a otras Empresas Prestadoras de Salud. La liquidaci\u00f3n de la EPS Comfamiliar, que estaba bajo una medida de vigilancia especial desde [&hellip;]<\/p>\n","protected":false},"author":1,"featured_media":0,"comment_status":"open","ping_status":"open","sticky":false,"template":"","format":"standard","meta":{"footnotes":""},"categories":[36,35],"tags":[],"class_list":["post-33168","post","type-post","status-publish","format-standard","hentry","category-destacado","category-regional"],"yoast_head":"<!-- This site is optimized with the Yoast SEO plugin v26.6 - https:\/\/yoast.com\/wordpress\/plugins\/seo\/ -->\n<title>EPS Comfamiliar primera entidad de salud que se liquidar\u00e1 en el gobierno Petro -<\/title>\n<meta name=\"robots\" content=\"index, follow, max-snippet:-1, max-image-preview:large, max-video-preview:-1\" \/>\n<link rel=\"canonical\" href=\"https:\/\/luchonoticias.com\/editor\/eps-comfamiliar-primera-entidad-de-salud-que-se-liquidara-en-el-gobierno-petro\/\" \/>\n<meta property=\"og:locale\" content=\"es_ES\" \/>\n<meta property=\"og:type\" content=\"article\" \/>\n<meta property=\"og:title\" content=\"EPS Comfamiliar primera entidad de salud que se liquidar\u00e1 en el gobierno Petro -\" \/>\n<meta property=\"og:url\" content=\"https:\/\/luchonoticias.com\/editor\/eps-comfamiliar-primera-entidad-de-salud-que-se-liquidara-en-el-gobierno-petro\/\" \/>\n<meta property=\"article:publisher\" content=\"https:\/\/www.facebook.com\/luchonoticiasneiva\" \/>\n<meta property=\"article:author\" content=\"https:\/\/www.facebook.com\/luchonoticiasneiva\" \/>\n<meta property=\"article:published_time\" content=\"2022-08-28T11:43:07+00:00\" \/>\n<meta property=\"article:modified_time\" content=\"2022-08-28T13:11:39+00:00\" \/>\n<meta property=\"og:image\" content=\"https:\/\/luchonoticias.com\/wp-content\/uploads\/2022\/08\/WhatsApp-Image-2022-08-28-at-7.41.01-AM-edited.jpeg\" \/>\n<meta name=\"author\" content=\"admin\" \/>\n<meta name=\"twitter:card\" content=\"summary_large_image\" \/>\n<meta name=\"twitter:label1\" content=\"Escrito por\" \/>\n\t<meta name=\"twitter:data1\" content=\"admin\" \/>\n\t<meta name=\"twitter:label2\" content=\"Tiempo de lectura\" \/>\n\t<meta name=\"twitter:data2\" content=\"1 minuto\" \/>\n<script type=\"application\/ld+json\" class=\"yoast-schema-graph\">{\"@context\":\"https:\/\/schema.org\",\"@graph\":[{\"@type\":\"Article\",\"@id\":\"https:\/\/luchonoticias.com\/editor\/eps-comfamiliar-primera-entidad-de-salud-que-se-liquidara-en-el-gobierno-petro\/#article\",\"isPartOf\":{\"@id\":\"https:\/\/luchonoticias.com\/editor\/eps-comfamiliar-primera-entidad-de-salud-que-se-liquidara-en-el-gobierno-petro\/\"},\"author\":{\"name\":\"admin\",\"@id\":\"https:\/\/luchonoticias.com\/editor\/#\/schema\/person\/7a7fd911f58561fd056dbac7b55af9cd\"},\"headline\":\"EPS Comfamiliar primera entidad de salud que se liquidar\u00e1 en el gobierno Petro\",\"datePublished\":\"2022-08-28T11:43:07+00:00\",\"dateModified\":\"2022-08-28T13:11:39+00:00\",\"mainEntityOfPage\":{\"@id\":\"https:\/\/luchonoticias.com\/editor\/eps-comfamiliar-primera-entidad-de-salud-que-se-liquidara-en-el-gobierno-petro\/\"},\"wordCount\":265,\"commentCount\":0,\"publisher\":{\"@id\":\"https:\/\/luchonoticias.com\/editor\/#\/schema\/person\/7a7fd911f58561fd056dbac7b55af9cd\"},\"image\":{\"@id\":\"https:\/\/luchonoticias.com\/editor\/eps-comfamiliar-primera-entidad-de-salud-que-se-liquidara-en-el-gobierno-petro\/#primaryimage\"},\"thumbnailUrl\":\"https:\/\/luchonoticias.com\/wp-content\/uploads\/2022\/08\/WhatsApp-Image-2022-08-28-at-7.41.01-AM-edited.jpeg\",\"articleSection\":[\"Destacado\",\"Regional\"],\"inLanguage\":\"es\",\"potentialAction\":[{\"@type\":\"CommentAction\",\"name\":\"Comment\",\"target\":[\"https:\/\/luchonoticias.com\/editor\/eps-comfamiliar-primera-entidad-de-salud-que-se-liquidara-en-el-gobierno-petro\/#respond\"]}]},{\"@type\":\"WebPage\",\"@id\":\"https:\/\/luchonoticias.com\/editor\/eps-comfamiliar-primera-entidad-de-salud-que-se-liquidara-en-el-gobierno-petro\/\",\"url\":\"https:\/\/luchonoticias.com\/editor\/eps-comfamiliar-primera-entidad-de-salud-que-se-liquidara-en-el-gobierno-petro\/\",\"name\":\"EPS Comfamiliar primera entidad de salud que se liquidar\u00e1 en el gobierno Petro -\",\"isPartOf\":{\"@id\":\"https:\/\/luchonoticias.com\/editor\/#website\"},\"primaryImageOfPage\":{\"@id\":\"https:\/\/luchonoticias.com\/editor\/eps-comfamiliar-primera-entidad-de-salud-que-se-liquidara-en-el-gobierno-petro\/#primaryimage\"},\"image\":{\"@id\":\"https:\/\/luchonoticias.com\/editor\/eps-comfamiliar-primera-entidad-de-salud-que-se-liquidara-en-el-gobierno-petro\/#primaryimage\"},\"thumbnailUrl\":\"https:\/\/luchonoticias.com\/wp-content\/uploads\/2022\/08\/WhatsApp-Image-2022-08-28-at-7.41.01-AM-edited.jpeg\",\"datePublished\":\"2022-08-28T11:43:07+00:00\",\"dateModified\":\"2022-08-28T13:11:39+00:00\",\"breadcrumb\":{\"@id\":\"https:\/\/luchonoticias.com\/editor\/eps-comfamiliar-primera-entidad-de-salud-que-se-liquidara-en-el-gobierno-petro\/#breadcrumb\"},\"inLanguage\":\"es\",\"potentialAction\":[{\"@type\":\"ReadAction\",\"target\":[\"https:\/\/luchonoticias.com\/editor\/eps-comfamiliar-primera-entidad-de-salud-que-se-liquidara-en-el-gobierno-petro\/\"]}]},{\"@type\":\"ImageObject\",\"inLanguage\":\"es\",\"@id\":\"https:\/\/luchonoticias.com\/editor\/eps-comfamiliar-primera-entidad-de-salud-que-se-liquidara-en-el-gobierno-petro\/#primaryimage\",\"url\":\"https:\/\/luchonoticias.com\/wp-content\/uploads\/2022\/08\/WhatsApp-Image-2022-08-28-at-7.41.01-AM-edited.jpeg\",\"contentUrl\":\"https:\/\/luchonoticias.com\/wp-content\/uploads\/2022\/08\/WhatsApp-Image-2022-08-28-at-7.41.01-AM-edited.jpeg\"},{\"@type\":\"BreadcrumbList\",\"@id\":\"https:\/\/luchonoticias.com\/editor\/eps-comfamiliar-primera-entidad-de-salud-que-se-liquidara-en-el-gobierno-petro\/#breadcrumb\",\"itemListElement\":[{\"@type\":\"ListItem\",\"position\":1,\"name\":\"Portada\",\"item\":\"https:\/\/luchonoticias.com\/editor\/\"},{\"@type\":\"ListItem\",\"position\":2,\"name\":\"EPS Comfamiliar primera entidad de salud que se liquidar\u00e1 en el gobierno Petro\"}]},{\"@type\":\"WebSite\",\"@id\":\"https:\/\/luchonoticias.com\/editor\/#website\",\"url\":\"https:\/\/luchonoticias.com\/editor\/\",\"name\":\"\",\"description\":\"\",\"publisher\":{\"@id\":\"https:\/\/luchonoticias.com\/editor\/#\/schema\/person\/7a7fd911f58561fd056dbac7b55af9cd\"},\"potentialAction\":[{\"@type\":\"SearchAction\",\"target\":{\"@type\":\"EntryPoint\",\"urlTemplate\":\"https:\/\/luchonoticias.com\/editor\/?s={search_term_string}\"},\"query-input\":{\"@type\":\"PropertyValueSpecification\",\"valueRequired\":true,\"valueName\":\"search_term_string\"}}],\"inLanguage\":\"es\"},{\"@type\":[\"Person\",\"Organization\"],\"@id\":\"https:\/\/luchonoticias.com\/editor\/#\/schema\/person\/7a7fd911f58561fd056dbac7b55af9cd\",\"name\":\"admin\",\"image\":{\"@type\":\"ImageObject\",\"inLanguage\":\"es\",\"@id\":\"https:\/\/luchonoticias.com\/editor\/#\/schema\/person\/image\/\",\"url\":\"https:\/\/luchonoticias.com\/editor\/wp-content\/uploads\/2024\/02\/cropped-cropped-logolu.webp\",\"contentUrl\":\"https:\/\/luchonoticias.com\/editor\/wp-content\/uploads\/2024\/02\/cropped-cropped-logolu.webp\",\"width\":382,\"height\":170,\"caption\":\"admin\"},\"logo\":{\"@id\":\"https:\/\/luchonoticias.com\/editor\/#\/schema\/person\/image\/\"},\"sameAs\":[\"https:\/\/www.facebook.com\/luchonoticiasneiva\"],\"url\":\"https:\/\/luchonoticias.com\/editor\/author\/admin\/\"}]}<\/script>\n<!-- \/ Yoast SEO plugin. -->","yoast_head_json":{"title":"EPS Comfamiliar primera entidad de salud que se liquidar\u00e1 en el gobierno Petro -","robots":{"index":"index","follow":"follow","max-snippet":"max-snippet:-1","max-image-preview":"max-image-preview:large","max-video-preview":"max-video-preview:-1"},"canonical":"https:\/\/luchonoticias.com\/editor\/eps-comfamiliar-primera-entidad-de-salud-que-se-liquidara-en-el-gobierno-petro\/","og_locale":"es_ES","og_type":"article","og_title":"EPS Comfamiliar primera entidad de salud que se liquidar\u00e1 en el gobierno Petro -","og_url":"https:\/\/luchonoticias.com\/editor\/eps-comfamiliar-primera-entidad-de-salud-que-se-liquidara-en-el-gobierno-petro\/","article_publisher":"https:\/\/www.facebook.com\/luchonoticiasneiva","article_author":"https:\/\/www.facebook.com\/luchonoticiasneiva","article_published_time":"2022-08-28T11:43:07+00:00","article_modified_time":"2022-08-28T13:11:39+00:00","og_image":[{"url":"https:\/\/luchonoticias.com\/wp-content\/uploads\/2022\/08\/WhatsApp-Image-2022-08-28-at-7.41.01-AM-edited.jpeg","type":"","width":"","height":""}],"author":"admin","twitter_card":"summary_large_image","twitter_misc":{"Escrito por":"admin","Tiempo de lectura":"1 minuto"},"schema":{"@context":"https:\/\/schema.org","@graph":[{"@type":"Article","@id":"https:\/\/luchonoticias.com\/editor\/eps-comfamiliar-primera-entidad-de-salud-que-se-liquidara-en-el-gobierno-petro\/#article","isPartOf":{"@id":"https:\/\/luchonoticias.com\/editor\/eps-comfamiliar-primera-entidad-de-salud-que-se-liquidara-en-el-gobierno-petro\/"},"author":{"name":"admin","@id":"https:\/\/luchonoticias.com\/editor\/#\/schema\/person\/7a7fd911f58561fd056dbac7b55af9cd"},"headline":"EPS Comfamiliar primera entidad de salud que se liquidar\u00e1 en el gobierno Petro","datePublished":"2022-08-28T11:43:07+00:00","dateModified":"2022-08-28T13:11:39+00:00","mainEntityOfPage":{"@id":"https:\/\/luchonoticias.com\/editor\/eps-comfamiliar-primera-entidad-de-salud-que-se-liquidara-en-el-gobierno-petro\/"},"wordCount":265,"commentCount":0,"publisher":{"@id":"https:\/\/luchonoticias.com\/editor\/#\/schema\/person\/7a7fd911f58561fd056dbac7b55af9cd"},"image":{"@id":"https:\/\/luchonoticias.com\/editor\/eps-comfamiliar-primera-entidad-de-salud-que-se-liquidara-en-el-gobierno-petro\/#primaryimage"},"thumbnailUrl":"https:\/\/luchonoticias.com\/wp-content\/uploads\/2022\/08\/WhatsApp-Image-2022-08-28-at-7.41.01-AM-edited.jpeg","articleSection":["Destacado","Regional"],"inLanguage":"es","potentialAction":[{"@type":"CommentAction","name":"Comment","target":["https:\/\/luchonoticias.com\/editor\/eps-comfamiliar-primera-entidad-de-salud-que-se-liquidara-en-el-gobierno-petro\/#respond"]}]},{"@type":"WebPage","@id":"https:\/\/luchonoticias.com\/editor\/eps-comfamiliar-primera-entidad-de-salud-que-se-liquidara-en-el-gobierno-petro\/","url":"https:\/\/luchonoticias.com\/editor\/eps-comfamiliar-primera-entidad-de-salud-que-se-liquidara-en-el-gobierno-petro\/","name":"EPS Comfamiliar primera entidad de salud que se liquidar\u00e1 en el gobierno Petro -","isPartOf":{"@id":"https:\/\/luchonoticias.com\/editor\/#website"},"primaryImageOfPage":{"@id":"https:\/\/luchonoticias.com\/editor\/eps-comfamiliar-primera-entidad-de-salud-que-se-liquidara-en-el-gobierno-petro\/#primaryimage"},"image":{"@id":"https:\/\/luchonoticias.com\/editor\/eps-comfamiliar-primera-entidad-de-salud-que-se-liquidara-en-el-gobierno-petro\/#primaryimage"},"thumbnailUrl":"https:\/\/luchonoticias.com\/wp-content\/uploads\/2022\/08\/WhatsApp-Image-2022-08-28-at-7.41.01-AM-edited.jpeg","datePublished":"2022-08-28T11:43:07+00:00","dateModified":"2022-08-28T13:11:39+00:00","breadcrumb":{"@id":"https:\/\/luchonoticias.com\/editor\/eps-comfamiliar-primera-entidad-de-salud-que-se-liquidara-en-el-gobierno-petro\/#breadcrumb"},"inLanguage":"es","potentialAction":[{"@type":"ReadAction","target":["https:\/\/luchonoticias.com\/editor\/eps-comfamiliar-primera-entidad-de-salud-que-se-liquidara-en-el-gobierno-petro\/"]}]},{"@type":"ImageObject","inLanguage":"es","@id":"https:\/\/luchonoticias.com\/editor\/eps-comfamiliar-primera-entidad-de-salud-que-se-liquidara-en-el-gobierno-petro\/#primaryimage","url":"https:\/\/luchonoticias.com\/wp-content\/uploads\/2022\/08\/WhatsApp-Image-2022-08-28-at-7.41.01-AM-edited.jpeg","contentUrl":"https:\/\/luchonoticias.com\/wp-content\/uploads\/2022\/08\/WhatsApp-Image-2022-08-28-at-7.41.01-AM-edited.jpeg"},{"@type":"BreadcrumbList","@id":"https:\/\/luchonoticias.com\/editor\/eps-comfamiliar-primera-entidad-de-salud-que-se-liquidara-en-el-gobierno-petro\/#breadcrumb","itemListElement":[{"@type":"ListItem","position":1,"name":"Portada","item":"https:\/\/luchonoticias.com\/editor\/"},{"@type":"ListItem","position":2,"name":"EPS Comfamiliar primera entidad de salud que se liquidar\u00e1 en el gobierno Petro"}]},{"@type":"WebSite","@id":"https:\/\/luchonoticias.com\/editor\/#website","url":"https:\/\/luchonoticias.com\/editor\/","name":"","description":"","publisher":{"@id":"https:\/\/luchonoticias.com\/editor\/#\/schema\/person\/7a7fd911f58561fd056dbac7b55af9cd"},"potentialAction":[{"@type":"SearchAction","target":{"@type":"EntryPoint","urlTemplate":"https:\/\/luchonoticias.com\/editor\/?s={search_term_string}"},"query-input":{"@type":"PropertyValueSpecification","valueRequired":true,"valueName":"search_term_string"}}],"inLanguage":"es"},{"@type":["Person","Organization"],"@id":"https:\/\/luchonoticias.com\/editor\/#\/schema\/person\/7a7fd911f58561fd056dbac7b55af9cd","name":"admin","image":{"@type":"ImageObject","inLanguage":"es","@id":"https:\/\/luchonoticias.com\/editor\/#\/schema\/person\/image\/","url":"https:\/\/luchonoticias.com\/editor\/wp-content\/uploads\/2024\/02\/cropped-cropped-logolu.webp","contentUrl":"https:\/\/luchonoticias.com\/editor\/wp-content\/uploads\/2024\/02\/cropped-cropped-logolu.webp","width":382,"height":170,"caption":"admin"},"logo":{"@id":"https:\/\/luchonoticias.com\/editor\/#\/schema\/person\/image\/"},"sameAs":["https:\/\/www.facebook.com\/luchonoticiasneiva"],"url":"https:\/\/luchonoticias.com\/editor\/author\/admin\/"}]}},"_links":{"self":[{"href":"https:\/\/luchonoticias.com\/editor\/wp-json\/wp\/v2\/posts\/33168","targetHints":{"allow":["GET"]}}],"collection":[{"href":"https:\/\/luchonoticias.com\/editor\/wp-json\/wp\/v2\/posts"}],"about":[{"href":"https:\/\/luchonoticias.com\/editor\/wp-json\/wp\/v2\/types\/post"}],"author":[{"embeddable":true,"href":"https:\/\/luchonoticias.com\/editor\/wp-json\/wp\/v2\/users\/1"}],"replies":[{"embeddable":true,"href":"https:\/\/luchonoticias.com\/editor\/wp-json\/wp\/v2\/comments?post=33168"}],"version-history":[{"count":0,"href":"https:\/\/luchonoticias.com\/editor\/wp-json\/wp\/v2\/posts\/33168\/revisions"}],"wp:attachment":[{"href":"https:\/\/luchonoticias.com\/editor\/wp-json\/wp\/v2\/media?parent=33168"}],"wp:term":[{"taxonomy":"category","embeddable":true,"href":"https:\/\/luchonoticias.com\/editor\/wp-json\/wp\/v2\/categories?post=33168"},{"taxonomy":"post_tag","embeddable":true,"href":"https:\/\/luchonoticias.com\/editor\/wp-json\/wp\/v2\/tags?post=33168"}],"curies":[{"name":"wp","href":"https:\/\/api.w.org\/{rel}","templated":true}]}}