{"id":33180,"date":"2022-08-28T07:04:56","date_gmt":"2022-08-28T12:04:56","guid":{"rendered":"https:\/\/luchonoticias.com\/?p=33180"},"modified":"2022-08-28T07:04:57","modified_gmt":"2022-08-28T12:04:57","slug":"en-momentos-en-que-presuntamente-agredia-a-su-progenitor-fue-capturado-un-sujeto","status":"publish","type":"post","link":"https:\/\/luchonoticias.com\/editor\/en-momentos-en-que-presuntamente-agredia-a-su-progenitor-fue-capturado-un-sujeto\/","title":{"rendered":"En momentos en que presuntamente agred\u00eda a su progenitor fue capturado un sujeto"},"content":{"rendered":"\n<p>Esta acci\u00f3n policial fue desarrollada por uniformados adscritos al CAI Alpes, quienes atendiendo un requerimiento ciudadano en la calle 2H con carrera 25 del barrio Las Am\u00e9ricas de la comuna 8 de la capital huilense, se percatan de la presencia del hombre identificado como Javier Rodr\u00edguez Rodr\u00edguez, de 36 a\u00f1os de edad, presuntamente maltratando verbal y f\u00edsicamente a su progenitor y al parecer tambi\u00e9n intimid\u00e1ndolo con objetos contundentes y armas corto punzantes.<\/p>\n\n\n\n<p>\u201cDe inmediato y teniendo como soporte una medida de protecci\u00f3n de la v\u00edctima, dispuesta por la Casa de Justicia de esta ciudad por circunstancias de violencia intrafamiliar y las manifestaciones realizadas por su padre, se procede a la captura en flagrancia de este individuo, quien presenta 3 sentencias condenatorias por los delitos de Fabricaci\u00f3n, tr\u00e1fico y porte de armas de fuego, lesiones personales y hurto calificado y agravado que en total suman m\u00e1s de 13 a\u00f1os de prisi\u00f3n. Adem\u00e1s, registra como indiciado anotaciones judiciales por los delitos de violencia intrafamiliar, lesiones personales y hurto calificado y agravado\u201d, revelaron las autoridades en un comunicado.<\/p>\n\n\n\n<p>El capturado fue dejado a disposici\u00f3n de autoridad competente por el delito de Violencia Intrafamiliar, donde un juez de control de garant\u00edas, siendo se\u00f1alado como un peligro para la sociedad, lo cobijo con medida de aseguramiento en establecimiento carcelario.<\/p>\n","protected":false},"excerpt":{"rendered":"<p>Esta acci\u00f3n policial fue desarrollada por uniformados adscritos al CAI Alpes, quienes atendiendo un requerimiento ciudadano en la calle 2H con carrera 25 del barrio Las Am\u00e9ricas de la comuna 8 de la capital huilense, se percatan de la presencia del hombre identificado como Javier Rodr\u00edguez Rodr\u00edguez, de 36 a\u00f1os de edad, presuntamente maltratando verbal [&hellip;]<\/p>\n","protected":false},"author":1,"featured_media":0,"comment_status":"open","ping_status":"open","sticky":false,"template":"","format":"standard","meta":{"footnotes":""},"categories":[36,29],"tags":[],"class_list":["post-33180","post","type-post","status-publish","format-standard","hentry","category-destacado","category-judicial"],"yoast_head":"<!-- This site is optimized with the Yoast SEO plugin v26.6 - https:\/\/yoast.com\/wordpress\/plugins\/seo\/ -->\n<title>En momentos en que presuntamente agred\u00eda a su progenitor fue capturado un sujeto -<\/title>\n<meta name=\"robots\" content=\"index, follow, max-snippet:-1, max-image-preview:large, max-video-preview:-1\" \/>\n<link rel=\"canonical\" href=\"https:\/\/luchonoticias.com\/editor\/en-momentos-en-que-presuntamente-agredia-a-su-progenitor-fue-capturado-un-sujeto\/\" \/>\n<meta property=\"og:locale\" content=\"es_ES\" \/>\n<meta property=\"og:type\" content=\"article\" \/>\n<meta property=\"og:title\" content=\"En momentos en que presuntamente agred\u00eda a su progenitor fue capturado un sujeto -\" \/>\n<meta property=\"og:url\" content=\"https:\/\/luchonoticias.com\/editor\/en-momentos-en-que-presuntamente-agredia-a-su-progenitor-fue-capturado-un-sujeto\/\" \/>\n<meta property=\"article:publisher\" content=\"https:\/\/www.facebook.com\/luchonoticiasneiva\" \/>\n<meta property=\"article:author\" content=\"https:\/\/www.facebook.com\/luchonoticiasneiva\" \/>\n<meta property=\"article:published_time\" content=\"2022-08-28T12:04:56+00:00\" \/>\n<meta property=\"article:modified_time\" content=\"2022-08-28T12:04:57+00:00\" \/>\n<meta name=\"author\" content=\"admin\" \/>\n<meta name=\"twitter:card\" content=\"summary_large_image\" \/>\n<meta name=\"twitter:label1\" content=\"Escrito por\" \/>\n\t<meta name=\"twitter:data1\" content=\"admin\" \/>\n\t<meta name=\"twitter:label2\" content=\"Tiempo de lectura\" \/>\n\t<meta name=\"twitter:data2\" content=\"1 minuto\" \/>\n<script type=\"application\/ld+json\" class=\"yoast-schema-graph\">{\"@context\":\"https:\/\/schema.org\",\"@graph\":[{\"@type\":\"Article\",\"@id\":\"https:\/\/luchonoticias.com\/editor\/en-momentos-en-que-presuntamente-agredia-a-su-progenitor-fue-capturado-un-sujeto\/#article\",\"isPartOf\":{\"@id\":\"https:\/\/luchonoticias.com\/editor\/en-momentos-en-que-presuntamente-agredia-a-su-progenitor-fue-capturado-un-sujeto\/\"},\"author\":{\"name\":\"admin\",\"@id\":\"https:\/\/luchonoticias.com\/editor\/#\/schema\/person\/7a7fd911f58561fd056dbac7b55af9cd\"},\"headline\":\"En momentos en que presuntamente agred\u00eda a su progenitor fue capturado un sujeto\",\"datePublished\":\"2022-08-28T12:04:56+00:00\",\"dateModified\":\"2022-08-28T12:04:57+00:00\",\"mainEntityOfPage\":{\"@id\":\"https:\/\/luchonoticias.com\/editor\/en-momentos-en-que-presuntamente-agredia-a-su-progenitor-fue-capturado-un-sujeto\/\"},\"wordCount\":242,\"commentCount\":0,\"publisher\":{\"@id\":\"https:\/\/luchonoticias.com\/editor\/#\/schema\/person\/7a7fd911f58561fd056dbac7b55af9cd\"},\"articleSection\":[\"Destacado\",\"Judicial\"],\"inLanguage\":\"es\",\"potentialAction\":[{\"@type\":\"CommentAction\",\"name\":\"Comment\",\"target\":[\"https:\/\/luchonoticias.com\/editor\/en-momentos-en-que-presuntamente-agredia-a-su-progenitor-fue-capturado-un-sujeto\/#respond\"]}]},{\"@type\":\"WebPage\",\"@id\":\"https:\/\/luchonoticias.com\/editor\/en-momentos-en-que-presuntamente-agredia-a-su-progenitor-fue-capturado-un-sujeto\/\",\"url\":\"https:\/\/luchonoticias.com\/editor\/en-momentos-en-que-presuntamente-agredia-a-su-progenitor-fue-capturado-un-sujeto\/\",\"name\":\"En momentos en que presuntamente agred\u00eda a su progenitor fue capturado un sujeto -\",\"isPartOf\":{\"@id\":\"https:\/\/luchonoticias.com\/editor\/#website\"},\"datePublished\":\"2022-08-28T12:04:56+00:00\",\"dateModified\":\"2022-08-28T12:04:57+00:00\",\"breadcrumb\":{\"@id\":\"https:\/\/luchonoticias.com\/editor\/en-momentos-en-que-presuntamente-agredia-a-su-progenitor-fue-capturado-un-sujeto\/#breadcrumb\"},\"inLanguage\":\"es\",\"potentialAction\":[{\"@type\":\"ReadAction\",\"target\":[\"https:\/\/luchonoticias.com\/editor\/en-momentos-en-que-presuntamente-agredia-a-su-progenitor-fue-capturado-un-sujeto\/\"]}]},{\"@type\":\"BreadcrumbList\",\"@id\":\"https:\/\/luchonoticias.com\/editor\/en-momentos-en-que-presuntamente-agredia-a-su-progenitor-fue-capturado-un-sujeto\/#breadcrumb\",\"itemListElement\":[{\"@type\":\"ListItem\",\"position\":1,\"name\":\"Portada\",\"item\":\"https:\/\/luchonoticias.com\/editor\/\"},{\"@type\":\"ListItem\",\"position\":2,\"name\":\"En momentos en que presuntamente agred\u00eda a su progenitor fue capturado un sujeto\"}]},{\"@type\":\"WebSite\",\"@id\":\"https:\/\/luchonoticias.com\/editor\/#website\",\"url\":\"https:\/\/luchonoticias.com\/editor\/\",\"name\":\"\",\"description\":\"\",\"publisher\":{\"@id\":\"https:\/\/luchonoticias.com\/editor\/#\/schema\/person\/7a7fd911f58561fd056dbac7b55af9cd\"},\"potentialAction\":[{\"@type\":\"SearchAction\",\"target\":{\"@type\":\"EntryPoint\",\"urlTemplate\":\"https:\/\/luchonoticias.com\/editor\/?s={search_term_string}\"},\"query-input\":{\"@type\":\"PropertyValueSpecification\",\"valueRequired\":true,\"valueName\":\"search_term_string\"}}],\"inLanguage\":\"es\"},{\"@type\":[\"Person\",\"Organization\"],\"@id\":\"https:\/\/luchonoticias.com\/editor\/#\/schema\/person\/7a7fd911f58561fd056dbac7b55af9cd\",\"name\":\"admin\",\"image\":{\"@type\":\"ImageObject\",\"inLanguage\":\"es\",\"@id\":\"https:\/\/luchonoticias.com\/editor\/#\/schema\/person\/image\/\",\"url\":\"https:\/\/luchonoticias.com\/editor\/wp-content\/uploads\/2024\/02\/cropped-cropped-logolu.webp\",\"contentUrl\":\"https:\/\/luchonoticias.com\/editor\/wp-content\/uploads\/2024\/02\/cropped-cropped-logolu.webp\",\"width\":382,\"height\":170,\"caption\":\"admin\"},\"logo\":{\"@id\":\"https:\/\/luchonoticias.com\/editor\/#\/schema\/person\/image\/\"},\"sameAs\":[\"https:\/\/www.facebook.com\/luchonoticiasneiva\"],\"url\":\"https:\/\/luchonoticias.com\/editor\/author\/admin\/\"}]}<\/script>\n<!-- \/ Yoast SEO plugin. -->","yoast_head_json":{"title":"En momentos en que presuntamente agred\u00eda a su progenitor fue capturado un sujeto -","robots":{"index":"index","follow":"follow","max-snippet":"max-snippet:-1","max-image-preview":"max-image-preview:large","max-video-preview":"max-video-preview:-1"},"canonical":"https:\/\/luchonoticias.com\/editor\/en-momentos-en-que-presuntamente-agredia-a-su-progenitor-fue-capturado-un-sujeto\/","og_locale":"es_ES","og_type":"article","og_title":"En momentos en que presuntamente agred\u00eda a su progenitor fue capturado un sujeto -","og_url":"https:\/\/luchonoticias.com\/editor\/en-momentos-en-que-presuntamente-agredia-a-su-progenitor-fue-capturado-un-sujeto\/","article_publisher":"https:\/\/www.facebook.com\/luchonoticiasneiva","article_author":"https:\/\/www.facebook.com\/luchonoticiasneiva","article_published_time":"2022-08-28T12:04:56+00:00","article_modified_time":"2022-08-28T12:04:57+00:00","author":"admin","twitter_card":"summary_large_image","twitter_misc":{"Escrito por":"admin","Tiempo de lectura":"1 minuto"},"schema":{"@context":"https:\/\/schema.org","@graph":[{"@type":"Article","@id":"https:\/\/luchonoticias.com\/editor\/en-momentos-en-que-presuntamente-agredia-a-su-progenitor-fue-capturado-un-sujeto\/#article","isPartOf":{"@id":"https:\/\/luchonoticias.com\/editor\/en-momentos-en-que-presuntamente-agredia-a-su-progenitor-fue-capturado-un-sujeto\/"},"author":{"name":"admin","@id":"https:\/\/luchonoticias.com\/editor\/#\/schema\/person\/7a7fd911f58561fd056dbac7b55af9cd"},"headline":"En momentos en que presuntamente agred\u00eda a su progenitor fue capturado un sujeto","datePublished":"2022-08-28T12:04:56+00:00","dateModified":"2022-08-28T12:04:57+00:00","mainEntityOfPage":{"@id":"https:\/\/luchonoticias.com\/editor\/en-momentos-en-que-presuntamente-agredia-a-su-progenitor-fue-capturado-un-sujeto\/"},"wordCount":242,"commentCount":0,"publisher":{"@id":"https:\/\/luchonoticias.com\/editor\/#\/schema\/person\/7a7fd911f58561fd056dbac7b55af9cd"},"articleSection":["Destacado","Judicial"],"inLanguage":"es","potentialAction":[{"@type":"CommentAction","name":"Comment","target":["https:\/\/luchonoticias.com\/editor\/en-momentos-en-que-presuntamente-agredia-a-su-progenitor-fue-capturado-un-sujeto\/#respond"]}]},{"@type":"WebPage","@id":"https:\/\/luchonoticias.com\/editor\/en-momentos-en-que-presuntamente-agredia-a-su-progenitor-fue-capturado-un-sujeto\/","url":"https:\/\/luchonoticias.com\/editor\/en-momentos-en-que-presuntamente-agredia-a-su-progenitor-fue-capturado-un-sujeto\/","name":"En momentos en que presuntamente agred\u00eda a su progenitor fue capturado un sujeto -","isPartOf":{"@id":"https:\/\/luchonoticias.com\/editor\/#website"},"datePublished":"2022-08-28T12:04:56+00:00","dateModified":"2022-08-28T12:04:57+00:00","breadcrumb":{"@id":"https:\/\/luchonoticias.com\/editor\/en-momentos-en-que-presuntamente-agredia-a-su-progenitor-fue-capturado-un-sujeto\/#breadcrumb"},"inLanguage":"es","potentialAction":[{"@type":"ReadAction","target":["https:\/\/luchonoticias.com\/editor\/en-momentos-en-que-presuntamente-agredia-a-su-progenitor-fue-capturado-un-sujeto\/"]}]},{"@type":"BreadcrumbList","@id":"https:\/\/luchonoticias.com\/editor\/en-momentos-en-que-presuntamente-agredia-a-su-progenitor-fue-capturado-un-sujeto\/#breadcrumb","itemListElement":[{"@type":"ListItem","position":1,"name":"Portada","item":"https:\/\/luchonoticias.com\/editor\/"},{"@type":"ListItem","position":2,"name":"En momentos en que presuntamente agred\u00eda a su progenitor fue capturado un sujeto"}]},{"@type":"WebSite","@id":"https:\/\/luchonoticias.com\/editor\/#website","url":"https:\/\/luchonoticias.com\/editor\/","name":"","description":"","publisher":{"@id":"https:\/\/luchonoticias.com\/editor\/#\/schema\/person\/7a7fd911f58561fd056dbac7b55af9cd"},"potentialAction":[{"@type":"SearchAction","target":{"@type":"EntryPoint","urlTemplate":"https:\/\/luchonoticias.com\/editor\/?s={search_term_string}"},"query-input":{"@type":"PropertyValueSpecification","valueRequired":true,"valueName":"search_term_string"}}],"inLanguage":"es"},{"@type":["Person","Organization"],"@id":"https:\/\/luchonoticias.com\/editor\/#\/schema\/person\/7a7fd911f58561fd056dbac7b55af9cd","name":"admin","image":{"@type":"ImageObject","inLanguage":"es","@id":"https:\/\/luchonoticias.com\/editor\/#\/schema\/person\/image\/","url":"https:\/\/luchonoticias.com\/editor\/wp-content\/uploads\/2024\/02\/cropped-cropped-logolu.webp","contentUrl":"https:\/\/luchonoticias.com\/editor\/wp-content\/uploads\/2024\/02\/cropped-cropped-logolu.webp","width":382,"height":170,"caption":"admin"},"logo":{"@id":"https:\/\/luchonoticias.com\/editor\/#\/schema\/person\/image\/"},"sameAs":["https:\/\/www.facebook.com\/luchonoticiasneiva"],"url":"https:\/\/luchonoticias.com\/editor\/author\/admin\/"}]}},"_links":{"self":[{"href":"https:\/\/luchonoticias.com\/editor\/wp-json\/wp\/v2\/posts\/33180","targetHints":{"allow":["GET"]}}],"collection":[{"href":"https:\/\/luchonoticias.com\/editor\/wp-json\/wp\/v2\/posts"}],"about":[{"href":"https:\/\/luchonoticias.com\/editor\/wp-json\/wp\/v2\/types\/post"}],"author":[{"embeddable":true,"href":"https:\/\/luchonoticias.com\/editor\/wp-json\/wp\/v2\/users\/1"}],"replies":[{"embeddable":true,"href":"https:\/\/luchonoticias.com\/editor\/wp-json\/wp\/v2\/comments?post=33180"}],"version-history":[{"count":0,"href":"https:\/\/luchonoticias.com\/editor\/wp-json\/wp\/v2\/posts\/33180\/revisions"}],"wp:attachment":[{"href":"https:\/\/luchonoticias.com\/editor\/wp-json\/wp\/v2\/media?parent=33180"}],"wp:term":[{"taxonomy":"category","embeddable":true,"href":"https:\/\/luchonoticias.com\/editor\/wp-json\/wp\/v2\/categories?post=33180"},{"taxonomy":"post_tag","embeddable":true,"href":"https:\/\/luchonoticias.com\/editor\/wp-json\/wp\/v2\/tags?post=33180"}],"curies":[{"name":"wp","href":"https:\/\/api.w.org\/{rel}","templated":true}]}}