{"id":33188,"date":"2022-08-28T11:08:55","date_gmt":"2022-08-28T16:08:55","guid":{"rendered":"https:\/\/luchonoticias.com\/?p=33188"},"modified":"2022-08-28T11:08:56","modified_gmt":"2022-08-28T16:08:56","slug":"lopez-es-el-mejor-colombiano-en-la-vuelta-a-espana","status":"publish","type":"post","link":"https:\/\/luchonoticias.com\/editor\/lopez-es-el-mejor-colombiano-en-la-vuelta-a-espana\/","title":{"rendered":"L\u00f3pez es el mejor colombiano en la Vuelta a Espa\u00f1a"},"content":{"rendered":"\n<p>Concluy\u00f3 la&nbsp;<strong>segunda semana&nbsp;<\/strong>de acciones en la&nbsp;<strong>Vuelta a Espa\u00f1a<\/strong>, donde la&nbsp;<strong>victoria fue para el sud\u00e1fricano Louis Mentjes<\/strong>, primer africano en ganar una fracci\u00f3n en la ronda ib\u00e9rica.<\/p>\n\n\n\n<p>Mentjes venci\u00f3 con una ventaja de m\u00e1s de un minuto sobre el italiano Samuele Battistella (compa\u00f1ero de Harold Tejada),&nbsp;<strong>Miguel \u00c1ngel L\u00f3pez fue el mejor colombiano&nbsp;<\/strong>en la casilla 13 a casi tres minutos mientras que el huilense&nbsp;<strong>Harold Tejada cruz\u00f3 la meta en el puesto 80&nbsp;<\/strong>a casi 13 minutos del sudafricano.<\/p>\n\n\n\n<p>En cuanto a la&nbsp;<strong>general&nbsp;<\/strong>esta&nbsp;<strong>no tiene cambios<\/strong>&nbsp;en el primer lugar:&nbsp;<strong>Remco Evenepoel se mantiene de primero<\/strong>&nbsp;mientras que&nbsp;<strong>Miguel \u00c1ngel L\u00f3pez ascendi\u00f3&nbsp;<\/strong>cinco puestos y ahora es octavo; por su parte&nbsp;<strong>Tejada se encuentra clasificado como 110,<\/strong>&nbsp;a 1:24 horas.<\/p>\n\n\n\n<p><strong>Ma\u00f1ana&nbsp;<\/strong>habr\u00e1&nbsp;<strong>jornada de descanso<\/strong>&nbsp;pero el martes vuelven las acciones de la carrera con una&nbsp;<strong>contrarreloj individual<\/strong>&nbsp;de 30 kil\u00f3metros entre Elche y Alicante.<\/p>\n","protected":false},"excerpt":{"rendered":"<p>Concluy\u00f3 la&nbsp;segunda semana&nbsp;de acciones en la&nbsp;Vuelta a Espa\u00f1a, donde la&nbsp;victoria fue para el sud\u00e1fricano Louis Mentjes, primer africano en ganar una fracci\u00f3n en la ronda ib\u00e9rica. Mentjes venci\u00f3 con una ventaja de m\u00e1s de un minuto sobre el italiano Samuele Battistella (compa\u00f1ero de Harold Tejada),&nbsp;Miguel \u00c1ngel L\u00f3pez fue el mejor colombiano&nbsp;en la casilla 13 a [&hellip;]<\/p>\n","protected":false},"author":1,"featured_media":0,"comment_status":"open","ping_status":"open","sticky":false,"template":"","format":"standard","meta":{"footnotes":""},"categories":[34],"tags":[],"class_list":["post-33188","post","type-post","status-publish","format-standard","hentry","category-deportes"],"yoast_head":"<!-- This site is optimized with the Yoast SEO plugin v26.6 - https:\/\/yoast.com\/wordpress\/plugins\/seo\/ -->\n<title>L\u00f3pez es el mejor colombiano en la Vuelta a Espa\u00f1a -<\/title>\n<meta name=\"robots\" content=\"index, follow, max-snippet:-1, max-image-preview:large, max-video-preview:-1\" \/>\n<link rel=\"canonical\" href=\"https:\/\/luchonoticias.com\/editor\/lopez-es-el-mejor-colombiano-en-la-vuelta-a-espana\/\" \/>\n<meta property=\"og:locale\" content=\"es_ES\" \/>\n<meta property=\"og:type\" content=\"article\" \/>\n<meta property=\"og:title\" content=\"L\u00f3pez es el mejor colombiano en la Vuelta a Espa\u00f1a -\" \/>\n<meta property=\"og:url\" content=\"https:\/\/luchonoticias.com\/editor\/lopez-es-el-mejor-colombiano-en-la-vuelta-a-espana\/\" \/>\n<meta property=\"article:publisher\" content=\"https:\/\/www.facebook.com\/luchonoticiasneiva\" \/>\n<meta property=\"article:author\" content=\"https:\/\/www.facebook.com\/luchonoticiasneiva\" \/>\n<meta property=\"article:published_time\" content=\"2022-08-28T16:08:55+00:00\" \/>\n<meta property=\"article:modified_time\" content=\"2022-08-28T16:08:56+00:00\" \/>\n<meta name=\"author\" content=\"admin\" \/>\n<meta name=\"twitter:card\" content=\"summary_large_image\" \/>\n<meta name=\"twitter:label1\" content=\"Escrito por\" \/>\n\t<meta name=\"twitter:data1\" content=\"admin\" \/>\n\t<meta name=\"twitter:label2\" content=\"Tiempo de lectura\" \/>\n\t<meta name=\"twitter:data2\" content=\"1 minuto\" \/>\n<script type=\"application\/ld+json\" class=\"yoast-schema-graph\">{\"@context\":\"https:\/\/schema.org\",\"@graph\":[{\"@type\":\"Article\",\"@id\":\"https:\/\/luchonoticias.com\/editor\/lopez-es-el-mejor-colombiano-en-la-vuelta-a-espana\/#article\",\"isPartOf\":{\"@id\":\"https:\/\/luchonoticias.com\/editor\/lopez-es-el-mejor-colombiano-en-la-vuelta-a-espana\/\"},\"author\":{\"name\":\"admin\",\"@id\":\"https:\/\/luchonoticias.com\/editor\/#\/schema\/person\/7a7fd911f58561fd056dbac7b55af9cd\"},\"headline\":\"L\u00f3pez es el mejor colombiano en la Vuelta a Espa\u00f1a\",\"datePublished\":\"2022-08-28T16:08:55+00:00\",\"dateModified\":\"2022-08-28T16:08:56+00:00\",\"mainEntityOfPage\":{\"@id\":\"https:\/\/luchonoticias.com\/editor\/lopez-es-el-mejor-colombiano-en-la-vuelta-a-espana\/\"},\"wordCount\":190,\"commentCount\":0,\"publisher\":{\"@id\":\"https:\/\/luchonoticias.com\/editor\/#\/schema\/person\/7a7fd911f58561fd056dbac7b55af9cd\"},\"articleSection\":[\"Deportes\"],\"inLanguage\":\"es\",\"potentialAction\":[{\"@type\":\"CommentAction\",\"name\":\"Comment\",\"target\":[\"https:\/\/luchonoticias.com\/editor\/lopez-es-el-mejor-colombiano-en-la-vuelta-a-espana\/#respond\"]}]},{\"@type\":\"WebPage\",\"@id\":\"https:\/\/luchonoticias.com\/editor\/lopez-es-el-mejor-colombiano-en-la-vuelta-a-espana\/\",\"url\":\"https:\/\/luchonoticias.com\/editor\/lopez-es-el-mejor-colombiano-en-la-vuelta-a-espana\/\",\"name\":\"L\u00f3pez es el mejor colombiano en la Vuelta a Espa\u00f1a -\",\"isPartOf\":{\"@id\":\"https:\/\/luchonoticias.com\/editor\/#website\"},\"datePublished\":\"2022-08-28T16:08:55+00:00\",\"dateModified\":\"2022-08-28T16:08:56+00:00\",\"breadcrumb\":{\"@id\":\"https:\/\/luchonoticias.com\/editor\/lopez-es-el-mejor-colombiano-en-la-vuelta-a-espana\/#breadcrumb\"},\"inLanguage\":\"es\",\"potentialAction\":[{\"@type\":\"ReadAction\",\"target\":[\"https:\/\/luchonoticias.com\/editor\/lopez-es-el-mejor-colombiano-en-la-vuelta-a-espana\/\"]}]},{\"@type\":\"BreadcrumbList\",\"@id\":\"https:\/\/luchonoticias.com\/editor\/lopez-es-el-mejor-colombiano-en-la-vuelta-a-espana\/#breadcrumb\",\"itemListElement\":[{\"@type\":\"ListItem\",\"position\":1,\"name\":\"Portada\",\"item\":\"https:\/\/luchonoticias.com\/editor\/\"},{\"@type\":\"ListItem\",\"position\":2,\"name\":\"L\u00f3pez es el mejor colombiano en la Vuelta a Espa\u00f1a\"}]},{\"@type\":\"WebSite\",\"@id\":\"https:\/\/luchonoticias.com\/editor\/#website\",\"url\":\"https:\/\/luchonoticias.com\/editor\/\",\"name\":\"\",\"description\":\"\",\"publisher\":{\"@id\":\"https:\/\/luchonoticias.com\/editor\/#\/schema\/person\/7a7fd911f58561fd056dbac7b55af9cd\"},\"potentialAction\":[{\"@type\":\"SearchAction\",\"target\":{\"@type\":\"EntryPoint\",\"urlTemplate\":\"https:\/\/luchonoticias.com\/editor\/?s={search_term_string}\"},\"query-input\":{\"@type\":\"PropertyValueSpecification\",\"valueRequired\":true,\"valueName\":\"search_term_string\"}}],\"inLanguage\":\"es\"},{\"@type\":[\"Person\",\"Organization\"],\"@id\":\"https:\/\/luchonoticias.com\/editor\/#\/schema\/person\/7a7fd911f58561fd056dbac7b55af9cd\",\"name\":\"admin\",\"image\":{\"@type\":\"ImageObject\",\"inLanguage\":\"es\",\"@id\":\"https:\/\/luchonoticias.com\/editor\/#\/schema\/person\/image\/\",\"url\":\"https:\/\/luchonoticias.com\/editor\/wp-content\/uploads\/2024\/02\/cropped-cropped-logolu.webp\",\"contentUrl\":\"https:\/\/luchonoticias.com\/editor\/wp-content\/uploads\/2024\/02\/cropped-cropped-logolu.webp\",\"width\":382,\"height\":170,\"caption\":\"admin\"},\"logo\":{\"@id\":\"https:\/\/luchonoticias.com\/editor\/#\/schema\/person\/image\/\"},\"sameAs\":[\"https:\/\/www.facebook.com\/luchonoticiasneiva\"],\"url\":\"https:\/\/luchonoticias.com\/editor\/author\/admin\/\"}]}<\/script>\n<!-- \/ Yoast SEO plugin. -->","yoast_head_json":{"title":"L\u00f3pez es el mejor colombiano en la Vuelta a Espa\u00f1a -","robots":{"index":"index","follow":"follow","max-snippet":"max-snippet:-1","max-image-preview":"max-image-preview:large","max-video-preview":"max-video-preview:-1"},"canonical":"https:\/\/luchonoticias.com\/editor\/lopez-es-el-mejor-colombiano-en-la-vuelta-a-espana\/","og_locale":"es_ES","og_type":"article","og_title":"L\u00f3pez es el mejor colombiano en la Vuelta a Espa\u00f1a -","og_url":"https:\/\/luchonoticias.com\/editor\/lopez-es-el-mejor-colombiano-en-la-vuelta-a-espana\/","article_publisher":"https:\/\/www.facebook.com\/luchonoticiasneiva","article_author":"https:\/\/www.facebook.com\/luchonoticiasneiva","article_published_time":"2022-08-28T16:08:55+00:00","article_modified_time":"2022-08-28T16:08:56+00:00","author":"admin","twitter_card":"summary_large_image","twitter_misc":{"Escrito por":"admin","Tiempo de lectura":"1 minuto"},"schema":{"@context":"https:\/\/schema.org","@graph":[{"@type":"Article","@id":"https:\/\/luchonoticias.com\/editor\/lopez-es-el-mejor-colombiano-en-la-vuelta-a-espana\/#article","isPartOf":{"@id":"https:\/\/luchonoticias.com\/editor\/lopez-es-el-mejor-colombiano-en-la-vuelta-a-espana\/"},"author":{"name":"admin","@id":"https:\/\/luchonoticias.com\/editor\/#\/schema\/person\/7a7fd911f58561fd056dbac7b55af9cd"},"headline":"L\u00f3pez es el mejor colombiano en la Vuelta a Espa\u00f1a","datePublished":"2022-08-28T16:08:55+00:00","dateModified":"2022-08-28T16:08:56+00:00","mainEntityOfPage":{"@id":"https:\/\/luchonoticias.com\/editor\/lopez-es-el-mejor-colombiano-en-la-vuelta-a-espana\/"},"wordCount":190,"commentCount":0,"publisher":{"@id":"https:\/\/luchonoticias.com\/editor\/#\/schema\/person\/7a7fd911f58561fd056dbac7b55af9cd"},"articleSection":["Deportes"],"inLanguage":"es","potentialAction":[{"@type":"CommentAction","name":"Comment","target":["https:\/\/luchonoticias.com\/editor\/lopez-es-el-mejor-colombiano-en-la-vuelta-a-espana\/#respond"]}]},{"@type":"WebPage","@id":"https:\/\/luchonoticias.com\/editor\/lopez-es-el-mejor-colombiano-en-la-vuelta-a-espana\/","url":"https:\/\/luchonoticias.com\/editor\/lopez-es-el-mejor-colombiano-en-la-vuelta-a-espana\/","name":"L\u00f3pez es el mejor colombiano en la Vuelta a Espa\u00f1a -","isPartOf":{"@id":"https:\/\/luchonoticias.com\/editor\/#website"},"datePublished":"2022-08-28T16:08:55+00:00","dateModified":"2022-08-28T16:08:56+00:00","breadcrumb":{"@id":"https:\/\/luchonoticias.com\/editor\/lopez-es-el-mejor-colombiano-en-la-vuelta-a-espana\/#breadcrumb"},"inLanguage":"es","potentialAction":[{"@type":"ReadAction","target":["https:\/\/luchonoticias.com\/editor\/lopez-es-el-mejor-colombiano-en-la-vuelta-a-espana\/"]}]},{"@type":"BreadcrumbList","@id":"https:\/\/luchonoticias.com\/editor\/lopez-es-el-mejor-colombiano-en-la-vuelta-a-espana\/#breadcrumb","itemListElement":[{"@type":"ListItem","position":1,"name":"Portada","item":"https:\/\/luchonoticias.com\/editor\/"},{"@type":"ListItem","position":2,"name":"L\u00f3pez es el mejor colombiano en la Vuelta a Espa\u00f1a"}]},{"@type":"WebSite","@id":"https:\/\/luchonoticias.com\/editor\/#website","url":"https:\/\/luchonoticias.com\/editor\/","name":"","description":"","publisher":{"@id":"https:\/\/luchonoticias.com\/editor\/#\/schema\/person\/7a7fd911f58561fd056dbac7b55af9cd"},"potentialAction":[{"@type":"SearchAction","target":{"@type":"EntryPoint","urlTemplate":"https:\/\/luchonoticias.com\/editor\/?s={search_term_string}"},"query-input":{"@type":"PropertyValueSpecification","valueRequired":true,"valueName":"search_term_string"}}],"inLanguage":"es"},{"@type":["Person","Organization"],"@id":"https:\/\/luchonoticias.com\/editor\/#\/schema\/person\/7a7fd911f58561fd056dbac7b55af9cd","name":"admin","image":{"@type":"ImageObject","inLanguage":"es","@id":"https:\/\/luchonoticias.com\/editor\/#\/schema\/person\/image\/","url":"https:\/\/luchonoticias.com\/editor\/wp-content\/uploads\/2024\/02\/cropped-cropped-logolu.webp","contentUrl":"https:\/\/luchonoticias.com\/editor\/wp-content\/uploads\/2024\/02\/cropped-cropped-logolu.webp","width":382,"height":170,"caption":"admin"},"logo":{"@id":"https:\/\/luchonoticias.com\/editor\/#\/schema\/person\/image\/"},"sameAs":["https:\/\/www.facebook.com\/luchonoticiasneiva"],"url":"https:\/\/luchonoticias.com\/editor\/author\/admin\/"}]}},"_links":{"self":[{"href":"https:\/\/luchonoticias.com\/editor\/wp-json\/wp\/v2\/posts\/33188","targetHints":{"allow":["GET"]}}],"collection":[{"href":"https:\/\/luchonoticias.com\/editor\/wp-json\/wp\/v2\/posts"}],"about":[{"href":"https:\/\/luchonoticias.com\/editor\/wp-json\/wp\/v2\/types\/post"}],"author":[{"embeddable":true,"href":"https:\/\/luchonoticias.com\/editor\/wp-json\/wp\/v2\/users\/1"}],"replies":[{"embeddable":true,"href":"https:\/\/luchonoticias.com\/editor\/wp-json\/wp\/v2\/comments?post=33188"}],"version-history":[{"count":0,"href":"https:\/\/luchonoticias.com\/editor\/wp-json\/wp\/v2\/posts\/33188\/revisions"}],"wp:attachment":[{"href":"https:\/\/luchonoticias.com\/editor\/wp-json\/wp\/v2\/media?parent=33188"}],"wp:term":[{"taxonomy":"category","embeddable":true,"href":"https:\/\/luchonoticias.com\/editor\/wp-json\/wp\/v2\/categories?post=33188"},{"taxonomy":"post_tag","embeddable":true,"href":"https:\/\/luchonoticias.com\/editor\/wp-json\/wp\/v2\/tags?post=33188"}],"curies":[{"name":"wp","href":"https:\/\/api.w.org\/{rel}","templated":true}]}}