{"id":33229,"date":"2022-08-29T06:58:41","date_gmt":"2022-08-29T11:58:41","guid":{"rendered":"https:\/\/luchonoticias.com\/?p=33229"},"modified":"2022-08-29T06:58:42","modified_gmt":"2022-08-29T11:58:42","slug":"25-personas-capturadas-durante-los-planes-de-control-durante-el-fin-de-semana-en-el-huila","status":"publish","type":"post","link":"https:\/\/luchonoticias.com\/editor\/25-personas-capturadas-durante-los-planes-de-control-durante-el-fin-de-semana-en-el-huila\/","title":{"rendered":"25 personas capturadas durante los planes de control durante el fin de semana en el Huila"},"content":{"rendered":"\n<p>En el desarrollo de los planes de control y campa\u00f1as preventivas que adelant\u00f3 la Polic\u00eda Huila en todo el departamento para la contenci\u00f3n del delito y comportamientos contrarios a la convivencia, lograron la captura de 9 personas en situaci\u00f3n de flagrancia y 16 por orden judicial. As\u00ed mismo, recuperaron 4 motocicletas e incautaron m\u00e1s de 18 kilos de estupefacientes.&nbsp;&nbsp;&nbsp;<\/p>\n\n\n\n<p>Entre las capturas m\u00e1s destacadas se tiene la de 11 personas por concierto para delinquir con fines de estafa, receptaci\u00f3n, falsedad marcaria y falsedad en documento p\u00fablico; 2 por hurto calificado y agravado, 2 por tr\u00e1fico de estupefacientes, 3 por violencia intrafamiliar y 7 por otros delitos.\u00a0\u00a0\u00a0<\/p>\n\n\n\n<figure class=\"wp-block-gallery has-nested-images columns-default is-cropped wp-block-gallery-1 is-layout-flex wp-block-gallery-is-layout-flex\">\n<figure class=\"wp-block-image size-large\"><img decoding=\"async\" data-id=\"33232\" src=\"https:\/\/luchonoticias.com\/wp-content\/uploads\/2022\/08\/WhatsApp-Image-2022-08-29-at-4.49.19-AM.jpeg\" alt=\"\" class=\"wp-image-33232\"\/><\/figure>\n\n\n\n<figure class=\"wp-block-image size-large\"><img decoding=\"async\" data-id=\"33231\" src=\"https:\/\/luchonoticias.com\/wp-content\/uploads\/2022\/08\/WhatsApp-Image-2022-08-29-at-4.49.17-AM.jpeg\" alt=\"\" class=\"wp-image-33231\"\/><\/figure>\n\n\n\n<figure class=\"wp-block-image size-large\"><img decoding=\"async\" data-id=\"33233\" src=\"https:\/\/luchonoticias.com\/wp-content\/uploads\/2022\/08\/WhatsApp-Image-2022-08-29-at-4.49.15-AM-1-1024x576.jpeg\" alt=\"\" class=\"wp-image-33233\"\/><\/figure>\n<\/figure>\n\n\n\n<p><strong>Aplicaci\u00f3n al C\u00f3digo de convivencia<\/strong><\/p>\n\n\n\n<p>En aplicaci\u00f3n al C\u00f3digo de convivencia y Seguridad Ciudadana se impusieron un total de 74 \u00f3rdenes de comparendos, de los cuales, 13 son por participaci\u00f3n en ri\u00f1as y agresiones f\u00edsicas, 43 por el porte de elementos cortantes, punzantes o semejantes, 1 por el porte de un arma traum\u00e1tica y 6 por irrespeto a la autoridad de polic\u00eda o por incumplir, desacatar o impedir orden de polic\u00eda.&nbsp;&nbsp;&nbsp;&nbsp;&nbsp; &nbsp;<\/p>\n\n\n\n<p><strong>Movilidad<\/strong><\/p>\n\n\n\n<p>En temas de movilidad debemos indicar que tuvimos m\u00e1s 52 mil veh\u00edculos que se movilizaron por las v\u00edas del Departamento, de los cuales, 26.744 ingresaron y 25.388 salieron.<\/p>\n\n\n\n<p>\u201cEl Departamento de Polic\u00eda Huila reitera su compromiso por fortalecer la convivencia y seguridad ciudadana, teniendo como aliados principales nuestros ciudadanos y el aporte de informaci\u00f3n, que nos permitan poner a disposici\u00f3n de las autoridades competentes aquellos delincuentes dedicados afectar la tranquilidad de nuestros ciudadanos\u201d, indicaron las autoridades en un comunicado.<\/p>\n","protected":false},"excerpt":{"rendered":"<p>En el desarrollo de los planes de control y campa\u00f1as preventivas que adelant\u00f3 la Polic\u00eda Huila en todo el departamento para la contenci\u00f3n del delito y comportamientos contrarios a la convivencia, lograron la captura de 9 personas en situaci\u00f3n de flagrancia y 16 por orden judicial. As\u00ed mismo, recuperaron 4 motocicletas e incautaron m\u00e1s de [&hellip;]<\/p>\n","protected":false},"author":1,"featured_media":0,"comment_status":"open","ping_status":"open","sticky":false,"template":"","format":"standard","meta":{"footnotes":""},"categories":[36,33],"tags":[],"class_list":["post-33229","post","type-post","status-publish","format-standard","hentry","category-destacado","category-huila"],"yoast_head":"<!-- This site is optimized with the Yoast SEO plugin v26.6 - https:\/\/yoast.com\/wordpress\/plugins\/seo\/ -->\n<title>25 personas capturadas durante los planes de control durante el fin de semana en el Huila -<\/title>\n<meta name=\"robots\" content=\"index, follow, max-snippet:-1, max-image-preview:large, max-video-preview:-1\" \/>\n<link rel=\"canonical\" href=\"https:\/\/luchonoticias.com\/editor\/25-personas-capturadas-durante-los-planes-de-control-durante-el-fin-de-semana-en-el-huila\/\" \/>\n<meta property=\"og:locale\" content=\"es_ES\" \/>\n<meta property=\"og:type\" content=\"article\" \/>\n<meta property=\"og:title\" content=\"25 personas capturadas durante los planes de control durante el fin de semana en el Huila -\" \/>\n<meta property=\"og:url\" content=\"https:\/\/luchonoticias.com\/editor\/25-personas-capturadas-durante-los-planes-de-control-durante-el-fin-de-semana-en-el-huila\/\" \/>\n<meta property=\"article:publisher\" content=\"https:\/\/www.facebook.com\/luchonoticiasneiva\" \/>\n<meta property=\"article:author\" content=\"https:\/\/www.facebook.com\/luchonoticiasneiva\" \/>\n<meta property=\"article:published_time\" content=\"2022-08-29T11:58:41+00:00\" \/>\n<meta property=\"article:modified_time\" content=\"2022-08-29T11:58:42+00:00\" \/>\n<meta property=\"og:image\" content=\"https:\/\/luchonoticias.com\/wp-content\/uploads\/2022\/08\/WhatsApp-Image-2022-08-29-at-4.49.19-AM.jpeg\" \/>\n<meta name=\"author\" content=\"admin\" \/>\n<meta name=\"twitter:card\" content=\"summary_large_image\" \/>\n<meta name=\"twitter:label1\" content=\"Escrito por\" \/>\n\t<meta name=\"twitter:data1\" content=\"admin\" \/>\n\t<meta name=\"twitter:label2\" content=\"Tiempo de lectura\" \/>\n\t<meta name=\"twitter:data2\" content=\"1 minuto\" \/>\n<script type=\"application\/ld+json\" class=\"yoast-schema-graph\">{\"@context\":\"https:\/\/schema.org\",\"@graph\":[{\"@type\":\"Article\",\"@id\":\"https:\/\/luchonoticias.com\/editor\/25-personas-capturadas-durante-los-planes-de-control-durante-el-fin-de-semana-en-el-huila\/#article\",\"isPartOf\":{\"@id\":\"https:\/\/luchonoticias.com\/editor\/25-personas-capturadas-durante-los-planes-de-control-durante-el-fin-de-semana-en-el-huila\/\"},\"author\":{\"name\":\"admin\",\"@id\":\"https:\/\/luchonoticias.com\/editor\/#\/schema\/person\/7a7fd911f58561fd056dbac7b55af9cd\"},\"headline\":\"25 personas capturadas durante los planes de control durante el fin de semana en el Huila\",\"datePublished\":\"2022-08-29T11:58:41+00:00\",\"dateModified\":\"2022-08-29T11:58:42+00:00\",\"mainEntityOfPage\":{\"@id\":\"https:\/\/luchonoticias.com\/editor\/25-personas-capturadas-durante-los-planes-de-control-durante-el-fin-de-semana-en-el-huila\/\"},\"wordCount\":289,\"commentCount\":0,\"publisher\":{\"@id\":\"https:\/\/luchonoticias.com\/editor\/#\/schema\/person\/7a7fd911f58561fd056dbac7b55af9cd\"},\"image\":{\"@id\":\"https:\/\/luchonoticias.com\/editor\/25-personas-capturadas-durante-los-planes-de-control-durante-el-fin-de-semana-en-el-huila\/#primaryimage\"},\"thumbnailUrl\":\"https:\/\/luchonoticias.com\/wp-content\/uploads\/2022\/08\/WhatsApp-Image-2022-08-29-at-4.49.19-AM.jpeg\",\"articleSection\":[\"Destacado\",\"Huila\"],\"inLanguage\":\"es\",\"potentialAction\":[{\"@type\":\"CommentAction\",\"name\":\"Comment\",\"target\":[\"https:\/\/luchonoticias.com\/editor\/25-personas-capturadas-durante-los-planes-de-control-durante-el-fin-de-semana-en-el-huila\/#respond\"]}]},{\"@type\":\"WebPage\",\"@id\":\"https:\/\/luchonoticias.com\/editor\/25-personas-capturadas-durante-los-planes-de-control-durante-el-fin-de-semana-en-el-huila\/\",\"url\":\"https:\/\/luchonoticias.com\/editor\/25-personas-capturadas-durante-los-planes-de-control-durante-el-fin-de-semana-en-el-huila\/\",\"name\":\"25 personas capturadas durante los planes de control durante el fin de semana en el Huila -\",\"isPartOf\":{\"@id\":\"https:\/\/luchonoticias.com\/editor\/#website\"},\"primaryImageOfPage\":{\"@id\":\"https:\/\/luchonoticias.com\/editor\/25-personas-capturadas-durante-los-planes-de-control-durante-el-fin-de-semana-en-el-huila\/#primaryimage\"},\"image\":{\"@id\":\"https:\/\/luchonoticias.com\/editor\/25-personas-capturadas-durante-los-planes-de-control-durante-el-fin-de-semana-en-el-huila\/#primaryimage\"},\"thumbnailUrl\":\"https:\/\/luchonoticias.com\/wp-content\/uploads\/2022\/08\/WhatsApp-Image-2022-08-29-at-4.49.19-AM.jpeg\",\"datePublished\":\"2022-08-29T11:58:41+00:00\",\"dateModified\":\"2022-08-29T11:58:42+00:00\",\"breadcrumb\":{\"@id\":\"https:\/\/luchonoticias.com\/editor\/25-personas-capturadas-durante-los-planes-de-control-durante-el-fin-de-semana-en-el-huila\/#breadcrumb\"},\"inLanguage\":\"es\",\"potentialAction\":[{\"@type\":\"ReadAction\",\"target\":[\"https:\/\/luchonoticias.com\/editor\/25-personas-capturadas-durante-los-planes-de-control-durante-el-fin-de-semana-en-el-huila\/\"]}]},{\"@type\":\"ImageObject\",\"inLanguage\":\"es\",\"@id\":\"https:\/\/luchonoticias.com\/editor\/25-personas-capturadas-durante-los-planes-de-control-durante-el-fin-de-semana-en-el-huila\/#primaryimage\",\"url\":\"https:\/\/luchonoticias.com\/wp-content\/uploads\/2022\/08\/WhatsApp-Image-2022-08-29-at-4.49.19-AM.jpeg\",\"contentUrl\":\"https:\/\/luchonoticias.com\/wp-content\/uploads\/2022\/08\/WhatsApp-Image-2022-08-29-at-4.49.19-AM.jpeg\"},{\"@type\":\"BreadcrumbList\",\"@id\":\"https:\/\/luchonoticias.com\/editor\/25-personas-capturadas-durante-los-planes-de-control-durante-el-fin-de-semana-en-el-huila\/#breadcrumb\",\"itemListElement\":[{\"@type\":\"ListItem\",\"position\":1,\"name\":\"Portada\",\"item\":\"https:\/\/luchonoticias.com\/editor\/\"},{\"@type\":\"ListItem\",\"position\":2,\"name\":\"25 personas capturadas durante los planes de control durante el fin de semana en el Huila\"}]},{\"@type\":\"WebSite\",\"@id\":\"https:\/\/luchonoticias.com\/editor\/#website\",\"url\":\"https:\/\/luchonoticias.com\/editor\/\",\"name\":\"\",\"description\":\"\",\"publisher\":{\"@id\":\"https:\/\/luchonoticias.com\/editor\/#\/schema\/person\/7a7fd911f58561fd056dbac7b55af9cd\"},\"potentialAction\":[{\"@type\":\"SearchAction\",\"target\":{\"@type\":\"EntryPoint\",\"urlTemplate\":\"https:\/\/luchonoticias.com\/editor\/?s={search_term_string}\"},\"query-input\":{\"@type\":\"PropertyValueSpecification\",\"valueRequired\":true,\"valueName\":\"search_term_string\"}}],\"inLanguage\":\"es\"},{\"@type\":[\"Person\",\"Organization\"],\"@id\":\"https:\/\/luchonoticias.com\/editor\/#\/schema\/person\/7a7fd911f58561fd056dbac7b55af9cd\",\"name\":\"admin\",\"image\":{\"@type\":\"ImageObject\",\"inLanguage\":\"es\",\"@id\":\"https:\/\/luchonoticias.com\/editor\/#\/schema\/person\/image\/\",\"url\":\"https:\/\/luchonoticias.com\/editor\/wp-content\/uploads\/2024\/02\/cropped-cropped-logolu.webp\",\"contentUrl\":\"https:\/\/luchonoticias.com\/editor\/wp-content\/uploads\/2024\/02\/cropped-cropped-logolu.webp\",\"width\":382,\"height\":170,\"caption\":\"admin\"},\"logo\":{\"@id\":\"https:\/\/luchonoticias.com\/editor\/#\/schema\/person\/image\/\"},\"sameAs\":[\"https:\/\/www.facebook.com\/luchonoticiasneiva\"],\"url\":\"https:\/\/luchonoticias.com\/editor\/author\/admin\/\"}]}<\/script>\n<!-- \/ Yoast SEO plugin. -->","yoast_head_json":{"title":"25 personas capturadas durante los planes de control durante el fin de semana en el Huila -","robots":{"index":"index","follow":"follow","max-snippet":"max-snippet:-1","max-image-preview":"max-image-preview:large","max-video-preview":"max-video-preview:-1"},"canonical":"https:\/\/luchonoticias.com\/editor\/25-personas-capturadas-durante-los-planes-de-control-durante-el-fin-de-semana-en-el-huila\/","og_locale":"es_ES","og_type":"article","og_title":"25 personas capturadas durante los planes de control durante el fin de semana en el Huila -","og_url":"https:\/\/luchonoticias.com\/editor\/25-personas-capturadas-durante-los-planes-de-control-durante-el-fin-de-semana-en-el-huila\/","article_publisher":"https:\/\/www.facebook.com\/luchonoticiasneiva","article_author":"https:\/\/www.facebook.com\/luchonoticiasneiva","article_published_time":"2022-08-29T11:58:41+00:00","article_modified_time":"2022-08-29T11:58:42+00:00","og_image":[{"url":"https:\/\/luchonoticias.com\/wp-content\/uploads\/2022\/08\/WhatsApp-Image-2022-08-29-at-4.49.19-AM.jpeg","type":"","width":"","height":""}],"author":"admin","twitter_card":"summary_large_image","twitter_misc":{"Escrito por":"admin","Tiempo de lectura":"1 minuto"},"schema":{"@context":"https:\/\/schema.org","@graph":[{"@type":"Article","@id":"https:\/\/luchonoticias.com\/editor\/25-personas-capturadas-durante-los-planes-de-control-durante-el-fin-de-semana-en-el-huila\/#article","isPartOf":{"@id":"https:\/\/luchonoticias.com\/editor\/25-personas-capturadas-durante-los-planes-de-control-durante-el-fin-de-semana-en-el-huila\/"},"author":{"name":"admin","@id":"https:\/\/luchonoticias.com\/editor\/#\/schema\/person\/7a7fd911f58561fd056dbac7b55af9cd"},"headline":"25 personas capturadas durante los planes de control durante el fin de semana en el Huila","datePublished":"2022-08-29T11:58:41+00:00","dateModified":"2022-08-29T11:58:42+00:00","mainEntityOfPage":{"@id":"https:\/\/luchonoticias.com\/editor\/25-personas-capturadas-durante-los-planes-de-control-durante-el-fin-de-semana-en-el-huila\/"},"wordCount":289,"commentCount":0,"publisher":{"@id":"https:\/\/luchonoticias.com\/editor\/#\/schema\/person\/7a7fd911f58561fd056dbac7b55af9cd"},"image":{"@id":"https:\/\/luchonoticias.com\/editor\/25-personas-capturadas-durante-los-planes-de-control-durante-el-fin-de-semana-en-el-huila\/#primaryimage"},"thumbnailUrl":"https:\/\/luchonoticias.com\/wp-content\/uploads\/2022\/08\/WhatsApp-Image-2022-08-29-at-4.49.19-AM.jpeg","articleSection":["Destacado","Huila"],"inLanguage":"es","potentialAction":[{"@type":"CommentAction","name":"Comment","target":["https:\/\/luchonoticias.com\/editor\/25-personas-capturadas-durante-los-planes-de-control-durante-el-fin-de-semana-en-el-huila\/#respond"]}]},{"@type":"WebPage","@id":"https:\/\/luchonoticias.com\/editor\/25-personas-capturadas-durante-los-planes-de-control-durante-el-fin-de-semana-en-el-huila\/","url":"https:\/\/luchonoticias.com\/editor\/25-personas-capturadas-durante-los-planes-de-control-durante-el-fin-de-semana-en-el-huila\/","name":"25 personas capturadas durante los planes de control durante el fin de semana en el Huila -","isPartOf":{"@id":"https:\/\/luchonoticias.com\/editor\/#website"},"primaryImageOfPage":{"@id":"https:\/\/luchonoticias.com\/editor\/25-personas-capturadas-durante-los-planes-de-control-durante-el-fin-de-semana-en-el-huila\/#primaryimage"},"image":{"@id":"https:\/\/luchonoticias.com\/editor\/25-personas-capturadas-durante-los-planes-de-control-durante-el-fin-de-semana-en-el-huila\/#primaryimage"},"thumbnailUrl":"https:\/\/luchonoticias.com\/wp-content\/uploads\/2022\/08\/WhatsApp-Image-2022-08-29-at-4.49.19-AM.jpeg","datePublished":"2022-08-29T11:58:41+00:00","dateModified":"2022-08-29T11:58:42+00:00","breadcrumb":{"@id":"https:\/\/luchonoticias.com\/editor\/25-personas-capturadas-durante-los-planes-de-control-durante-el-fin-de-semana-en-el-huila\/#breadcrumb"},"inLanguage":"es","potentialAction":[{"@type":"ReadAction","target":["https:\/\/luchonoticias.com\/editor\/25-personas-capturadas-durante-los-planes-de-control-durante-el-fin-de-semana-en-el-huila\/"]}]},{"@type":"ImageObject","inLanguage":"es","@id":"https:\/\/luchonoticias.com\/editor\/25-personas-capturadas-durante-los-planes-de-control-durante-el-fin-de-semana-en-el-huila\/#primaryimage","url":"https:\/\/luchonoticias.com\/wp-content\/uploads\/2022\/08\/WhatsApp-Image-2022-08-29-at-4.49.19-AM.jpeg","contentUrl":"https:\/\/luchonoticias.com\/wp-content\/uploads\/2022\/08\/WhatsApp-Image-2022-08-29-at-4.49.19-AM.jpeg"},{"@type":"BreadcrumbList","@id":"https:\/\/luchonoticias.com\/editor\/25-personas-capturadas-durante-los-planes-de-control-durante-el-fin-de-semana-en-el-huila\/#breadcrumb","itemListElement":[{"@type":"ListItem","position":1,"name":"Portada","item":"https:\/\/luchonoticias.com\/editor\/"},{"@type":"ListItem","position":2,"name":"25 personas capturadas durante los planes de control durante el fin de semana en el Huila"}]},{"@type":"WebSite","@id":"https:\/\/luchonoticias.com\/editor\/#website","url":"https:\/\/luchonoticias.com\/editor\/","name":"","description":"","publisher":{"@id":"https:\/\/luchonoticias.com\/editor\/#\/schema\/person\/7a7fd911f58561fd056dbac7b55af9cd"},"potentialAction":[{"@type":"SearchAction","target":{"@type":"EntryPoint","urlTemplate":"https:\/\/luchonoticias.com\/editor\/?s={search_term_string}"},"query-input":{"@type":"PropertyValueSpecification","valueRequired":true,"valueName":"search_term_string"}}],"inLanguage":"es"},{"@type":["Person","Organization"],"@id":"https:\/\/luchonoticias.com\/editor\/#\/schema\/person\/7a7fd911f58561fd056dbac7b55af9cd","name":"admin","image":{"@type":"ImageObject","inLanguage":"es","@id":"https:\/\/luchonoticias.com\/editor\/#\/schema\/person\/image\/","url":"https:\/\/luchonoticias.com\/editor\/wp-content\/uploads\/2024\/02\/cropped-cropped-logolu.webp","contentUrl":"https:\/\/luchonoticias.com\/editor\/wp-content\/uploads\/2024\/02\/cropped-cropped-logolu.webp","width":382,"height":170,"caption":"admin"},"logo":{"@id":"https:\/\/luchonoticias.com\/editor\/#\/schema\/person\/image\/"},"sameAs":["https:\/\/www.facebook.com\/luchonoticiasneiva"],"url":"https:\/\/luchonoticias.com\/editor\/author\/admin\/"}]}},"_links":{"self":[{"href":"https:\/\/luchonoticias.com\/editor\/wp-json\/wp\/v2\/posts\/33229","targetHints":{"allow":["GET"]}}],"collection":[{"href":"https:\/\/luchonoticias.com\/editor\/wp-json\/wp\/v2\/posts"}],"about":[{"href":"https:\/\/luchonoticias.com\/editor\/wp-json\/wp\/v2\/types\/post"}],"author":[{"embeddable":true,"href":"https:\/\/luchonoticias.com\/editor\/wp-json\/wp\/v2\/users\/1"}],"replies":[{"embeddable":true,"href":"https:\/\/luchonoticias.com\/editor\/wp-json\/wp\/v2\/comments?post=33229"}],"version-history":[{"count":0,"href":"https:\/\/luchonoticias.com\/editor\/wp-json\/wp\/v2\/posts\/33229\/revisions"}],"wp:attachment":[{"href":"https:\/\/luchonoticias.com\/editor\/wp-json\/wp\/v2\/media?parent=33229"}],"wp:term":[{"taxonomy":"category","embeddable":true,"href":"https:\/\/luchonoticias.com\/editor\/wp-json\/wp\/v2\/categories?post=33229"},{"taxonomy":"post_tag","embeddable":true,"href":"https:\/\/luchonoticias.com\/editor\/wp-json\/wp\/v2\/tags?post=33229"}],"curies":[{"name":"wp","href":"https:\/\/api.w.org\/{rel}","templated":true}]}}