{"id":33235,"date":"2022-08-29T07:06:12","date_gmt":"2022-08-29T12:06:12","guid":{"rendered":"https:\/\/luchonoticias.com\/?p=33235"},"modified":"2022-08-29T07:06:13","modified_gmt":"2022-08-29T12:06:13","slug":"coronel-olga-patricia-salazar-nueva-comandante-de-la-dijin","status":"publish","type":"post","link":"https:\/\/luchonoticias.com\/editor\/coronel-olga-patricia-salazar-nueva-comandante-de-la-dijin\/","title":{"rendered":"Coronel Olga Patricia Salazar nueva comandante de la Dij\u00edn\u00a0"},"content":{"rendered":"\n<p>Los cambios en la c\u00fapula de la Polic\u00eda Nacional siguen d\u00e1ndose a conocer y la nueva designaci\u00f3n de la coronel Olga Patricia Salazar como nueva comandante de la Dij\u00edn, deja un hecho hist\u00f3rico en Colombia, al convertirla en la primera mujer en ocupar este cargo.<\/p>\n\n\n\n<p>La coronel Salazar reemplazar\u00e1 al coronel Juan Miguel Thiriat Tovar en la Direcci\u00f3n de Investigaci\u00f3n Criminal e Interpol (Dijin), quien fue designado para el cargo cuando se nombr\u00f3 la nueva c\u00fapula de la Polic\u00eda Nacional a inicios de esta semana.<\/p>\n\n\n\n<p><strong>Resumen de su vida<\/strong><\/p>\n\n\n\n<p>La nueva comandante de la Dijin es oriunda de Boavita (Boyac\u00e1) y anteriormente labor\u00f3 como directora de la Escuela de Suboficiales y Nivel Ejecutivo \u2018Gonzalo Jim\u00e9nez de Quesada\u2019, jefe del \u00e1rea jur\u00eddica de la Secretar\u00eda General y jefe del \u00e1rea de Protecci\u00f3n a Personas e Instalaciones de la Direcci\u00f3n de Protecci\u00f3n y Servicios Especiales (DIPRO).<\/p>\n\n\n\n<p>Es abogada con especializaci\u00f3n en Derecho Internacional Humanitario y Derechos Humanos, Servicio de Polic\u00eda y Seguridad. Se desempe\u00f1\u00f3 como jefe de Infancia y Adolescencia de Polic\u00eda de Bogot\u00e1, tiene una trayectoria de 25 a\u00f1os y en su hoja de vida reposan 43 condecoraciones y 70 felicitaciones, seg\u00fan informa el portal web de la Polic\u00eda.<\/p>\n","protected":false},"excerpt":{"rendered":"<p>Los cambios en la c\u00fapula de la Polic\u00eda Nacional siguen d\u00e1ndose a conocer y la nueva designaci\u00f3n de la coronel Olga Patricia Salazar como nueva comandante de la Dij\u00edn, deja un hecho hist\u00f3rico en Colombia, al convertirla en la primera mujer en ocupar este cargo. La coronel Salazar reemplazar\u00e1 al coronel Juan Miguel Thiriat Tovar [&hellip;]<\/p>\n","protected":false},"author":1,"featured_media":0,"comment_status":"open","ping_status":"open","sticky":false,"template":"","format":"standard","meta":{"footnotes":""},"categories":[28,36],"tags":[],"class_list":["post-33235","post","type-post","status-publish","format-standard","hentry","category-actualidad","category-destacado"],"yoast_head":"<!-- This site is optimized with the Yoast SEO plugin v26.6 - https:\/\/yoast.com\/wordpress\/plugins\/seo\/ -->\n<title>Coronel Olga Patricia Salazar nueva comandante de la Dij\u00edn\u00a0 -<\/title>\n<meta name=\"robots\" content=\"index, follow, max-snippet:-1, max-image-preview:large, max-video-preview:-1\" \/>\n<link rel=\"canonical\" href=\"https:\/\/luchonoticias.com\/editor\/coronel-olga-patricia-salazar-nueva-comandante-de-la-dijin\/\" \/>\n<meta property=\"og:locale\" content=\"es_ES\" \/>\n<meta property=\"og:type\" content=\"article\" \/>\n<meta property=\"og:title\" content=\"Coronel Olga Patricia Salazar nueva comandante de la Dij\u00edn\u00a0 -\" \/>\n<meta property=\"og:url\" content=\"https:\/\/luchonoticias.com\/editor\/coronel-olga-patricia-salazar-nueva-comandante-de-la-dijin\/\" \/>\n<meta property=\"article:publisher\" content=\"https:\/\/www.facebook.com\/luchonoticiasneiva\" \/>\n<meta property=\"article:author\" content=\"https:\/\/www.facebook.com\/luchonoticiasneiva\" \/>\n<meta property=\"article:published_time\" content=\"2022-08-29T12:06:12+00:00\" \/>\n<meta property=\"article:modified_time\" content=\"2022-08-29T12:06:13+00:00\" \/>\n<meta name=\"author\" content=\"admin\" \/>\n<meta name=\"twitter:card\" content=\"summary_large_image\" \/>\n<meta name=\"twitter:label1\" content=\"Escrito por\" \/>\n\t<meta name=\"twitter:data1\" content=\"admin\" \/>\n\t<meta name=\"twitter:label2\" content=\"Tiempo de lectura\" \/>\n\t<meta name=\"twitter:data2\" content=\"1 minuto\" \/>\n<script type=\"application\/ld+json\" class=\"yoast-schema-graph\">{\"@context\":\"https:\/\/schema.org\",\"@graph\":[{\"@type\":\"Article\",\"@id\":\"https:\/\/luchonoticias.com\/editor\/coronel-olga-patricia-salazar-nueva-comandante-de-la-dijin\/#article\",\"isPartOf\":{\"@id\":\"https:\/\/luchonoticias.com\/editor\/coronel-olga-patricia-salazar-nueva-comandante-de-la-dijin\/\"},\"author\":{\"name\":\"admin\",\"@id\":\"https:\/\/luchonoticias.com\/editor\/#\/schema\/person\/7a7fd911f58561fd056dbac7b55af9cd\"},\"headline\":\"Coronel Olga Patricia Salazar nueva comandante de la Dij\u00edn\u00a0\",\"datePublished\":\"2022-08-29T12:06:12+00:00\",\"dateModified\":\"2022-08-29T12:06:13+00:00\",\"mainEntityOfPage\":{\"@id\":\"https:\/\/luchonoticias.com\/editor\/coronel-olga-patricia-salazar-nueva-comandante-de-la-dijin\/\"},\"wordCount\":227,\"commentCount\":0,\"publisher\":{\"@id\":\"https:\/\/luchonoticias.com\/editor\/#\/schema\/person\/7a7fd911f58561fd056dbac7b55af9cd\"},\"articleSection\":[\"Actualidad\",\"Destacado\"],\"inLanguage\":\"es\",\"potentialAction\":[{\"@type\":\"CommentAction\",\"name\":\"Comment\",\"target\":[\"https:\/\/luchonoticias.com\/editor\/coronel-olga-patricia-salazar-nueva-comandante-de-la-dijin\/#respond\"]}]},{\"@type\":\"WebPage\",\"@id\":\"https:\/\/luchonoticias.com\/editor\/coronel-olga-patricia-salazar-nueva-comandante-de-la-dijin\/\",\"url\":\"https:\/\/luchonoticias.com\/editor\/coronel-olga-patricia-salazar-nueva-comandante-de-la-dijin\/\",\"name\":\"Coronel Olga Patricia Salazar nueva comandante de la Dij\u00edn\u00a0 -\",\"isPartOf\":{\"@id\":\"https:\/\/luchonoticias.com\/editor\/#website\"},\"datePublished\":\"2022-08-29T12:06:12+00:00\",\"dateModified\":\"2022-08-29T12:06:13+00:00\",\"breadcrumb\":{\"@id\":\"https:\/\/luchonoticias.com\/editor\/coronel-olga-patricia-salazar-nueva-comandante-de-la-dijin\/#breadcrumb\"},\"inLanguage\":\"es\",\"potentialAction\":[{\"@type\":\"ReadAction\",\"target\":[\"https:\/\/luchonoticias.com\/editor\/coronel-olga-patricia-salazar-nueva-comandante-de-la-dijin\/\"]}]},{\"@type\":\"BreadcrumbList\",\"@id\":\"https:\/\/luchonoticias.com\/editor\/coronel-olga-patricia-salazar-nueva-comandante-de-la-dijin\/#breadcrumb\",\"itemListElement\":[{\"@type\":\"ListItem\",\"position\":1,\"name\":\"Portada\",\"item\":\"https:\/\/luchonoticias.com\/editor\/\"},{\"@type\":\"ListItem\",\"position\":2,\"name\":\"Coronel Olga Patricia Salazar nueva comandante de la Dij\u00edn\u00a0\"}]},{\"@type\":\"WebSite\",\"@id\":\"https:\/\/luchonoticias.com\/editor\/#website\",\"url\":\"https:\/\/luchonoticias.com\/editor\/\",\"name\":\"\",\"description\":\"\",\"publisher\":{\"@id\":\"https:\/\/luchonoticias.com\/editor\/#\/schema\/person\/7a7fd911f58561fd056dbac7b55af9cd\"},\"potentialAction\":[{\"@type\":\"SearchAction\",\"target\":{\"@type\":\"EntryPoint\",\"urlTemplate\":\"https:\/\/luchonoticias.com\/editor\/?s={search_term_string}\"},\"query-input\":{\"@type\":\"PropertyValueSpecification\",\"valueRequired\":true,\"valueName\":\"search_term_string\"}}],\"inLanguage\":\"es\"},{\"@type\":[\"Person\",\"Organization\"],\"@id\":\"https:\/\/luchonoticias.com\/editor\/#\/schema\/person\/7a7fd911f58561fd056dbac7b55af9cd\",\"name\":\"admin\",\"image\":{\"@type\":\"ImageObject\",\"inLanguage\":\"es\",\"@id\":\"https:\/\/luchonoticias.com\/editor\/#\/schema\/person\/image\/\",\"url\":\"https:\/\/luchonoticias.com\/editor\/wp-content\/uploads\/2024\/02\/cropped-cropped-logolu.webp\",\"contentUrl\":\"https:\/\/luchonoticias.com\/editor\/wp-content\/uploads\/2024\/02\/cropped-cropped-logolu.webp\",\"width\":382,\"height\":170,\"caption\":\"admin\"},\"logo\":{\"@id\":\"https:\/\/luchonoticias.com\/editor\/#\/schema\/person\/image\/\"},\"sameAs\":[\"https:\/\/www.facebook.com\/luchonoticiasneiva\"],\"url\":\"https:\/\/luchonoticias.com\/editor\/author\/admin\/\"}]}<\/script>\n<!-- \/ Yoast SEO plugin. -->","yoast_head_json":{"title":"Coronel Olga Patricia Salazar nueva comandante de la Dij\u00edn\u00a0 -","robots":{"index":"index","follow":"follow","max-snippet":"max-snippet:-1","max-image-preview":"max-image-preview:large","max-video-preview":"max-video-preview:-1"},"canonical":"https:\/\/luchonoticias.com\/editor\/coronel-olga-patricia-salazar-nueva-comandante-de-la-dijin\/","og_locale":"es_ES","og_type":"article","og_title":"Coronel Olga Patricia Salazar nueva comandante de la Dij\u00edn\u00a0 -","og_url":"https:\/\/luchonoticias.com\/editor\/coronel-olga-patricia-salazar-nueva-comandante-de-la-dijin\/","article_publisher":"https:\/\/www.facebook.com\/luchonoticiasneiva","article_author":"https:\/\/www.facebook.com\/luchonoticiasneiva","article_published_time":"2022-08-29T12:06:12+00:00","article_modified_time":"2022-08-29T12:06:13+00:00","author":"admin","twitter_card":"summary_large_image","twitter_misc":{"Escrito por":"admin","Tiempo de lectura":"1 minuto"},"schema":{"@context":"https:\/\/schema.org","@graph":[{"@type":"Article","@id":"https:\/\/luchonoticias.com\/editor\/coronel-olga-patricia-salazar-nueva-comandante-de-la-dijin\/#article","isPartOf":{"@id":"https:\/\/luchonoticias.com\/editor\/coronel-olga-patricia-salazar-nueva-comandante-de-la-dijin\/"},"author":{"name":"admin","@id":"https:\/\/luchonoticias.com\/editor\/#\/schema\/person\/7a7fd911f58561fd056dbac7b55af9cd"},"headline":"Coronel Olga Patricia Salazar nueva comandante de la Dij\u00edn\u00a0","datePublished":"2022-08-29T12:06:12+00:00","dateModified":"2022-08-29T12:06:13+00:00","mainEntityOfPage":{"@id":"https:\/\/luchonoticias.com\/editor\/coronel-olga-patricia-salazar-nueva-comandante-de-la-dijin\/"},"wordCount":227,"commentCount":0,"publisher":{"@id":"https:\/\/luchonoticias.com\/editor\/#\/schema\/person\/7a7fd911f58561fd056dbac7b55af9cd"},"articleSection":["Actualidad","Destacado"],"inLanguage":"es","potentialAction":[{"@type":"CommentAction","name":"Comment","target":["https:\/\/luchonoticias.com\/editor\/coronel-olga-patricia-salazar-nueva-comandante-de-la-dijin\/#respond"]}]},{"@type":"WebPage","@id":"https:\/\/luchonoticias.com\/editor\/coronel-olga-patricia-salazar-nueva-comandante-de-la-dijin\/","url":"https:\/\/luchonoticias.com\/editor\/coronel-olga-patricia-salazar-nueva-comandante-de-la-dijin\/","name":"Coronel Olga Patricia Salazar nueva comandante de la Dij\u00edn\u00a0 -","isPartOf":{"@id":"https:\/\/luchonoticias.com\/editor\/#website"},"datePublished":"2022-08-29T12:06:12+00:00","dateModified":"2022-08-29T12:06:13+00:00","breadcrumb":{"@id":"https:\/\/luchonoticias.com\/editor\/coronel-olga-patricia-salazar-nueva-comandante-de-la-dijin\/#breadcrumb"},"inLanguage":"es","potentialAction":[{"@type":"ReadAction","target":["https:\/\/luchonoticias.com\/editor\/coronel-olga-patricia-salazar-nueva-comandante-de-la-dijin\/"]}]},{"@type":"BreadcrumbList","@id":"https:\/\/luchonoticias.com\/editor\/coronel-olga-patricia-salazar-nueva-comandante-de-la-dijin\/#breadcrumb","itemListElement":[{"@type":"ListItem","position":1,"name":"Portada","item":"https:\/\/luchonoticias.com\/editor\/"},{"@type":"ListItem","position":2,"name":"Coronel Olga Patricia Salazar nueva comandante de la Dij\u00edn\u00a0"}]},{"@type":"WebSite","@id":"https:\/\/luchonoticias.com\/editor\/#website","url":"https:\/\/luchonoticias.com\/editor\/","name":"","description":"","publisher":{"@id":"https:\/\/luchonoticias.com\/editor\/#\/schema\/person\/7a7fd911f58561fd056dbac7b55af9cd"},"potentialAction":[{"@type":"SearchAction","target":{"@type":"EntryPoint","urlTemplate":"https:\/\/luchonoticias.com\/editor\/?s={search_term_string}"},"query-input":{"@type":"PropertyValueSpecification","valueRequired":true,"valueName":"search_term_string"}}],"inLanguage":"es"},{"@type":["Person","Organization"],"@id":"https:\/\/luchonoticias.com\/editor\/#\/schema\/person\/7a7fd911f58561fd056dbac7b55af9cd","name":"admin","image":{"@type":"ImageObject","inLanguage":"es","@id":"https:\/\/luchonoticias.com\/editor\/#\/schema\/person\/image\/","url":"https:\/\/luchonoticias.com\/editor\/wp-content\/uploads\/2024\/02\/cropped-cropped-logolu.webp","contentUrl":"https:\/\/luchonoticias.com\/editor\/wp-content\/uploads\/2024\/02\/cropped-cropped-logolu.webp","width":382,"height":170,"caption":"admin"},"logo":{"@id":"https:\/\/luchonoticias.com\/editor\/#\/schema\/person\/image\/"},"sameAs":["https:\/\/www.facebook.com\/luchonoticiasneiva"],"url":"https:\/\/luchonoticias.com\/editor\/author\/admin\/"}]}},"_links":{"self":[{"href":"https:\/\/luchonoticias.com\/editor\/wp-json\/wp\/v2\/posts\/33235","targetHints":{"allow":["GET"]}}],"collection":[{"href":"https:\/\/luchonoticias.com\/editor\/wp-json\/wp\/v2\/posts"}],"about":[{"href":"https:\/\/luchonoticias.com\/editor\/wp-json\/wp\/v2\/types\/post"}],"author":[{"embeddable":true,"href":"https:\/\/luchonoticias.com\/editor\/wp-json\/wp\/v2\/users\/1"}],"replies":[{"embeddable":true,"href":"https:\/\/luchonoticias.com\/editor\/wp-json\/wp\/v2\/comments?post=33235"}],"version-history":[{"count":0,"href":"https:\/\/luchonoticias.com\/editor\/wp-json\/wp\/v2\/posts\/33235\/revisions"}],"wp:attachment":[{"href":"https:\/\/luchonoticias.com\/editor\/wp-json\/wp\/v2\/media?parent=33235"}],"wp:term":[{"taxonomy":"category","embeddable":true,"href":"https:\/\/luchonoticias.com\/editor\/wp-json\/wp\/v2\/categories?post=33235"},{"taxonomy":"post_tag","embeddable":true,"href":"https:\/\/luchonoticias.com\/editor\/wp-json\/wp\/v2\/tags?post=33235"}],"curies":[{"name":"wp","href":"https:\/\/api.w.org\/{rel}","templated":true}]}}