{"id":33247,"date":"2022-08-29T14:37:53","date_gmt":"2022-08-29T19:37:53","guid":{"rendered":"https:\/\/luchonoticias.com\/?p=33247"},"modified":"2022-08-29T14:37:54","modified_gmt":"2022-08-29T19:37:54","slug":"petro-inicio-visita-a-lima-peru-para-participara-en-cumbre-presidencial-de-la-comunidad-andina","status":"publish","type":"post","link":"https:\/\/luchonoticias.com\/editor\/petro-inicio-visita-a-lima-peru-para-participara-en-cumbre-presidencial-de-la-comunidad-andina\/","title":{"rendered":"Petro inici\u00f3 visita a Lima, Per\u00fa, para participar\u00e1 en cumbre presidencial de la Comunidad Andina"},"content":{"rendered":"\n<p>En su primera visita internacional como Jefe de Estado, el Presidente de Colombia, Gustavo Petro, cumple este lunes una jornada de trabajo en la ciudad de Lima, Per\u00fa, donde se reunir\u00e1 con el Presidente de este pa\u00eds, Pedro Castillo, y participar\u00e1 en la reuni\u00f3n del XXII Consejo Presidencial Andino.<\/p>\n\n\n\n<p>El Mandatario arribar\u00e1 en horas de la ma\u00f1ana a la Base A\u00e9rea del Callao, donde ser\u00e1 recibido con honores por la Fuerza A\u00e9rea del Per\u00fa y por una delegaci\u00f3n de la Embajada de Colombia en Per\u00fa, tras lo cual se trasladar\u00e1 a la sede de la Comunidad Andina (CAN) en la ciudad de Lima.<\/p>\n\n\n\n<p>La agenda del Mandatario colombiano incluye una reuni\u00f3n bilateral con el Presidente de Per\u00fa, Pedro Castillo, durante la cual tratar\u00e1n temas de cooperaci\u00f3n binacional en materia de comercio, fronteras, seguridad y ambiente, entre otros.<\/p>\n\n\n\n<p>As\u00ed mismo, el Presidente Petro intervendr\u00e1 como orador en la reuni\u00f3n del XXII Consejo Presidencial Andino, encuentro durante el cual Ecuador entregar\u00e1 a Per\u00fa la Presidencia pro tempore de la Comunidad Andina.<\/p>\n\n\n\n<p>En este evento tambi\u00e9n participar\u00e1n los Jefes de Estado de Per\u00fa, Pedro Castillo; Ecuador, Guillermo Lasso, y Bolivia, Luis Arce, as\u00ed como el Secretario General de la CAN, Jorge Hernando Pedraza.<\/p>\n\n\n\n<p>Posteriormente, el Presidente Petro se trasladar\u00e1 al Palacio de Gobierno, en la ciudad de Lima, donde recibir\u00e1 honores militares por parte de la Guardia Presidencial de la Rep\u00fablica del Per\u00fa y participar\u00e1 en un almuerzo oficial que ofrecer\u00e1 el Presidente Pedro Castillo en honor a los Jefes de Estado.<\/p>\n\n\n\n<p>Al concluir su agenda en Per\u00fa, el Mandatario colombiano visitar\u00e1 el \u2018Lugar de la Memoria Hist\u00f3rica, la Tolerancia y la Inclusi\u00f3n Social\u2019, al igual que la sede de la Embajada de Colombia en Lima.<\/p>\n\n\n\n<p>Durante la jornada, el Presidente Petro estar\u00e1 acompa\u00f1ado por una comitiva integrada por el Canciller \u00c1lvaro Leyva; la Jefe de Gabinete de la Presidencia, Laura Sarabia; el Ministro de Comercio, Industria y Turismo, Germ\u00e1n Uma\u00f1a Mendoza, y el Encargado de Negocios de Colombia en Per\u00fa, Eufrasio Morales, entre otros.<\/p>\n","protected":false},"excerpt":{"rendered":"<p>En su primera visita internacional como Jefe de Estado, el Presidente de Colombia, Gustavo Petro, cumple este lunes una jornada de trabajo en la ciudad de Lima, Per\u00fa, donde se reunir\u00e1 con el Presidente de este pa\u00eds, Pedro Castillo, y participar\u00e1 en la reuni\u00f3n del XXII Consejo Presidencial Andino. El Mandatario arribar\u00e1 en horas de [&hellip;]<\/p>\n","protected":false},"author":1,"featured_media":0,"comment_status":"open","ping_status":"open","sticky":false,"template":"","format":"standard","meta":{"footnotes":""},"categories":[36,32],"tags":[],"class_list":["post-33247","post","type-post","status-publish","format-standard","hentry","category-destacado","category-nacional"],"yoast_head":"<!-- This site is optimized with the Yoast SEO plugin v26.6 - https:\/\/yoast.com\/wordpress\/plugins\/seo\/ -->\n<title>Petro inici\u00f3 visita a Lima, Per\u00fa, para participar\u00e1 en cumbre presidencial de la Comunidad Andina -<\/title>\n<meta name=\"robots\" content=\"index, follow, max-snippet:-1, max-image-preview:large, max-video-preview:-1\" \/>\n<link rel=\"canonical\" href=\"https:\/\/luchonoticias.com\/editor\/petro-inicio-visita-a-lima-peru-para-participara-en-cumbre-presidencial-de-la-comunidad-andina\/\" \/>\n<meta property=\"og:locale\" content=\"es_ES\" \/>\n<meta property=\"og:type\" content=\"article\" \/>\n<meta property=\"og:title\" content=\"Petro inici\u00f3 visita a Lima, Per\u00fa, para participar\u00e1 en cumbre presidencial de la Comunidad Andina -\" \/>\n<meta property=\"og:url\" content=\"https:\/\/luchonoticias.com\/editor\/petro-inicio-visita-a-lima-peru-para-participara-en-cumbre-presidencial-de-la-comunidad-andina\/\" \/>\n<meta property=\"article:publisher\" content=\"https:\/\/www.facebook.com\/luchonoticiasneiva\" \/>\n<meta property=\"article:author\" content=\"https:\/\/www.facebook.com\/luchonoticiasneiva\" \/>\n<meta property=\"article:published_time\" content=\"2022-08-29T19:37:53+00:00\" \/>\n<meta property=\"article:modified_time\" content=\"2022-08-29T19:37:54+00:00\" \/>\n<meta name=\"author\" content=\"admin\" \/>\n<meta name=\"twitter:card\" content=\"summary_large_image\" \/>\n<meta name=\"twitter:label1\" content=\"Escrito por\" \/>\n\t<meta name=\"twitter:data1\" content=\"admin\" \/>\n\t<meta name=\"twitter:label2\" content=\"Tiempo de lectura\" \/>\n\t<meta name=\"twitter:data2\" content=\"2 minutos\" \/>\n<script type=\"application\/ld+json\" class=\"yoast-schema-graph\">{\"@context\":\"https:\/\/schema.org\",\"@graph\":[{\"@type\":\"Article\",\"@id\":\"https:\/\/luchonoticias.com\/editor\/petro-inicio-visita-a-lima-peru-para-participara-en-cumbre-presidencial-de-la-comunidad-andina\/#article\",\"isPartOf\":{\"@id\":\"https:\/\/luchonoticias.com\/editor\/petro-inicio-visita-a-lima-peru-para-participara-en-cumbre-presidencial-de-la-comunidad-andina\/\"},\"author\":{\"name\":\"admin\",\"@id\":\"https:\/\/luchonoticias.com\/editor\/#\/schema\/person\/7a7fd911f58561fd056dbac7b55af9cd\"},\"headline\":\"Petro inici\u00f3 visita a Lima, Per\u00fa, para participar\u00e1 en cumbre presidencial de la Comunidad Andina\",\"datePublished\":\"2022-08-29T19:37:53+00:00\",\"dateModified\":\"2022-08-29T19:37:54+00:00\",\"mainEntityOfPage\":{\"@id\":\"https:\/\/luchonoticias.com\/editor\/petro-inicio-visita-a-lima-peru-para-participara-en-cumbre-presidencial-de-la-comunidad-andina\/\"},\"wordCount\":365,\"commentCount\":0,\"publisher\":{\"@id\":\"https:\/\/luchonoticias.com\/editor\/#\/schema\/person\/7a7fd911f58561fd056dbac7b55af9cd\"},\"articleSection\":[\"Destacado\",\"Nacional\"],\"inLanguage\":\"es\",\"potentialAction\":[{\"@type\":\"CommentAction\",\"name\":\"Comment\",\"target\":[\"https:\/\/luchonoticias.com\/editor\/petro-inicio-visita-a-lima-peru-para-participara-en-cumbre-presidencial-de-la-comunidad-andina\/#respond\"]}]},{\"@type\":\"WebPage\",\"@id\":\"https:\/\/luchonoticias.com\/editor\/petro-inicio-visita-a-lima-peru-para-participara-en-cumbre-presidencial-de-la-comunidad-andina\/\",\"url\":\"https:\/\/luchonoticias.com\/editor\/petro-inicio-visita-a-lima-peru-para-participara-en-cumbre-presidencial-de-la-comunidad-andina\/\",\"name\":\"Petro inici\u00f3 visita a Lima, Per\u00fa, para participar\u00e1 en cumbre presidencial de la Comunidad Andina -\",\"isPartOf\":{\"@id\":\"https:\/\/luchonoticias.com\/editor\/#website\"},\"datePublished\":\"2022-08-29T19:37:53+00:00\",\"dateModified\":\"2022-08-29T19:37:54+00:00\",\"breadcrumb\":{\"@id\":\"https:\/\/luchonoticias.com\/editor\/petro-inicio-visita-a-lima-peru-para-participara-en-cumbre-presidencial-de-la-comunidad-andina\/#breadcrumb\"},\"inLanguage\":\"es\",\"potentialAction\":[{\"@type\":\"ReadAction\",\"target\":[\"https:\/\/luchonoticias.com\/editor\/petro-inicio-visita-a-lima-peru-para-participara-en-cumbre-presidencial-de-la-comunidad-andina\/\"]}]},{\"@type\":\"BreadcrumbList\",\"@id\":\"https:\/\/luchonoticias.com\/editor\/petro-inicio-visita-a-lima-peru-para-participara-en-cumbre-presidencial-de-la-comunidad-andina\/#breadcrumb\",\"itemListElement\":[{\"@type\":\"ListItem\",\"position\":1,\"name\":\"Portada\",\"item\":\"https:\/\/luchonoticias.com\/editor\/\"},{\"@type\":\"ListItem\",\"position\":2,\"name\":\"Petro inici\u00f3 visita a Lima, Per\u00fa, para participar\u00e1 en cumbre presidencial de la Comunidad Andina\"}]},{\"@type\":\"WebSite\",\"@id\":\"https:\/\/luchonoticias.com\/editor\/#website\",\"url\":\"https:\/\/luchonoticias.com\/editor\/\",\"name\":\"\",\"description\":\"\",\"publisher\":{\"@id\":\"https:\/\/luchonoticias.com\/editor\/#\/schema\/person\/7a7fd911f58561fd056dbac7b55af9cd\"},\"potentialAction\":[{\"@type\":\"SearchAction\",\"target\":{\"@type\":\"EntryPoint\",\"urlTemplate\":\"https:\/\/luchonoticias.com\/editor\/?s={search_term_string}\"},\"query-input\":{\"@type\":\"PropertyValueSpecification\",\"valueRequired\":true,\"valueName\":\"search_term_string\"}}],\"inLanguage\":\"es\"},{\"@type\":[\"Person\",\"Organization\"],\"@id\":\"https:\/\/luchonoticias.com\/editor\/#\/schema\/person\/7a7fd911f58561fd056dbac7b55af9cd\",\"name\":\"admin\",\"image\":{\"@type\":\"ImageObject\",\"inLanguage\":\"es\",\"@id\":\"https:\/\/luchonoticias.com\/editor\/#\/schema\/person\/image\/\",\"url\":\"https:\/\/luchonoticias.com\/editor\/wp-content\/uploads\/2024\/02\/cropped-cropped-logolu.webp\",\"contentUrl\":\"https:\/\/luchonoticias.com\/editor\/wp-content\/uploads\/2024\/02\/cropped-cropped-logolu.webp\",\"width\":382,\"height\":170,\"caption\":\"admin\"},\"logo\":{\"@id\":\"https:\/\/luchonoticias.com\/editor\/#\/schema\/person\/image\/\"},\"sameAs\":[\"https:\/\/www.facebook.com\/luchonoticiasneiva\"],\"url\":\"https:\/\/luchonoticias.com\/editor\/author\/admin\/\"}]}<\/script>\n<!-- \/ Yoast SEO plugin. -->","yoast_head_json":{"title":"Petro inici\u00f3 visita a Lima, Per\u00fa, para participar\u00e1 en cumbre presidencial de la Comunidad Andina -","robots":{"index":"index","follow":"follow","max-snippet":"max-snippet:-1","max-image-preview":"max-image-preview:large","max-video-preview":"max-video-preview:-1"},"canonical":"https:\/\/luchonoticias.com\/editor\/petro-inicio-visita-a-lima-peru-para-participara-en-cumbre-presidencial-de-la-comunidad-andina\/","og_locale":"es_ES","og_type":"article","og_title":"Petro inici\u00f3 visita a Lima, Per\u00fa, para participar\u00e1 en cumbre presidencial de la Comunidad Andina -","og_url":"https:\/\/luchonoticias.com\/editor\/petro-inicio-visita-a-lima-peru-para-participara-en-cumbre-presidencial-de-la-comunidad-andina\/","article_publisher":"https:\/\/www.facebook.com\/luchonoticiasneiva","article_author":"https:\/\/www.facebook.com\/luchonoticiasneiva","article_published_time":"2022-08-29T19:37:53+00:00","article_modified_time":"2022-08-29T19:37:54+00:00","author":"admin","twitter_card":"summary_large_image","twitter_misc":{"Escrito por":"admin","Tiempo de lectura":"2 minutos"},"schema":{"@context":"https:\/\/schema.org","@graph":[{"@type":"Article","@id":"https:\/\/luchonoticias.com\/editor\/petro-inicio-visita-a-lima-peru-para-participara-en-cumbre-presidencial-de-la-comunidad-andina\/#article","isPartOf":{"@id":"https:\/\/luchonoticias.com\/editor\/petro-inicio-visita-a-lima-peru-para-participara-en-cumbre-presidencial-de-la-comunidad-andina\/"},"author":{"name":"admin","@id":"https:\/\/luchonoticias.com\/editor\/#\/schema\/person\/7a7fd911f58561fd056dbac7b55af9cd"},"headline":"Petro inici\u00f3 visita a Lima, Per\u00fa, para participar\u00e1 en cumbre presidencial de la Comunidad Andina","datePublished":"2022-08-29T19:37:53+00:00","dateModified":"2022-08-29T19:37:54+00:00","mainEntityOfPage":{"@id":"https:\/\/luchonoticias.com\/editor\/petro-inicio-visita-a-lima-peru-para-participara-en-cumbre-presidencial-de-la-comunidad-andina\/"},"wordCount":365,"commentCount":0,"publisher":{"@id":"https:\/\/luchonoticias.com\/editor\/#\/schema\/person\/7a7fd911f58561fd056dbac7b55af9cd"},"articleSection":["Destacado","Nacional"],"inLanguage":"es","potentialAction":[{"@type":"CommentAction","name":"Comment","target":["https:\/\/luchonoticias.com\/editor\/petro-inicio-visita-a-lima-peru-para-participara-en-cumbre-presidencial-de-la-comunidad-andina\/#respond"]}]},{"@type":"WebPage","@id":"https:\/\/luchonoticias.com\/editor\/petro-inicio-visita-a-lima-peru-para-participara-en-cumbre-presidencial-de-la-comunidad-andina\/","url":"https:\/\/luchonoticias.com\/editor\/petro-inicio-visita-a-lima-peru-para-participara-en-cumbre-presidencial-de-la-comunidad-andina\/","name":"Petro inici\u00f3 visita a Lima, Per\u00fa, para participar\u00e1 en cumbre presidencial de la Comunidad Andina -","isPartOf":{"@id":"https:\/\/luchonoticias.com\/editor\/#website"},"datePublished":"2022-08-29T19:37:53+00:00","dateModified":"2022-08-29T19:37:54+00:00","breadcrumb":{"@id":"https:\/\/luchonoticias.com\/editor\/petro-inicio-visita-a-lima-peru-para-participara-en-cumbre-presidencial-de-la-comunidad-andina\/#breadcrumb"},"inLanguage":"es","potentialAction":[{"@type":"ReadAction","target":["https:\/\/luchonoticias.com\/editor\/petro-inicio-visita-a-lima-peru-para-participara-en-cumbre-presidencial-de-la-comunidad-andina\/"]}]},{"@type":"BreadcrumbList","@id":"https:\/\/luchonoticias.com\/editor\/petro-inicio-visita-a-lima-peru-para-participara-en-cumbre-presidencial-de-la-comunidad-andina\/#breadcrumb","itemListElement":[{"@type":"ListItem","position":1,"name":"Portada","item":"https:\/\/luchonoticias.com\/editor\/"},{"@type":"ListItem","position":2,"name":"Petro inici\u00f3 visita a Lima, Per\u00fa, para participar\u00e1 en cumbre presidencial de la Comunidad Andina"}]},{"@type":"WebSite","@id":"https:\/\/luchonoticias.com\/editor\/#website","url":"https:\/\/luchonoticias.com\/editor\/","name":"","description":"","publisher":{"@id":"https:\/\/luchonoticias.com\/editor\/#\/schema\/person\/7a7fd911f58561fd056dbac7b55af9cd"},"potentialAction":[{"@type":"SearchAction","target":{"@type":"EntryPoint","urlTemplate":"https:\/\/luchonoticias.com\/editor\/?s={search_term_string}"},"query-input":{"@type":"PropertyValueSpecification","valueRequired":true,"valueName":"search_term_string"}}],"inLanguage":"es"},{"@type":["Person","Organization"],"@id":"https:\/\/luchonoticias.com\/editor\/#\/schema\/person\/7a7fd911f58561fd056dbac7b55af9cd","name":"admin","image":{"@type":"ImageObject","inLanguage":"es","@id":"https:\/\/luchonoticias.com\/editor\/#\/schema\/person\/image\/","url":"https:\/\/luchonoticias.com\/editor\/wp-content\/uploads\/2024\/02\/cropped-cropped-logolu.webp","contentUrl":"https:\/\/luchonoticias.com\/editor\/wp-content\/uploads\/2024\/02\/cropped-cropped-logolu.webp","width":382,"height":170,"caption":"admin"},"logo":{"@id":"https:\/\/luchonoticias.com\/editor\/#\/schema\/person\/image\/"},"sameAs":["https:\/\/www.facebook.com\/luchonoticiasneiva"],"url":"https:\/\/luchonoticias.com\/editor\/author\/admin\/"}]}},"_links":{"self":[{"href":"https:\/\/luchonoticias.com\/editor\/wp-json\/wp\/v2\/posts\/33247","targetHints":{"allow":["GET"]}}],"collection":[{"href":"https:\/\/luchonoticias.com\/editor\/wp-json\/wp\/v2\/posts"}],"about":[{"href":"https:\/\/luchonoticias.com\/editor\/wp-json\/wp\/v2\/types\/post"}],"author":[{"embeddable":true,"href":"https:\/\/luchonoticias.com\/editor\/wp-json\/wp\/v2\/users\/1"}],"replies":[{"embeddable":true,"href":"https:\/\/luchonoticias.com\/editor\/wp-json\/wp\/v2\/comments?post=33247"}],"version-history":[{"count":0,"href":"https:\/\/luchonoticias.com\/editor\/wp-json\/wp\/v2\/posts\/33247\/revisions"}],"wp:attachment":[{"href":"https:\/\/luchonoticias.com\/editor\/wp-json\/wp\/v2\/media?parent=33247"}],"wp:term":[{"taxonomy":"category","embeddable":true,"href":"https:\/\/luchonoticias.com\/editor\/wp-json\/wp\/v2\/categories?post=33247"},{"taxonomy":"post_tag","embeddable":true,"href":"https:\/\/luchonoticias.com\/editor\/wp-json\/wp\/v2\/tags?post=33247"}],"curies":[{"name":"wp","href":"https:\/\/api.w.org\/{rel}","templated":true}]}}