{"id":33257,"date":"2022-08-30T04:38:09","date_gmt":"2022-08-30T09:38:09","guid":{"rendered":"https:\/\/luchonoticias.com\/?p=33257"},"modified":"2022-08-30T04:38:11","modified_gmt":"2022-08-30T09:38:11","slug":"tatan-garzon-volvio-a-la-competicion-en-italia","status":"publish","type":"post","link":"https:\/\/luchonoticias.com\/editor\/tatan-garzon-volvio-a-la-competicion-en-italia\/","title":{"rendered":"Tat\u00e1n Garz\u00f3n volvi\u00f3 a la competici\u00f3n en Italia"},"content":{"rendered":"\n<p>El kartista huilense&nbsp;<strong>Sebasti\u00e1n \u2018Tat\u00e1n\u2019 Garz\u00f3n&nbsp;<\/strong>regres\u00f3 a la competencia en Europa con motivo del&nbsp;<strong>campeonato italiano de karting<\/strong>&nbsp;en Napoli.<\/p>\n\n\n\n<p>La v\u00e1lida para el huilense, en t\u00e9rminos generales,&nbsp;<strong>dej\u00f3 sensaciones positivas<\/strong>&nbsp;en las que el huilense&nbsp;<strong>pudo llegar a la carrera final<\/strong>&nbsp;quedando en la casilla 12 adem\u00e1s de quedar primero en la carrera de repechaje la cual qued\u00f3 interrumpida por una tormenta, ya al reanudarse el huilense y su equipo optaron por no participar, quedando de 18 al final.<\/p>\n\n\n\n<p>Resultados positivos considerando que durante las rondas clasificatorias Garz\u00f3n tuvo que&nbsp;<strong>lidiar con algunos problemas mec\u00e1nicos<\/strong>, sin olvidar que la fecha estuvo marcada por problemas clim\u00e1ticos.<\/p>\n\n\n\n<p>Ahora el neivano tendr\u00e1 unos d\u00edas de descanso antes de su pr\u00f3xima cita en el Viejo Mundo.<\/p>\n","protected":false},"excerpt":{"rendered":"<p>El kartista huilense&nbsp;Sebasti\u00e1n \u2018Tat\u00e1n\u2019 Garz\u00f3n&nbsp;regres\u00f3 a la competencia en Europa con motivo del&nbsp;campeonato italiano de karting&nbsp;en Napoli. La v\u00e1lida para el huilense, en t\u00e9rminos generales,&nbsp;dej\u00f3 sensaciones positivas&nbsp;en las que el huilense&nbsp;pudo llegar a la carrera final&nbsp;quedando en la casilla 12 adem\u00e1s de quedar primero en la carrera de repechaje la cual qued\u00f3 interrumpida por una [&hellip;]<\/p>\n","protected":false},"author":1,"featured_media":0,"comment_status":"open","ping_status":"open","sticky":false,"template":"","format":"standard","meta":{"footnotes":""},"categories":[34],"tags":[],"class_list":["post-33257","post","type-post","status-publish","format-standard","hentry","category-deportes"],"yoast_head":"<!-- This site is optimized with the Yoast SEO plugin v26.6 - https:\/\/yoast.com\/wordpress\/plugins\/seo\/ -->\n<title>Tat\u00e1n Garz\u00f3n volvi\u00f3 a la competici\u00f3n en Italia -<\/title>\n<meta name=\"robots\" content=\"index, follow, max-snippet:-1, max-image-preview:large, max-video-preview:-1\" \/>\n<link rel=\"canonical\" href=\"https:\/\/luchonoticias.com\/editor\/tatan-garzon-volvio-a-la-competicion-en-italia\/\" \/>\n<meta property=\"og:locale\" content=\"es_ES\" \/>\n<meta property=\"og:type\" content=\"article\" \/>\n<meta property=\"og:title\" content=\"Tat\u00e1n Garz\u00f3n volvi\u00f3 a la competici\u00f3n en Italia -\" \/>\n<meta property=\"og:url\" content=\"https:\/\/luchonoticias.com\/editor\/tatan-garzon-volvio-a-la-competicion-en-italia\/\" \/>\n<meta property=\"article:publisher\" content=\"https:\/\/www.facebook.com\/luchonoticiasneiva\" \/>\n<meta property=\"article:author\" content=\"https:\/\/www.facebook.com\/luchonoticiasneiva\" \/>\n<meta property=\"article:published_time\" content=\"2022-08-30T09:38:09+00:00\" \/>\n<meta property=\"article:modified_time\" content=\"2022-08-30T09:38:11+00:00\" \/>\n<meta name=\"author\" content=\"admin\" \/>\n<meta name=\"twitter:card\" content=\"summary_large_image\" \/>\n<meta name=\"twitter:label1\" content=\"Escrito por\" \/>\n\t<meta name=\"twitter:data1\" content=\"admin\" \/>\n\t<meta name=\"twitter:label2\" content=\"Tiempo de lectura\" \/>\n\t<meta name=\"twitter:data2\" content=\"1 minuto\" \/>\n<script type=\"application\/ld+json\" class=\"yoast-schema-graph\">{\"@context\":\"https:\/\/schema.org\",\"@graph\":[{\"@type\":\"Article\",\"@id\":\"https:\/\/luchonoticias.com\/editor\/tatan-garzon-volvio-a-la-competicion-en-italia\/#article\",\"isPartOf\":{\"@id\":\"https:\/\/luchonoticias.com\/editor\/tatan-garzon-volvio-a-la-competicion-en-italia\/\"},\"author\":{\"name\":\"admin\",\"@id\":\"https:\/\/luchonoticias.com\/editor\/#\/schema\/person\/7a7fd911f58561fd056dbac7b55af9cd\"},\"headline\":\"Tat\u00e1n Garz\u00f3n volvi\u00f3 a la competici\u00f3n en Italia\",\"datePublished\":\"2022-08-30T09:38:09+00:00\",\"dateModified\":\"2022-08-30T09:38:11+00:00\",\"mainEntityOfPage\":{\"@id\":\"https:\/\/luchonoticias.com\/editor\/tatan-garzon-volvio-a-la-competicion-en-italia\/\"},\"wordCount\":153,\"commentCount\":0,\"publisher\":{\"@id\":\"https:\/\/luchonoticias.com\/editor\/#\/schema\/person\/7a7fd911f58561fd056dbac7b55af9cd\"},\"articleSection\":[\"Deportes\"],\"inLanguage\":\"es\",\"potentialAction\":[{\"@type\":\"CommentAction\",\"name\":\"Comment\",\"target\":[\"https:\/\/luchonoticias.com\/editor\/tatan-garzon-volvio-a-la-competicion-en-italia\/#respond\"]}]},{\"@type\":\"WebPage\",\"@id\":\"https:\/\/luchonoticias.com\/editor\/tatan-garzon-volvio-a-la-competicion-en-italia\/\",\"url\":\"https:\/\/luchonoticias.com\/editor\/tatan-garzon-volvio-a-la-competicion-en-italia\/\",\"name\":\"Tat\u00e1n Garz\u00f3n volvi\u00f3 a la competici\u00f3n en Italia -\",\"isPartOf\":{\"@id\":\"https:\/\/luchonoticias.com\/editor\/#website\"},\"datePublished\":\"2022-08-30T09:38:09+00:00\",\"dateModified\":\"2022-08-30T09:38:11+00:00\",\"breadcrumb\":{\"@id\":\"https:\/\/luchonoticias.com\/editor\/tatan-garzon-volvio-a-la-competicion-en-italia\/#breadcrumb\"},\"inLanguage\":\"es\",\"potentialAction\":[{\"@type\":\"ReadAction\",\"target\":[\"https:\/\/luchonoticias.com\/editor\/tatan-garzon-volvio-a-la-competicion-en-italia\/\"]}]},{\"@type\":\"BreadcrumbList\",\"@id\":\"https:\/\/luchonoticias.com\/editor\/tatan-garzon-volvio-a-la-competicion-en-italia\/#breadcrumb\",\"itemListElement\":[{\"@type\":\"ListItem\",\"position\":1,\"name\":\"Portada\",\"item\":\"https:\/\/luchonoticias.com\/editor\/\"},{\"@type\":\"ListItem\",\"position\":2,\"name\":\"Tat\u00e1n Garz\u00f3n volvi\u00f3 a la competici\u00f3n en Italia\"}]},{\"@type\":\"WebSite\",\"@id\":\"https:\/\/luchonoticias.com\/editor\/#website\",\"url\":\"https:\/\/luchonoticias.com\/editor\/\",\"name\":\"\",\"description\":\"\",\"publisher\":{\"@id\":\"https:\/\/luchonoticias.com\/editor\/#\/schema\/person\/7a7fd911f58561fd056dbac7b55af9cd\"},\"potentialAction\":[{\"@type\":\"SearchAction\",\"target\":{\"@type\":\"EntryPoint\",\"urlTemplate\":\"https:\/\/luchonoticias.com\/editor\/?s={search_term_string}\"},\"query-input\":{\"@type\":\"PropertyValueSpecification\",\"valueRequired\":true,\"valueName\":\"search_term_string\"}}],\"inLanguage\":\"es\"},{\"@type\":[\"Person\",\"Organization\"],\"@id\":\"https:\/\/luchonoticias.com\/editor\/#\/schema\/person\/7a7fd911f58561fd056dbac7b55af9cd\",\"name\":\"admin\",\"image\":{\"@type\":\"ImageObject\",\"inLanguage\":\"es\",\"@id\":\"https:\/\/luchonoticias.com\/editor\/#\/schema\/person\/image\/\",\"url\":\"https:\/\/luchonoticias.com\/editor\/wp-content\/uploads\/2024\/02\/cropped-cropped-logolu.webp\",\"contentUrl\":\"https:\/\/luchonoticias.com\/editor\/wp-content\/uploads\/2024\/02\/cropped-cropped-logolu.webp\",\"width\":382,\"height\":170,\"caption\":\"admin\"},\"logo\":{\"@id\":\"https:\/\/luchonoticias.com\/editor\/#\/schema\/person\/image\/\"},\"sameAs\":[\"https:\/\/www.facebook.com\/luchonoticiasneiva\"],\"url\":\"https:\/\/luchonoticias.com\/editor\/author\/admin\/\"}]}<\/script>\n<!-- \/ Yoast SEO plugin. -->","yoast_head_json":{"title":"Tat\u00e1n Garz\u00f3n volvi\u00f3 a la competici\u00f3n en Italia -","robots":{"index":"index","follow":"follow","max-snippet":"max-snippet:-1","max-image-preview":"max-image-preview:large","max-video-preview":"max-video-preview:-1"},"canonical":"https:\/\/luchonoticias.com\/editor\/tatan-garzon-volvio-a-la-competicion-en-italia\/","og_locale":"es_ES","og_type":"article","og_title":"Tat\u00e1n Garz\u00f3n volvi\u00f3 a la competici\u00f3n en Italia -","og_url":"https:\/\/luchonoticias.com\/editor\/tatan-garzon-volvio-a-la-competicion-en-italia\/","article_publisher":"https:\/\/www.facebook.com\/luchonoticiasneiva","article_author":"https:\/\/www.facebook.com\/luchonoticiasneiva","article_published_time":"2022-08-30T09:38:09+00:00","article_modified_time":"2022-08-30T09:38:11+00:00","author":"admin","twitter_card":"summary_large_image","twitter_misc":{"Escrito por":"admin","Tiempo de lectura":"1 minuto"},"schema":{"@context":"https:\/\/schema.org","@graph":[{"@type":"Article","@id":"https:\/\/luchonoticias.com\/editor\/tatan-garzon-volvio-a-la-competicion-en-italia\/#article","isPartOf":{"@id":"https:\/\/luchonoticias.com\/editor\/tatan-garzon-volvio-a-la-competicion-en-italia\/"},"author":{"name":"admin","@id":"https:\/\/luchonoticias.com\/editor\/#\/schema\/person\/7a7fd911f58561fd056dbac7b55af9cd"},"headline":"Tat\u00e1n Garz\u00f3n volvi\u00f3 a la competici\u00f3n en Italia","datePublished":"2022-08-30T09:38:09+00:00","dateModified":"2022-08-30T09:38:11+00:00","mainEntityOfPage":{"@id":"https:\/\/luchonoticias.com\/editor\/tatan-garzon-volvio-a-la-competicion-en-italia\/"},"wordCount":153,"commentCount":0,"publisher":{"@id":"https:\/\/luchonoticias.com\/editor\/#\/schema\/person\/7a7fd911f58561fd056dbac7b55af9cd"},"articleSection":["Deportes"],"inLanguage":"es","potentialAction":[{"@type":"CommentAction","name":"Comment","target":["https:\/\/luchonoticias.com\/editor\/tatan-garzon-volvio-a-la-competicion-en-italia\/#respond"]}]},{"@type":"WebPage","@id":"https:\/\/luchonoticias.com\/editor\/tatan-garzon-volvio-a-la-competicion-en-italia\/","url":"https:\/\/luchonoticias.com\/editor\/tatan-garzon-volvio-a-la-competicion-en-italia\/","name":"Tat\u00e1n Garz\u00f3n volvi\u00f3 a la competici\u00f3n en Italia -","isPartOf":{"@id":"https:\/\/luchonoticias.com\/editor\/#website"},"datePublished":"2022-08-30T09:38:09+00:00","dateModified":"2022-08-30T09:38:11+00:00","breadcrumb":{"@id":"https:\/\/luchonoticias.com\/editor\/tatan-garzon-volvio-a-la-competicion-en-italia\/#breadcrumb"},"inLanguage":"es","potentialAction":[{"@type":"ReadAction","target":["https:\/\/luchonoticias.com\/editor\/tatan-garzon-volvio-a-la-competicion-en-italia\/"]}]},{"@type":"BreadcrumbList","@id":"https:\/\/luchonoticias.com\/editor\/tatan-garzon-volvio-a-la-competicion-en-italia\/#breadcrumb","itemListElement":[{"@type":"ListItem","position":1,"name":"Portada","item":"https:\/\/luchonoticias.com\/editor\/"},{"@type":"ListItem","position":2,"name":"Tat\u00e1n Garz\u00f3n volvi\u00f3 a la competici\u00f3n en Italia"}]},{"@type":"WebSite","@id":"https:\/\/luchonoticias.com\/editor\/#website","url":"https:\/\/luchonoticias.com\/editor\/","name":"","description":"","publisher":{"@id":"https:\/\/luchonoticias.com\/editor\/#\/schema\/person\/7a7fd911f58561fd056dbac7b55af9cd"},"potentialAction":[{"@type":"SearchAction","target":{"@type":"EntryPoint","urlTemplate":"https:\/\/luchonoticias.com\/editor\/?s={search_term_string}"},"query-input":{"@type":"PropertyValueSpecification","valueRequired":true,"valueName":"search_term_string"}}],"inLanguage":"es"},{"@type":["Person","Organization"],"@id":"https:\/\/luchonoticias.com\/editor\/#\/schema\/person\/7a7fd911f58561fd056dbac7b55af9cd","name":"admin","image":{"@type":"ImageObject","inLanguage":"es","@id":"https:\/\/luchonoticias.com\/editor\/#\/schema\/person\/image\/","url":"https:\/\/luchonoticias.com\/editor\/wp-content\/uploads\/2024\/02\/cropped-cropped-logolu.webp","contentUrl":"https:\/\/luchonoticias.com\/editor\/wp-content\/uploads\/2024\/02\/cropped-cropped-logolu.webp","width":382,"height":170,"caption":"admin"},"logo":{"@id":"https:\/\/luchonoticias.com\/editor\/#\/schema\/person\/image\/"},"sameAs":["https:\/\/www.facebook.com\/luchonoticiasneiva"],"url":"https:\/\/luchonoticias.com\/editor\/author\/admin\/"}]}},"_links":{"self":[{"href":"https:\/\/luchonoticias.com\/editor\/wp-json\/wp\/v2\/posts\/33257","targetHints":{"allow":["GET"]}}],"collection":[{"href":"https:\/\/luchonoticias.com\/editor\/wp-json\/wp\/v2\/posts"}],"about":[{"href":"https:\/\/luchonoticias.com\/editor\/wp-json\/wp\/v2\/types\/post"}],"author":[{"embeddable":true,"href":"https:\/\/luchonoticias.com\/editor\/wp-json\/wp\/v2\/users\/1"}],"replies":[{"embeddable":true,"href":"https:\/\/luchonoticias.com\/editor\/wp-json\/wp\/v2\/comments?post=33257"}],"version-history":[{"count":0,"href":"https:\/\/luchonoticias.com\/editor\/wp-json\/wp\/v2\/posts\/33257\/revisions"}],"wp:attachment":[{"href":"https:\/\/luchonoticias.com\/editor\/wp-json\/wp\/v2\/media?parent=33257"}],"wp:term":[{"taxonomy":"category","embeddable":true,"href":"https:\/\/luchonoticias.com\/editor\/wp-json\/wp\/v2\/categories?post=33257"},{"taxonomy":"post_tag","embeddable":true,"href":"https:\/\/luchonoticias.com\/editor\/wp-json\/wp\/v2\/tags?post=33257"}],"curies":[{"name":"wp","href":"https:\/\/api.w.org\/{rel}","templated":true}]}}