{"id":33260,"date":"2022-08-30T04:40:58","date_gmt":"2022-08-30T09:40:58","guid":{"rendered":"https:\/\/luchonoticias.com\/?p=33260"},"modified":"2022-08-30T04:40:59","modified_gmt":"2022-08-30T09:40:59","slug":"politica-de-salud-mental-avanza-en-la-duma-departamental","status":"publish","type":"post","link":"https:\/\/luchonoticias.com\/editor\/politica-de-salud-mental-avanza-en-la-duma-departamental\/","title":{"rendered":"Pol\u00edtica de salud mental avanza en la Duma Departamental"},"content":{"rendered":"\n<p>Un balance positivo se evidenci\u00f3 durante el&nbsp;<strong>an\u00e1lisis del proyecto de ordenanza<\/strong>&nbsp;que cursa en la Duma Departamental y que permitir\u00e1&nbsp;<strong>adoptar en el Huila la Pol\u00edtica P\u00fablica de Salud Mental<\/strong>&nbsp;y Prevenci\u00f3n del Consumo de Sustancias Psicoactivas.<\/p>\n\n\n\n<p>La iniciativa&nbsp;<strong>fue bien recibida en la Comisi\u00f3n Segunda<\/strong>: Comisi\u00f3n del Plan de Desarrollo, logrando sensibilizar sobre la necesidad de implementar en el territorio la Pol\u00edtica P\u00fablica de Salud Mental orientada al&nbsp;<strong>abordaje integral de problem\u00e1ticas como: riesgos de violencia, trastornos mentales y epilepsia, consumo de sustancias psicoactivas, conducta suicida, violencias y convivencia social.&nbsp;<\/strong><\/p>\n\n\n\n<p>\u201cTengo que manifestar con gran complacencia que esta sesi\u00f3n de comisi\u00f3n&nbsp;<strong>fue un espacio muy deliberativo,<\/strong>&nbsp;donde tuvimos la oportunidad de socializar el proceso metodol\u00f3gico, la ruta que se desarroll\u00f3 en la estructuraci\u00f3n de la pol\u00edtica que cont\u00f3 con gran participaci\u00f3n de actores institucionales y comunitarios\u201d, manifest\u00f3 C\u00e9sar Alberto Polan\u00eda, secretario de Salud del Huila.<\/p>\n\n\n\n<p>La Pol\u00edtica P\u00fablica&nbsp;<strong>cuenta con 5 ejes tem\u00e1ticos y sus respectivas l\u00edneas de acci\u00f3n&nbsp;<\/strong>que permitir\u00e1n avanzar en el fortalecimiento de las intervenciones, prevenci\u00f3n de factores de riesgo, promoci\u00f3n de la participaci\u00f3n social y la articulaci\u00f3n intersectorial, tendientes a impactar las metas de resultado del Plan de Desarrollo \u201cHuila Crece\u201d en indicadores como la tasa de mortalidad por lesiones auto infligidas y la prevalencia del consumo de drogas il\u00edcitas en edad escolar.<\/p>\n\n\n\n<p>\u201cMuy importante la intervenci\u00f3n de los honorables diputados, cada uno de los aportes, en especial el manifiesto de la necesidad de buscar y dejar en el proyecto de ordenanza una fuente adicional de recursos propios, de recursos de libre destinaci\u00f3n, de rentas propias del departamento, que puedan fortalecer el sector salud, es una iniciativa que vamos a liderar, a presentarla al Se\u00f1or Gobernador\u201d expres\u00f3 el secretario de Salud Departamental.&nbsp;&nbsp;<\/p>\n","protected":false},"excerpt":{"rendered":"<p>Un balance positivo se evidenci\u00f3 durante el&nbsp;an\u00e1lisis del proyecto de ordenanza&nbsp;que cursa en la Duma Departamental y que permitir\u00e1&nbsp;adoptar en el Huila la Pol\u00edtica P\u00fablica de Salud Mental&nbsp;y Prevenci\u00f3n del Consumo de Sustancias Psicoactivas. La iniciativa&nbsp;fue bien recibida en la Comisi\u00f3n Segunda: Comisi\u00f3n del Plan de Desarrollo, logrando sensibilizar sobre la necesidad de implementar en [&hellip;]<\/p>\n","protected":false},"author":1,"featured_media":0,"comment_status":"open","ping_status":"open","sticky":false,"template":"","format":"standard","meta":{"footnotes":""},"categories":[33],"tags":[],"class_list":["post-33260","post","type-post","status-publish","format-standard","hentry","category-huila"],"yoast_head":"<!-- This site is optimized with the Yoast SEO plugin v26.6 - https:\/\/yoast.com\/wordpress\/plugins\/seo\/ -->\n<title>Pol\u00edtica de salud mental avanza en la Duma Departamental -<\/title>\n<meta name=\"robots\" content=\"index, follow, max-snippet:-1, max-image-preview:large, max-video-preview:-1\" \/>\n<link rel=\"canonical\" href=\"https:\/\/luchonoticias.com\/editor\/politica-de-salud-mental-avanza-en-la-duma-departamental\/\" \/>\n<meta property=\"og:locale\" content=\"es_ES\" \/>\n<meta property=\"og:type\" content=\"article\" \/>\n<meta property=\"og:title\" content=\"Pol\u00edtica de salud mental avanza en la Duma Departamental -\" \/>\n<meta property=\"og:url\" content=\"https:\/\/luchonoticias.com\/editor\/politica-de-salud-mental-avanza-en-la-duma-departamental\/\" \/>\n<meta property=\"article:publisher\" content=\"https:\/\/www.facebook.com\/luchonoticiasneiva\" \/>\n<meta property=\"article:author\" content=\"https:\/\/www.facebook.com\/luchonoticiasneiva\" \/>\n<meta property=\"article:published_time\" content=\"2022-08-30T09:40:58+00:00\" \/>\n<meta property=\"article:modified_time\" content=\"2022-08-30T09:40:59+00:00\" \/>\n<meta name=\"author\" content=\"admin\" \/>\n<meta name=\"twitter:card\" content=\"summary_large_image\" \/>\n<meta name=\"twitter:label1\" content=\"Escrito por\" \/>\n\t<meta name=\"twitter:data1\" content=\"admin\" \/>\n\t<meta name=\"twitter:label2\" content=\"Tiempo de lectura\" \/>\n\t<meta name=\"twitter:data2\" content=\"2 minutos\" \/>\n<script type=\"application\/ld+json\" class=\"yoast-schema-graph\">{\"@context\":\"https:\/\/schema.org\",\"@graph\":[{\"@type\":\"Article\",\"@id\":\"https:\/\/luchonoticias.com\/editor\/politica-de-salud-mental-avanza-en-la-duma-departamental\/#article\",\"isPartOf\":{\"@id\":\"https:\/\/luchonoticias.com\/editor\/politica-de-salud-mental-avanza-en-la-duma-departamental\/\"},\"author\":{\"name\":\"admin\",\"@id\":\"https:\/\/luchonoticias.com\/editor\/#\/schema\/person\/7a7fd911f58561fd056dbac7b55af9cd\"},\"headline\":\"Pol\u00edtica de salud mental avanza en la Duma Departamental\",\"datePublished\":\"2022-08-30T09:40:58+00:00\",\"dateModified\":\"2022-08-30T09:40:59+00:00\",\"mainEntityOfPage\":{\"@id\":\"https:\/\/luchonoticias.com\/editor\/politica-de-salud-mental-avanza-en-la-duma-departamental\/\"},\"wordCount\":341,\"commentCount\":0,\"publisher\":{\"@id\":\"https:\/\/luchonoticias.com\/editor\/#\/schema\/person\/7a7fd911f58561fd056dbac7b55af9cd\"},\"articleSection\":[\"Huila\"],\"inLanguage\":\"es\",\"potentialAction\":[{\"@type\":\"CommentAction\",\"name\":\"Comment\",\"target\":[\"https:\/\/luchonoticias.com\/editor\/politica-de-salud-mental-avanza-en-la-duma-departamental\/#respond\"]}]},{\"@type\":\"WebPage\",\"@id\":\"https:\/\/luchonoticias.com\/editor\/politica-de-salud-mental-avanza-en-la-duma-departamental\/\",\"url\":\"https:\/\/luchonoticias.com\/editor\/politica-de-salud-mental-avanza-en-la-duma-departamental\/\",\"name\":\"Pol\u00edtica de salud mental avanza en la Duma Departamental -\",\"isPartOf\":{\"@id\":\"https:\/\/luchonoticias.com\/editor\/#website\"},\"datePublished\":\"2022-08-30T09:40:58+00:00\",\"dateModified\":\"2022-08-30T09:40:59+00:00\",\"breadcrumb\":{\"@id\":\"https:\/\/luchonoticias.com\/editor\/politica-de-salud-mental-avanza-en-la-duma-departamental\/#breadcrumb\"},\"inLanguage\":\"es\",\"potentialAction\":[{\"@type\":\"ReadAction\",\"target\":[\"https:\/\/luchonoticias.com\/editor\/politica-de-salud-mental-avanza-en-la-duma-departamental\/\"]}]},{\"@type\":\"BreadcrumbList\",\"@id\":\"https:\/\/luchonoticias.com\/editor\/politica-de-salud-mental-avanza-en-la-duma-departamental\/#breadcrumb\",\"itemListElement\":[{\"@type\":\"ListItem\",\"position\":1,\"name\":\"Portada\",\"item\":\"https:\/\/luchonoticias.com\/editor\/\"},{\"@type\":\"ListItem\",\"position\":2,\"name\":\"Pol\u00edtica de salud mental avanza en la Duma Departamental\"}]},{\"@type\":\"WebSite\",\"@id\":\"https:\/\/luchonoticias.com\/editor\/#website\",\"url\":\"https:\/\/luchonoticias.com\/editor\/\",\"name\":\"\",\"description\":\"\",\"publisher\":{\"@id\":\"https:\/\/luchonoticias.com\/editor\/#\/schema\/person\/7a7fd911f58561fd056dbac7b55af9cd\"},\"potentialAction\":[{\"@type\":\"SearchAction\",\"target\":{\"@type\":\"EntryPoint\",\"urlTemplate\":\"https:\/\/luchonoticias.com\/editor\/?s={search_term_string}\"},\"query-input\":{\"@type\":\"PropertyValueSpecification\",\"valueRequired\":true,\"valueName\":\"search_term_string\"}}],\"inLanguage\":\"es\"},{\"@type\":[\"Person\",\"Organization\"],\"@id\":\"https:\/\/luchonoticias.com\/editor\/#\/schema\/person\/7a7fd911f58561fd056dbac7b55af9cd\",\"name\":\"admin\",\"image\":{\"@type\":\"ImageObject\",\"inLanguage\":\"es\",\"@id\":\"https:\/\/luchonoticias.com\/editor\/#\/schema\/person\/image\/\",\"url\":\"https:\/\/luchonoticias.com\/editor\/wp-content\/uploads\/2024\/02\/cropped-cropped-logolu.webp\",\"contentUrl\":\"https:\/\/luchonoticias.com\/editor\/wp-content\/uploads\/2024\/02\/cropped-cropped-logolu.webp\",\"width\":382,\"height\":170,\"caption\":\"admin\"},\"logo\":{\"@id\":\"https:\/\/luchonoticias.com\/editor\/#\/schema\/person\/image\/\"},\"sameAs\":[\"https:\/\/www.facebook.com\/luchonoticiasneiva\"],\"url\":\"https:\/\/luchonoticias.com\/editor\/author\/admin\/\"}]}<\/script>\n<!-- \/ Yoast SEO plugin. -->","yoast_head_json":{"title":"Pol\u00edtica de salud mental avanza en la Duma Departamental -","robots":{"index":"index","follow":"follow","max-snippet":"max-snippet:-1","max-image-preview":"max-image-preview:large","max-video-preview":"max-video-preview:-1"},"canonical":"https:\/\/luchonoticias.com\/editor\/politica-de-salud-mental-avanza-en-la-duma-departamental\/","og_locale":"es_ES","og_type":"article","og_title":"Pol\u00edtica de salud mental avanza en la Duma Departamental -","og_url":"https:\/\/luchonoticias.com\/editor\/politica-de-salud-mental-avanza-en-la-duma-departamental\/","article_publisher":"https:\/\/www.facebook.com\/luchonoticiasneiva","article_author":"https:\/\/www.facebook.com\/luchonoticiasneiva","article_published_time":"2022-08-30T09:40:58+00:00","article_modified_time":"2022-08-30T09:40:59+00:00","author":"admin","twitter_card":"summary_large_image","twitter_misc":{"Escrito por":"admin","Tiempo de lectura":"2 minutos"},"schema":{"@context":"https:\/\/schema.org","@graph":[{"@type":"Article","@id":"https:\/\/luchonoticias.com\/editor\/politica-de-salud-mental-avanza-en-la-duma-departamental\/#article","isPartOf":{"@id":"https:\/\/luchonoticias.com\/editor\/politica-de-salud-mental-avanza-en-la-duma-departamental\/"},"author":{"name":"admin","@id":"https:\/\/luchonoticias.com\/editor\/#\/schema\/person\/7a7fd911f58561fd056dbac7b55af9cd"},"headline":"Pol\u00edtica de salud mental avanza en la Duma Departamental","datePublished":"2022-08-30T09:40:58+00:00","dateModified":"2022-08-30T09:40:59+00:00","mainEntityOfPage":{"@id":"https:\/\/luchonoticias.com\/editor\/politica-de-salud-mental-avanza-en-la-duma-departamental\/"},"wordCount":341,"commentCount":0,"publisher":{"@id":"https:\/\/luchonoticias.com\/editor\/#\/schema\/person\/7a7fd911f58561fd056dbac7b55af9cd"},"articleSection":["Huila"],"inLanguage":"es","potentialAction":[{"@type":"CommentAction","name":"Comment","target":["https:\/\/luchonoticias.com\/editor\/politica-de-salud-mental-avanza-en-la-duma-departamental\/#respond"]}]},{"@type":"WebPage","@id":"https:\/\/luchonoticias.com\/editor\/politica-de-salud-mental-avanza-en-la-duma-departamental\/","url":"https:\/\/luchonoticias.com\/editor\/politica-de-salud-mental-avanza-en-la-duma-departamental\/","name":"Pol\u00edtica de salud mental avanza en la Duma Departamental -","isPartOf":{"@id":"https:\/\/luchonoticias.com\/editor\/#website"},"datePublished":"2022-08-30T09:40:58+00:00","dateModified":"2022-08-30T09:40:59+00:00","breadcrumb":{"@id":"https:\/\/luchonoticias.com\/editor\/politica-de-salud-mental-avanza-en-la-duma-departamental\/#breadcrumb"},"inLanguage":"es","potentialAction":[{"@type":"ReadAction","target":["https:\/\/luchonoticias.com\/editor\/politica-de-salud-mental-avanza-en-la-duma-departamental\/"]}]},{"@type":"BreadcrumbList","@id":"https:\/\/luchonoticias.com\/editor\/politica-de-salud-mental-avanza-en-la-duma-departamental\/#breadcrumb","itemListElement":[{"@type":"ListItem","position":1,"name":"Portada","item":"https:\/\/luchonoticias.com\/editor\/"},{"@type":"ListItem","position":2,"name":"Pol\u00edtica de salud mental avanza en la Duma Departamental"}]},{"@type":"WebSite","@id":"https:\/\/luchonoticias.com\/editor\/#website","url":"https:\/\/luchonoticias.com\/editor\/","name":"","description":"","publisher":{"@id":"https:\/\/luchonoticias.com\/editor\/#\/schema\/person\/7a7fd911f58561fd056dbac7b55af9cd"},"potentialAction":[{"@type":"SearchAction","target":{"@type":"EntryPoint","urlTemplate":"https:\/\/luchonoticias.com\/editor\/?s={search_term_string}"},"query-input":{"@type":"PropertyValueSpecification","valueRequired":true,"valueName":"search_term_string"}}],"inLanguage":"es"},{"@type":["Person","Organization"],"@id":"https:\/\/luchonoticias.com\/editor\/#\/schema\/person\/7a7fd911f58561fd056dbac7b55af9cd","name":"admin","image":{"@type":"ImageObject","inLanguage":"es","@id":"https:\/\/luchonoticias.com\/editor\/#\/schema\/person\/image\/","url":"https:\/\/luchonoticias.com\/editor\/wp-content\/uploads\/2024\/02\/cropped-cropped-logolu.webp","contentUrl":"https:\/\/luchonoticias.com\/editor\/wp-content\/uploads\/2024\/02\/cropped-cropped-logolu.webp","width":382,"height":170,"caption":"admin"},"logo":{"@id":"https:\/\/luchonoticias.com\/editor\/#\/schema\/person\/image\/"},"sameAs":["https:\/\/www.facebook.com\/luchonoticiasneiva"],"url":"https:\/\/luchonoticias.com\/editor\/author\/admin\/"}]}},"_links":{"self":[{"href":"https:\/\/luchonoticias.com\/editor\/wp-json\/wp\/v2\/posts\/33260","targetHints":{"allow":["GET"]}}],"collection":[{"href":"https:\/\/luchonoticias.com\/editor\/wp-json\/wp\/v2\/posts"}],"about":[{"href":"https:\/\/luchonoticias.com\/editor\/wp-json\/wp\/v2\/types\/post"}],"author":[{"embeddable":true,"href":"https:\/\/luchonoticias.com\/editor\/wp-json\/wp\/v2\/users\/1"}],"replies":[{"embeddable":true,"href":"https:\/\/luchonoticias.com\/editor\/wp-json\/wp\/v2\/comments?post=33260"}],"version-history":[{"count":0,"href":"https:\/\/luchonoticias.com\/editor\/wp-json\/wp\/v2\/posts\/33260\/revisions"}],"wp:attachment":[{"href":"https:\/\/luchonoticias.com\/editor\/wp-json\/wp\/v2\/media?parent=33260"}],"wp:term":[{"taxonomy":"category","embeddable":true,"href":"https:\/\/luchonoticias.com\/editor\/wp-json\/wp\/v2\/categories?post=33260"},{"taxonomy":"post_tag","embeddable":true,"href":"https:\/\/luchonoticias.com\/editor\/wp-json\/wp\/v2\/tags?post=33260"}],"curies":[{"name":"wp","href":"https:\/\/api.w.org\/{rel}","templated":true}]}}