{"id":33267,"date":"2022-08-30T04:48:10","date_gmt":"2022-08-30T09:48:10","guid":{"rendered":"https:\/\/luchonoticias.com\/?p=33267"},"modified":"2022-08-30T04:48:11","modified_gmt":"2022-08-30T09:48:11","slug":"garzon-tendra-su-centro-de-innovacion","status":"publish","type":"post","link":"https:\/\/luchonoticias.com\/editor\/garzon-tendra-su-centro-de-innovacion\/","title":{"rendered":"Garz\u00f3n tendr\u00e1 su centro de innovaci\u00f3n"},"content":{"rendered":"\n<p>A trav\u00e9s de una producci\u00f3n cient\u00edfica y capacitaciones para la innovaci\u00f3n La Gobernaci\u00f3n del Huila busca con la inversi\u00f3n de, m\u00e1s de&nbsp; $7.000 millones&nbsp;<strong>fortalecer el turismo en la zona centro del Huila<\/strong>, ocho municipios ser\u00e1n los principales beneficiarios.<\/p>\n\n\n\n<p>El proceso de&nbsp;<strong>adecuaci\u00f3n de las instalaciones del Parque Tecnol\u00f3gico&nbsp; Manila&nbsp;<\/strong>tomar\u00e1 un tiempo no mayor a 12 meses. Los encargados de llevar el proceso de ejecuci\u00f3n del mismo son&nbsp; los miembros de la Fundaci\u00f3n Universidad Del Valle quienes sostuvieron una reuni\u00f3n explicatoria de cada detalle con el Gobierno Departamental.&nbsp;<\/p>\n\n\n\n<p>Se estima que&nbsp;<strong>en menos de 8 meses las instalaciones est\u00e9n listas para recibir el mobiliario&nbsp;<\/strong>que estar\u00eda listo y adecuado en un plazo similar. Los equipos que ser\u00e1n entregados&nbsp;<strong>contar\u00e1n con la mejor tecnolog\u00eda&nbsp;<\/strong>para las capacitaciones que se dar\u00e1n al sector tur\u00edstico del Huila.<\/p>\n\n\n\n<p>El parque adem\u00e1s cuenta con seguridad suficiente para la protecci\u00f3n de las nuevas herramientas y dotaci\u00f3n mobiliaria que ser\u00e1 entregada.<\/p>\n\n\n\n<p>Los&nbsp;<strong>cursos y entrenamiento que se dar\u00e1 al personal&nbsp;<\/strong>tomar\u00e1 un tiempo de 120 horas y los convenios se est\u00e1n haciendo con el SENA y la Universidad Surcolombiana quienes ya presentaron sus propuestas.&nbsp;<\/p>\n\n\n\n<p>La tecnolog\u00eda 4.0 ser\u00e1&nbsp;<strong>para mejorar las capacidades de los promotores&nbsp; tur\u00edsticos<\/strong>, servir\u00e1 para apoyar en la modernizaci\u00f3n de sus lugares, la organizaci\u00f3n de sus cuentas pero tambi\u00e9n para que la experiencia de quienes los visiten sea la mejor.<\/p>\n\n\n\n<p>Estos cursos estar\u00e1n&nbsp;<strong>abiertos de manera gratuita a partir de octubre&nbsp;de 2023<\/strong>. Esta proyectado a&nbsp; &nbsp;largo plazo siempre con el fin de que aprendan a generar ingresos de manera efectiva y con el acompa\u00f1amiento t\u00e9cnico de profesionales y expertos en la materia.<\/p>\n\n\n\n<p>\u201cSer\u00e1n 20 profesionales que acompa\u00f1ar\u00e1n la operaci\u00f3n en el Centro de Innovaci\u00f3n. Vamos a fortalecer a 500 empresas por medio de una convocatoria abierta con entrenamiento especializado desde cinco l\u00edneas importantes que trabajaremos con la C\u00e1mara de Comercio del Huila, como la propiedad intelectual y la asistencia tecnol\u00f3gica y con la Universidad Surcolombiana trabajaremos el tema de innovaci\u00f3n, desarrollo y potencial desde el enfoque de la ciencia, tecnolog\u00eda e innovaci\u00f3n\u201d afirm\u00f3 Diana Lorena Ord\u00f3\u00f1ez Quintero, directora de regal\u00edas de la Fundaci\u00f3n Universidad Del Valle.<\/p>\n","protected":false},"excerpt":{"rendered":"<p>A trav\u00e9s de una producci\u00f3n cient\u00edfica y capacitaciones para la innovaci\u00f3n La Gobernaci\u00f3n del Huila busca con la inversi\u00f3n de, m\u00e1s de&nbsp; $7.000 millones&nbsp;fortalecer el turismo en la zona centro del Huila, ocho municipios ser\u00e1n los principales beneficiarios. El proceso de&nbsp;adecuaci\u00f3n de las instalaciones del Parque Tecnol\u00f3gico&nbsp; Manila&nbsp;tomar\u00e1 un tiempo no mayor a 12 meses. [&hellip;]<\/p>\n","protected":false},"author":1,"featured_media":0,"comment_status":"open","ping_status":"open","sticky":false,"template":"","format":"standard","meta":{"footnotes":""},"categories":[33],"tags":[],"class_list":["post-33267","post","type-post","status-publish","format-standard","hentry","category-huila"],"yoast_head":"<!-- This site is optimized with the Yoast SEO plugin v26.6 - https:\/\/yoast.com\/wordpress\/plugins\/seo\/ -->\n<title>Garz\u00f3n tendr\u00e1 su centro de innovaci\u00f3n -<\/title>\n<meta name=\"robots\" content=\"index, follow, max-snippet:-1, max-image-preview:large, max-video-preview:-1\" \/>\n<link rel=\"canonical\" href=\"https:\/\/luchonoticias.com\/editor\/garzon-tendra-su-centro-de-innovacion\/\" \/>\n<meta property=\"og:locale\" content=\"es_ES\" \/>\n<meta property=\"og:type\" content=\"article\" \/>\n<meta property=\"og:title\" content=\"Garz\u00f3n tendr\u00e1 su centro de innovaci\u00f3n -\" \/>\n<meta property=\"og:url\" content=\"https:\/\/luchonoticias.com\/editor\/garzon-tendra-su-centro-de-innovacion\/\" \/>\n<meta property=\"article:publisher\" content=\"https:\/\/www.facebook.com\/luchonoticiasneiva\" \/>\n<meta property=\"article:author\" content=\"https:\/\/www.facebook.com\/luchonoticiasneiva\" \/>\n<meta property=\"article:published_time\" content=\"2022-08-30T09:48:10+00:00\" \/>\n<meta property=\"article:modified_time\" content=\"2022-08-30T09:48:11+00:00\" \/>\n<meta name=\"author\" content=\"admin\" \/>\n<meta name=\"twitter:card\" content=\"summary_large_image\" \/>\n<meta name=\"twitter:label1\" content=\"Escrito por\" \/>\n\t<meta name=\"twitter:data1\" content=\"admin\" \/>\n\t<meta name=\"twitter:label2\" content=\"Tiempo de lectura\" \/>\n\t<meta name=\"twitter:data2\" content=\"2 minutos\" \/>\n<script type=\"application\/ld+json\" class=\"yoast-schema-graph\">{\"@context\":\"https:\/\/schema.org\",\"@graph\":[{\"@type\":\"Article\",\"@id\":\"https:\/\/luchonoticias.com\/editor\/garzon-tendra-su-centro-de-innovacion\/#article\",\"isPartOf\":{\"@id\":\"https:\/\/luchonoticias.com\/editor\/garzon-tendra-su-centro-de-innovacion\/\"},\"author\":{\"name\":\"admin\",\"@id\":\"https:\/\/luchonoticias.com\/editor\/#\/schema\/person\/7a7fd911f58561fd056dbac7b55af9cd\"},\"headline\":\"Garz\u00f3n tendr\u00e1 su centro de innovaci\u00f3n\",\"datePublished\":\"2022-08-30T09:48:10+00:00\",\"dateModified\":\"2022-08-30T09:48:11+00:00\",\"mainEntityOfPage\":{\"@id\":\"https:\/\/luchonoticias.com\/editor\/garzon-tendra-su-centro-de-innovacion\/\"},\"wordCount\":420,\"commentCount\":0,\"publisher\":{\"@id\":\"https:\/\/luchonoticias.com\/editor\/#\/schema\/person\/7a7fd911f58561fd056dbac7b55af9cd\"},\"articleSection\":[\"Huila\"],\"inLanguage\":\"es\",\"potentialAction\":[{\"@type\":\"CommentAction\",\"name\":\"Comment\",\"target\":[\"https:\/\/luchonoticias.com\/editor\/garzon-tendra-su-centro-de-innovacion\/#respond\"]}]},{\"@type\":\"WebPage\",\"@id\":\"https:\/\/luchonoticias.com\/editor\/garzon-tendra-su-centro-de-innovacion\/\",\"url\":\"https:\/\/luchonoticias.com\/editor\/garzon-tendra-su-centro-de-innovacion\/\",\"name\":\"Garz\u00f3n tendr\u00e1 su centro de innovaci\u00f3n -\",\"isPartOf\":{\"@id\":\"https:\/\/luchonoticias.com\/editor\/#website\"},\"datePublished\":\"2022-08-30T09:48:10+00:00\",\"dateModified\":\"2022-08-30T09:48:11+00:00\",\"breadcrumb\":{\"@id\":\"https:\/\/luchonoticias.com\/editor\/garzon-tendra-su-centro-de-innovacion\/#breadcrumb\"},\"inLanguage\":\"es\",\"potentialAction\":[{\"@type\":\"ReadAction\",\"target\":[\"https:\/\/luchonoticias.com\/editor\/garzon-tendra-su-centro-de-innovacion\/\"]}]},{\"@type\":\"BreadcrumbList\",\"@id\":\"https:\/\/luchonoticias.com\/editor\/garzon-tendra-su-centro-de-innovacion\/#breadcrumb\",\"itemListElement\":[{\"@type\":\"ListItem\",\"position\":1,\"name\":\"Portada\",\"item\":\"https:\/\/luchonoticias.com\/editor\/\"},{\"@type\":\"ListItem\",\"position\":2,\"name\":\"Garz\u00f3n tendr\u00e1 su centro de innovaci\u00f3n\"}]},{\"@type\":\"WebSite\",\"@id\":\"https:\/\/luchonoticias.com\/editor\/#website\",\"url\":\"https:\/\/luchonoticias.com\/editor\/\",\"name\":\"\",\"description\":\"\",\"publisher\":{\"@id\":\"https:\/\/luchonoticias.com\/editor\/#\/schema\/person\/7a7fd911f58561fd056dbac7b55af9cd\"},\"potentialAction\":[{\"@type\":\"SearchAction\",\"target\":{\"@type\":\"EntryPoint\",\"urlTemplate\":\"https:\/\/luchonoticias.com\/editor\/?s={search_term_string}\"},\"query-input\":{\"@type\":\"PropertyValueSpecification\",\"valueRequired\":true,\"valueName\":\"search_term_string\"}}],\"inLanguage\":\"es\"},{\"@type\":[\"Person\",\"Organization\"],\"@id\":\"https:\/\/luchonoticias.com\/editor\/#\/schema\/person\/7a7fd911f58561fd056dbac7b55af9cd\",\"name\":\"admin\",\"image\":{\"@type\":\"ImageObject\",\"inLanguage\":\"es\",\"@id\":\"https:\/\/luchonoticias.com\/editor\/#\/schema\/person\/image\/\",\"url\":\"https:\/\/luchonoticias.com\/editor\/wp-content\/uploads\/2024\/02\/cropped-cropped-logolu.webp\",\"contentUrl\":\"https:\/\/luchonoticias.com\/editor\/wp-content\/uploads\/2024\/02\/cropped-cropped-logolu.webp\",\"width\":382,\"height\":170,\"caption\":\"admin\"},\"logo\":{\"@id\":\"https:\/\/luchonoticias.com\/editor\/#\/schema\/person\/image\/\"},\"sameAs\":[\"https:\/\/www.facebook.com\/luchonoticiasneiva\"],\"url\":\"https:\/\/luchonoticias.com\/editor\/author\/admin\/\"}]}<\/script>\n<!-- \/ Yoast SEO plugin. -->","yoast_head_json":{"title":"Garz\u00f3n tendr\u00e1 su centro de innovaci\u00f3n -","robots":{"index":"index","follow":"follow","max-snippet":"max-snippet:-1","max-image-preview":"max-image-preview:large","max-video-preview":"max-video-preview:-1"},"canonical":"https:\/\/luchonoticias.com\/editor\/garzon-tendra-su-centro-de-innovacion\/","og_locale":"es_ES","og_type":"article","og_title":"Garz\u00f3n tendr\u00e1 su centro de innovaci\u00f3n -","og_url":"https:\/\/luchonoticias.com\/editor\/garzon-tendra-su-centro-de-innovacion\/","article_publisher":"https:\/\/www.facebook.com\/luchonoticiasneiva","article_author":"https:\/\/www.facebook.com\/luchonoticiasneiva","article_published_time":"2022-08-30T09:48:10+00:00","article_modified_time":"2022-08-30T09:48:11+00:00","author":"admin","twitter_card":"summary_large_image","twitter_misc":{"Escrito por":"admin","Tiempo de lectura":"2 minutos"},"schema":{"@context":"https:\/\/schema.org","@graph":[{"@type":"Article","@id":"https:\/\/luchonoticias.com\/editor\/garzon-tendra-su-centro-de-innovacion\/#article","isPartOf":{"@id":"https:\/\/luchonoticias.com\/editor\/garzon-tendra-su-centro-de-innovacion\/"},"author":{"name":"admin","@id":"https:\/\/luchonoticias.com\/editor\/#\/schema\/person\/7a7fd911f58561fd056dbac7b55af9cd"},"headline":"Garz\u00f3n tendr\u00e1 su centro de innovaci\u00f3n","datePublished":"2022-08-30T09:48:10+00:00","dateModified":"2022-08-30T09:48:11+00:00","mainEntityOfPage":{"@id":"https:\/\/luchonoticias.com\/editor\/garzon-tendra-su-centro-de-innovacion\/"},"wordCount":420,"commentCount":0,"publisher":{"@id":"https:\/\/luchonoticias.com\/editor\/#\/schema\/person\/7a7fd911f58561fd056dbac7b55af9cd"},"articleSection":["Huila"],"inLanguage":"es","potentialAction":[{"@type":"CommentAction","name":"Comment","target":["https:\/\/luchonoticias.com\/editor\/garzon-tendra-su-centro-de-innovacion\/#respond"]}]},{"@type":"WebPage","@id":"https:\/\/luchonoticias.com\/editor\/garzon-tendra-su-centro-de-innovacion\/","url":"https:\/\/luchonoticias.com\/editor\/garzon-tendra-su-centro-de-innovacion\/","name":"Garz\u00f3n tendr\u00e1 su centro de innovaci\u00f3n -","isPartOf":{"@id":"https:\/\/luchonoticias.com\/editor\/#website"},"datePublished":"2022-08-30T09:48:10+00:00","dateModified":"2022-08-30T09:48:11+00:00","breadcrumb":{"@id":"https:\/\/luchonoticias.com\/editor\/garzon-tendra-su-centro-de-innovacion\/#breadcrumb"},"inLanguage":"es","potentialAction":[{"@type":"ReadAction","target":["https:\/\/luchonoticias.com\/editor\/garzon-tendra-su-centro-de-innovacion\/"]}]},{"@type":"BreadcrumbList","@id":"https:\/\/luchonoticias.com\/editor\/garzon-tendra-su-centro-de-innovacion\/#breadcrumb","itemListElement":[{"@type":"ListItem","position":1,"name":"Portada","item":"https:\/\/luchonoticias.com\/editor\/"},{"@type":"ListItem","position":2,"name":"Garz\u00f3n tendr\u00e1 su centro de innovaci\u00f3n"}]},{"@type":"WebSite","@id":"https:\/\/luchonoticias.com\/editor\/#website","url":"https:\/\/luchonoticias.com\/editor\/","name":"","description":"","publisher":{"@id":"https:\/\/luchonoticias.com\/editor\/#\/schema\/person\/7a7fd911f58561fd056dbac7b55af9cd"},"potentialAction":[{"@type":"SearchAction","target":{"@type":"EntryPoint","urlTemplate":"https:\/\/luchonoticias.com\/editor\/?s={search_term_string}"},"query-input":{"@type":"PropertyValueSpecification","valueRequired":true,"valueName":"search_term_string"}}],"inLanguage":"es"},{"@type":["Person","Organization"],"@id":"https:\/\/luchonoticias.com\/editor\/#\/schema\/person\/7a7fd911f58561fd056dbac7b55af9cd","name":"admin","image":{"@type":"ImageObject","inLanguage":"es","@id":"https:\/\/luchonoticias.com\/editor\/#\/schema\/person\/image\/","url":"https:\/\/luchonoticias.com\/editor\/wp-content\/uploads\/2024\/02\/cropped-cropped-logolu.webp","contentUrl":"https:\/\/luchonoticias.com\/editor\/wp-content\/uploads\/2024\/02\/cropped-cropped-logolu.webp","width":382,"height":170,"caption":"admin"},"logo":{"@id":"https:\/\/luchonoticias.com\/editor\/#\/schema\/person\/image\/"},"sameAs":["https:\/\/www.facebook.com\/luchonoticiasneiva"],"url":"https:\/\/luchonoticias.com\/editor\/author\/admin\/"}]}},"_links":{"self":[{"href":"https:\/\/luchonoticias.com\/editor\/wp-json\/wp\/v2\/posts\/33267","targetHints":{"allow":["GET"]}}],"collection":[{"href":"https:\/\/luchonoticias.com\/editor\/wp-json\/wp\/v2\/posts"}],"about":[{"href":"https:\/\/luchonoticias.com\/editor\/wp-json\/wp\/v2\/types\/post"}],"author":[{"embeddable":true,"href":"https:\/\/luchonoticias.com\/editor\/wp-json\/wp\/v2\/users\/1"}],"replies":[{"embeddable":true,"href":"https:\/\/luchonoticias.com\/editor\/wp-json\/wp\/v2\/comments?post=33267"}],"version-history":[{"count":0,"href":"https:\/\/luchonoticias.com\/editor\/wp-json\/wp\/v2\/posts\/33267\/revisions"}],"wp:attachment":[{"href":"https:\/\/luchonoticias.com\/editor\/wp-json\/wp\/v2\/media?parent=33267"}],"wp:term":[{"taxonomy":"category","embeddable":true,"href":"https:\/\/luchonoticias.com\/editor\/wp-json\/wp\/v2\/categories?post=33267"},{"taxonomy":"post_tag","embeddable":true,"href":"https:\/\/luchonoticias.com\/editor\/wp-json\/wp\/v2\/tags?post=33267"}],"curies":[{"name":"wp","href":"https:\/\/api.w.org\/{rel}","templated":true}]}}