{"id":33360,"date":"2022-08-31T05:31:27","date_gmt":"2022-08-31T10:31:27","guid":{"rendered":"https:\/\/luchonoticias.com\/?p=33360"},"modified":"2022-08-31T05:31:28","modified_gmt":"2022-08-31T10:31:28","slug":"iniciativa-para-rehabilitar-viviendas-en-nataga","status":"publish","type":"post","link":"https:\/\/luchonoticias.com\/editor\/iniciativa-para-rehabilitar-viviendas-en-nataga\/","title":{"rendered":"Iniciativa para rehabilitar viviendas en N\u00e1taga"},"content":{"rendered":"\n<p>El mandatario de los huilenses, Luis Enrique Duss\u00e1n, a trav\u00e9s de Fonvihuila&nbsp;estuvo en el municipio de&nbsp;<strong>N\u00e1taga&nbsp;<\/strong>realizando la&nbsp;<strong>socializaci\u00f3n del proyecto de Rehabilitaciones<\/strong>&nbsp;por el Sistema de Autoconstrucci\u00f3n a los afectados por las fuertes lluvias en el marco del decreto 059 de marzo de 2022.<\/p>\n\n\n\n<p>En esta importante reuni\u00f3n se dio a conocer que Fonvihuila, dise\u00f1\u00f3&nbsp;<strong>un modelo por autoconstrucci\u00f3n de vivienda nueva y rehabilitaciones;<\/strong>&nbsp; donde la participaci\u00f3n y concertaci\u00f3n con las comunidades afectadas, es el elemento fundamental para el desarrollo de estas obras.<\/p>\n\n\n\n<p>Con esto lo que se busca es ayudar al&nbsp;<strong>mejoramiento de inmuebles<\/strong>&nbsp;que han sufrido&nbsp;<strong>afectaciones por la ola invernal<\/strong>. &nbsp;<\/p>\n\n\n\n<p>\u201cSe van a rehabilitar viviendas que han sufrido da\u00f1os en el techo, en los ba\u00f1os, el piso, entre otras&nbsp; afectaciones y con esta reuni\u00f3n vemos el compromiso que tiene el gobierno departamental con mi municipio\u201d, se\u00f1al\u00f3 el alcalde de N\u00e1taga, Hector \u00c1ngel Amesquita.<\/p>\n","protected":false},"excerpt":{"rendered":"<p>El mandatario de los huilenses, Luis Enrique Duss\u00e1n, a trav\u00e9s de Fonvihuila&nbsp;estuvo en el municipio de&nbsp;N\u00e1taga&nbsp;realizando la&nbsp;socializaci\u00f3n del proyecto de Rehabilitaciones&nbsp;por el Sistema de Autoconstrucci\u00f3n a los afectados por las fuertes lluvias en el marco del decreto 059 de marzo de 2022. En esta importante reuni\u00f3n se dio a conocer que Fonvihuila, dise\u00f1\u00f3&nbsp;un modelo por [&hellip;]<\/p>\n","protected":false},"author":1,"featured_media":0,"comment_status":"open","ping_status":"open","sticky":false,"template":"","format":"standard","meta":{"footnotes":""},"categories":[33],"tags":[],"class_list":["post-33360","post","type-post","status-publish","format-standard","hentry","category-huila"],"yoast_head":"<!-- This site is optimized with the Yoast SEO plugin v26.6 - https:\/\/yoast.com\/wordpress\/plugins\/seo\/ -->\n<title>Iniciativa para rehabilitar viviendas en N\u00e1taga -<\/title>\n<meta name=\"robots\" content=\"index, follow, max-snippet:-1, max-image-preview:large, max-video-preview:-1\" \/>\n<link rel=\"canonical\" href=\"https:\/\/luchonoticias.com\/editor\/iniciativa-para-rehabilitar-viviendas-en-nataga\/\" \/>\n<meta property=\"og:locale\" content=\"es_ES\" \/>\n<meta property=\"og:type\" content=\"article\" \/>\n<meta property=\"og:title\" content=\"Iniciativa para rehabilitar viviendas en N\u00e1taga -\" \/>\n<meta property=\"og:url\" content=\"https:\/\/luchonoticias.com\/editor\/iniciativa-para-rehabilitar-viviendas-en-nataga\/\" \/>\n<meta property=\"article:publisher\" content=\"https:\/\/www.facebook.com\/luchonoticiasneiva\" \/>\n<meta property=\"article:author\" content=\"https:\/\/www.facebook.com\/luchonoticiasneiva\" \/>\n<meta property=\"article:published_time\" content=\"2022-08-31T10:31:27+00:00\" \/>\n<meta property=\"article:modified_time\" content=\"2022-08-31T10:31:28+00:00\" \/>\n<meta name=\"author\" content=\"admin\" \/>\n<meta name=\"twitter:card\" content=\"summary_large_image\" \/>\n<meta name=\"twitter:label1\" content=\"Escrito por\" \/>\n\t<meta name=\"twitter:data1\" content=\"admin\" \/>\n\t<meta name=\"twitter:label2\" content=\"Tiempo de lectura\" \/>\n\t<meta name=\"twitter:data2\" content=\"1 minuto\" \/>\n<script type=\"application\/ld+json\" class=\"yoast-schema-graph\">{\"@context\":\"https:\/\/schema.org\",\"@graph\":[{\"@type\":\"Article\",\"@id\":\"https:\/\/luchonoticias.com\/editor\/iniciativa-para-rehabilitar-viviendas-en-nataga\/#article\",\"isPartOf\":{\"@id\":\"https:\/\/luchonoticias.com\/editor\/iniciativa-para-rehabilitar-viviendas-en-nataga\/\"},\"author\":{\"name\":\"admin\",\"@id\":\"https:\/\/luchonoticias.com\/editor\/#\/schema\/person\/7a7fd911f58561fd056dbac7b55af9cd\"},\"headline\":\"Iniciativa para rehabilitar viviendas en N\u00e1taga\",\"datePublished\":\"2022-08-31T10:31:27+00:00\",\"dateModified\":\"2022-08-31T10:31:28+00:00\",\"mainEntityOfPage\":{\"@id\":\"https:\/\/luchonoticias.com\/editor\/iniciativa-para-rehabilitar-viviendas-en-nataga\/\"},\"wordCount\":180,\"commentCount\":0,\"publisher\":{\"@id\":\"https:\/\/luchonoticias.com\/editor\/#\/schema\/person\/7a7fd911f58561fd056dbac7b55af9cd\"},\"articleSection\":[\"Huila\"],\"inLanguage\":\"es\",\"potentialAction\":[{\"@type\":\"CommentAction\",\"name\":\"Comment\",\"target\":[\"https:\/\/luchonoticias.com\/editor\/iniciativa-para-rehabilitar-viviendas-en-nataga\/#respond\"]}]},{\"@type\":\"WebPage\",\"@id\":\"https:\/\/luchonoticias.com\/editor\/iniciativa-para-rehabilitar-viviendas-en-nataga\/\",\"url\":\"https:\/\/luchonoticias.com\/editor\/iniciativa-para-rehabilitar-viviendas-en-nataga\/\",\"name\":\"Iniciativa para rehabilitar viviendas en N\u00e1taga -\",\"isPartOf\":{\"@id\":\"https:\/\/luchonoticias.com\/editor\/#website\"},\"datePublished\":\"2022-08-31T10:31:27+00:00\",\"dateModified\":\"2022-08-31T10:31:28+00:00\",\"breadcrumb\":{\"@id\":\"https:\/\/luchonoticias.com\/editor\/iniciativa-para-rehabilitar-viviendas-en-nataga\/#breadcrumb\"},\"inLanguage\":\"es\",\"potentialAction\":[{\"@type\":\"ReadAction\",\"target\":[\"https:\/\/luchonoticias.com\/editor\/iniciativa-para-rehabilitar-viviendas-en-nataga\/\"]}]},{\"@type\":\"BreadcrumbList\",\"@id\":\"https:\/\/luchonoticias.com\/editor\/iniciativa-para-rehabilitar-viviendas-en-nataga\/#breadcrumb\",\"itemListElement\":[{\"@type\":\"ListItem\",\"position\":1,\"name\":\"Portada\",\"item\":\"https:\/\/luchonoticias.com\/editor\/\"},{\"@type\":\"ListItem\",\"position\":2,\"name\":\"Iniciativa para rehabilitar viviendas en N\u00e1taga\"}]},{\"@type\":\"WebSite\",\"@id\":\"https:\/\/luchonoticias.com\/editor\/#website\",\"url\":\"https:\/\/luchonoticias.com\/editor\/\",\"name\":\"\",\"description\":\"\",\"publisher\":{\"@id\":\"https:\/\/luchonoticias.com\/editor\/#\/schema\/person\/7a7fd911f58561fd056dbac7b55af9cd\"},\"potentialAction\":[{\"@type\":\"SearchAction\",\"target\":{\"@type\":\"EntryPoint\",\"urlTemplate\":\"https:\/\/luchonoticias.com\/editor\/?s={search_term_string}\"},\"query-input\":{\"@type\":\"PropertyValueSpecification\",\"valueRequired\":true,\"valueName\":\"search_term_string\"}}],\"inLanguage\":\"es\"},{\"@type\":[\"Person\",\"Organization\"],\"@id\":\"https:\/\/luchonoticias.com\/editor\/#\/schema\/person\/7a7fd911f58561fd056dbac7b55af9cd\",\"name\":\"admin\",\"image\":{\"@type\":\"ImageObject\",\"inLanguage\":\"es\",\"@id\":\"https:\/\/luchonoticias.com\/editor\/#\/schema\/person\/image\/\",\"url\":\"https:\/\/luchonoticias.com\/editor\/wp-content\/uploads\/2024\/02\/cropped-cropped-logolu.webp\",\"contentUrl\":\"https:\/\/luchonoticias.com\/editor\/wp-content\/uploads\/2024\/02\/cropped-cropped-logolu.webp\",\"width\":382,\"height\":170,\"caption\":\"admin\"},\"logo\":{\"@id\":\"https:\/\/luchonoticias.com\/editor\/#\/schema\/person\/image\/\"},\"sameAs\":[\"https:\/\/www.facebook.com\/luchonoticiasneiva\"],\"url\":\"https:\/\/luchonoticias.com\/editor\/author\/admin\/\"}]}<\/script>\n<!-- \/ Yoast SEO plugin. -->","yoast_head_json":{"title":"Iniciativa para rehabilitar viviendas en N\u00e1taga -","robots":{"index":"index","follow":"follow","max-snippet":"max-snippet:-1","max-image-preview":"max-image-preview:large","max-video-preview":"max-video-preview:-1"},"canonical":"https:\/\/luchonoticias.com\/editor\/iniciativa-para-rehabilitar-viviendas-en-nataga\/","og_locale":"es_ES","og_type":"article","og_title":"Iniciativa para rehabilitar viviendas en N\u00e1taga -","og_url":"https:\/\/luchonoticias.com\/editor\/iniciativa-para-rehabilitar-viviendas-en-nataga\/","article_publisher":"https:\/\/www.facebook.com\/luchonoticiasneiva","article_author":"https:\/\/www.facebook.com\/luchonoticiasneiva","article_published_time":"2022-08-31T10:31:27+00:00","article_modified_time":"2022-08-31T10:31:28+00:00","author":"admin","twitter_card":"summary_large_image","twitter_misc":{"Escrito por":"admin","Tiempo de lectura":"1 minuto"},"schema":{"@context":"https:\/\/schema.org","@graph":[{"@type":"Article","@id":"https:\/\/luchonoticias.com\/editor\/iniciativa-para-rehabilitar-viviendas-en-nataga\/#article","isPartOf":{"@id":"https:\/\/luchonoticias.com\/editor\/iniciativa-para-rehabilitar-viviendas-en-nataga\/"},"author":{"name":"admin","@id":"https:\/\/luchonoticias.com\/editor\/#\/schema\/person\/7a7fd911f58561fd056dbac7b55af9cd"},"headline":"Iniciativa para rehabilitar viviendas en N\u00e1taga","datePublished":"2022-08-31T10:31:27+00:00","dateModified":"2022-08-31T10:31:28+00:00","mainEntityOfPage":{"@id":"https:\/\/luchonoticias.com\/editor\/iniciativa-para-rehabilitar-viviendas-en-nataga\/"},"wordCount":180,"commentCount":0,"publisher":{"@id":"https:\/\/luchonoticias.com\/editor\/#\/schema\/person\/7a7fd911f58561fd056dbac7b55af9cd"},"articleSection":["Huila"],"inLanguage":"es","potentialAction":[{"@type":"CommentAction","name":"Comment","target":["https:\/\/luchonoticias.com\/editor\/iniciativa-para-rehabilitar-viviendas-en-nataga\/#respond"]}]},{"@type":"WebPage","@id":"https:\/\/luchonoticias.com\/editor\/iniciativa-para-rehabilitar-viviendas-en-nataga\/","url":"https:\/\/luchonoticias.com\/editor\/iniciativa-para-rehabilitar-viviendas-en-nataga\/","name":"Iniciativa para rehabilitar viviendas en N\u00e1taga -","isPartOf":{"@id":"https:\/\/luchonoticias.com\/editor\/#website"},"datePublished":"2022-08-31T10:31:27+00:00","dateModified":"2022-08-31T10:31:28+00:00","breadcrumb":{"@id":"https:\/\/luchonoticias.com\/editor\/iniciativa-para-rehabilitar-viviendas-en-nataga\/#breadcrumb"},"inLanguage":"es","potentialAction":[{"@type":"ReadAction","target":["https:\/\/luchonoticias.com\/editor\/iniciativa-para-rehabilitar-viviendas-en-nataga\/"]}]},{"@type":"BreadcrumbList","@id":"https:\/\/luchonoticias.com\/editor\/iniciativa-para-rehabilitar-viviendas-en-nataga\/#breadcrumb","itemListElement":[{"@type":"ListItem","position":1,"name":"Portada","item":"https:\/\/luchonoticias.com\/editor\/"},{"@type":"ListItem","position":2,"name":"Iniciativa para rehabilitar viviendas en N\u00e1taga"}]},{"@type":"WebSite","@id":"https:\/\/luchonoticias.com\/editor\/#website","url":"https:\/\/luchonoticias.com\/editor\/","name":"","description":"","publisher":{"@id":"https:\/\/luchonoticias.com\/editor\/#\/schema\/person\/7a7fd911f58561fd056dbac7b55af9cd"},"potentialAction":[{"@type":"SearchAction","target":{"@type":"EntryPoint","urlTemplate":"https:\/\/luchonoticias.com\/editor\/?s={search_term_string}"},"query-input":{"@type":"PropertyValueSpecification","valueRequired":true,"valueName":"search_term_string"}}],"inLanguage":"es"},{"@type":["Person","Organization"],"@id":"https:\/\/luchonoticias.com\/editor\/#\/schema\/person\/7a7fd911f58561fd056dbac7b55af9cd","name":"admin","image":{"@type":"ImageObject","inLanguage":"es","@id":"https:\/\/luchonoticias.com\/editor\/#\/schema\/person\/image\/","url":"https:\/\/luchonoticias.com\/editor\/wp-content\/uploads\/2024\/02\/cropped-cropped-logolu.webp","contentUrl":"https:\/\/luchonoticias.com\/editor\/wp-content\/uploads\/2024\/02\/cropped-cropped-logolu.webp","width":382,"height":170,"caption":"admin"},"logo":{"@id":"https:\/\/luchonoticias.com\/editor\/#\/schema\/person\/image\/"},"sameAs":["https:\/\/www.facebook.com\/luchonoticiasneiva"],"url":"https:\/\/luchonoticias.com\/editor\/author\/admin\/"}]}},"_links":{"self":[{"href":"https:\/\/luchonoticias.com\/editor\/wp-json\/wp\/v2\/posts\/33360","targetHints":{"allow":["GET"]}}],"collection":[{"href":"https:\/\/luchonoticias.com\/editor\/wp-json\/wp\/v2\/posts"}],"about":[{"href":"https:\/\/luchonoticias.com\/editor\/wp-json\/wp\/v2\/types\/post"}],"author":[{"embeddable":true,"href":"https:\/\/luchonoticias.com\/editor\/wp-json\/wp\/v2\/users\/1"}],"replies":[{"embeddable":true,"href":"https:\/\/luchonoticias.com\/editor\/wp-json\/wp\/v2\/comments?post=33360"}],"version-history":[{"count":0,"href":"https:\/\/luchonoticias.com\/editor\/wp-json\/wp\/v2\/posts\/33360\/revisions"}],"wp:attachment":[{"href":"https:\/\/luchonoticias.com\/editor\/wp-json\/wp\/v2\/media?parent=33360"}],"wp:term":[{"taxonomy":"category","embeddable":true,"href":"https:\/\/luchonoticias.com\/editor\/wp-json\/wp\/v2\/categories?post=33360"},{"taxonomy":"post_tag","embeddable":true,"href":"https:\/\/luchonoticias.com\/editor\/wp-json\/wp\/v2\/tags?post=33360"}],"curies":[{"name":"wp","href":"https:\/\/api.w.org\/{rel}","templated":true}]}}