{"id":33363,"date":"2022-08-31T05:32:39","date_gmt":"2022-08-31T10:32:39","guid":{"rendered":"https:\/\/luchonoticias.com\/?p=33363"},"modified":"2022-08-31T05:32:40","modified_gmt":"2022-08-31T10:32:40","slug":"apoyo-departamental-a-emprendimiento-del-sur-del-huila","status":"publish","type":"post","link":"https:\/\/luchonoticias.com\/editor\/apoyo-departamental-a-emprendimiento-del-sur-del-huila\/","title":{"rendered":"Apoyo departamental a emprendimiento del sur del Huila"},"content":{"rendered":"\n<p>A m\u00e1s de 40 minutos del casco urbano de Saladoblanco, sur del Huila,&nbsp; est\u00e1 ubicada la&nbsp;<strong>vereda Alto Median\u00edas<\/strong>, donde la brisa e imponencia del Salto de Bordones se mezcla con el dulce aroma de cafetales que florecen y producen unos frutos con caracter\u00edsticas organol\u00e9pticas especiales.<\/p>\n\n\n\n<p>En este sector&nbsp;<strong>prospera un grupo asociativo conformado por 28 mujeres&nbsp;<\/strong>que de la mano de la Gobernaci\u00f3n del Huila se han dedicado con amor y entrega al cultivo del caf\u00e9, y&nbsp;<strong>sue\u00f1an con tener su propia marca de un producto diferenciado&nbsp;<\/strong>que les permita crecer no solo como productoras sino como empresarias.<\/p>\n\n\n\n<p>El apoyo brindado por el gobierno \u201cHuila Crece\u201d fue vital para el sostenimiento de sus cultivos durante el periodo de la pandemia de Covid-19, lo que permiti\u00f3 la compra de agroinsumos, principalmente abono para mejorar la producci\u00f3n del grano, aliviando los costos de las familias dedicadas a esta actividad, como lo expresa Ninfa Delgado Guaca, representante legal de la Asociaci\u00f3n&nbsp; de Mujeres Cabeza de Hogar Emprendedoras por su Bienestar.<\/p>\n\n\n\n<p>\u201cNos presentamos a la convocatoria del Fondo Concursal de Fomento para la Mujer Rural, y accedimos a la financiaci\u00f3n para la compra de fertilizantes, pues en ese momento no cont\u00e1bamos con recursos para comprarlos, y eso nos permiti\u00f3 alivianar la carga para el sostenimiento de nuestras familias, debido a que en ese momento el precio del caf\u00e9 estaba m\u00e1s bajo que en la actualidad\u201d, indic\u00f3.<\/p>\n\n\n\n<p>Gracias a este apoyo del Gobierno Departamental<strong>&nbsp;se adelant\u00f3 un exitoso proceso de fertilizaci\u00f3n&nbsp;<\/strong>que se vio reflejado en unas mejores cosechas, sostiene la l\u00edder, quien destaca el trabajo adelantado por el grupo asociativo, y el equipo t\u00e9cnico de la Secretar\u00eda de Agricultura y Miner\u00eda del Huila que les permiti\u00f3 cumplir con las metas e indicadores del proyecto.<\/p>\n\n\n\n<p>\u201cAdelantamos la fertilizaci\u00f3n con un muy buen producto y el caf\u00e9 obtuvo mejor producci\u00f3n, que gracias al incremento de los precios de compra, nos permiten alcanzar una mayor rentabilidad, y al condonarlos la deuda, esos recursos nos ayudar\u00e1n a seguir impulsando la actividad cafetera, y por eso nos sentimos agradecidas con el gobernador, con las integrantes del grupo asociativo, con el equipo de la Secretar\u00eda de Agricultura y Miner\u00eda\u201d.<\/p>\n\n\n\n<h5 class=\"wp-block-heading\">La proyecci\u00f3n<\/h5>\n\n\n\n<p>Este grupo asociativo de mujeres cabeza de familia<strong>&nbsp;se proyectan a tener su marca propia de caf\u00e9,<\/strong>&nbsp;a integrarla a la oferta tur\u00edstica de la regi\u00f3n, aprovechando el gran atractivo de sus paisajes, y la excelente calidad del grano que se cosecha en la zona.&nbsp;&nbsp;<\/p>\n\n\n\n<p>\u00abSomos&nbsp;<strong>28 socias quienes cultivamos aproximadamente 140.000 \u00e1rboles de caf\u00e9 distribuidos en 28 hect\u00e1reas<\/strong>, quienes aspiramos a tener nuestro propio sello o marca, y conformar una cooperativa que nos permita el reconocimiento para vender el producto sin intermediarios, alcanzando una mejor rentabilidad\u201d, concluye Ninfa Delgado Guaca.<\/p>\n","protected":false},"excerpt":{"rendered":"<p>A m\u00e1s de 40 minutos del casco urbano de Saladoblanco, sur del Huila,&nbsp; est\u00e1 ubicada la&nbsp;vereda Alto Median\u00edas, donde la brisa e imponencia del Salto de Bordones se mezcla con el dulce aroma de cafetales que florecen y producen unos frutos con caracter\u00edsticas organol\u00e9pticas especiales. En este sector&nbsp;prospera un grupo asociativo conformado por 28 mujeres&nbsp;que [&hellip;]<\/p>\n","protected":false},"author":1,"featured_media":0,"comment_status":"open","ping_status":"open","sticky":false,"template":"","format":"standard","meta":{"footnotes":""},"categories":[33],"tags":[],"class_list":["post-33363","post","type-post","status-publish","format-standard","hentry","category-huila"],"yoast_head":"<!-- This site is optimized with the Yoast SEO plugin v26.6 - https:\/\/yoast.com\/wordpress\/plugins\/seo\/ -->\n<title>Apoyo departamental a emprendimiento del sur del Huila -<\/title>\n<meta name=\"robots\" content=\"index, follow, max-snippet:-1, max-image-preview:large, max-video-preview:-1\" \/>\n<link rel=\"canonical\" href=\"https:\/\/luchonoticias.com\/editor\/apoyo-departamental-a-emprendimiento-del-sur-del-huila\/\" \/>\n<meta property=\"og:locale\" content=\"es_ES\" \/>\n<meta property=\"og:type\" content=\"article\" \/>\n<meta property=\"og:title\" content=\"Apoyo departamental a emprendimiento del sur del Huila -\" \/>\n<meta property=\"og:url\" content=\"https:\/\/luchonoticias.com\/editor\/apoyo-departamental-a-emprendimiento-del-sur-del-huila\/\" \/>\n<meta property=\"article:publisher\" content=\"https:\/\/www.facebook.com\/luchonoticiasneiva\" \/>\n<meta property=\"article:author\" content=\"https:\/\/www.facebook.com\/luchonoticiasneiva\" \/>\n<meta property=\"article:published_time\" content=\"2022-08-31T10:32:39+00:00\" \/>\n<meta property=\"article:modified_time\" content=\"2022-08-31T10:32:40+00:00\" \/>\n<meta name=\"author\" content=\"admin\" \/>\n<meta name=\"twitter:card\" content=\"summary_large_image\" \/>\n<meta name=\"twitter:label1\" content=\"Escrito por\" \/>\n\t<meta name=\"twitter:data1\" content=\"admin\" \/>\n\t<meta name=\"twitter:label2\" content=\"Tiempo de lectura\" \/>\n\t<meta name=\"twitter:data2\" content=\"2 minutos\" \/>\n<script type=\"application\/ld+json\" class=\"yoast-schema-graph\">{\"@context\":\"https:\/\/schema.org\",\"@graph\":[{\"@type\":\"Article\",\"@id\":\"https:\/\/luchonoticias.com\/editor\/apoyo-departamental-a-emprendimiento-del-sur-del-huila\/#article\",\"isPartOf\":{\"@id\":\"https:\/\/luchonoticias.com\/editor\/apoyo-departamental-a-emprendimiento-del-sur-del-huila\/\"},\"author\":{\"name\":\"admin\",\"@id\":\"https:\/\/luchonoticias.com\/editor\/#\/schema\/person\/7a7fd911f58561fd056dbac7b55af9cd\"},\"headline\":\"Apoyo departamental a emprendimiento del sur del Huila\",\"datePublished\":\"2022-08-31T10:32:39+00:00\",\"dateModified\":\"2022-08-31T10:32:40+00:00\",\"mainEntityOfPage\":{\"@id\":\"https:\/\/luchonoticias.com\/editor\/apoyo-departamental-a-emprendimiento-del-sur-del-huila\/\"},\"wordCount\":495,\"commentCount\":0,\"publisher\":{\"@id\":\"https:\/\/luchonoticias.com\/editor\/#\/schema\/person\/7a7fd911f58561fd056dbac7b55af9cd\"},\"articleSection\":[\"Huila\"],\"inLanguage\":\"es\",\"potentialAction\":[{\"@type\":\"CommentAction\",\"name\":\"Comment\",\"target\":[\"https:\/\/luchonoticias.com\/editor\/apoyo-departamental-a-emprendimiento-del-sur-del-huila\/#respond\"]}]},{\"@type\":\"WebPage\",\"@id\":\"https:\/\/luchonoticias.com\/editor\/apoyo-departamental-a-emprendimiento-del-sur-del-huila\/\",\"url\":\"https:\/\/luchonoticias.com\/editor\/apoyo-departamental-a-emprendimiento-del-sur-del-huila\/\",\"name\":\"Apoyo departamental a emprendimiento del sur del Huila -\",\"isPartOf\":{\"@id\":\"https:\/\/luchonoticias.com\/editor\/#website\"},\"datePublished\":\"2022-08-31T10:32:39+00:00\",\"dateModified\":\"2022-08-31T10:32:40+00:00\",\"breadcrumb\":{\"@id\":\"https:\/\/luchonoticias.com\/editor\/apoyo-departamental-a-emprendimiento-del-sur-del-huila\/#breadcrumb\"},\"inLanguage\":\"es\",\"potentialAction\":[{\"@type\":\"ReadAction\",\"target\":[\"https:\/\/luchonoticias.com\/editor\/apoyo-departamental-a-emprendimiento-del-sur-del-huila\/\"]}]},{\"@type\":\"BreadcrumbList\",\"@id\":\"https:\/\/luchonoticias.com\/editor\/apoyo-departamental-a-emprendimiento-del-sur-del-huila\/#breadcrumb\",\"itemListElement\":[{\"@type\":\"ListItem\",\"position\":1,\"name\":\"Portada\",\"item\":\"https:\/\/luchonoticias.com\/editor\/\"},{\"@type\":\"ListItem\",\"position\":2,\"name\":\"Apoyo departamental a emprendimiento del sur del Huila\"}]},{\"@type\":\"WebSite\",\"@id\":\"https:\/\/luchonoticias.com\/editor\/#website\",\"url\":\"https:\/\/luchonoticias.com\/editor\/\",\"name\":\"\",\"description\":\"\",\"publisher\":{\"@id\":\"https:\/\/luchonoticias.com\/editor\/#\/schema\/person\/7a7fd911f58561fd056dbac7b55af9cd\"},\"potentialAction\":[{\"@type\":\"SearchAction\",\"target\":{\"@type\":\"EntryPoint\",\"urlTemplate\":\"https:\/\/luchonoticias.com\/editor\/?s={search_term_string}\"},\"query-input\":{\"@type\":\"PropertyValueSpecification\",\"valueRequired\":true,\"valueName\":\"search_term_string\"}}],\"inLanguage\":\"es\"},{\"@type\":[\"Person\",\"Organization\"],\"@id\":\"https:\/\/luchonoticias.com\/editor\/#\/schema\/person\/7a7fd911f58561fd056dbac7b55af9cd\",\"name\":\"admin\",\"image\":{\"@type\":\"ImageObject\",\"inLanguage\":\"es\",\"@id\":\"https:\/\/luchonoticias.com\/editor\/#\/schema\/person\/image\/\",\"url\":\"https:\/\/luchonoticias.com\/editor\/wp-content\/uploads\/2024\/02\/cropped-cropped-logolu.webp\",\"contentUrl\":\"https:\/\/luchonoticias.com\/editor\/wp-content\/uploads\/2024\/02\/cropped-cropped-logolu.webp\",\"width\":382,\"height\":170,\"caption\":\"admin\"},\"logo\":{\"@id\":\"https:\/\/luchonoticias.com\/editor\/#\/schema\/person\/image\/\"},\"sameAs\":[\"https:\/\/www.facebook.com\/luchonoticiasneiva\"],\"url\":\"https:\/\/luchonoticias.com\/editor\/author\/admin\/\"}]}<\/script>\n<!-- \/ Yoast SEO plugin. -->","yoast_head_json":{"title":"Apoyo departamental a emprendimiento del sur del Huila -","robots":{"index":"index","follow":"follow","max-snippet":"max-snippet:-1","max-image-preview":"max-image-preview:large","max-video-preview":"max-video-preview:-1"},"canonical":"https:\/\/luchonoticias.com\/editor\/apoyo-departamental-a-emprendimiento-del-sur-del-huila\/","og_locale":"es_ES","og_type":"article","og_title":"Apoyo departamental a emprendimiento del sur del Huila -","og_url":"https:\/\/luchonoticias.com\/editor\/apoyo-departamental-a-emprendimiento-del-sur-del-huila\/","article_publisher":"https:\/\/www.facebook.com\/luchonoticiasneiva","article_author":"https:\/\/www.facebook.com\/luchonoticiasneiva","article_published_time":"2022-08-31T10:32:39+00:00","article_modified_time":"2022-08-31T10:32:40+00:00","author":"admin","twitter_card":"summary_large_image","twitter_misc":{"Escrito por":"admin","Tiempo de lectura":"2 minutos"},"schema":{"@context":"https:\/\/schema.org","@graph":[{"@type":"Article","@id":"https:\/\/luchonoticias.com\/editor\/apoyo-departamental-a-emprendimiento-del-sur-del-huila\/#article","isPartOf":{"@id":"https:\/\/luchonoticias.com\/editor\/apoyo-departamental-a-emprendimiento-del-sur-del-huila\/"},"author":{"name":"admin","@id":"https:\/\/luchonoticias.com\/editor\/#\/schema\/person\/7a7fd911f58561fd056dbac7b55af9cd"},"headline":"Apoyo departamental a emprendimiento del sur del Huila","datePublished":"2022-08-31T10:32:39+00:00","dateModified":"2022-08-31T10:32:40+00:00","mainEntityOfPage":{"@id":"https:\/\/luchonoticias.com\/editor\/apoyo-departamental-a-emprendimiento-del-sur-del-huila\/"},"wordCount":495,"commentCount":0,"publisher":{"@id":"https:\/\/luchonoticias.com\/editor\/#\/schema\/person\/7a7fd911f58561fd056dbac7b55af9cd"},"articleSection":["Huila"],"inLanguage":"es","potentialAction":[{"@type":"CommentAction","name":"Comment","target":["https:\/\/luchonoticias.com\/editor\/apoyo-departamental-a-emprendimiento-del-sur-del-huila\/#respond"]}]},{"@type":"WebPage","@id":"https:\/\/luchonoticias.com\/editor\/apoyo-departamental-a-emprendimiento-del-sur-del-huila\/","url":"https:\/\/luchonoticias.com\/editor\/apoyo-departamental-a-emprendimiento-del-sur-del-huila\/","name":"Apoyo departamental a emprendimiento del sur del Huila -","isPartOf":{"@id":"https:\/\/luchonoticias.com\/editor\/#website"},"datePublished":"2022-08-31T10:32:39+00:00","dateModified":"2022-08-31T10:32:40+00:00","breadcrumb":{"@id":"https:\/\/luchonoticias.com\/editor\/apoyo-departamental-a-emprendimiento-del-sur-del-huila\/#breadcrumb"},"inLanguage":"es","potentialAction":[{"@type":"ReadAction","target":["https:\/\/luchonoticias.com\/editor\/apoyo-departamental-a-emprendimiento-del-sur-del-huila\/"]}]},{"@type":"BreadcrumbList","@id":"https:\/\/luchonoticias.com\/editor\/apoyo-departamental-a-emprendimiento-del-sur-del-huila\/#breadcrumb","itemListElement":[{"@type":"ListItem","position":1,"name":"Portada","item":"https:\/\/luchonoticias.com\/editor\/"},{"@type":"ListItem","position":2,"name":"Apoyo departamental a emprendimiento del sur del Huila"}]},{"@type":"WebSite","@id":"https:\/\/luchonoticias.com\/editor\/#website","url":"https:\/\/luchonoticias.com\/editor\/","name":"","description":"","publisher":{"@id":"https:\/\/luchonoticias.com\/editor\/#\/schema\/person\/7a7fd911f58561fd056dbac7b55af9cd"},"potentialAction":[{"@type":"SearchAction","target":{"@type":"EntryPoint","urlTemplate":"https:\/\/luchonoticias.com\/editor\/?s={search_term_string}"},"query-input":{"@type":"PropertyValueSpecification","valueRequired":true,"valueName":"search_term_string"}}],"inLanguage":"es"},{"@type":["Person","Organization"],"@id":"https:\/\/luchonoticias.com\/editor\/#\/schema\/person\/7a7fd911f58561fd056dbac7b55af9cd","name":"admin","image":{"@type":"ImageObject","inLanguage":"es","@id":"https:\/\/luchonoticias.com\/editor\/#\/schema\/person\/image\/","url":"https:\/\/luchonoticias.com\/editor\/wp-content\/uploads\/2024\/02\/cropped-cropped-logolu.webp","contentUrl":"https:\/\/luchonoticias.com\/editor\/wp-content\/uploads\/2024\/02\/cropped-cropped-logolu.webp","width":382,"height":170,"caption":"admin"},"logo":{"@id":"https:\/\/luchonoticias.com\/editor\/#\/schema\/person\/image\/"},"sameAs":["https:\/\/www.facebook.com\/luchonoticiasneiva"],"url":"https:\/\/luchonoticias.com\/editor\/author\/admin\/"}]}},"_links":{"self":[{"href":"https:\/\/luchonoticias.com\/editor\/wp-json\/wp\/v2\/posts\/33363","targetHints":{"allow":["GET"]}}],"collection":[{"href":"https:\/\/luchonoticias.com\/editor\/wp-json\/wp\/v2\/posts"}],"about":[{"href":"https:\/\/luchonoticias.com\/editor\/wp-json\/wp\/v2\/types\/post"}],"author":[{"embeddable":true,"href":"https:\/\/luchonoticias.com\/editor\/wp-json\/wp\/v2\/users\/1"}],"replies":[{"embeddable":true,"href":"https:\/\/luchonoticias.com\/editor\/wp-json\/wp\/v2\/comments?post=33363"}],"version-history":[{"count":0,"href":"https:\/\/luchonoticias.com\/editor\/wp-json\/wp\/v2\/posts\/33363\/revisions"}],"wp:attachment":[{"href":"https:\/\/luchonoticias.com\/editor\/wp-json\/wp\/v2\/media?parent=33363"}],"wp:term":[{"taxonomy":"category","embeddable":true,"href":"https:\/\/luchonoticias.com\/editor\/wp-json\/wp\/v2\/categories?post=33363"},{"taxonomy":"post_tag","embeddable":true,"href":"https:\/\/luchonoticias.com\/editor\/wp-json\/wp\/v2\/tags?post=33363"}],"curies":[{"name":"wp","href":"https:\/\/api.w.org\/{rel}","templated":true}]}}