{"id":33374,"date":"2022-08-31T06:45:20","date_gmt":"2022-08-31T11:45:20","guid":{"rendered":"https:\/\/luchonoticias.com\/?p=33374"},"modified":"2022-08-31T06:45:21","modified_gmt":"2022-08-31T11:45:21","slug":"pae-del-huila-de-los-mejores-del-pais-fueron-las-conclusiones-en-debate-de-la-asamblea","status":"publish","type":"post","link":"https:\/\/luchonoticias.com\/editor\/pae-del-huila-de-los-mejores-del-pais-fueron-las-conclusiones-en-debate-de-la-asamblea\/","title":{"rendered":"PAE del Huila de los mejores del pa\u00eds, fueron las conclusiones en debate de la Asamblea"},"content":{"rendered":"\n<p>Una detallada exposici\u00f3n realiz\u00f3 la jefe de la cartera de educaci\u00f3n del Huila en debate ante la Duma Departamental,&nbsp; sobre el funcionamiento del Fondo Jenaro D\u00edaz Jord\u00e1n, el cual, posee una cartera hist\u00f3rica de m\u00e1s de $33.000 millones, que hoy son materia de auditor\u00eda por parte del Gobierno \u201cHuila Crece\u201d.<\/p>\n\n\n\n<p>\u00abNing\u00fan gobierno hab\u00eda realizado esta auditor\u00eda para examinar el saneamiento financiero de este Fondo que administra el Icetex. Son cerca de $47.000 millones que este Fondo de financiamiento de la educaci\u00f3n superior ha prestado a muchos beneficiarios entre los a\u00f1os 2015 al 2022. A hoy, se disponen de $1.286 millones de recursos para nuevos cr\u00e9ditos\u00bb, se\u00f1al\u00f3 Oliveros Crespo.<\/p>\n\n\n\n<figure class=\"wp-block-image size-full\"><img decoding=\"async\" src=\"https:\/\/luchonoticias.com\/wp-content\/uploads\/2022\/08\/WhatsApp-Image-2022-08-30-at-5.59.24-PM.jpeg\" alt=\"\" class=\"wp-image-33376\"\/><\/figure>\n\n\n\n<p>\u00abPero que ante una cartera de cerca de $34.000 millones que hoy tiene el Fondo, y que est\u00e1 en auditor\u00eda, seguramente se examinar\u00e1 si se hace nueva convocatoria. El an\u00e1lisis tambi\u00e9n pasa por la necesidad de cambiar de operador, que ya no ser\u00eda el Icetex sino el Infihuila, para garantizar un mejor manejo de todos los procesos para el cr\u00e9dito estudiantil\u00bb, aclar\u00f3 la funcionaria.<\/p>\n\n\n\n<p>Advirti\u00f3 que la poca cultura de pago de los beneficiarios del Fondo Jenaro D\u00edaz Jord\u00e1n, han obligado al Gobierno Departamental a revisar este fondo para mirar su reestructuraci\u00f3n.<\/p>\n\n\n\n<p>\u00abHay que mirar otras necesidades educativas de nuestros j\u00f3venes y por eso el gobernador, Luis Enrique Duss\u00e1n L\u00f3pez, adelanta convenios con el Sena para ofrecer formaci\u00f3n que permita otorgar doble titulaci\u00f3n de bachilleres con t\u00e9cnico o tecnolog\u00eda. Es una alternativa ante la dif\u00edcil situaci\u00f3n que atraviesa el Fondo Jenaro D\u00edaz Jord\u00e1n, que a trav\u00e9s del Icetex como administrador, no ofrece posibilidades claras para estos estudios, sino s\u00f3lo para financiamiento de Educaci\u00f3n superior o carreras profesionales\u00bb, se\u00f1al\u00f3 la Secretaria de Educaci\u00f3n del Huila.<\/p>\n\n\n\n<figure class=\"wp-block-image size-large\"><img decoding=\"async\" src=\"https:\/\/luchonoticias.com\/wp-content\/uploads\/2022\/08\/WhatsApp-Image-2022-08-30-at-5.56.22-PM-1024x624.jpeg\" alt=\"\" class=\"wp-image-33377\"\/><\/figure>\n\n\n\n<p><strong>PAE, de los mejores del pa\u00eds<\/strong><\/p>\n\n\n\n<p>Ante las preguntas de los diputados por el Programa de Alimentaci\u00f3n Escolar, la Secretaria dijo que hay razones de fondo por las cuales se puede catalogar el PAE del Huila como uno de los mejores Programas del pa\u00eds.<\/p>\n\n\n\n<p>\u00abTenemos una cobertura del 95%, una calidad de alimentos con porcentaje de nutrientes superior a lo exigido por la minuta del MEN, y una prestaci\u00f3n del servicio sin interrupci\u00f3n, garantizando el cumplimiento del calendario escolar, y con ello, la permanencia de los estudiantes en el sistema educativo del territorio\u00bb, puntualiz\u00f3 la Secretaria.<\/p>\n\n\n\n<p>\u00abLe hemos mostrado a la Contralor\u00eda c\u00f3mo funciona el Programa de Alimentaci\u00f3n Escolar, PAE. Y volvemos a explicarlo: A ra\u00edz de la pandemia nace la resoluci\u00f3n 007 de abril de 2020, del Ministerio de Educaci\u00f3n Nacional, que cambia la prestaci\u00f3n del servicio, pasando de RPS (Raci\u00f3n de Preparaci\u00f3n en Sitio) a RPC (Raci\u00f3n para Preparar en Casa), lo que gener\u00f3 ahorro de recursos con mejor cobertura en 2021, nunca visto en la historia del Departamento. Estamos catalogados como uno de los entes territoriales con mejor cobertura del pa\u00eds en este programa\u00bb, asegur\u00f3 Milena Oliveros.<\/p>\n\n\n\n<p>Por su parte, Pedro Andr\u00e9s L\u00f3pez, supervisor general del PAE, explic\u00f3 que el cambio de modalidad obligado por la pandemia en 2020 y que hizo que el Ministerio de Educaci\u00f3n, reglamentara el paso de RPS (Raci\u00f3n para Preparar en Sitio) a RPC (Raci\u00f3n para Preparar en Casa), impact\u00f3 de manera directa y favorable el presupuesto oficial destinado para la prestaci\u00f3n del servicio.<\/p>\n\n\n\n<p>\u00abEsto debido a que en el costeo de la raci\u00f3n, se ahorraron el menaje, las manipuladoras de alimentos, transporte, mantenimiento, servicios p\u00fablicos, dotaci\u00f3n, fumigaci\u00f3n, haciendo que el valor de la raci\u00f3n disminuyera de manera considerable\u00bb, afirm\u00f3 L\u00f3pez.<\/p>\n\n\n\n<p>\u00abLa nueva modalidad que impuso la pandemia al Programa de Alimentaci\u00f3n Escolar en 2020, permiti\u00f3 que para la vigencia 2021, cuando a\u00fan se mantuvo la RPC, (Raci\u00f3n para Preparar en Casa), aumentara la cobertura y la matricula, (SIMAT Huila), toda vez que las familias se motivaron a matricular a sus hijos al contemplar el beneficio alimentario en sus hogares, y con ello se daba cumplimiento al prop\u00f3sito del PAE que es la permanencia de ni\u00f1os y ni\u00f1as en el sistema educativo\u00bb, a\u00f1adi\u00f3.<\/p>\n\n\n\n<p>Argument\u00f3 que esa situaci\u00f3n permiti\u00f3 que el presupuesto oficial alcanzara para ejecutar el programa no solo de la vigencia 2020 sino tambi\u00e9n la del 2021.<\/p>\n\n\n\n<figure class=\"wp-block-image size-large\"><img decoding=\"async\" src=\"https:\/\/luchonoticias.com\/wp-content\/uploads\/2022\/08\/WhatsApp-Image-2022-08-30-at-5.56.23-PM-1024x678.jpeg\" alt=\"\" class=\"wp-image-33378\"\/><\/figure>\n\n\n\n<p><strong>&nbsp;S\u00ed se ha cumplido con Compras Locales<\/strong><\/p>\n\n\n\n<p>&nbsp;No es cierto que con la ley 2046 de 2020, compras p\u00fablicas locales, no se haya cumplido con la compra a los productores del Huila. De hecho, la Secretar\u00eda de Agricultura, certific\u00f3 los productores que cumplieron como proveedores del PAE. As\u00ed lo dej\u00f3 claro Pedro Andr\u00e9s L\u00f3pez a la Duma Departamental.<\/p>\n\n\n\n<p>\u00abEsta ley comenz\u00f3 como programa bandera del Gobierno \u201cHuila Crece\u201d, buscando la asociaci\u00f3n y agremiaci\u00f3n de peque\u00f1os y medianos productores del departamento para lo cual se realizaron distintos comit\u00e9s logrando as\u00ed que aquellos productores legalmente constituidos pudieran suministrarle al programa alimentos como panela, arroz y huevos\u00bb, afirm\u00f3.<\/p>\n\n\n\n<p>\u00abNo obstante, es necesario aclarar que con el cambio de modalidad (de RPS a RPC), la mayor\u00eda de los productos que compon\u00edan la canasta, tales como pasta, lenteja, garbanzo, at\u00fan, sardinas, no son producidos en nuestro departamento, y por lo tanto se hizo necesario, tal como lo contempla la misma ley, acudir a la RAPE, Region Administrativa y de Planeaci\u00f3n Especial), para garantizar el volumen necesario de estos suministros alimentarios con proveedores dentro de esta regi\u00f3n\u00bb, a\u00f1adi\u00f3 el funcionario.<\/p>\n\n\n\n<p><strong>Con Interventor\u00eda hubiera costado mucho m\u00e1s el contrato PAE<\/strong><\/p>\n\n\n\n<p>Efectivamente no se cont\u00f3 con interventor\u00eda porque el Ministerio de Educaci\u00f3n Nacional recomienda que se haga a trav\u00e9s de supervisi\u00f3n.<\/p>\n\n\n\n<p>\u00abCon interventor\u00eda hubiera costado mucho m\u00e1s el contrato PAE poniendo en riesgo el cumplimento de coberturas. La supervisi\u00f3n no genera costos adicionales porque se hace con los mismos funcionarios de la administraci\u00f3n departamental. Es un importante ahorro de recursos\u00bb, sostuvo el Supervisor General del PAE.<\/p>\n","protected":false},"excerpt":{"rendered":"<p>Una detallada exposici\u00f3n realiz\u00f3 la jefe de la cartera de educaci\u00f3n del Huila en debate ante la Duma Departamental,&nbsp; sobre el funcionamiento del Fondo Jenaro D\u00edaz Jord\u00e1n, el cual, posee una cartera hist\u00f3rica de m\u00e1s de $33.000 millones, que hoy son materia de auditor\u00eda por parte del Gobierno \u201cHuila Crece\u201d. \u00abNing\u00fan gobierno hab\u00eda realizado esta [&hellip;]<\/p>\n","protected":false},"author":1,"featured_media":0,"comment_status":"open","ping_status":"open","sticky":false,"template":"","format":"standard","meta":{"footnotes":""},"categories":[36,33],"tags":[],"class_list":["post-33374","post","type-post","status-publish","format-standard","hentry","category-destacado","category-huila"],"yoast_head":"<!-- This site is optimized with the Yoast SEO plugin v26.6 - https:\/\/yoast.com\/wordpress\/plugins\/seo\/ -->\n<title>PAE del Huila de los mejores del pa\u00eds, fueron las conclusiones en debate de la Asamblea -<\/title>\n<meta name=\"robots\" content=\"index, follow, max-snippet:-1, max-image-preview:large, max-video-preview:-1\" \/>\n<link rel=\"canonical\" href=\"https:\/\/luchonoticias.com\/editor\/pae-del-huila-de-los-mejores-del-pais-fueron-las-conclusiones-en-debate-de-la-asamblea\/\" \/>\n<meta property=\"og:locale\" content=\"es_ES\" \/>\n<meta property=\"og:type\" content=\"article\" \/>\n<meta property=\"og:title\" content=\"PAE del Huila de los mejores del pa\u00eds, fueron las conclusiones en debate de la Asamblea -\" \/>\n<meta property=\"og:url\" content=\"https:\/\/luchonoticias.com\/editor\/pae-del-huila-de-los-mejores-del-pais-fueron-las-conclusiones-en-debate-de-la-asamblea\/\" \/>\n<meta property=\"article:publisher\" content=\"https:\/\/www.facebook.com\/luchonoticiasneiva\" \/>\n<meta property=\"article:author\" content=\"https:\/\/www.facebook.com\/luchonoticiasneiva\" \/>\n<meta property=\"article:published_time\" content=\"2022-08-31T11:45:20+00:00\" \/>\n<meta property=\"article:modified_time\" content=\"2022-08-31T11:45:21+00:00\" \/>\n<meta property=\"og:image\" content=\"https:\/\/luchonoticias.com\/wp-content\/uploads\/2022\/08\/WhatsApp-Image-2022-08-30-at-5.59.24-PM.jpeg\" \/>\n<meta name=\"author\" content=\"admin\" \/>\n<meta name=\"twitter:card\" content=\"summary_large_image\" \/>\n<meta name=\"twitter:label1\" content=\"Escrito por\" \/>\n\t<meta name=\"twitter:data1\" content=\"admin\" \/>\n\t<meta name=\"twitter:label2\" content=\"Tiempo de lectura\" \/>\n\t<meta name=\"twitter:data2\" content=\"5 minutos\" \/>\n<script type=\"application\/ld+json\" class=\"yoast-schema-graph\">{\"@context\":\"https:\/\/schema.org\",\"@graph\":[{\"@type\":\"Article\",\"@id\":\"https:\/\/luchonoticias.com\/editor\/pae-del-huila-de-los-mejores-del-pais-fueron-las-conclusiones-en-debate-de-la-asamblea\/#article\",\"isPartOf\":{\"@id\":\"https:\/\/luchonoticias.com\/editor\/pae-del-huila-de-los-mejores-del-pais-fueron-las-conclusiones-en-debate-de-la-asamblea\/\"},\"author\":{\"name\":\"admin\",\"@id\":\"https:\/\/luchonoticias.com\/editor\/#\/schema\/person\/7a7fd911f58561fd056dbac7b55af9cd\"},\"headline\":\"PAE del Huila de los mejores del pa\u00eds, fueron las conclusiones en debate de la Asamblea\",\"datePublished\":\"2022-08-31T11:45:20+00:00\",\"dateModified\":\"2022-08-31T11:45:21+00:00\",\"mainEntityOfPage\":{\"@id\":\"https:\/\/luchonoticias.com\/editor\/pae-del-huila-de-los-mejores-del-pais-fueron-las-conclusiones-en-debate-de-la-asamblea\/\"},\"wordCount\":1038,\"commentCount\":0,\"publisher\":{\"@id\":\"https:\/\/luchonoticias.com\/editor\/#\/schema\/person\/7a7fd911f58561fd056dbac7b55af9cd\"},\"image\":{\"@id\":\"https:\/\/luchonoticias.com\/editor\/pae-del-huila-de-los-mejores-del-pais-fueron-las-conclusiones-en-debate-de-la-asamblea\/#primaryimage\"},\"thumbnailUrl\":\"https:\/\/luchonoticias.com\/wp-content\/uploads\/2022\/08\/WhatsApp-Image-2022-08-30-at-5.59.24-PM.jpeg\",\"articleSection\":[\"Destacado\",\"Huila\"],\"inLanguage\":\"es\",\"potentialAction\":[{\"@type\":\"CommentAction\",\"name\":\"Comment\",\"target\":[\"https:\/\/luchonoticias.com\/editor\/pae-del-huila-de-los-mejores-del-pais-fueron-las-conclusiones-en-debate-de-la-asamblea\/#respond\"]}]},{\"@type\":\"WebPage\",\"@id\":\"https:\/\/luchonoticias.com\/editor\/pae-del-huila-de-los-mejores-del-pais-fueron-las-conclusiones-en-debate-de-la-asamblea\/\",\"url\":\"https:\/\/luchonoticias.com\/editor\/pae-del-huila-de-los-mejores-del-pais-fueron-las-conclusiones-en-debate-de-la-asamblea\/\",\"name\":\"PAE del Huila de los mejores del pa\u00eds, fueron las conclusiones en debate de la Asamblea -\",\"isPartOf\":{\"@id\":\"https:\/\/luchonoticias.com\/editor\/#website\"},\"primaryImageOfPage\":{\"@id\":\"https:\/\/luchonoticias.com\/editor\/pae-del-huila-de-los-mejores-del-pais-fueron-las-conclusiones-en-debate-de-la-asamblea\/#primaryimage\"},\"image\":{\"@id\":\"https:\/\/luchonoticias.com\/editor\/pae-del-huila-de-los-mejores-del-pais-fueron-las-conclusiones-en-debate-de-la-asamblea\/#primaryimage\"},\"thumbnailUrl\":\"https:\/\/luchonoticias.com\/wp-content\/uploads\/2022\/08\/WhatsApp-Image-2022-08-30-at-5.59.24-PM.jpeg\",\"datePublished\":\"2022-08-31T11:45:20+00:00\",\"dateModified\":\"2022-08-31T11:45:21+00:00\",\"breadcrumb\":{\"@id\":\"https:\/\/luchonoticias.com\/editor\/pae-del-huila-de-los-mejores-del-pais-fueron-las-conclusiones-en-debate-de-la-asamblea\/#breadcrumb\"},\"inLanguage\":\"es\",\"potentialAction\":[{\"@type\":\"ReadAction\",\"target\":[\"https:\/\/luchonoticias.com\/editor\/pae-del-huila-de-los-mejores-del-pais-fueron-las-conclusiones-en-debate-de-la-asamblea\/\"]}]},{\"@type\":\"ImageObject\",\"inLanguage\":\"es\",\"@id\":\"https:\/\/luchonoticias.com\/editor\/pae-del-huila-de-los-mejores-del-pais-fueron-las-conclusiones-en-debate-de-la-asamblea\/#primaryimage\",\"url\":\"https:\/\/luchonoticias.com\/wp-content\/uploads\/2022\/08\/WhatsApp-Image-2022-08-30-at-5.59.24-PM.jpeg\",\"contentUrl\":\"https:\/\/luchonoticias.com\/wp-content\/uploads\/2022\/08\/WhatsApp-Image-2022-08-30-at-5.59.24-PM.jpeg\"},{\"@type\":\"BreadcrumbList\",\"@id\":\"https:\/\/luchonoticias.com\/editor\/pae-del-huila-de-los-mejores-del-pais-fueron-las-conclusiones-en-debate-de-la-asamblea\/#breadcrumb\",\"itemListElement\":[{\"@type\":\"ListItem\",\"position\":1,\"name\":\"Portada\",\"item\":\"https:\/\/luchonoticias.com\/editor\/\"},{\"@type\":\"ListItem\",\"position\":2,\"name\":\"PAE del Huila de los mejores del pa\u00eds, fueron las conclusiones en debate de la Asamblea\"}]},{\"@type\":\"WebSite\",\"@id\":\"https:\/\/luchonoticias.com\/editor\/#website\",\"url\":\"https:\/\/luchonoticias.com\/editor\/\",\"name\":\"\",\"description\":\"\",\"publisher\":{\"@id\":\"https:\/\/luchonoticias.com\/editor\/#\/schema\/person\/7a7fd911f58561fd056dbac7b55af9cd\"},\"potentialAction\":[{\"@type\":\"SearchAction\",\"target\":{\"@type\":\"EntryPoint\",\"urlTemplate\":\"https:\/\/luchonoticias.com\/editor\/?s={search_term_string}\"},\"query-input\":{\"@type\":\"PropertyValueSpecification\",\"valueRequired\":true,\"valueName\":\"search_term_string\"}}],\"inLanguage\":\"es\"},{\"@type\":[\"Person\",\"Organization\"],\"@id\":\"https:\/\/luchonoticias.com\/editor\/#\/schema\/person\/7a7fd911f58561fd056dbac7b55af9cd\",\"name\":\"admin\",\"image\":{\"@type\":\"ImageObject\",\"inLanguage\":\"es\",\"@id\":\"https:\/\/luchonoticias.com\/editor\/#\/schema\/person\/image\/\",\"url\":\"https:\/\/luchonoticias.com\/editor\/wp-content\/uploads\/2024\/02\/cropped-cropped-logolu.webp\",\"contentUrl\":\"https:\/\/luchonoticias.com\/editor\/wp-content\/uploads\/2024\/02\/cropped-cropped-logolu.webp\",\"width\":382,\"height\":170,\"caption\":\"admin\"},\"logo\":{\"@id\":\"https:\/\/luchonoticias.com\/editor\/#\/schema\/person\/image\/\"},\"sameAs\":[\"https:\/\/www.facebook.com\/luchonoticiasneiva\"],\"url\":\"https:\/\/luchonoticias.com\/editor\/author\/admin\/\"}]}<\/script>\n<!-- \/ Yoast SEO plugin. -->","yoast_head_json":{"title":"PAE del Huila de los mejores del pa\u00eds, fueron las conclusiones en debate de la Asamblea -","robots":{"index":"index","follow":"follow","max-snippet":"max-snippet:-1","max-image-preview":"max-image-preview:large","max-video-preview":"max-video-preview:-1"},"canonical":"https:\/\/luchonoticias.com\/editor\/pae-del-huila-de-los-mejores-del-pais-fueron-las-conclusiones-en-debate-de-la-asamblea\/","og_locale":"es_ES","og_type":"article","og_title":"PAE del Huila de los mejores del pa\u00eds, fueron las conclusiones en debate de la Asamblea -","og_url":"https:\/\/luchonoticias.com\/editor\/pae-del-huila-de-los-mejores-del-pais-fueron-las-conclusiones-en-debate-de-la-asamblea\/","article_publisher":"https:\/\/www.facebook.com\/luchonoticiasneiva","article_author":"https:\/\/www.facebook.com\/luchonoticiasneiva","article_published_time":"2022-08-31T11:45:20+00:00","article_modified_time":"2022-08-31T11:45:21+00:00","og_image":[{"url":"https:\/\/luchonoticias.com\/wp-content\/uploads\/2022\/08\/WhatsApp-Image-2022-08-30-at-5.59.24-PM.jpeg","type":"","width":"","height":""}],"author":"admin","twitter_card":"summary_large_image","twitter_misc":{"Escrito por":"admin","Tiempo de lectura":"5 minutos"},"schema":{"@context":"https:\/\/schema.org","@graph":[{"@type":"Article","@id":"https:\/\/luchonoticias.com\/editor\/pae-del-huila-de-los-mejores-del-pais-fueron-las-conclusiones-en-debate-de-la-asamblea\/#article","isPartOf":{"@id":"https:\/\/luchonoticias.com\/editor\/pae-del-huila-de-los-mejores-del-pais-fueron-las-conclusiones-en-debate-de-la-asamblea\/"},"author":{"name":"admin","@id":"https:\/\/luchonoticias.com\/editor\/#\/schema\/person\/7a7fd911f58561fd056dbac7b55af9cd"},"headline":"PAE del Huila de los mejores del pa\u00eds, fueron las conclusiones en debate de la Asamblea","datePublished":"2022-08-31T11:45:20+00:00","dateModified":"2022-08-31T11:45:21+00:00","mainEntityOfPage":{"@id":"https:\/\/luchonoticias.com\/editor\/pae-del-huila-de-los-mejores-del-pais-fueron-las-conclusiones-en-debate-de-la-asamblea\/"},"wordCount":1038,"commentCount":0,"publisher":{"@id":"https:\/\/luchonoticias.com\/editor\/#\/schema\/person\/7a7fd911f58561fd056dbac7b55af9cd"},"image":{"@id":"https:\/\/luchonoticias.com\/editor\/pae-del-huila-de-los-mejores-del-pais-fueron-las-conclusiones-en-debate-de-la-asamblea\/#primaryimage"},"thumbnailUrl":"https:\/\/luchonoticias.com\/wp-content\/uploads\/2022\/08\/WhatsApp-Image-2022-08-30-at-5.59.24-PM.jpeg","articleSection":["Destacado","Huila"],"inLanguage":"es","potentialAction":[{"@type":"CommentAction","name":"Comment","target":["https:\/\/luchonoticias.com\/editor\/pae-del-huila-de-los-mejores-del-pais-fueron-las-conclusiones-en-debate-de-la-asamblea\/#respond"]}]},{"@type":"WebPage","@id":"https:\/\/luchonoticias.com\/editor\/pae-del-huila-de-los-mejores-del-pais-fueron-las-conclusiones-en-debate-de-la-asamblea\/","url":"https:\/\/luchonoticias.com\/editor\/pae-del-huila-de-los-mejores-del-pais-fueron-las-conclusiones-en-debate-de-la-asamblea\/","name":"PAE del Huila de los mejores del pa\u00eds, fueron las conclusiones en debate de la Asamblea -","isPartOf":{"@id":"https:\/\/luchonoticias.com\/editor\/#website"},"primaryImageOfPage":{"@id":"https:\/\/luchonoticias.com\/editor\/pae-del-huila-de-los-mejores-del-pais-fueron-las-conclusiones-en-debate-de-la-asamblea\/#primaryimage"},"image":{"@id":"https:\/\/luchonoticias.com\/editor\/pae-del-huila-de-los-mejores-del-pais-fueron-las-conclusiones-en-debate-de-la-asamblea\/#primaryimage"},"thumbnailUrl":"https:\/\/luchonoticias.com\/wp-content\/uploads\/2022\/08\/WhatsApp-Image-2022-08-30-at-5.59.24-PM.jpeg","datePublished":"2022-08-31T11:45:20+00:00","dateModified":"2022-08-31T11:45:21+00:00","breadcrumb":{"@id":"https:\/\/luchonoticias.com\/editor\/pae-del-huila-de-los-mejores-del-pais-fueron-las-conclusiones-en-debate-de-la-asamblea\/#breadcrumb"},"inLanguage":"es","potentialAction":[{"@type":"ReadAction","target":["https:\/\/luchonoticias.com\/editor\/pae-del-huila-de-los-mejores-del-pais-fueron-las-conclusiones-en-debate-de-la-asamblea\/"]}]},{"@type":"ImageObject","inLanguage":"es","@id":"https:\/\/luchonoticias.com\/editor\/pae-del-huila-de-los-mejores-del-pais-fueron-las-conclusiones-en-debate-de-la-asamblea\/#primaryimage","url":"https:\/\/luchonoticias.com\/wp-content\/uploads\/2022\/08\/WhatsApp-Image-2022-08-30-at-5.59.24-PM.jpeg","contentUrl":"https:\/\/luchonoticias.com\/wp-content\/uploads\/2022\/08\/WhatsApp-Image-2022-08-30-at-5.59.24-PM.jpeg"},{"@type":"BreadcrumbList","@id":"https:\/\/luchonoticias.com\/editor\/pae-del-huila-de-los-mejores-del-pais-fueron-las-conclusiones-en-debate-de-la-asamblea\/#breadcrumb","itemListElement":[{"@type":"ListItem","position":1,"name":"Portada","item":"https:\/\/luchonoticias.com\/editor\/"},{"@type":"ListItem","position":2,"name":"PAE del Huila de los mejores del pa\u00eds, fueron las conclusiones en debate de la Asamblea"}]},{"@type":"WebSite","@id":"https:\/\/luchonoticias.com\/editor\/#website","url":"https:\/\/luchonoticias.com\/editor\/","name":"","description":"","publisher":{"@id":"https:\/\/luchonoticias.com\/editor\/#\/schema\/person\/7a7fd911f58561fd056dbac7b55af9cd"},"potentialAction":[{"@type":"SearchAction","target":{"@type":"EntryPoint","urlTemplate":"https:\/\/luchonoticias.com\/editor\/?s={search_term_string}"},"query-input":{"@type":"PropertyValueSpecification","valueRequired":true,"valueName":"search_term_string"}}],"inLanguage":"es"},{"@type":["Person","Organization"],"@id":"https:\/\/luchonoticias.com\/editor\/#\/schema\/person\/7a7fd911f58561fd056dbac7b55af9cd","name":"admin","image":{"@type":"ImageObject","inLanguage":"es","@id":"https:\/\/luchonoticias.com\/editor\/#\/schema\/person\/image\/","url":"https:\/\/luchonoticias.com\/editor\/wp-content\/uploads\/2024\/02\/cropped-cropped-logolu.webp","contentUrl":"https:\/\/luchonoticias.com\/editor\/wp-content\/uploads\/2024\/02\/cropped-cropped-logolu.webp","width":382,"height":170,"caption":"admin"},"logo":{"@id":"https:\/\/luchonoticias.com\/editor\/#\/schema\/person\/image\/"},"sameAs":["https:\/\/www.facebook.com\/luchonoticiasneiva"],"url":"https:\/\/luchonoticias.com\/editor\/author\/admin\/"}]}},"_links":{"self":[{"href":"https:\/\/luchonoticias.com\/editor\/wp-json\/wp\/v2\/posts\/33374","targetHints":{"allow":["GET"]}}],"collection":[{"href":"https:\/\/luchonoticias.com\/editor\/wp-json\/wp\/v2\/posts"}],"about":[{"href":"https:\/\/luchonoticias.com\/editor\/wp-json\/wp\/v2\/types\/post"}],"author":[{"embeddable":true,"href":"https:\/\/luchonoticias.com\/editor\/wp-json\/wp\/v2\/users\/1"}],"replies":[{"embeddable":true,"href":"https:\/\/luchonoticias.com\/editor\/wp-json\/wp\/v2\/comments?post=33374"}],"version-history":[{"count":0,"href":"https:\/\/luchonoticias.com\/editor\/wp-json\/wp\/v2\/posts\/33374\/revisions"}],"wp:attachment":[{"href":"https:\/\/luchonoticias.com\/editor\/wp-json\/wp\/v2\/media?parent=33374"}],"wp:term":[{"taxonomy":"category","embeddable":true,"href":"https:\/\/luchonoticias.com\/editor\/wp-json\/wp\/v2\/categories?post=33374"},{"taxonomy":"post_tag","embeddable":true,"href":"https:\/\/luchonoticias.com\/editor\/wp-json\/wp\/v2\/tags?post=33374"}],"curies":[{"name":"wp","href":"https:\/\/api.w.org\/{rel}","templated":true}]}}