{"id":33396,"date":"2022-08-31T06:54:16","date_gmt":"2022-08-31T11:54:16","guid":{"rendered":"https:\/\/luchonoticias.com\/?p=33396"},"modified":"2022-08-31T06:54:17","modified_gmt":"2022-08-31T11:54:17","slug":"exitosamente-culmino-programa-de-formacion-exportadora-en-turismo","status":"publish","type":"post","link":"https:\/\/luchonoticias.com\/editor\/exitosamente-culmino-programa-de-formacion-exportadora-en-turismo\/","title":{"rendered":"Exitosamente culmin\u00f3 programa de formaci\u00f3n exportadora en turismo"},"content":{"rendered":"\n<p>Agencias tur\u00edsticas de la capital del Huila participaron en el Programa de Formaci\u00f3n Exportadora en Turismo, proceso que se realiz\u00f3 de manera virtual y presencial, gracias a la alianza con Procolombia, la Gobernaci\u00f3n del Huila, las alcald\u00edas de Garz\u00f3n y Neiva.<\/p>\n\n\n\n<p>B\u00e1sicamente, la capacitaci\u00f3n se enfoc\u00f3 en formar sobre temas de dise\u00f1o de productos tur\u00edsticos, presentaci\u00f3n del producto, tarifas, estrategias de comunicaci\u00f3n y marketing tur\u00edstico, redes sociales, posicionamiento de marca, exportaci\u00f3n de productos tur\u00edsticos, entre otros.<\/p>\n\n\n\n<p>Del proceso de formaci\u00f3n participaron 20 agencias tur\u00edsticas que se han consolidado en los corregimientos de Vegalarga, San Luis, R\u00edo Ceibas, Fortalecillas y la zona urbana del municipio, en aras de seguir proyectando el turismo en la capital del Huila.<\/p>\n\n\n\n<figure class=\"wp-block-gallery has-nested-images columns-default is-cropped wp-block-gallery-1 is-layout-flex wp-block-gallery-is-layout-flex\">\n<figure class=\"wp-block-image size-large\"><img decoding=\"async\" data-id=\"33399\" src=\"https:\/\/luchonoticias.com\/wp-content\/uploads\/2022\/08\/WhatsApp-Image-2022-08-30-at-6.12.33-PM-1-1024x768.jpeg\" alt=\"\" class=\"wp-image-33399\"\/><\/figure>\n\n\n\n<figure class=\"wp-block-image size-large\"><img decoding=\"async\" data-id=\"33400\" src=\"https:\/\/luchonoticias.com\/wp-content\/uploads\/2022\/08\/WhatsApp-Image-2022-08-30-at-6.12.32-PM-3-1024x768.jpeg\" alt=\"\" class=\"wp-image-33400\"\/><\/figure>\n\n\n\n<figure class=\"wp-block-image size-large\"><img decoding=\"async\" data-id=\"33398\" src=\"https:\/\/luchonoticias.com\/wp-content\/uploads\/2022\/08\/WhatsApp-Image-2022-08-30-at-6.12.32-PM-2-1024x768.jpeg\" alt=\"\" class=\"wp-image-33398\"\/><\/figure>\n<\/figure>\n\n\n\n<p>\u201cHoy contamos con la participaci\u00f3n de varios operadores tur\u00edsticos, pero sobre todo de la zona rural; y eso es lo que le hemos apostado desde la administraci\u00f3n del alcalde de Neiva Gorky Mu\u00f1oz Calder\u00f3n, en la formaci\u00f3n de operadores. Hoy, varios de ellos se certificaron, cumplieron con la totalidad de las horas, y esto les permitir\u00e1 tener algunos beneficios con Procolombia para convocatorias futuras en cuesti\u00f3n de exportaci\u00f3n de turismo\u201d, sostuvo la secretaria de Competitividad, Maryeli P\u00e9rez Le\u00f3n.<\/p>\n\n\n\n<p>De acuerdo con la funcionaria, de las 20 agencias tur\u00edsticas del municipio de Neiva, fueron seleccionadas seis para que participen en un evento de turismo que se realizar\u00e1 pr\u00f3ximamente en la ciudad de Medell\u00edn.<\/p>\n\n\n\n<figure class=\"wp-block-gallery has-nested-images columns-default is-cropped wp-block-gallery-2 is-layout-flex wp-block-gallery-is-layout-flex\">\n<figure class=\"wp-block-image size-large\"><img decoding=\"async\" data-id=\"33401\" src=\"https:\/\/luchonoticias.com\/wp-content\/uploads\/2022\/08\/WhatsApp-Image-2022-08-30-at-6.12.33-PM-2-1024x768.jpeg\" alt=\"\" class=\"wp-image-33401\"\/><\/figure>\n\n\n\n<figure class=\"wp-block-image size-large\"><img decoding=\"async\" data-id=\"33403\" src=\"https:\/\/luchonoticias.com\/wp-content\/uploads\/2022\/08\/WhatsApp-Image-2022-08-30-at-6.12.33-PM-1024x768.jpeg\" alt=\"\" class=\"wp-image-33403\"\/><\/figure>\n\n\n\n<figure class=\"wp-block-image size-large\"><img decoding=\"async\" data-id=\"33402\" src=\"https:\/\/luchonoticias.com\/wp-content\/uploads\/2022\/08\/WhatsApp-Image-2022-08-30-at-6.12.32-PM-1024x768.jpeg\" alt=\"\" class=\"wp-image-33402\"\/><\/figure>\n<\/figure>\n\n\n\n<p>\u201cEstaremos participando como municipio, mostrando nuestros productos tur\u00edsticos y en esta feria se dar\u00e1 la oportunidad de empezar a trabajar en mesas internacionales, con compradores internacionales, entonces los operadores del municipio tambi\u00e9n van a estar en esta feria, mostrando nuestro destino de Neiva tur\u00edstico y sostenible\u201d, cont\u00f3 la Secretaria de Competitividad.<\/p>\n","protected":false},"excerpt":{"rendered":"<p>Agencias tur\u00edsticas de la capital del Huila participaron en el Programa de Formaci\u00f3n Exportadora en Turismo, proceso que se realiz\u00f3 de manera virtual y presencial, gracias a la alianza con Procolombia, la Gobernaci\u00f3n del Huila, las alcald\u00edas de Garz\u00f3n y Neiva. B\u00e1sicamente, la capacitaci\u00f3n se enfoc\u00f3 en formar sobre temas de dise\u00f1o de productos tur\u00edsticos, [&hellip;]<\/p>\n","protected":false},"author":1,"featured_media":0,"comment_status":"open","ping_status":"open","sticky":false,"template":"","format":"standard","meta":{"footnotes":""},"categories":[36,31],"tags":[],"class_list":["post-33396","post","type-post","status-publish","format-standard","hentry","category-destacado","category-local"],"yoast_head":"<!-- This site is optimized with the Yoast SEO plugin v26.6 - https:\/\/yoast.com\/wordpress\/plugins\/seo\/ -->\n<title>Exitosamente culmin\u00f3 programa de formaci\u00f3n exportadora en turismo -<\/title>\n<meta name=\"robots\" content=\"index, follow, max-snippet:-1, max-image-preview:large, max-video-preview:-1\" \/>\n<link rel=\"canonical\" href=\"https:\/\/luchonoticias.com\/editor\/exitosamente-culmino-programa-de-formacion-exportadora-en-turismo\/\" \/>\n<meta property=\"og:locale\" content=\"es_ES\" \/>\n<meta property=\"og:type\" content=\"article\" \/>\n<meta property=\"og:title\" content=\"Exitosamente culmin\u00f3 programa de formaci\u00f3n exportadora en turismo -\" \/>\n<meta property=\"og:url\" content=\"https:\/\/luchonoticias.com\/editor\/exitosamente-culmino-programa-de-formacion-exportadora-en-turismo\/\" \/>\n<meta property=\"article:publisher\" content=\"https:\/\/www.facebook.com\/luchonoticiasneiva\" \/>\n<meta property=\"article:author\" content=\"https:\/\/www.facebook.com\/luchonoticiasneiva\" \/>\n<meta property=\"article:published_time\" content=\"2022-08-31T11:54:16+00:00\" \/>\n<meta property=\"article:modified_time\" content=\"2022-08-31T11:54:17+00:00\" \/>\n<meta property=\"og:image\" content=\"https:\/\/luchonoticias.com\/wp-content\/uploads\/2022\/08\/WhatsApp-Image-2022-08-30-at-6.12.33-PM-1-1024x768.jpeg\" \/>\n<meta name=\"author\" content=\"admin\" \/>\n<meta name=\"twitter:card\" content=\"summary_large_image\" \/>\n<meta name=\"twitter:label1\" content=\"Escrito por\" \/>\n\t<meta name=\"twitter:data1\" content=\"admin\" \/>\n\t<meta name=\"twitter:label2\" content=\"Tiempo de lectura\" \/>\n\t<meta name=\"twitter:data2\" content=\"2 minutos\" \/>\n<script type=\"application\/ld+json\" class=\"yoast-schema-graph\">{\"@context\":\"https:\/\/schema.org\",\"@graph\":[{\"@type\":\"Article\",\"@id\":\"https:\/\/luchonoticias.com\/editor\/exitosamente-culmino-programa-de-formacion-exportadora-en-turismo\/#article\",\"isPartOf\":{\"@id\":\"https:\/\/luchonoticias.com\/editor\/exitosamente-culmino-programa-de-formacion-exportadora-en-turismo\/\"},\"author\":{\"name\":\"admin\",\"@id\":\"https:\/\/luchonoticias.com\/editor\/#\/schema\/person\/7a7fd911f58561fd056dbac7b55af9cd\"},\"headline\":\"Exitosamente culmin\u00f3 programa de formaci\u00f3n exportadora en turismo\",\"datePublished\":\"2022-08-31T11:54:16+00:00\",\"dateModified\":\"2022-08-31T11:54:17+00:00\",\"mainEntityOfPage\":{\"@id\":\"https:\/\/luchonoticias.com\/editor\/exitosamente-culmino-programa-de-formacion-exportadora-en-turismo\/\"},\"wordCount\":319,\"commentCount\":0,\"publisher\":{\"@id\":\"https:\/\/luchonoticias.com\/editor\/#\/schema\/person\/7a7fd911f58561fd056dbac7b55af9cd\"},\"image\":{\"@id\":\"https:\/\/luchonoticias.com\/editor\/exitosamente-culmino-programa-de-formacion-exportadora-en-turismo\/#primaryimage\"},\"thumbnailUrl\":\"https:\/\/luchonoticias.com\/wp-content\/uploads\/2022\/08\/WhatsApp-Image-2022-08-30-at-6.12.33-PM-1-1024x768.jpeg\",\"articleSection\":[\"Destacado\",\"Local\"],\"inLanguage\":\"es\",\"potentialAction\":[{\"@type\":\"CommentAction\",\"name\":\"Comment\",\"target\":[\"https:\/\/luchonoticias.com\/editor\/exitosamente-culmino-programa-de-formacion-exportadora-en-turismo\/#respond\"]}]},{\"@type\":\"WebPage\",\"@id\":\"https:\/\/luchonoticias.com\/editor\/exitosamente-culmino-programa-de-formacion-exportadora-en-turismo\/\",\"url\":\"https:\/\/luchonoticias.com\/editor\/exitosamente-culmino-programa-de-formacion-exportadora-en-turismo\/\",\"name\":\"Exitosamente culmin\u00f3 programa de formaci\u00f3n exportadora en turismo -\",\"isPartOf\":{\"@id\":\"https:\/\/luchonoticias.com\/editor\/#website\"},\"primaryImageOfPage\":{\"@id\":\"https:\/\/luchonoticias.com\/editor\/exitosamente-culmino-programa-de-formacion-exportadora-en-turismo\/#primaryimage\"},\"image\":{\"@id\":\"https:\/\/luchonoticias.com\/editor\/exitosamente-culmino-programa-de-formacion-exportadora-en-turismo\/#primaryimage\"},\"thumbnailUrl\":\"https:\/\/luchonoticias.com\/wp-content\/uploads\/2022\/08\/WhatsApp-Image-2022-08-30-at-6.12.33-PM-1-1024x768.jpeg\",\"datePublished\":\"2022-08-31T11:54:16+00:00\",\"dateModified\":\"2022-08-31T11:54:17+00:00\",\"breadcrumb\":{\"@id\":\"https:\/\/luchonoticias.com\/editor\/exitosamente-culmino-programa-de-formacion-exportadora-en-turismo\/#breadcrumb\"},\"inLanguage\":\"es\",\"potentialAction\":[{\"@type\":\"ReadAction\",\"target\":[\"https:\/\/luchonoticias.com\/editor\/exitosamente-culmino-programa-de-formacion-exportadora-en-turismo\/\"]}]},{\"@type\":\"ImageObject\",\"inLanguage\":\"es\",\"@id\":\"https:\/\/luchonoticias.com\/editor\/exitosamente-culmino-programa-de-formacion-exportadora-en-turismo\/#primaryimage\",\"url\":\"https:\/\/luchonoticias.com\/wp-content\/uploads\/2022\/08\/WhatsApp-Image-2022-08-30-at-6.12.33-PM-1-1024x768.jpeg\",\"contentUrl\":\"https:\/\/luchonoticias.com\/wp-content\/uploads\/2022\/08\/WhatsApp-Image-2022-08-30-at-6.12.33-PM-1-1024x768.jpeg\"},{\"@type\":\"BreadcrumbList\",\"@id\":\"https:\/\/luchonoticias.com\/editor\/exitosamente-culmino-programa-de-formacion-exportadora-en-turismo\/#breadcrumb\",\"itemListElement\":[{\"@type\":\"ListItem\",\"position\":1,\"name\":\"Portada\",\"item\":\"https:\/\/luchonoticias.com\/editor\/\"},{\"@type\":\"ListItem\",\"position\":2,\"name\":\"Exitosamente culmin\u00f3 programa de formaci\u00f3n exportadora en turismo\"}]},{\"@type\":\"WebSite\",\"@id\":\"https:\/\/luchonoticias.com\/editor\/#website\",\"url\":\"https:\/\/luchonoticias.com\/editor\/\",\"name\":\"\",\"description\":\"\",\"publisher\":{\"@id\":\"https:\/\/luchonoticias.com\/editor\/#\/schema\/person\/7a7fd911f58561fd056dbac7b55af9cd\"},\"potentialAction\":[{\"@type\":\"SearchAction\",\"target\":{\"@type\":\"EntryPoint\",\"urlTemplate\":\"https:\/\/luchonoticias.com\/editor\/?s={search_term_string}\"},\"query-input\":{\"@type\":\"PropertyValueSpecification\",\"valueRequired\":true,\"valueName\":\"search_term_string\"}}],\"inLanguage\":\"es\"},{\"@type\":[\"Person\",\"Organization\"],\"@id\":\"https:\/\/luchonoticias.com\/editor\/#\/schema\/person\/7a7fd911f58561fd056dbac7b55af9cd\",\"name\":\"admin\",\"image\":{\"@type\":\"ImageObject\",\"inLanguage\":\"es\",\"@id\":\"https:\/\/luchonoticias.com\/editor\/#\/schema\/person\/image\/\",\"url\":\"https:\/\/luchonoticias.com\/editor\/wp-content\/uploads\/2024\/02\/cropped-cropped-logolu.webp\",\"contentUrl\":\"https:\/\/luchonoticias.com\/editor\/wp-content\/uploads\/2024\/02\/cropped-cropped-logolu.webp\",\"width\":382,\"height\":170,\"caption\":\"admin\"},\"logo\":{\"@id\":\"https:\/\/luchonoticias.com\/editor\/#\/schema\/person\/image\/\"},\"sameAs\":[\"https:\/\/www.facebook.com\/luchonoticiasneiva\"],\"url\":\"https:\/\/luchonoticias.com\/editor\/author\/admin\/\"}]}<\/script>\n<!-- \/ Yoast SEO plugin. -->","yoast_head_json":{"title":"Exitosamente culmin\u00f3 programa de formaci\u00f3n exportadora en turismo -","robots":{"index":"index","follow":"follow","max-snippet":"max-snippet:-1","max-image-preview":"max-image-preview:large","max-video-preview":"max-video-preview:-1"},"canonical":"https:\/\/luchonoticias.com\/editor\/exitosamente-culmino-programa-de-formacion-exportadora-en-turismo\/","og_locale":"es_ES","og_type":"article","og_title":"Exitosamente culmin\u00f3 programa de formaci\u00f3n exportadora en turismo -","og_url":"https:\/\/luchonoticias.com\/editor\/exitosamente-culmino-programa-de-formacion-exportadora-en-turismo\/","article_publisher":"https:\/\/www.facebook.com\/luchonoticiasneiva","article_author":"https:\/\/www.facebook.com\/luchonoticiasneiva","article_published_time":"2022-08-31T11:54:16+00:00","article_modified_time":"2022-08-31T11:54:17+00:00","og_image":[{"url":"https:\/\/luchonoticias.com\/wp-content\/uploads\/2022\/08\/WhatsApp-Image-2022-08-30-at-6.12.33-PM-1-1024x768.jpeg","type":"","width":"","height":""}],"author":"admin","twitter_card":"summary_large_image","twitter_misc":{"Escrito por":"admin","Tiempo de lectura":"2 minutos"},"schema":{"@context":"https:\/\/schema.org","@graph":[{"@type":"Article","@id":"https:\/\/luchonoticias.com\/editor\/exitosamente-culmino-programa-de-formacion-exportadora-en-turismo\/#article","isPartOf":{"@id":"https:\/\/luchonoticias.com\/editor\/exitosamente-culmino-programa-de-formacion-exportadora-en-turismo\/"},"author":{"name":"admin","@id":"https:\/\/luchonoticias.com\/editor\/#\/schema\/person\/7a7fd911f58561fd056dbac7b55af9cd"},"headline":"Exitosamente culmin\u00f3 programa de formaci\u00f3n exportadora en turismo","datePublished":"2022-08-31T11:54:16+00:00","dateModified":"2022-08-31T11:54:17+00:00","mainEntityOfPage":{"@id":"https:\/\/luchonoticias.com\/editor\/exitosamente-culmino-programa-de-formacion-exportadora-en-turismo\/"},"wordCount":319,"commentCount":0,"publisher":{"@id":"https:\/\/luchonoticias.com\/editor\/#\/schema\/person\/7a7fd911f58561fd056dbac7b55af9cd"},"image":{"@id":"https:\/\/luchonoticias.com\/editor\/exitosamente-culmino-programa-de-formacion-exportadora-en-turismo\/#primaryimage"},"thumbnailUrl":"https:\/\/luchonoticias.com\/wp-content\/uploads\/2022\/08\/WhatsApp-Image-2022-08-30-at-6.12.33-PM-1-1024x768.jpeg","articleSection":["Destacado","Local"],"inLanguage":"es","potentialAction":[{"@type":"CommentAction","name":"Comment","target":["https:\/\/luchonoticias.com\/editor\/exitosamente-culmino-programa-de-formacion-exportadora-en-turismo\/#respond"]}]},{"@type":"WebPage","@id":"https:\/\/luchonoticias.com\/editor\/exitosamente-culmino-programa-de-formacion-exportadora-en-turismo\/","url":"https:\/\/luchonoticias.com\/editor\/exitosamente-culmino-programa-de-formacion-exportadora-en-turismo\/","name":"Exitosamente culmin\u00f3 programa de formaci\u00f3n exportadora en turismo -","isPartOf":{"@id":"https:\/\/luchonoticias.com\/editor\/#website"},"primaryImageOfPage":{"@id":"https:\/\/luchonoticias.com\/editor\/exitosamente-culmino-programa-de-formacion-exportadora-en-turismo\/#primaryimage"},"image":{"@id":"https:\/\/luchonoticias.com\/editor\/exitosamente-culmino-programa-de-formacion-exportadora-en-turismo\/#primaryimage"},"thumbnailUrl":"https:\/\/luchonoticias.com\/wp-content\/uploads\/2022\/08\/WhatsApp-Image-2022-08-30-at-6.12.33-PM-1-1024x768.jpeg","datePublished":"2022-08-31T11:54:16+00:00","dateModified":"2022-08-31T11:54:17+00:00","breadcrumb":{"@id":"https:\/\/luchonoticias.com\/editor\/exitosamente-culmino-programa-de-formacion-exportadora-en-turismo\/#breadcrumb"},"inLanguage":"es","potentialAction":[{"@type":"ReadAction","target":["https:\/\/luchonoticias.com\/editor\/exitosamente-culmino-programa-de-formacion-exportadora-en-turismo\/"]}]},{"@type":"ImageObject","inLanguage":"es","@id":"https:\/\/luchonoticias.com\/editor\/exitosamente-culmino-programa-de-formacion-exportadora-en-turismo\/#primaryimage","url":"https:\/\/luchonoticias.com\/wp-content\/uploads\/2022\/08\/WhatsApp-Image-2022-08-30-at-6.12.33-PM-1-1024x768.jpeg","contentUrl":"https:\/\/luchonoticias.com\/wp-content\/uploads\/2022\/08\/WhatsApp-Image-2022-08-30-at-6.12.33-PM-1-1024x768.jpeg"},{"@type":"BreadcrumbList","@id":"https:\/\/luchonoticias.com\/editor\/exitosamente-culmino-programa-de-formacion-exportadora-en-turismo\/#breadcrumb","itemListElement":[{"@type":"ListItem","position":1,"name":"Portada","item":"https:\/\/luchonoticias.com\/editor\/"},{"@type":"ListItem","position":2,"name":"Exitosamente culmin\u00f3 programa de formaci\u00f3n exportadora en turismo"}]},{"@type":"WebSite","@id":"https:\/\/luchonoticias.com\/editor\/#website","url":"https:\/\/luchonoticias.com\/editor\/","name":"","description":"","publisher":{"@id":"https:\/\/luchonoticias.com\/editor\/#\/schema\/person\/7a7fd911f58561fd056dbac7b55af9cd"},"potentialAction":[{"@type":"SearchAction","target":{"@type":"EntryPoint","urlTemplate":"https:\/\/luchonoticias.com\/editor\/?s={search_term_string}"},"query-input":{"@type":"PropertyValueSpecification","valueRequired":true,"valueName":"search_term_string"}}],"inLanguage":"es"},{"@type":["Person","Organization"],"@id":"https:\/\/luchonoticias.com\/editor\/#\/schema\/person\/7a7fd911f58561fd056dbac7b55af9cd","name":"admin","image":{"@type":"ImageObject","inLanguage":"es","@id":"https:\/\/luchonoticias.com\/editor\/#\/schema\/person\/image\/","url":"https:\/\/luchonoticias.com\/editor\/wp-content\/uploads\/2024\/02\/cropped-cropped-logolu.webp","contentUrl":"https:\/\/luchonoticias.com\/editor\/wp-content\/uploads\/2024\/02\/cropped-cropped-logolu.webp","width":382,"height":170,"caption":"admin"},"logo":{"@id":"https:\/\/luchonoticias.com\/editor\/#\/schema\/person\/image\/"},"sameAs":["https:\/\/www.facebook.com\/luchonoticiasneiva"],"url":"https:\/\/luchonoticias.com\/editor\/author\/admin\/"}]}},"_links":{"self":[{"href":"https:\/\/luchonoticias.com\/editor\/wp-json\/wp\/v2\/posts\/33396","targetHints":{"allow":["GET"]}}],"collection":[{"href":"https:\/\/luchonoticias.com\/editor\/wp-json\/wp\/v2\/posts"}],"about":[{"href":"https:\/\/luchonoticias.com\/editor\/wp-json\/wp\/v2\/types\/post"}],"author":[{"embeddable":true,"href":"https:\/\/luchonoticias.com\/editor\/wp-json\/wp\/v2\/users\/1"}],"replies":[{"embeddable":true,"href":"https:\/\/luchonoticias.com\/editor\/wp-json\/wp\/v2\/comments?post=33396"}],"version-history":[{"count":0,"href":"https:\/\/luchonoticias.com\/editor\/wp-json\/wp\/v2\/posts\/33396\/revisions"}],"wp:attachment":[{"href":"https:\/\/luchonoticias.com\/editor\/wp-json\/wp\/v2\/media?parent=33396"}],"wp:term":[{"taxonomy":"category","embeddable":true,"href":"https:\/\/luchonoticias.com\/editor\/wp-json\/wp\/v2\/categories?post=33396"},{"taxonomy":"post_tag","embeddable":true,"href":"https:\/\/luchonoticias.com\/editor\/wp-json\/wp\/v2\/tags?post=33396"}],"curies":[{"name":"wp","href":"https:\/\/api.w.org\/{rel}","templated":true}]}}