{"id":33495,"date":"2022-09-02T04:55:28","date_gmt":"2022-09-02T09:55:28","guid":{"rendered":"https:\/\/luchonoticias.com\/?p=33495"},"modified":"2022-09-02T04:55:30","modified_gmt":"2022-09-02T09:55:30","slug":"hoy-sera-expuesta-la-situacion-de-la-red-hospitalaria-del-huila","status":"publish","type":"post","link":"https:\/\/luchonoticias.com\/editor\/hoy-sera-expuesta-la-situacion-de-la-red-hospitalaria-del-huila\/","title":{"rendered":"Hoy ser\u00e1 expuesta la situaci\u00f3n de la red hospitalaria del Huila"},"content":{"rendered":"\n<p>El&nbsp;<strong>sistema de salud en el departamento del Huila<\/strong>&nbsp;se encuentra&nbsp;<strong>en estado de vulnerabilidad<\/strong>&nbsp;como consecuencia de los procesos de liquidaci\u00f3n de las Empresas Administradoras de Planes de Beneficios como Medim\u00e1s, Coomeva y el reciente caso de Comfamiliar del Huila, que ha generado traslado masivo de usuarios a otras EAPB, deterioro en la prestaci\u00f3n de servicios y una deuda millonaria con la red primaria y complementaria.<\/p>\n\n\n\n<p>\u201cA iniciativa del se\u00f1or Gobernador, Luis Enrique Duss\u00e1n L\u00f3pez, estamos ambientando la<strong>&nbsp;visita que tendremos hoy a la Superintendencia Nacional de Salud,<\/strong>&nbsp;con la presencia de la Ministra de Salud, la idea es presentar la afectaci\u00f3n que tenemos tanto en la red p\u00fablica como privada y en general de todo el sistema de salud en la regi\u00f3n, producto de los procesos lamentables de liquidaci\u00f3n de las EPS, que han afectado de manera significativa el flujo de los recursos y han puesto en riesgo la viabilidad financiera de la red hospitalaria\u201d inform\u00f3 C\u00e9sar Alberto Polan\u00eda, secretario de Salud del Huila.<\/p>\n\n\n\n<p>Para consolidar la informaci\u00f3n que se presentar\u00e1 en la instancia nacional,&nbsp;<strong>la Secretar\u00eda de Salud Departamental convoc\u00f3 a los Gerentes de las IPS p\u00fablicas y privadas<\/strong>, de las ESEs de orden municipal y departamental, quienes expusieron su preocupaci\u00f3n ante la incertidumbre de la disponibilidad de recursos que se requieren para el funcionamiento de las entidades y para garantizar la adecuada atenci\u00f3n de los usuarios.<\/p>\n\n\n\n<p>\u201cQueremos&nbsp;<strong>llevar propuestas de soluci\u00f3n,<\/strong>&nbsp;para que se resuelva lo m\u00e1s pronto posible la crisis que tenemos en el departamento del Huila, esperamos encontrar el apoyo y la soluci\u00f3n a estos problemas por parte del Ministerio de Salud, del Gobierno Nacional y de acciones muy importantes de la Superintendencia de Salud\u201d agreg\u00f3 el secretario.<\/p>\n\n\n\n<p>Tambi\u00e9n manifest\u00f3 que<strong>&nbsp;debe ser prioridad el flujo de los recursos&nbsp;<\/strong>y garantizar la tranquilidad a los ciudadanos especialmente en el proceso de traslado de los beneficiarios hacia las EPS receptoras y que se lleven a buen t\u00e9rmino los procesos contractuales que permitan dar continuidad a la prestaci\u00f3n de los servicios y procedimientos.&nbsp;<\/p>\n","protected":false},"excerpt":{"rendered":"<p>El&nbsp;sistema de salud en el departamento del Huila&nbsp;se encuentra&nbsp;en estado de vulnerabilidad&nbsp;como consecuencia de los procesos de liquidaci\u00f3n de las Empresas Administradoras de Planes de Beneficios como Medim\u00e1s, Coomeva y el reciente caso de Comfamiliar del Huila, que ha generado traslado masivo de usuarios a otras EAPB, deterioro en la prestaci\u00f3n de servicios y una [&hellip;]<\/p>\n","protected":false},"author":1,"featured_media":0,"comment_status":"open","ping_status":"open","sticky":false,"template":"","format":"standard","meta":{"footnotes":""},"categories":[33],"tags":[],"class_list":["post-33495","post","type-post","status-publish","format-standard","hentry","category-huila"],"yoast_head":"<!-- This site is optimized with the Yoast SEO plugin v26.6 - https:\/\/yoast.com\/wordpress\/plugins\/seo\/ -->\n<title>Hoy ser\u00e1 expuesta la situaci\u00f3n de la red hospitalaria del Huila -<\/title>\n<meta name=\"robots\" content=\"index, follow, max-snippet:-1, max-image-preview:large, max-video-preview:-1\" \/>\n<link rel=\"canonical\" href=\"https:\/\/luchonoticias.com\/editor\/hoy-sera-expuesta-la-situacion-de-la-red-hospitalaria-del-huila\/\" \/>\n<meta property=\"og:locale\" content=\"es_ES\" \/>\n<meta property=\"og:type\" content=\"article\" \/>\n<meta property=\"og:title\" content=\"Hoy ser\u00e1 expuesta la situaci\u00f3n de la red hospitalaria del Huila -\" \/>\n<meta property=\"og:url\" content=\"https:\/\/luchonoticias.com\/editor\/hoy-sera-expuesta-la-situacion-de-la-red-hospitalaria-del-huila\/\" \/>\n<meta property=\"article:publisher\" content=\"https:\/\/www.facebook.com\/luchonoticiasneiva\" \/>\n<meta property=\"article:author\" content=\"https:\/\/www.facebook.com\/luchonoticiasneiva\" \/>\n<meta property=\"article:published_time\" content=\"2022-09-02T09:55:28+00:00\" \/>\n<meta property=\"article:modified_time\" content=\"2022-09-02T09:55:30+00:00\" \/>\n<meta name=\"author\" content=\"admin\" \/>\n<meta name=\"twitter:card\" content=\"summary_large_image\" \/>\n<meta name=\"twitter:label1\" content=\"Escrito por\" \/>\n\t<meta name=\"twitter:data1\" content=\"admin\" \/>\n\t<meta name=\"twitter:label2\" content=\"Tiempo de lectura\" \/>\n\t<meta name=\"twitter:data2\" content=\"2 minutos\" \/>\n<script type=\"application\/ld+json\" class=\"yoast-schema-graph\">{\"@context\":\"https:\/\/schema.org\",\"@graph\":[{\"@type\":\"Article\",\"@id\":\"https:\/\/luchonoticias.com\/editor\/hoy-sera-expuesta-la-situacion-de-la-red-hospitalaria-del-huila\/#article\",\"isPartOf\":{\"@id\":\"https:\/\/luchonoticias.com\/editor\/hoy-sera-expuesta-la-situacion-de-la-red-hospitalaria-del-huila\/\"},\"author\":{\"name\":\"admin\",\"@id\":\"https:\/\/luchonoticias.com\/editor\/#\/schema\/person\/7a7fd911f58561fd056dbac7b55af9cd\"},\"headline\":\"Hoy ser\u00e1 expuesta la situaci\u00f3n de la red hospitalaria del Huila\",\"datePublished\":\"2022-09-02T09:55:28+00:00\",\"dateModified\":\"2022-09-02T09:55:30+00:00\",\"mainEntityOfPage\":{\"@id\":\"https:\/\/luchonoticias.com\/editor\/hoy-sera-expuesta-la-situacion-de-la-red-hospitalaria-del-huila\/\"},\"wordCount\":384,\"commentCount\":0,\"publisher\":{\"@id\":\"https:\/\/luchonoticias.com\/editor\/#\/schema\/person\/7a7fd911f58561fd056dbac7b55af9cd\"},\"articleSection\":[\"Huila\"],\"inLanguage\":\"es\",\"potentialAction\":[{\"@type\":\"CommentAction\",\"name\":\"Comment\",\"target\":[\"https:\/\/luchonoticias.com\/editor\/hoy-sera-expuesta-la-situacion-de-la-red-hospitalaria-del-huila\/#respond\"]}]},{\"@type\":\"WebPage\",\"@id\":\"https:\/\/luchonoticias.com\/editor\/hoy-sera-expuesta-la-situacion-de-la-red-hospitalaria-del-huila\/\",\"url\":\"https:\/\/luchonoticias.com\/editor\/hoy-sera-expuesta-la-situacion-de-la-red-hospitalaria-del-huila\/\",\"name\":\"Hoy ser\u00e1 expuesta la situaci\u00f3n de la red hospitalaria del Huila -\",\"isPartOf\":{\"@id\":\"https:\/\/luchonoticias.com\/editor\/#website\"},\"datePublished\":\"2022-09-02T09:55:28+00:00\",\"dateModified\":\"2022-09-02T09:55:30+00:00\",\"breadcrumb\":{\"@id\":\"https:\/\/luchonoticias.com\/editor\/hoy-sera-expuesta-la-situacion-de-la-red-hospitalaria-del-huila\/#breadcrumb\"},\"inLanguage\":\"es\",\"potentialAction\":[{\"@type\":\"ReadAction\",\"target\":[\"https:\/\/luchonoticias.com\/editor\/hoy-sera-expuesta-la-situacion-de-la-red-hospitalaria-del-huila\/\"]}]},{\"@type\":\"BreadcrumbList\",\"@id\":\"https:\/\/luchonoticias.com\/editor\/hoy-sera-expuesta-la-situacion-de-la-red-hospitalaria-del-huila\/#breadcrumb\",\"itemListElement\":[{\"@type\":\"ListItem\",\"position\":1,\"name\":\"Portada\",\"item\":\"https:\/\/luchonoticias.com\/editor\/\"},{\"@type\":\"ListItem\",\"position\":2,\"name\":\"Hoy ser\u00e1 expuesta la situaci\u00f3n de la red hospitalaria del Huila\"}]},{\"@type\":\"WebSite\",\"@id\":\"https:\/\/luchonoticias.com\/editor\/#website\",\"url\":\"https:\/\/luchonoticias.com\/editor\/\",\"name\":\"\",\"description\":\"\",\"publisher\":{\"@id\":\"https:\/\/luchonoticias.com\/editor\/#\/schema\/person\/7a7fd911f58561fd056dbac7b55af9cd\"},\"potentialAction\":[{\"@type\":\"SearchAction\",\"target\":{\"@type\":\"EntryPoint\",\"urlTemplate\":\"https:\/\/luchonoticias.com\/editor\/?s={search_term_string}\"},\"query-input\":{\"@type\":\"PropertyValueSpecification\",\"valueRequired\":true,\"valueName\":\"search_term_string\"}}],\"inLanguage\":\"es\"},{\"@type\":[\"Person\",\"Organization\"],\"@id\":\"https:\/\/luchonoticias.com\/editor\/#\/schema\/person\/7a7fd911f58561fd056dbac7b55af9cd\",\"name\":\"admin\",\"image\":{\"@type\":\"ImageObject\",\"inLanguage\":\"es\",\"@id\":\"https:\/\/luchonoticias.com\/editor\/#\/schema\/person\/image\/\",\"url\":\"https:\/\/luchonoticias.com\/editor\/wp-content\/uploads\/2024\/02\/cropped-cropped-logolu.webp\",\"contentUrl\":\"https:\/\/luchonoticias.com\/editor\/wp-content\/uploads\/2024\/02\/cropped-cropped-logolu.webp\",\"width\":382,\"height\":170,\"caption\":\"admin\"},\"logo\":{\"@id\":\"https:\/\/luchonoticias.com\/editor\/#\/schema\/person\/image\/\"},\"sameAs\":[\"https:\/\/www.facebook.com\/luchonoticiasneiva\"],\"url\":\"https:\/\/luchonoticias.com\/editor\/author\/admin\/\"}]}<\/script>\n<!-- \/ Yoast SEO plugin. -->","yoast_head_json":{"title":"Hoy ser\u00e1 expuesta la situaci\u00f3n de la red hospitalaria del Huila -","robots":{"index":"index","follow":"follow","max-snippet":"max-snippet:-1","max-image-preview":"max-image-preview:large","max-video-preview":"max-video-preview:-1"},"canonical":"https:\/\/luchonoticias.com\/editor\/hoy-sera-expuesta-la-situacion-de-la-red-hospitalaria-del-huila\/","og_locale":"es_ES","og_type":"article","og_title":"Hoy ser\u00e1 expuesta la situaci\u00f3n de la red hospitalaria del Huila -","og_url":"https:\/\/luchonoticias.com\/editor\/hoy-sera-expuesta-la-situacion-de-la-red-hospitalaria-del-huila\/","article_publisher":"https:\/\/www.facebook.com\/luchonoticiasneiva","article_author":"https:\/\/www.facebook.com\/luchonoticiasneiva","article_published_time":"2022-09-02T09:55:28+00:00","article_modified_time":"2022-09-02T09:55:30+00:00","author":"admin","twitter_card":"summary_large_image","twitter_misc":{"Escrito por":"admin","Tiempo de lectura":"2 minutos"},"schema":{"@context":"https:\/\/schema.org","@graph":[{"@type":"Article","@id":"https:\/\/luchonoticias.com\/editor\/hoy-sera-expuesta-la-situacion-de-la-red-hospitalaria-del-huila\/#article","isPartOf":{"@id":"https:\/\/luchonoticias.com\/editor\/hoy-sera-expuesta-la-situacion-de-la-red-hospitalaria-del-huila\/"},"author":{"name":"admin","@id":"https:\/\/luchonoticias.com\/editor\/#\/schema\/person\/7a7fd911f58561fd056dbac7b55af9cd"},"headline":"Hoy ser\u00e1 expuesta la situaci\u00f3n de la red hospitalaria del Huila","datePublished":"2022-09-02T09:55:28+00:00","dateModified":"2022-09-02T09:55:30+00:00","mainEntityOfPage":{"@id":"https:\/\/luchonoticias.com\/editor\/hoy-sera-expuesta-la-situacion-de-la-red-hospitalaria-del-huila\/"},"wordCount":384,"commentCount":0,"publisher":{"@id":"https:\/\/luchonoticias.com\/editor\/#\/schema\/person\/7a7fd911f58561fd056dbac7b55af9cd"},"articleSection":["Huila"],"inLanguage":"es","potentialAction":[{"@type":"CommentAction","name":"Comment","target":["https:\/\/luchonoticias.com\/editor\/hoy-sera-expuesta-la-situacion-de-la-red-hospitalaria-del-huila\/#respond"]}]},{"@type":"WebPage","@id":"https:\/\/luchonoticias.com\/editor\/hoy-sera-expuesta-la-situacion-de-la-red-hospitalaria-del-huila\/","url":"https:\/\/luchonoticias.com\/editor\/hoy-sera-expuesta-la-situacion-de-la-red-hospitalaria-del-huila\/","name":"Hoy ser\u00e1 expuesta la situaci\u00f3n de la red hospitalaria del Huila -","isPartOf":{"@id":"https:\/\/luchonoticias.com\/editor\/#website"},"datePublished":"2022-09-02T09:55:28+00:00","dateModified":"2022-09-02T09:55:30+00:00","breadcrumb":{"@id":"https:\/\/luchonoticias.com\/editor\/hoy-sera-expuesta-la-situacion-de-la-red-hospitalaria-del-huila\/#breadcrumb"},"inLanguage":"es","potentialAction":[{"@type":"ReadAction","target":["https:\/\/luchonoticias.com\/editor\/hoy-sera-expuesta-la-situacion-de-la-red-hospitalaria-del-huila\/"]}]},{"@type":"BreadcrumbList","@id":"https:\/\/luchonoticias.com\/editor\/hoy-sera-expuesta-la-situacion-de-la-red-hospitalaria-del-huila\/#breadcrumb","itemListElement":[{"@type":"ListItem","position":1,"name":"Portada","item":"https:\/\/luchonoticias.com\/editor\/"},{"@type":"ListItem","position":2,"name":"Hoy ser\u00e1 expuesta la situaci\u00f3n de la red hospitalaria del Huila"}]},{"@type":"WebSite","@id":"https:\/\/luchonoticias.com\/editor\/#website","url":"https:\/\/luchonoticias.com\/editor\/","name":"","description":"","publisher":{"@id":"https:\/\/luchonoticias.com\/editor\/#\/schema\/person\/7a7fd911f58561fd056dbac7b55af9cd"},"potentialAction":[{"@type":"SearchAction","target":{"@type":"EntryPoint","urlTemplate":"https:\/\/luchonoticias.com\/editor\/?s={search_term_string}"},"query-input":{"@type":"PropertyValueSpecification","valueRequired":true,"valueName":"search_term_string"}}],"inLanguage":"es"},{"@type":["Person","Organization"],"@id":"https:\/\/luchonoticias.com\/editor\/#\/schema\/person\/7a7fd911f58561fd056dbac7b55af9cd","name":"admin","image":{"@type":"ImageObject","inLanguage":"es","@id":"https:\/\/luchonoticias.com\/editor\/#\/schema\/person\/image\/","url":"https:\/\/luchonoticias.com\/editor\/wp-content\/uploads\/2024\/02\/cropped-cropped-logolu.webp","contentUrl":"https:\/\/luchonoticias.com\/editor\/wp-content\/uploads\/2024\/02\/cropped-cropped-logolu.webp","width":382,"height":170,"caption":"admin"},"logo":{"@id":"https:\/\/luchonoticias.com\/editor\/#\/schema\/person\/image\/"},"sameAs":["https:\/\/www.facebook.com\/luchonoticiasneiva"],"url":"https:\/\/luchonoticias.com\/editor\/author\/admin\/"}]}},"_links":{"self":[{"href":"https:\/\/luchonoticias.com\/editor\/wp-json\/wp\/v2\/posts\/33495","targetHints":{"allow":["GET"]}}],"collection":[{"href":"https:\/\/luchonoticias.com\/editor\/wp-json\/wp\/v2\/posts"}],"about":[{"href":"https:\/\/luchonoticias.com\/editor\/wp-json\/wp\/v2\/types\/post"}],"author":[{"embeddable":true,"href":"https:\/\/luchonoticias.com\/editor\/wp-json\/wp\/v2\/users\/1"}],"replies":[{"embeddable":true,"href":"https:\/\/luchonoticias.com\/editor\/wp-json\/wp\/v2\/comments?post=33495"}],"version-history":[{"count":0,"href":"https:\/\/luchonoticias.com\/editor\/wp-json\/wp\/v2\/posts\/33495\/revisions"}],"wp:attachment":[{"href":"https:\/\/luchonoticias.com\/editor\/wp-json\/wp\/v2\/media?parent=33495"}],"wp:term":[{"taxonomy":"category","embeddable":true,"href":"https:\/\/luchonoticias.com\/editor\/wp-json\/wp\/v2\/categories?post=33495"},{"taxonomy":"post_tag","embeddable":true,"href":"https:\/\/luchonoticias.com\/editor\/wp-json\/wp\/v2\/tags?post=33495"}],"curies":[{"name":"wp","href":"https:\/\/api.w.org\/{rel}","templated":true}]}}