{"id":33540,"date":"2022-09-02T07:09:01","date_gmt":"2022-09-02T12:09:01","guid":{"rendered":"https:\/\/luchonoticias.com\/?p=33540"},"modified":"2022-09-02T07:09:02","modified_gmt":"2022-09-02T12:09:02","slug":"administracion-de-neiva-adelanto-mesa-de-trabajo-para-campana-contra-el-ruido","status":"publish","type":"post","link":"https:\/\/luchonoticias.com\/editor\/administracion-de-neiva-adelanto-mesa-de-trabajo-para-campana-contra-el-ruido\/","title":{"rendered":"Administraci\u00f3n de Neiva adelant\u00f3 mesa de trabajo para campa\u00f1a contra el ruido"},"content":{"rendered":"\n<p>Con el objetivo de identificar los ruidosos de la ciudad, la Administraci\u00f3n Municipal realiz\u00f3 una mesa de trabajo con la presencia de las secretar\u00edas de Medio Ambiente, Gobierno, Competitividad y Gesti\u00f3n de Riesgo, las direcciones de Justicia y Espacio P\u00fablico y la Polic\u00eda Ambiental, para coordinar la campa\u00f1a \u2018Neiva sin ruido es Territorio de vida y paz,\u2019 que incluyen actividades de sensibilizaci\u00f3n para hacer cumplir la Resoluci\u00f3n 0627 de 2006, dirigidas especialmente a locales comerciales y vendedores ambulantes que usan emisores de sonido en sus labores comerciales.<\/p>\n\n\n\n<p>La mesa de trabajo permiti\u00f3 identificar las zonas de la ciudad con mayor contaminaci\u00f3n auditiva y se construy\u00f3 una ruta de ejecuci\u00f3n que permitir\u00e1 llegar a ellas mediante operativos que se har\u00e1n sin aviso previo.<\/p>\n\n\n\n<figure class=\"wp-block-gallery has-nested-images columns-default is-cropped wp-block-gallery-1 is-layout-flex wp-block-gallery-is-layout-flex\">\n<figure class=\"wp-block-image size-large\"><img decoding=\"async\" data-id=\"33543\" src=\"https:\/\/luchonoticias.com\/wp-content\/uploads\/2022\/09\/WhatsApp-Image-2022-09-01-at-7.36.54-PM-1024x682.jpeg\" alt=\"\" class=\"wp-image-33543\"\/><\/figure>\n\n\n\n<figure class=\"wp-block-image size-large\"><img decoding=\"async\" data-id=\"33545\" src=\"https:\/\/luchonoticias.com\/wp-content\/uploads\/2022\/09\/WhatsApp-Image-2022-09-01-at-7.36.53-PM-1-1024x682.jpeg\" alt=\"\" class=\"wp-image-33545\"\/><\/figure>\n\n\n\n<figure class=\"wp-block-image size-large\"><img decoding=\"async\" data-id=\"33544\" src=\"https:\/\/luchonoticias.com\/wp-content\/uploads\/2022\/09\/WhatsApp-Image-2022-09-01-at-7.36.52-PM-1-1-1024x682.jpeg\" alt=\"\" class=\"wp-image-33544\"\/><\/figure>\n<\/figure>\n\n\n\n<p>La mesa de trabajo logr\u00f3 trazar un plan de concientizaci\u00f3n que pretende controlar los niveles de ruido en las zonas comerciales y residenciales, as\u00ed lo afirm\u00f3 el secretario de Medio Ambiente Hernando Duarte Rodr\u00edguez: \u201cEl tema grav\u00edsimo que viene soportando Neiva es la contaminaci\u00f3n auditiva, que afecta no solo la salud sino el bienestar, la tranquilidad, el derecho al buen descanso y la convivencia ciudadana\u201d.<\/p>\n\n\n\n<p>Por su parte, el secretario de Gobierno, Faiver Hoyos, tambi\u00e9n se mostr\u00f3 preocupado por la convivencia entre vecinos \u201cqueremos que la gente celebre, pero tambi\u00e9n queremos que lo haga con respeto, ha habido denuncias y quejas de la ciudadan\u00eda por exceso del ruido, muchos no respetan a la otra persona y se est\u00e1n generando problemas de convivencia en diversos sectores\u201d.<\/p>\n","protected":false},"excerpt":{"rendered":"<p>Con el objetivo de identificar los ruidosos de la ciudad, la Administraci\u00f3n Municipal realiz\u00f3 una mesa de trabajo con la presencia de las secretar\u00edas de Medio Ambiente, Gobierno, Competitividad y Gesti\u00f3n de Riesgo, las direcciones de Justicia y Espacio P\u00fablico y la Polic\u00eda Ambiental, para coordinar la campa\u00f1a \u2018Neiva sin ruido es Territorio de vida [&hellip;]<\/p>\n","protected":false},"author":1,"featured_media":0,"comment_status":"open","ping_status":"open","sticky":false,"template":"","format":"standard","meta":{"footnotes":""},"categories":[36,53],"tags":[],"class_list":["post-33540","post","type-post","status-publish","format-standard","hentry","category-destacado","category-neiva"],"yoast_head":"<!-- This site is optimized with the Yoast SEO plugin v26.6 - https:\/\/yoast.com\/wordpress\/plugins\/seo\/ -->\n<title>Administraci\u00f3n de Neiva adelant\u00f3 mesa de trabajo para campa\u00f1a contra el ruido -<\/title>\n<meta name=\"robots\" content=\"index, follow, max-snippet:-1, max-image-preview:large, max-video-preview:-1\" \/>\n<link rel=\"canonical\" href=\"https:\/\/luchonoticias.com\/editor\/administracion-de-neiva-adelanto-mesa-de-trabajo-para-campana-contra-el-ruido\/\" \/>\n<meta property=\"og:locale\" content=\"es_ES\" \/>\n<meta property=\"og:type\" content=\"article\" \/>\n<meta property=\"og:title\" content=\"Administraci\u00f3n de Neiva adelant\u00f3 mesa de trabajo para campa\u00f1a contra el ruido -\" \/>\n<meta property=\"og:url\" content=\"https:\/\/luchonoticias.com\/editor\/administracion-de-neiva-adelanto-mesa-de-trabajo-para-campana-contra-el-ruido\/\" \/>\n<meta property=\"article:publisher\" content=\"https:\/\/www.facebook.com\/luchonoticiasneiva\" \/>\n<meta property=\"article:author\" content=\"https:\/\/www.facebook.com\/luchonoticiasneiva\" \/>\n<meta property=\"article:published_time\" content=\"2022-09-02T12:09:01+00:00\" \/>\n<meta property=\"article:modified_time\" content=\"2022-09-02T12:09:02+00:00\" \/>\n<meta property=\"og:image\" content=\"https:\/\/luchonoticias.com\/wp-content\/uploads\/2022\/09\/WhatsApp-Image-2022-09-01-at-7.36.54-PM-1024x682.jpeg\" \/>\n<meta name=\"author\" content=\"admin\" \/>\n<meta name=\"twitter:card\" content=\"summary_large_image\" \/>\n<meta name=\"twitter:label1\" content=\"Escrito por\" \/>\n\t<meta name=\"twitter:data1\" content=\"admin\" \/>\n\t<meta name=\"twitter:label2\" content=\"Tiempo de lectura\" \/>\n\t<meta name=\"twitter:data2\" content=\"1 minuto\" \/>\n<script type=\"application\/ld+json\" class=\"yoast-schema-graph\">{\"@context\":\"https:\/\/schema.org\",\"@graph\":[{\"@type\":\"Article\",\"@id\":\"https:\/\/luchonoticias.com\/editor\/administracion-de-neiva-adelanto-mesa-de-trabajo-para-campana-contra-el-ruido\/#article\",\"isPartOf\":{\"@id\":\"https:\/\/luchonoticias.com\/editor\/administracion-de-neiva-adelanto-mesa-de-trabajo-para-campana-contra-el-ruido\/\"},\"author\":{\"name\":\"admin\",\"@id\":\"https:\/\/luchonoticias.com\/editor\/#\/schema\/person\/7a7fd911f58561fd056dbac7b55af9cd\"},\"headline\":\"Administraci\u00f3n de Neiva adelant\u00f3 mesa de trabajo para campa\u00f1a contra el ruido\",\"datePublished\":\"2022-09-02T12:09:01+00:00\",\"dateModified\":\"2022-09-02T12:09:02+00:00\",\"mainEntityOfPage\":{\"@id\":\"https:\/\/luchonoticias.com\/editor\/administracion-de-neiva-adelanto-mesa-de-trabajo-para-campana-contra-el-ruido\/\"},\"wordCount\":278,\"commentCount\":0,\"publisher\":{\"@id\":\"https:\/\/luchonoticias.com\/editor\/#\/schema\/person\/7a7fd911f58561fd056dbac7b55af9cd\"},\"image\":{\"@id\":\"https:\/\/luchonoticias.com\/editor\/administracion-de-neiva-adelanto-mesa-de-trabajo-para-campana-contra-el-ruido\/#primaryimage\"},\"thumbnailUrl\":\"https:\/\/luchonoticias.com\/wp-content\/uploads\/2022\/09\/WhatsApp-Image-2022-09-01-at-7.36.54-PM-1024x682.jpeg\",\"articleSection\":[\"Destacado\",\"Neiva\"],\"inLanguage\":\"es\",\"potentialAction\":[{\"@type\":\"CommentAction\",\"name\":\"Comment\",\"target\":[\"https:\/\/luchonoticias.com\/editor\/administracion-de-neiva-adelanto-mesa-de-trabajo-para-campana-contra-el-ruido\/#respond\"]}]},{\"@type\":\"WebPage\",\"@id\":\"https:\/\/luchonoticias.com\/editor\/administracion-de-neiva-adelanto-mesa-de-trabajo-para-campana-contra-el-ruido\/\",\"url\":\"https:\/\/luchonoticias.com\/editor\/administracion-de-neiva-adelanto-mesa-de-trabajo-para-campana-contra-el-ruido\/\",\"name\":\"Administraci\u00f3n de Neiva adelant\u00f3 mesa de trabajo para campa\u00f1a contra el ruido -\",\"isPartOf\":{\"@id\":\"https:\/\/luchonoticias.com\/editor\/#website\"},\"primaryImageOfPage\":{\"@id\":\"https:\/\/luchonoticias.com\/editor\/administracion-de-neiva-adelanto-mesa-de-trabajo-para-campana-contra-el-ruido\/#primaryimage\"},\"image\":{\"@id\":\"https:\/\/luchonoticias.com\/editor\/administracion-de-neiva-adelanto-mesa-de-trabajo-para-campana-contra-el-ruido\/#primaryimage\"},\"thumbnailUrl\":\"https:\/\/luchonoticias.com\/wp-content\/uploads\/2022\/09\/WhatsApp-Image-2022-09-01-at-7.36.54-PM-1024x682.jpeg\",\"datePublished\":\"2022-09-02T12:09:01+00:00\",\"dateModified\":\"2022-09-02T12:09:02+00:00\",\"breadcrumb\":{\"@id\":\"https:\/\/luchonoticias.com\/editor\/administracion-de-neiva-adelanto-mesa-de-trabajo-para-campana-contra-el-ruido\/#breadcrumb\"},\"inLanguage\":\"es\",\"potentialAction\":[{\"@type\":\"ReadAction\",\"target\":[\"https:\/\/luchonoticias.com\/editor\/administracion-de-neiva-adelanto-mesa-de-trabajo-para-campana-contra-el-ruido\/\"]}]},{\"@type\":\"ImageObject\",\"inLanguage\":\"es\",\"@id\":\"https:\/\/luchonoticias.com\/editor\/administracion-de-neiva-adelanto-mesa-de-trabajo-para-campana-contra-el-ruido\/#primaryimage\",\"url\":\"https:\/\/luchonoticias.com\/wp-content\/uploads\/2022\/09\/WhatsApp-Image-2022-09-01-at-7.36.54-PM-1024x682.jpeg\",\"contentUrl\":\"https:\/\/luchonoticias.com\/wp-content\/uploads\/2022\/09\/WhatsApp-Image-2022-09-01-at-7.36.54-PM-1024x682.jpeg\"},{\"@type\":\"BreadcrumbList\",\"@id\":\"https:\/\/luchonoticias.com\/editor\/administracion-de-neiva-adelanto-mesa-de-trabajo-para-campana-contra-el-ruido\/#breadcrumb\",\"itemListElement\":[{\"@type\":\"ListItem\",\"position\":1,\"name\":\"Portada\",\"item\":\"https:\/\/luchonoticias.com\/editor\/\"},{\"@type\":\"ListItem\",\"position\":2,\"name\":\"Administraci\u00f3n de Neiva adelant\u00f3 mesa de trabajo para campa\u00f1a contra el ruido\"}]},{\"@type\":\"WebSite\",\"@id\":\"https:\/\/luchonoticias.com\/editor\/#website\",\"url\":\"https:\/\/luchonoticias.com\/editor\/\",\"name\":\"\",\"description\":\"\",\"publisher\":{\"@id\":\"https:\/\/luchonoticias.com\/editor\/#\/schema\/person\/7a7fd911f58561fd056dbac7b55af9cd\"},\"potentialAction\":[{\"@type\":\"SearchAction\",\"target\":{\"@type\":\"EntryPoint\",\"urlTemplate\":\"https:\/\/luchonoticias.com\/editor\/?s={search_term_string}\"},\"query-input\":{\"@type\":\"PropertyValueSpecification\",\"valueRequired\":true,\"valueName\":\"search_term_string\"}}],\"inLanguage\":\"es\"},{\"@type\":[\"Person\",\"Organization\"],\"@id\":\"https:\/\/luchonoticias.com\/editor\/#\/schema\/person\/7a7fd911f58561fd056dbac7b55af9cd\",\"name\":\"admin\",\"image\":{\"@type\":\"ImageObject\",\"inLanguage\":\"es\",\"@id\":\"https:\/\/luchonoticias.com\/editor\/#\/schema\/person\/image\/\",\"url\":\"https:\/\/luchonoticias.com\/editor\/wp-content\/uploads\/2024\/02\/cropped-cropped-logolu.webp\",\"contentUrl\":\"https:\/\/luchonoticias.com\/editor\/wp-content\/uploads\/2024\/02\/cropped-cropped-logolu.webp\",\"width\":382,\"height\":170,\"caption\":\"admin\"},\"logo\":{\"@id\":\"https:\/\/luchonoticias.com\/editor\/#\/schema\/person\/image\/\"},\"sameAs\":[\"https:\/\/www.facebook.com\/luchonoticiasneiva\"],\"url\":\"https:\/\/luchonoticias.com\/editor\/author\/admin\/\"}]}<\/script>\n<!-- \/ Yoast SEO plugin. -->","yoast_head_json":{"title":"Administraci\u00f3n de Neiva adelant\u00f3 mesa de trabajo para campa\u00f1a contra el ruido -","robots":{"index":"index","follow":"follow","max-snippet":"max-snippet:-1","max-image-preview":"max-image-preview:large","max-video-preview":"max-video-preview:-1"},"canonical":"https:\/\/luchonoticias.com\/editor\/administracion-de-neiva-adelanto-mesa-de-trabajo-para-campana-contra-el-ruido\/","og_locale":"es_ES","og_type":"article","og_title":"Administraci\u00f3n de Neiva adelant\u00f3 mesa de trabajo para campa\u00f1a contra el ruido -","og_url":"https:\/\/luchonoticias.com\/editor\/administracion-de-neiva-adelanto-mesa-de-trabajo-para-campana-contra-el-ruido\/","article_publisher":"https:\/\/www.facebook.com\/luchonoticiasneiva","article_author":"https:\/\/www.facebook.com\/luchonoticiasneiva","article_published_time":"2022-09-02T12:09:01+00:00","article_modified_time":"2022-09-02T12:09:02+00:00","og_image":[{"url":"https:\/\/luchonoticias.com\/wp-content\/uploads\/2022\/09\/WhatsApp-Image-2022-09-01-at-7.36.54-PM-1024x682.jpeg","type":"","width":"","height":""}],"author":"admin","twitter_card":"summary_large_image","twitter_misc":{"Escrito por":"admin","Tiempo de lectura":"1 minuto"},"schema":{"@context":"https:\/\/schema.org","@graph":[{"@type":"Article","@id":"https:\/\/luchonoticias.com\/editor\/administracion-de-neiva-adelanto-mesa-de-trabajo-para-campana-contra-el-ruido\/#article","isPartOf":{"@id":"https:\/\/luchonoticias.com\/editor\/administracion-de-neiva-adelanto-mesa-de-trabajo-para-campana-contra-el-ruido\/"},"author":{"name":"admin","@id":"https:\/\/luchonoticias.com\/editor\/#\/schema\/person\/7a7fd911f58561fd056dbac7b55af9cd"},"headline":"Administraci\u00f3n de Neiva adelant\u00f3 mesa de trabajo para campa\u00f1a contra el ruido","datePublished":"2022-09-02T12:09:01+00:00","dateModified":"2022-09-02T12:09:02+00:00","mainEntityOfPage":{"@id":"https:\/\/luchonoticias.com\/editor\/administracion-de-neiva-adelanto-mesa-de-trabajo-para-campana-contra-el-ruido\/"},"wordCount":278,"commentCount":0,"publisher":{"@id":"https:\/\/luchonoticias.com\/editor\/#\/schema\/person\/7a7fd911f58561fd056dbac7b55af9cd"},"image":{"@id":"https:\/\/luchonoticias.com\/editor\/administracion-de-neiva-adelanto-mesa-de-trabajo-para-campana-contra-el-ruido\/#primaryimage"},"thumbnailUrl":"https:\/\/luchonoticias.com\/wp-content\/uploads\/2022\/09\/WhatsApp-Image-2022-09-01-at-7.36.54-PM-1024x682.jpeg","articleSection":["Destacado","Neiva"],"inLanguage":"es","potentialAction":[{"@type":"CommentAction","name":"Comment","target":["https:\/\/luchonoticias.com\/editor\/administracion-de-neiva-adelanto-mesa-de-trabajo-para-campana-contra-el-ruido\/#respond"]}]},{"@type":"WebPage","@id":"https:\/\/luchonoticias.com\/editor\/administracion-de-neiva-adelanto-mesa-de-trabajo-para-campana-contra-el-ruido\/","url":"https:\/\/luchonoticias.com\/editor\/administracion-de-neiva-adelanto-mesa-de-trabajo-para-campana-contra-el-ruido\/","name":"Administraci\u00f3n de Neiva adelant\u00f3 mesa de trabajo para campa\u00f1a contra el ruido -","isPartOf":{"@id":"https:\/\/luchonoticias.com\/editor\/#website"},"primaryImageOfPage":{"@id":"https:\/\/luchonoticias.com\/editor\/administracion-de-neiva-adelanto-mesa-de-trabajo-para-campana-contra-el-ruido\/#primaryimage"},"image":{"@id":"https:\/\/luchonoticias.com\/editor\/administracion-de-neiva-adelanto-mesa-de-trabajo-para-campana-contra-el-ruido\/#primaryimage"},"thumbnailUrl":"https:\/\/luchonoticias.com\/wp-content\/uploads\/2022\/09\/WhatsApp-Image-2022-09-01-at-7.36.54-PM-1024x682.jpeg","datePublished":"2022-09-02T12:09:01+00:00","dateModified":"2022-09-02T12:09:02+00:00","breadcrumb":{"@id":"https:\/\/luchonoticias.com\/editor\/administracion-de-neiva-adelanto-mesa-de-trabajo-para-campana-contra-el-ruido\/#breadcrumb"},"inLanguage":"es","potentialAction":[{"@type":"ReadAction","target":["https:\/\/luchonoticias.com\/editor\/administracion-de-neiva-adelanto-mesa-de-trabajo-para-campana-contra-el-ruido\/"]}]},{"@type":"ImageObject","inLanguage":"es","@id":"https:\/\/luchonoticias.com\/editor\/administracion-de-neiva-adelanto-mesa-de-trabajo-para-campana-contra-el-ruido\/#primaryimage","url":"https:\/\/luchonoticias.com\/wp-content\/uploads\/2022\/09\/WhatsApp-Image-2022-09-01-at-7.36.54-PM-1024x682.jpeg","contentUrl":"https:\/\/luchonoticias.com\/wp-content\/uploads\/2022\/09\/WhatsApp-Image-2022-09-01-at-7.36.54-PM-1024x682.jpeg"},{"@type":"BreadcrumbList","@id":"https:\/\/luchonoticias.com\/editor\/administracion-de-neiva-adelanto-mesa-de-trabajo-para-campana-contra-el-ruido\/#breadcrumb","itemListElement":[{"@type":"ListItem","position":1,"name":"Portada","item":"https:\/\/luchonoticias.com\/editor\/"},{"@type":"ListItem","position":2,"name":"Administraci\u00f3n de Neiva adelant\u00f3 mesa de trabajo para campa\u00f1a contra el ruido"}]},{"@type":"WebSite","@id":"https:\/\/luchonoticias.com\/editor\/#website","url":"https:\/\/luchonoticias.com\/editor\/","name":"","description":"","publisher":{"@id":"https:\/\/luchonoticias.com\/editor\/#\/schema\/person\/7a7fd911f58561fd056dbac7b55af9cd"},"potentialAction":[{"@type":"SearchAction","target":{"@type":"EntryPoint","urlTemplate":"https:\/\/luchonoticias.com\/editor\/?s={search_term_string}"},"query-input":{"@type":"PropertyValueSpecification","valueRequired":true,"valueName":"search_term_string"}}],"inLanguage":"es"},{"@type":["Person","Organization"],"@id":"https:\/\/luchonoticias.com\/editor\/#\/schema\/person\/7a7fd911f58561fd056dbac7b55af9cd","name":"admin","image":{"@type":"ImageObject","inLanguage":"es","@id":"https:\/\/luchonoticias.com\/editor\/#\/schema\/person\/image\/","url":"https:\/\/luchonoticias.com\/editor\/wp-content\/uploads\/2024\/02\/cropped-cropped-logolu.webp","contentUrl":"https:\/\/luchonoticias.com\/editor\/wp-content\/uploads\/2024\/02\/cropped-cropped-logolu.webp","width":382,"height":170,"caption":"admin"},"logo":{"@id":"https:\/\/luchonoticias.com\/editor\/#\/schema\/person\/image\/"},"sameAs":["https:\/\/www.facebook.com\/luchonoticiasneiva"],"url":"https:\/\/luchonoticias.com\/editor\/author\/admin\/"}]}},"_links":{"self":[{"href":"https:\/\/luchonoticias.com\/editor\/wp-json\/wp\/v2\/posts\/33540","targetHints":{"allow":["GET"]}}],"collection":[{"href":"https:\/\/luchonoticias.com\/editor\/wp-json\/wp\/v2\/posts"}],"about":[{"href":"https:\/\/luchonoticias.com\/editor\/wp-json\/wp\/v2\/types\/post"}],"author":[{"embeddable":true,"href":"https:\/\/luchonoticias.com\/editor\/wp-json\/wp\/v2\/users\/1"}],"replies":[{"embeddable":true,"href":"https:\/\/luchonoticias.com\/editor\/wp-json\/wp\/v2\/comments?post=33540"}],"version-history":[{"count":0,"href":"https:\/\/luchonoticias.com\/editor\/wp-json\/wp\/v2\/posts\/33540\/revisions"}],"wp:attachment":[{"href":"https:\/\/luchonoticias.com\/editor\/wp-json\/wp\/v2\/media?parent=33540"}],"wp:term":[{"taxonomy":"category","embeddable":true,"href":"https:\/\/luchonoticias.com\/editor\/wp-json\/wp\/v2\/categories?post=33540"},{"taxonomy":"post_tag","embeddable":true,"href":"https:\/\/luchonoticias.com\/editor\/wp-json\/wp\/v2\/tags?post=33540"}],"curies":[{"name":"wp","href":"https:\/\/api.w.org\/{rel}","templated":true}]}}