{"id":33619,"date":"2022-09-03T07:57:50","date_gmt":"2022-09-03T12:57:50","guid":{"rendered":"https:\/\/luchonoticias.com\/?p=33619"},"modified":"2022-09-03T07:59:45","modified_gmt":"2022-09-03T12:59:45","slug":"se-extiende-situacion-de-calamidad-publica-por-lluvias-en-el-huila","status":"publish","type":"post","link":"https:\/\/luchonoticias.com\/editor\/se-extiende-situacion-de-calamidad-publica-por-lluvias-en-el-huila\/","title":{"rendered":"Se extiende situaci\u00f3n de calamidad p\u00fablica por lluvias en el Huila"},"content":{"rendered":"\n<p>Seg\u00fan el IDEAM&nbsp; y el Ministerio de Ambiente, esta etapa del segundo semestre del Fen\u00f3meno de La Ni\u00f1a indica que traemos una recurrencia de precipitaciones alta. El trimestre se proyecta con acumulados de lluvia dentro de los valores normales y por encima de esta condici\u00f3n. Los excesos m\u00e1s destacados se esperan en septiembre y noviembre de 2022.<\/p>\n\n\n\n<p>\u201cPersistimos con el fen\u00f3meno la ni\u00f1a que nos va a acompa\u00f1ar seguramente durante los meses que restan de este 2022, aunado a eso tenemos una temporada activa de huracanes y tambi\u00e9n algunos sectores del departamento climatol\u00f3gicamente atraviesan su segunda temporada de lluvias. Seg\u00fan estos an\u00e1lisis lo que vamos a tener con m\u00e1s probabilidades son excesos de lluvia en los tres meses que vienen que son septiembre, octubre, noviembre, lo m\u00e1s importante y significativo se podr\u00eda presentar en el mes de septiembre sectores del centro y norte del departamento con excesos que podr\u00edan estar oscilando alrededor del 60%, los invitamos a todos estar atentos a tomar las acciones preventivas necesarias para poder mitigar los impactos de este fen\u00f3meno clim\u00e1tico\u201d, se\u00f1al\u00f3 Julieta Serna, meteor\u00f3loga del IDEAM.<\/p>\n\n\n\n<p>A su vez, el mandatario de los huilenses, Luis Enrique Duss\u00e1n L\u00f3pez,&nbsp; tom\u00f3 la decisi\u00f3n de prorrogar la situaci\u00f3n de calamidad p\u00fablica que vive el Huila desde el pasado 9 de marzo de 2022 \u201cDebido a la transici\u00f3n de la temporada de menos lluvias a la segunda temporada de lluvias con incidencia del Fen\u00f3meno de la Ni\u00f1a y con los pron\u00f3sticos del IDEAM, se toma la decisi\u00f3n de extender la calamidad p\u00fablica en el Huila, es importante que nos preparemos desde cada uno de los municipios, Consejos Municipales de Gesti\u00f3n del Riesgo de Desastres y sectores como v\u00edas, vivienda, agricultura, entre otros\u201d se\u00f1al\u00f3 Tania Pe\u00f1afiel, secretaria de Gobierno y Desarrollo Comunitario del Huila.<\/p>\n\n\n\n<p>Adicionalmente, la coordinadora para la Gesti\u00f3n del Riesgo de Desastres del Huila, Isabel Hern\u00e1ndez se refiri\u00f3 a las acciones ejecutadas por las afectaciones de las lluvias del primer semestre: \u201cContinuamos ejecutando el Plan de Recuperaci\u00f3n y terminar con la fase de recuperaci\u00f3n en los municipios que fueron principalmente afectados, que el departamento complemente y subsidie ese esfuerzo para las situaciones de emergencia\u201d, se\u00f1al\u00f3.<\/p>\n","protected":false},"excerpt":{"rendered":"<p>Seg\u00fan el IDEAM&nbsp; y el Ministerio de Ambiente, esta etapa del segundo semestre del Fen\u00f3meno de La Ni\u00f1a indica que traemos una recurrencia de precipitaciones alta. El trimestre se proyecta con acumulados de lluvia dentro de los valores normales y por encima de esta condici\u00f3n. Los excesos m\u00e1s destacados se esperan en septiembre y noviembre [&hellip;]<\/p>\n","protected":false},"author":1,"featured_media":0,"comment_status":"open","ping_status":"open","sticky":false,"template":"","format":"standard","meta":{"footnotes":""},"categories":[36,33],"tags":[],"class_list":["post-33619","post","type-post","status-publish","format-standard","hentry","category-destacado","category-huila"],"yoast_head":"<!-- This site is optimized with the Yoast SEO plugin v26.6 - https:\/\/yoast.com\/wordpress\/plugins\/seo\/ -->\n<title>Se extiende situaci\u00f3n de calamidad p\u00fablica por lluvias en el Huila -<\/title>\n<meta name=\"robots\" content=\"index, follow, max-snippet:-1, max-image-preview:large, max-video-preview:-1\" \/>\n<link rel=\"canonical\" href=\"https:\/\/luchonoticias.com\/editor\/se-extiende-situacion-de-calamidad-publica-por-lluvias-en-el-huila\/\" \/>\n<meta property=\"og:locale\" content=\"es_ES\" \/>\n<meta property=\"og:type\" content=\"article\" \/>\n<meta property=\"og:title\" content=\"Se extiende situaci\u00f3n de calamidad p\u00fablica por lluvias en el Huila -\" \/>\n<meta property=\"og:url\" content=\"https:\/\/luchonoticias.com\/editor\/se-extiende-situacion-de-calamidad-publica-por-lluvias-en-el-huila\/\" \/>\n<meta property=\"article:publisher\" content=\"https:\/\/www.facebook.com\/luchonoticiasneiva\" \/>\n<meta property=\"article:author\" content=\"https:\/\/www.facebook.com\/luchonoticiasneiva\" \/>\n<meta property=\"article:published_time\" content=\"2022-09-03T12:57:50+00:00\" \/>\n<meta property=\"article:modified_time\" content=\"2022-09-03T12:59:45+00:00\" \/>\n<meta name=\"author\" content=\"admin\" \/>\n<meta name=\"twitter:card\" content=\"summary_large_image\" \/>\n<meta name=\"twitter:label1\" content=\"Escrito por\" \/>\n\t<meta name=\"twitter:data1\" content=\"admin\" \/>\n\t<meta name=\"twitter:label2\" content=\"Tiempo de lectura\" \/>\n\t<meta name=\"twitter:data2\" content=\"2 minutos\" \/>\n<script type=\"application\/ld+json\" class=\"yoast-schema-graph\">{\"@context\":\"https:\/\/schema.org\",\"@graph\":[{\"@type\":\"Article\",\"@id\":\"https:\/\/luchonoticias.com\/editor\/se-extiende-situacion-de-calamidad-publica-por-lluvias-en-el-huila\/#article\",\"isPartOf\":{\"@id\":\"https:\/\/luchonoticias.com\/editor\/se-extiende-situacion-de-calamidad-publica-por-lluvias-en-el-huila\/\"},\"author\":{\"name\":\"admin\",\"@id\":\"https:\/\/luchonoticias.com\/editor\/#\/schema\/person\/7a7fd911f58561fd056dbac7b55af9cd\"},\"headline\":\"Se extiende situaci\u00f3n de calamidad p\u00fablica por lluvias en el Huila\",\"datePublished\":\"2022-09-03T12:57:50+00:00\",\"dateModified\":\"2022-09-03T12:59:45+00:00\",\"mainEntityOfPage\":{\"@id\":\"https:\/\/luchonoticias.com\/editor\/se-extiende-situacion-de-calamidad-publica-por-lluvias-en-el-huila\/\"},\"wordCount\":407,\"commentCount\":0,\"publisher\":{\"@id\":\"https:\/\/luchonoticias.com\/editor\/#\/schema\/person\/7a7fd911f58561fd056dbac7b55af9cd\"},\"articleSection\":[\"Destacado\",\"Huila\"],\"inLanguage\":\"es\",\"potentialAction\":[{\"@type\":\"CommentAction\",\"name\":\"Comment\",\"target\":[\"https:\/\/luchonoticias.com\/editor\/se-extiende-situacion-de-calamidad-publica-por-lluvias-en-el-huila\/#respond\"]}]},{\"@type\":\"WebPage\",\"@id\":\"https:\/\/luchonoticias.com\/editor\/se-extiende-situacion-de-calamidad-publica-por-lluvias-en-el-huila\/\",\"url\":\"https:\/\/luchonoticias.com\/editor\/se-extiende-situacion-de-calamidad-publica-por-lluvias-en-el-huila\/\",\"name\":\"Se extiende situaci\u00f3n de calamidad p\u00fablica por lluvias en el Huila -\",\"isPartOf\":{\"@id\":\"https:\/\/luchonoticias.com\/editor\/#website\"},\"datePublished\":\"2022-09-03T12:57:50+00:00\",\"dateModified\":\"2022-09-03T12:59:45+00:00\",\"breadcrumb\":{\"@id\":\"https:\/\/luchonoticias.com\/editor\/se-extiende-situacion-de-calamidad-publica-por-lluvias-en-el-huila\/#breadcrumb\"},\"inLanguage\":\"es\",\"potentialAction\":[{\"@type\":\"ReadAction\",\"target\":[\"https:\/\/luchonoticias.com\/editor\/se-extiende-situacion-de-calamidad-publica-por-lluvias-en-el-huila\/\"]}]},{\"@type\":\"BreadcrumbList\",\"@id\":\"https:\/\/luchonoticias.com\/editor\/se-extiende-situacion-de-calamidad-publica-por-lluvias-en-el-huila\/#breadcrumb\",\"itemListElement\":[{\"@type\":\"ListItem\",\"position\":1,\"name\":\"Portada\",\"item\":\"https:\/\/luchonoticias.com\/editor\/\"},{\"@type\":\"ListItem\",\"position\":2,\"name\":\"Se extiende situaci\u00f3n de calamidad p\u00fablica por lluvias en el Huila\"}]},{\"@type\":\"WebSite\",\"@id\":\"https:\/\/luchonoticias.com\/editor\/#website\",\"url\":\"https:\/\/luchonoticias.com\/editor\/\",\"name\":\"\",\"description\":\"\",\"publisher\":{\"@id\":\"https:\/\/luchonoticias.com\/editor\/#\/schema\/person\/7a7fd911f58561fd056dbac7b55af9cd\"},\"potentialAction\":[{\"@type\":\"SearchAction\",\"target\":{\"@type\":\"EntryPoint\",\"urlTemplate\":\"https:\/\/luchonoticias.com\/editor\/?s={search_term_string}\"},\"query-input\":{\"@type\":\"PropertyValueSpecification\",\"valueRequired\":true,\"valueName\":\"search_term_string\"}}],\"inLanguage\":\"es\"},{\"@type\":[\"Person\",\"Organization\"],\"@id\":\"https:\/\/luchonoticias.com\/editor\/#\/schema\/person\/7a7fd911f58561fd056dbac7b55af9cd\",\"name\":\"admin\",\"image\":{\"@type\":\"ImageObject\",\"inLanguage\":\"es\",\"@id\":\"https:\/\/luchonoticias.com\/editor\/#\/schema\/person\/image\/\",\"url\":\"https:\/\/luchonoticias.com\/editor\/wp-content\/uploads\/2024\/02\/cropped-cropped-logolu.webp\",\"contentUrl\":\"https:\/\/luchonoticias.com\/editor\/wp-content\/uploads\/2024\/02\/cropped-cropped-logolu.webp\",\"width\":382,\"height\":170,\"caption\":\"admin\"},\"logo\":{\"@id\":\"https:\/\/luchonoticias.com\/editor\/#\/schema\/person\/image\/\"},\"sameAs\":[\"https:\/\/www.facebook.com\/luchonoticiasneiva\"],\"url\":\"https:\/\/luchonoticias.com\/editor\/author\/admin\/\"}]}<\/script>\n<!-- \/ Yoast SEO plugin. -->","yoast_head_json":{"title":"Se extiende situaci\u00f3n de calamidad p\u00fablica por lluvias en el Huila -","robots":{"index":"index","follow":"follow","max-snippet":"max-snippet:-1","max-image-preview":"max-image-preview:large","max-video-preview":"max-video-preview:-1"},"canonical":"https:\/\/luchonoticias.com\/editor\/se-extiende-situacion-de-calamidad-publica-por-lluvias-en-el-huila\/","og_locale":"es_ES","og_type":"article","og_title":"Se extiende situaci\u00f3n de calamidad p\u00fablica por lluvias en el Huila -","og_url":"https:\/\/luchonoticias.com\/editor\/se-extiende-situacion-de-calamidad-publica-por-lluvias-en-el-huila\/","article_publisher":"https:\/\/www.facebook.com\/luchonoticiasneiva","article_author":"https:\/\/www.facebook.com\/luchonoticiasneiva","article_published_time":"2022-09-03T12:57:50+00:00","article_modified_time":"2022-09-03T12:59:45+00:00","author":"admin","twitter_card":"summary_large_image","twitter_misc":{"Escrito por":"admin","Tiempo de lectura":"2 minutos"},"schema":{"@context":"https:\/\/schema.org","@graph":[{"@type":"Article","@id":"https:\/\/luchonoticias.com\/editor\/se-extiende-situacion-de-calamidad-publica-por-lluvias-en-el-huila\/#article","isPartOf":{"@id":"https:\/\/luchonoticias.com\/editor\/se-extiende-situacion-de-calamidad-publica-por-lluvias-en-el-huila\/"},"author":{"name":"admin","@id":"https:\/\/luchonoticias.com\/editor\/#\/schema\/person\/7a7fd911f58561fd056dbac7b55af9cd"},"headline":"Se extiende situaci\u00f3n de calamidad p\u00fablica por lluvias en el Huila","datePublished":"2022-09-03T12:57:50+00:00","dateModified":"2022-09-03T12:59:45+00:00","mainEntityOfPage":{"@id":"https:\/\/luchonoticias.com\/editor\/se-extiende-situacion-de-calamidad-publica-por-lluvias-en-el-huila\/"},"wordCount":407,"commentCount":0,"publisher":{"@id":"https:\/\/luchonoticias.com\/editor\/#\/schema\/person\/7a7fd911f58561fd056dbac7b55af9cd"},"articleSection":["Destacado","Huila"],"inLanguage":"es","potentialAction":[{"@type":"CommentAction","name":"Comment","target":["https:\/\/luchonoticias.com\/editor\/se-extiende-situacion-de-calamidad-publica-por-lluvias-en-el-huila\/#respond"]}]},{"@type":"WebPage","@id":"https:\/\/luchonoticias.com\/editor\/se-extiende-situacion-de-calamidad-publica-por-lluvias-en-el-huila\/","url":"https:\/\/luchonoticias.com\/editor\/se-extiende-situacion-de-calamidad-publica-por-lluvias-en-el-huila\/","name":"Se extiende situaci\u00f3n de calamidad p\u00fablica por lluvias en el Huila -","isPartOf":{"@id":"https:\/\/luchonoticias.com\/editor\/#website"},"datePublished":"2022-09-03T12:57:50+00:00","dateModified":"2022-09-03T12:59:45+00:00","breadcrumb":{"@id":"https:\/\/luchonoticias.com\/editor\/se-extiende-situacion-de-calamidad-publica-por-lluvias-en-el-huila\/#breadcrumb"},"inLanguage":"es","potentialAction":[{"@type":"ReadAction","target":["https:\/\/luchonoticias.com\/editor\/se-extiende-situacion-de-calamidad-publica-por-lluvias-en-el-huila\/"]}]},{"@type":"BreadcrumbList","@id":"https:\/\/luchonoticias.com\/editor\/se-extiende-situacion-de-calamidad-publica-por-lluvias-en-el-huila\/#breadcrumb","itemListElement":[{"@type":"ListItem","position":1,"name":"Portada","item":"https:\/\/luchonoticias.com\/editor\/"},{"@type":"ListItem","position":2,"name":"Se extiende situaci\u00f3n de calamidad p\u00fablica por lluvias en el Huila"}]},{"@type":"WebSite","@id":"https:\/\/luchonoticias.com\/editor\/#website","url":"https:\/\/luchonoticias.com\/editor\/","name":"","description":"","publisher":{"@id":"https:\/\/luchonoticias.com\/editor\/#\/schema\/person\/7a7fd911f58561fd056dbac7b55af9cd"},"potentialAction":[{"@type":"SearchAction","target":{"@type":"EntryPoint","urlTemplate":"https:\/\/luchonoticias.com\/editor\/?s={search_term_string}"},"query-input":{"@type":"PropertyValueSpecification","valueRequired":true,"valueName":"search_term_string"}}],"inLanguage":"es"},{"@type":["Person","Organization"],"@id":"https:\/\/luchonoticias.com\/editor\/#\/schema\/person\/7a7fd911f58561fd056dbac7b55af9cd","name":"admin","image":{"@type":"ImageObject","inLanguage":"es","@id":"https:\/\/luchonoticias.com\/editor\/#\/schema\/person\/image\/","url":"https:\/\/luchonoticias.com\/editor\/wp-content\/uploads\/2024\/02\/cropped-cropped-logolu.webp","contentUrl":"https:\/\/luchonoticias.com\/editor\/wp-content\/uploads\/2024\/02\/cropped-cropped-logolu.webp","width":382,"height":170,"caption":"admin"},"logo":{"@id":"https:\/\/luchonoticias.com\/editor\/#\/schema\/person\/image\/"},"sameAs":["https:\/\/www.facebook.com\/luchonoticiasneiva"],"url":"https:\/\/luchonoticias.com\/editor\/author\/admin\/"}]}},"_links":{"self":[{"href":"https:\/\/luchonoticias.com\/editor\/wp-json\/wp\/v2\/posts\/33619","targetHints":{"allow":["GET"]}}],"collection":[{"href":"https:\/\/luchonoticias.com\/editor\/wp-json\/wp\/v2\/posts"}],"about":[{"href":"https:\/\/luchonoticias.com\/editor\/wp-json\/wp\/v2\/types\/post"}],"author":[{"embeddable":true,"href":"https:\/\/luchonoticias.com\/editor\/wp-json\/wp\/v2\/users\/1"}],"replies":[{"embeddable":true,"href":"https:\/\/luchonoticias.com\/editor\/wp-json\/wp\/v2\/comments?post=33619"}],"version-history":[{"count":0,"href":"https:\/\/luchonoticias.com\/editor\/wp-json\/wp\/v2\/posts\/33619\/revisions"}],"wp:attachment":[{"href":"https:\/\/luchonoticias.com\/editor\/wp-json\/wp\/v2\/media?parent=33619"}],"wp:term":[{"taxonomy":"category","embeddable":true,"href":"https:\/\/luchonoticias.com\/editor\/wp-json\/wp\/v2\/categories?post=33619"},{"taxonomy":"post_tag","embeddable":true,"href":"https:\/\/luchonoticias.com\/editor\/wp-json\/wp\/v2\/tags?post=33619"}],"curies":[{"name":"wp","href":"https:\/\/api.w.org\/{rel}","templated":true}]}}