{"id":33656,"date":"2022-09-04T07:53:17","date_gmt":"2022-09-04T12:53:17","guid":{"rendered":"https:\/\/luchonoticias.com\/?p=33656"},"modified":"2022-09-04T07:53:18","modified_gmt":"2022-09-04T12:53:18","slug":"presidente-petro-anuncio-que-la-via-a-san-luis-en-neiva-se-pavimentara","status":"publish","type":"post","link":"https:\/\/luchonoticias.com\/editor\/presidente-petro-anuncio-que-la-via-a-san-luis-en-neiva-se-pavimentara\/","title":{"rendered":"Presidente Petro anunci\u00f3 que la v\u00eda a San Luis en Neiva, se pavimentar\u00e1"},"content":{"rendered":"\n<p>As\u00ed como San Luis, fue por muchos a\u00f1os cuna de la extinta Farc, y por ende de la guerra, por ser paso obligado hacia Gaitania y Planadas, en el Tolima; debe ser hoy, cuna de la paz. As\u00ed lo anunci\u00f3 el presidente Gustavo Petro en Neiva, tras visitar este corregimiento del occidente de Neiva, donde ayer, 7 uniformados perdieron la vida, tras una emboscada, cuando se dirig\u00edan hacia esta zona, luego de una actividad de bienestar en la capital del Huila.<\/p>\n\n\n\n<p>\u00abBuena parte de la historia est\u00e1 marcada por esa sangre, y por tanto est\u00e1 la posibilidad, sino es ah\u00ed, en d\u00f3nde, de hacernos cuna de la paz de Colombia. Y eso se hace, como se suscribi\u00f3 en esos acuerdos, haciendo prosperar las regiones, donde se desarroll\u00f3 la guerra, prioriz\u00e1ndolas\u00bb, dijo el Jefe de Estado, en pronunciamiento, tras visitar la zona donde ocurrieron los hechos.<\/p>\n\n\n\n<figure class=\"wp-block-gallery has-nested-images columns-default is-cropped wp-block-gallery-1 is-layout-flex wp-block-gallery-is-layout-flex\">\n<figure class=\"wp-block-image size-large\"><img decoding=\"async\" data-id=\"33658\" src=\"https:\/\/luchonoticias.com\/wp-content\/uploads\/2022\/09\/WhatsApp-Image-2022-09-03-at-4.12.31-PM-1-1024x682.jpeg\" alt=\"\" class=\"wp-image-33658\"\/><\/figure>\n\n\n\n<figure class=\"wp-block-image size-large\"><img decoding=\"async\" data-id=\"33659\" src=\"https:\/\/luchonoticias.com\/wp-content\/uploads\/2022\/09\/WhatsApp-Image-2022-09-03-at-4.12.31-PM-1024x682.jpeg\" alt=\"\" class=\"wp-image-33659\"\/><\/figure>\n\n\n\n<figure class=\"wp-block-image size-large\"><img decoding=\"async\" data-id=\"33660\" src=\"https:\/\/luchonoticias.com\/wp-content\/uploads\/2022\/09\/WhatsApp-Image-2022-09-03-at-4.12.30-PM-1-1024x683.jpeg\" alt=\"\" class=\"wp-image-33660\"\/><\/figure>\n<\/figure>\n\n\n\n<p>En ese sentido, el mandatario anunci\u00f3 que con recursos de la paz, se contratar\u00e1 con la comunidad, la construcci\u00f3n (pavimentaci\u00f3n), de esta v\u00eda, para generar desarrollo, prosperidad y progreso a esta zona que a\u00f1os estuvo sumergida en el miedo y el dolor de la guerra.<\/p>\n\n\n\n<p>\u00abC\u00f3mo es posible que despu\u00e9s de firmar los acuerdos de paz, y siendo obligatoria la inversi\u00f3n estatal en ese tipo de zonas, para volverlas pr\u00f3speras y pac\u00edficas, no haya habido un solo tipo de inversi\u00f3n p\u00fablica en la carretera. Nos hemos comprometido a que sea contratada con la comunidad, puede ser una v\u00eda compleja, porque puede conectar con Planadas, y las carreteras del Tolima. (&#8230;) Lo que tiene que hacer el Estado sino quiere perder ese territorio que se gan\u00f3 en el acuerdo de paz, es desarrollarla y volverla pr\u00f3spera\u00bb, indic\u00f3.<\/p>\n\n\n\n<p>En ese sentido el presidente se\u00f1al\u00f3 que los ministros ya tienen conocimiento de su decisi\u00f3n e invit\u00f3 al alcalde Gorky Mu\u00f1oz y al gobernador Luis Enrique Duss\u00e1n, a reunirse con ellos, lo antes posible, para tomar cartas en el asunto, no solo para inversi\u00f3n en la v\u00eda, sino tambi\u00e9n en salud, conectividad y educaci\u00f3n.<\/p>\n\n\n\n<figure class=\"wp-block-gallery has-nested-images columns-default is-cropped wp-block-gallery-2 is-layout-flex wp-block-gallery-is-layout-flex\">\n<figure class=\"wp-block-image size-large\"><img decoding=\"async\" data-id=\"33661\" src=\"https:\/\/luchonoticias.com\/wp-content\/uploads\/2022\/09\/WhatsApp-Image-2022-09-03-at-4.12.29-PM-1-1024x683.jpeg\" alt=\"\" class=\"wp-image-33661\"\/><\/figure>\n\n\n\n<figure class=\"wp-block-image size-large\"><img decoding=\"async\" data-id=\"33662\" src=\"https:\/\/luchonoticias.com\/wp-content\/uploads\/2022\/09\/WhatsApp-Image-2022-09-03-at-4.12.29-PM-1024x683.jpeg\" alt=\"\" class=\"wp-image-33662\"\/><\/figure>\n<\/figure>\n\n\n\n<p><strong>\u00abEs el momento de la unidad\u00bb<\/strong><\/p>\n\n\n\n<p>Por su parte, el alcalde Gorky Mu\u00f1oz, tras conocer las declaraciones del Jefe de Estado, invit\u00f3 a la clase parlamentaria del departamento a trabajar unida para sacar adelante estos proyectos y que estas obras sean una realidad para el municipio.<\/p>\n\n\n\n<p>\u00abA eso nos ha invitado el se\u00f1or Presidente, y en ese orden de ideas es un llamado a la Clase Parlamentaria del Huila, a que nos reunamos y nos unamos en criterios claros de poder sacar adelante proyectos como la v\u00eda que va de Neiva hasta San Luis y todo el resto de conectividad a trav\u00e9s de la fibra \u00f3ptica o redes, \u00f3sea la telefon\u00eda celular.<\/p>\n\n\n\n<p>Eso lo tenemos plasmados en proyectos que presentamos al gobierno nacional anterior y que como ustedes pudieron escuchar, el presupuesto que se hab\u00eda destinado para la Paz, nunca lleg\u00f3.<\/p>\n\n\n\n<p>Entonces lo que tenemos que hacer ahora es unir esfuerzos con el se\u00f1or Gobernador, e invitar a la clase parlamentaria a que en vez de generar odios, trabajemos en uni\u00f3n para sacar los recursos que se necesitan para las v\u00edas, la conectividad y para mejorar el esquema productivo de los campesinos\u00bb dijo el mandatario local.<\/p>\n","protected":false},"excerpt":{"rendered":"<p>As\u00ed como San Luis, fue por muchos a\u00f1os cuna de la extinta Farc, y por ende de la guerra, por ser paso obligado hacia Gaitania y Planadas, en el Tolima; debe ser hoy, cuna de la paz. As\u00ed lo anunci\u00f3 el presidente Gustavo Petro en Neiva, tras visitar este corregimiento del occidente de Neiva, donde [&hellip;]<\/p>\n","protected":false},"author":1,"featured_media":0,"comment_status":"open","ping_status":"open","sticky":false,"template":"","format":"standard","meta":{"footnotes":""},"categories":[36,31],"tags":[],"class_list":["post-33656","post","type-post","status-publish","format-standard","hentry","category-destacado","category-local"],"yoast_head":"<!-- This site is optimized with the Yoast SEO plugin v26.6 - https:\/\/yoast.com\/wordpress\/plugins\/seo\/ -->\n<title>Presidente Petro anunci\u00f3 que la v\u00eda a San Luis en Neiva, se pavimentar\u00e1 -<\/title>\n<meta name=\"robots\" content=\"index, follow, max-snippet:-1, max-image-preview:large, max-video-preview:-1\" \/>\n<link rel=\"canonical\" href=\"https:\/\/luchonoticias.com\/editor\/presidente-petro-anuncio-que-la-via-a-san-luis-en-neiva-se-pavimentara\/\" \/>\n<meta property=\"og:locale\" content=\"es_ES\" \/>\n<meta property=\"og:type\" content=\"article\" \/>\n<meta property=\"og:title\" content=\"Presidente Petro anunci\u00f3 que la v\u00eda a San Luis en Neiva, se pavimentar\u00e1 -\" \/>\n<meta property=\"og:url\" content=\"https:\/\/luchonoticias.com\/editor\/presidente-petro-anuncio-que-la-via-a-san-luis-en-neiva-se-pavimentara\/\" \/>\n<meta property=\"article:publisher\" content=\"https:\/\/www.facebook.com\/luchonoticiasneiva\" \/>\n<meta property=\"article:author\" content=\"https:\/\/www.facebook.com\/luchonoticiasneiva\" \/>\n<meta property=\"article:published_time\" content=\"2022-09-04T12:53:17+00:00\" \/>\n<meta property=\"article:modified_time\" content=\"2022-09-04T12:53:18+00:00\" \/>\n<meta property=\"og:image\" content=\"https:\/\/luchonoticias.com\/wp-content\/uploads\/2022\/09\/WhatsApp-Image-2022-09-03-at-4.12.31-PM-1-1024x682.jpeg\" \/>\n<meta name=\"author\" content=\"admin\" \/>\n<meta name=\"twitter:card\" content=\"summary_large_image\" \/>\n<meta name=\"twitter:label1\" content=\"Escrito por\" \/>\n\t<meta name=\"twitter:data1\" content=\"admin\" \/>\n\t<meta name=\"twitter:label2\" content=\"Tiempo de lectura\" \/>\n\t<meta name=\"twitter:data2\" content=\"3 minutos\" \/>\n<script type=\"application\/ld+json\" class=\"yoast-schema-graph\">{\"@context\":\"https:\/\/schema.org\",\"@graph\":[{\"@type\":\"Article\",\"@id\":\"https:\/\/luchonoticias.com\/editor\/presidente-petro-anuncio-que-la-via-a-san-luis-en-neiva-se-pavimentara\/#article\",\"isPartOf\":{\"@id\":\"https:\/\/luchonoticias.com\/editor\/presidente-petro-anuncio-que-la-via-a-san-luis-en-neiva-se-pavimentara\/\"},\"author\":{\"name\":\"admin\",\"@id\":\"https:\/\/luchonoticias.com\/editor\/#\/schema\/person\/7a7fd911f58561fd056dbac7b55af9cd\"},\"headline\":\"Presidente Petro anunci\u00f3 que la v\u00eda a San Luis en Neiva, se pavimentar\u00e1\",\"datePublished\":\"2022-09-04T12:53:17+00:00\",\"dateModified\":\"2022-09-04T12:53:18+00:00\",\"mainEntityOfPage\":{\"@id\":\"https:\/\/luchonoticias.com\/editor\/presidente-petro-anuncio-que-la-via-a-san-luis-en-neiva-se-pavimentara\/\"},\"wordCount\":577,\"commentCount\":0,\"publisher\":{\"@id\":\"https:\/\/luchonoticias.com\/editor\/#\/schema\/person\/7a7fd911f58561fd056dbac7b55af9cd\"},\"image\":{\"@id\":\"https:\/\/luchonoticias.com\/editor\/presidente-petro-anuncio-que-la-via-a-san-luis-en-neiva-se-pavimentara\/#primaryimage\"},\"thumbnailUrl\":\"https:\/\/luchonoticias.com\/wp-content\/uploads\/2022\/09\/WhatsApp-Image-2022-09-03-at-4.12.31-PM-1-1024x682.jpeg\",\"articleSection\":[\"Destacado\",\"Local\"],\"inLanguage\":\"es\",\"potentialAction\":[{\"@type\":\"CommentAction\",\"name\":\"Comment\",\"target\":[\"https:\/\/luchonoticias.com\/editor\/presidente-petro-anuncio-que-la-via-a-san-luis-en-neiva-se-pavimentara\/#respond\"]}]},{\"@type\":\"WebPage\",\"@id\":\"https:\/\/luchonoticias.com\/editor\/presidente-petro-anuncio-que-la-via-a-san-luis-en-neiva-se-pavimentara\/\",\"url\":\"https:\/\/luchonoticias.com\/editor\/presidente-petro-anuncio-que-la-via-a-san-luis-en-neiva-se-pavimentara\/\",\"name\":\"Presidente Petro anunci\u00f3 que la v\u00eda a San Luis en Neiva, se pavimentar\u00e1 -\",\"isPartOf\":{\"@id\":\"https:\/\/luchonoticias.com\/editor\/#website\"},\"primaryImageOfPage\":{\"@id\":\"https:\/\/luchonoticias.com\/editor\/presidente-petro-anuncio-que-la-via-a-san-luis-en-neiva-se-pavimentara\/#primaryimage\"},\"image\":{\"@id\":\"https:\/\/luchonoticias.com\/editor\/presidente-petro-anuncio-que-la-via-a-san-luis-en-neiva-se-pavimentara\/#primaryimage\"},\"thumbnailUrl\":\"https:\/\/luchonoticias.com\/wp-content\/uploads\/2022\/09\/WhatsApp-Image-2022-09-03-at-4.12.31-PM-1-1024x682.jpeg\",\"datePublished\":\"2022-09-04T12:53:17+00:00\",\"dateModified\":\"2022-09-04T12:53:18+00:00\",\"breadcrumb\":{\"@id\":\"https:\/\/luchonoticias.com\/editor\/presidente-petro-anuncio-que-la-via-a-san-luis-en-neiva-se-pavimentara\/#breadcrumb\"},\"inLanguage\":\"es\",\"potentialAction\":[{\"@type\":\"ReadAction\",\"target\":[\"https:\/\/luchonoticias.com\/editor\/presidente-petro-anuncio-que-la-via-a-san-luis-en-neiva-se-pavimentara\/\"]}]},{\"@type\":\"ImageObject\",\"inLanguage\":\"es\",\"@id\":\"https:\/\/luchonoticias.com\/editor\/presidente-petro-anuncio-que-la-via-a-san-luis-en-neiva-se-pavimentara\/#primaryimage\",\"url\":\"https:\/\/luchonoticias.com\/wp-content\/uploads\/2022\/09\/WhatsApp-Image-2022-09-03-at-4.12.31-PM-1-1024x682.jpeg\",\"contentUrl\":\"https:\/\/luchonoticias.com\/wp-content\/uploads\/2022\/09\/WhatsApp-Image-2022-09-03-at-4.12.31-PM-1-1024x682.jpeg\"},{\"@type\":\"BreadcrumbList\",\"@id\":\"https:\/\/luchonoticias.com\/editor\/presidente-petro-anuncio-que-la-via-a-san-luis-en-neiva-se-pavimentara\/#breadcrumb\",\"itemListElement\":[{\"@type\":\"ListItem\",\"position\":1,\"name\":\"Portada\",\"item\":\"https:\/\/luchonoticias.com\/editor\/\"},{\"@type\":\"ListItem\",\"position\":2,\"name\":\"Presidente Petro anunci\u00f3 que la v\u00eda a San Luis en Neiva, se pavimentar\u00e1\"}]},{\"@type\":\"WebSite\",\"@id\":\"https:\/\/luchonoticias.com\/editor\/#website\",\"url\":\"https:\/\/luchonoticias.com\/editor\/\",\"name\":\"\",\"description\":\"\",\"publisher\":{\"@id\":\"https:\/\/luchonoticias.com\/editor\/#\/schema\/person\/7a7fd911f58561fd056dbac7b55af9cd\"},\"potentialAction\":[{\"@type\":\"SearchAction\",\"target\":{\"@type\":\"EntryPoint\",\"urlTemplate\":\"https:\/\/luchonoticias.com\/editor\/?s={search_term_string}\"},\"query-input\":{\"@type\":\"PropertyValueSpecification\",\"valueRequired\":true,\"valueName\":\"search_term_string\"}}],\"inLanguage\":\"es\"},{\"@type\":[\"Person\",\"Organization\"],\"@id\":\"https:\/\/luchonoticias.com\/editor\/#\/schema\/person\/7a7fd911f58561fd056dbac7b55af9cd\",\"name\":\"admin\",\"image\":{\"@type\":\"ImageObject\",\"inLanguage\":\"es\",\"@id\":\"https:\/\/luchonoticias.com\/editor\/#\/schema\/person\/image\/\",\"url\":\"https:\/\/luchonoticias.com\/editor\/wp-content\/uploads\/2024\/02\/cropped-cropped-logolu.webp\",\"contentUrl\":\"https:\/\/luchonoticias.com\/editor\/wp-content\/uploads\/2024\/02\/cropped-cropped-logolu.webp\",\"width\":382,\"height\":170,\"caption\":\"admin\"},\"logo\":{\"@id\":\"https:\/\/luchonoticias.com\/editor\/#\/schema\/person\/image\/\"},\"sameAs\":[\"https:\/\/www.facebook.com\/luchonoticiasneiva\"],\"url\":\"https:\/\/luchonoticias.com\/editor\/author\/admin\/\"}]}<\/script>\n<!-- \/ Yoast SEO plugin. -->","yoast_head_json":{"title":"Presidente Petro anunci\u00f3 que la v\u00eda a San Luis en Neiva, se pavimentar\u00e1 -","robots":{"index":"index","follow":"follow","max-snippet":"max-snippet:-1","max-image-preview":"max-image-preview:large","max-video-preview":"max-video-preview:-1"},"canonical":"https:\/\/luchonoticias.com\/editor\/presidente-petro-anuncio-que-la-via-a-san-luis-en-neiva-se-pavimentara\/","og_locale":"es_ES","og_type":"article","og_title":"Presidente Petro anunci\u00f3 que la v\u00eda a San Luis en Neiva, se pavimentar\u00e1 -","og_url":"https:\/\/luchonoticias.com\/editor\/presidente-petro-anuncio-que-la-via-a-san-luis-en-neiva-se-pavimentara\/","article_publisher":"https:\/\/www.facebook.com\/luchonoticiasneiva","article_author":"https:\/\/www.facebook.com\/luchonoticiasneiva","article_published_time":"2022-09-04T12:53:17+00:00","article_modified_time":"2022-09-04T12:53:18+00:00","og_image":[{"url":"https:\/\/luchonoticias.com\/wp-content\/uploads\/2022\/09\/WhatsApp-Image-2022-09-03-at-4.12.31-PM-1-1024x682.jpeg","type":"","width":"","height":""}],"author":"admin","twitter_card":"summary_large_image","twitter_misc":{"Escrito por":"admin","Tiempo de lectura":"3 minutos"},"schema":{"@context":"https:\/\/schema.org","@graph":[{"@type":"Article","@id":"https:\/\/luchonoticias.com\/editor\/presidente-petro-anuncio-que-la-via-a-san-luis-en-neiva-se-pavimentara\/#article","isPartOf":{"@id":"https:\/\/luchonoticias.com\/editor\/presidente-petro-anuncio-que-la-via-a-san-luis-en-neiva-se-pavimentara\/"},"author":{"name":"admin","@id":"https:\/\/luchonoticias.com\/editor\/#\/schema\/person\/7a7fd911f58561fd056dbac7b55af9cd"},"headline":"Presidente Petro anunci\u00f3 que la v\u00eda a San Luis en Neiva, se pavimentar\u00e1","datePublished":"2022-09-04T12:53:17+00:00","dateModified":"2022-09-04T12:53:18+00:00","mainEntityOfPage":{"@id":"https:\/\/luchonoticias.com\/editor\/presidente-petro-anuncio-que-la-via-a-san-luis-en-neiva-se-pavimentara\/"},"wordCount":577,"commentCount":0,"publisher":{"@id":"https:\/\/luchonoticias.com\/editor\/#\/schema\/person\/7a7fd911f58561fd056dbac7b55af9cd"},"image":{"@id":"https:\/\/luchonoticias.com\/editor\/presidente-petro-anuncio-que-la-via-a-san-luis-en-neiva-se-pavimentara\/#primaryimage"},"thumbnailUrl":"https:\/\/luchonoticias.com\/wp-content\/uploads\/2022\/09\/WhatsApp-Image-2022-09-03-at-4.12.31-PM-1-1024x682.jpeg","articleSection":["Destacado","Local"],"inLanguage":"es","potentialAction":[{"@type":"CommentAction","name":"Comment","target":["https:\/\/luchonoticias.com\/editor\/presidente-petro-anuncio-que-la-via-a-san-luis-en-neiva-se-pavimentara\/#respond"]}]},{"@type":"WebPage","@id":"https:\/\/luchonoticias.com\/editor\/presidente-petro-anuncio-que-la-via-a-san-luis-en-neiva-se-pavimentara\/","url":"https:\/\/luchonoticias.com\/editor\/presidente-petro-anuncio-que-la-via-a-san-luis-en-neiva-se-pavimentara\/","name":"Presidente Petro anunci\u00f3 que la v\u00eda a San Luis en Neiva, se pavimentar\u00e1 -","isPartOf":{"@id":"https:\/\/luchonoticias.com\/editor\/#website"},"primaryImageOfPage":{"@id":"https:\/\/luchonoticias.com\/editor\/presidente-petro-anuncio-que-la-via-a-san-luis-en-neiva-se-pavimentara\/#primaryimage"},"image":{"@id":"https:\/\/luchonoticias.com\/editor\/presidente-petro-anuncio-que-la-via-a-san-luis-en-neiva-se-pavimentara\/#primaryimage"},"thumbnailUrl":"https:\/\/luchonoticias.com\/wp-content\/uploads\/2022\/09\/WhatsApp-Image-2022-09-03-at-4.12.31-PM-1-1024x682.jpeg","datePublished":"2022-09-04T12:53:17+00:00","dateModified":"2022-09-04T12:53:18+00:00","breadcrumb":{"@id":"https:\/\/luchonoticias.com\/editor\/presidente-petro-anuncio-que-la-via-a-san-luis-en-neiva-se-pavimentara\/#breadcrumb"},"inLanguage":"es","potentialAction":[{"@type":"ReadAction","target":["https:\/\/luchonoticias.com\/editor\/presidente-petro-anuncio-que-la-via-a-san-luis-en-neiva-se-pavimentara\/"]}]},{"@type":"ImageObject","inLanguage":"es","@id":"https:\/\/luchonoticias.com\/editor\/presidente-petro-anuncio-que-la-via-a-san-luis-en-neiva-se-pavimentara\/#primaryimage","url":"https:\/\/luchonoticias.com\/wp-content\/uploads\/2022\/09\/WhatsApp-Image-2022-09-03-at-4.12.31-PM-1-1024x682.jpeg","contentUrl":"https:\/\/luchonoticias.com\/wp-content\/uploads\/2022\/09\/WhatsApp-Image-2022-09-03-at-4.12.31-PM-1-1024x682.jpeg"},{"@type":"BreadcrumbList","@id":"https:\/\/luchonoticias.com\/editor\/presidente-petro-anuncio-que-la-via-a-san-luis-en-neiva-se-pavimentara\/#breadcrumb","itemListElement":[{"@type":"ListItem","position":1,"name":"Portada","item":"https:\/\/luchonoticias.com\/editor\/"},{"@type":"ListItem","position":2,"name":"Presidente Petro anunci\u00f3 que la v\u00eda a San Luis en Neiva, se pavimentar\u00e1"}]},{"@type":"WebSite","@id":"https:\/\/luchonoticias.com\/editor\/#website","url":"https:\/\/luchonoticias.com\/editor\/","name":"","description":"","publisher":{"@id":"https:\/\/luchonoticias.com\/editor\/#\/schema\/person\/7a7fd911f58561fd056dbac7b55af9cd"},"potentialAction":[{"@type":"SearchAction","target":{"@type":"EntryPoint","urlTemplate":"https:\/\/luchonoticias.com\/editor\/?s={search_term_string}"},"query-input":{"@type":"PropertyValueSpecification","valueRequired":true,"valueName":"search_term_string"}}],"inLanguage":"es"},{"@type":["Person","Organization"],"@id":"https:\/\/luchonoticias.com\/editor\/#\/schema\/person\/7a7fd911f58561fd056dbac7b55af9cd","name":"admin","image":{"@type":"ImageObject","inLanguage":"es","@id":"https:\/\/luchonoticias.com\/editor\/#\/schema\/person\/image\/","url":"https:\/\/luchonoticias.com\/editor\/wp-content\/uploads\/2024\/02\/cropped-cropped-logolu.webp","contentUrl":"https:\/\/luchonoticias.com\/editor\/wp-content\/uploads\/2024\/02\/cropped-cropped-logolu.webp","width":382,"height":170,"caption":"admin"},"logo":{"@id":"https:\/\/luchonoticias.com\/editor\/#\/schema\/person\/image\/"},"sameAs":["https:\/\/www.facebook.com\/luchonoticiasneiva"],"url":"https:\/\/luchonoticias.com\/editor\/author\/admin\/"}]}},"_links":{"self":[{"href":"https:\/\/luchonoticias.com\/editor\/wp-json\/wp\/v2\/posts\/33656","targetHints":{"allow":["GET"]}}],"collection":[{"href":"https:\/\/luchonoticias.com\/editor\/wp-json\/wp\/v2\/posts"}],"about":[{"href":"https:\/\/luchonoticias.com\/editor\/wp-json\/wp\/v2\/types\/post"}],"author":[{"embeddable":true,"href":"https:\/\/luchonoticias.com\/editor\/wp-json\/wp\/v2\/users\/1"}],"replies":[{"embeddable":true,"href":"https:\/\/luchonoticias.com\/editor\/wp-json\/wp\/v2\/comments?post=33656"}],"version-history":[{"count":0,"href":"https:\/\/luchonoticias.com\/editor\/wp-json\/wp\/v2\/posts\/33656\/revisions"}],"wp:attachment":[{"href":"https:\/\/luchonoticias.com\/editor\/wp-json\/wp\/v2\/media?parent=33656"}],"wp:term":[{"taxonomy":"category","embeddable":true,"href":"https:\/\/luchonoticias.com\/editor\/wp-json\/wp\/v2\/categories?post=33656"},{"taxonomy":"post_tag","embeddable":true,"href":"https:\/\/luchonoticias.com\/editor\/wp-json\/wp\/v2\/tags?post=33656"}],"curies":[{"name":"wp","href":"https:\/\/api.w.org\/{rel}","templated":true}]}}