{"id":33725,"date":"2022-09-05T07:00:19","date_gmt":"2022-09-05T12:00:19","guid":{"rendered":"https:\/\/luchonoticias.com\/?p=33725"},"modified":"2022-09-05T07:00:20","modified_gmt":"2022-09-05T12:00:20","slug":"grandes-reflexiones-sobre-educacion-inicial-en-el-huila","status":"publish","type":"post","link":"https:\/\/luchonoticias.com\/editor\/grandes-reflexiones-sobre-educacion-inicial-en-el-huila\/","title":{"rendered":"Grandes reflexiones sobre Educaci\u00f3n Inicial en el Huila"},"content":{"rendered":"\n<p>El tema de este panel fue la importancia del papel docente en el servicio educativo que se brinda a ni\u00f1as y ni\u00f1os menores de 6 a\u00f1os de edad, con el prop\u00f3sito de potencializar su desarrollo integral. El Gobierno \u201cHuila Crece\u201d anunci\u00f3 el aporte de $3.500 millones de inversi\u00f3n en aulas para pre escolar.<\/p>\n\n\n\n<p>\u201cSoy importante para la educaci\u00f3n inicial\u201d, fue el panel llevado a cabo en la ciudad de Neiva, al que asistieron docentes, directivos docentes, madres comunitarias, operadores y funcionarios del ICBF y de la Gobernaci\u00f3n del Huila, (secretar\u00eda de educaci\u00f3n y de salud departamental). Tambi\u00e9n cont\u00f3 con la participaci\u00f3n de la directora del Instituto Colombiano de Bienestar Familiar regional Huila, Luz Elena Guti\u00e9rrez.<\/p>\n\n\n\n<p>\u201cHemos acompa\u00f1ado este panel de expertos sobre la educaci\u00f3n inicial en el Huila, para reflexionar sobre esas transiciones arm\u00f3nicas entre los primeros a\u00f1os de estudio de ni\u00f1os y ni\u00f1as y la formaci\u00f3n que inicia a partir de los 5 a\u00f1os de edad cuando ingresan a nuestras instituciones educativas p\u00fablicas del departamento\u201d, se\u00f1al\u00f3 Lourdes Casta\u00f1eda Ricaurte, l\u00edder de Educaci\u00f3n Inicial de la Secretar\u00eda de Educaci\u00f3n del Departamento.<\/p>\n\n\n\n<figure class=\"wp-block-gallery has-nested-images columns-default is-cropped wp-block-gallery-1 is-layout-flex wp-block-gallery-is-layout-flex\">\n<figure class=\"wp-block-image size-large\"><img decoding=\"async\" data-id=\"33727\" src=\"https:\/\/luchonoticias.com\/wp-content\/uploads\/2022\/09\/WhatsApp-Image-2022-09-04-at-7.15.01-PM-1-1024x576.jpeg\" alt=\"\" class=\"wp-image-33727\"\/><\/figure>\n\n\n\n<figure class=\"wp-block-image size-large\"><img decoding=\"async\" data-id=\"33729\" src=\"https:\/\/luchonoticias.com\/wp-content\/uploads\/2022\/09\/WhatsApp-Image-2022-09-04-at-7.15.00-PM-2-1024x576.jpeg\" alt=\"\" class=\"wp-image-33729\"\/><\/figure>\n\n\n\n<figure class=\"wp-block-image size-large\"><img decoding=\"async\" data-id=\"33728\" src=\"https:\/\/luchonoticias.com\/wp-content\/uploads\/2022\/09\/WhatsApp-Image-2022-09-04-at-7.14.59-PM-1-1024x461.jpeg\" alt=\"\" class=\"wp-image-33728\"\/><\/figure>\n<\/figure>\n\n\n\n<p>\u201cLa educaci\u00f3n inicial es un eje fundamental para los derechos de los ni\u00f1os y las ni\u00f1as. Son etapas importantes donde se trabaja tambi\u00e9n con los padres de familia y damos a conocer los trabajos y las experiencias que realizan los docentes en los planteles educativos. El reto es establecer una mayor cercan\u00eda con los padres para que los menores se sientan mejor acogidos\u201d, a\u00f1adi\u00f3.<\/p>\n\n\n\n<p>La funcionaria agreg\u00f3 que la Gobernaci\u00f3n del Huila que orienta el ingeniero, Luis Enrique Duss\u00e1n L\u00f3pez, le est\u00e1 cumpliendo a la educaci\u00f3n inicial.<\/p>\n\n\n\n<p>\u201cSon varias inversiones como un buen Programa de Alimentaci\u00f3n Escolar, dotaciones pedag\u00f3gicas en las instituciones educativas, y mejoramientos en infraestructura escolar, esto \u00faltimo por un valor de $3.500 millones para aulas de pre escolar. La meta de este gobierno Huila Crece, es crecer con la educaci\u00f3n inicial\u201d, afirm\u00f3 la funcionaria.<\/p>\n\n\n\n<figure class=\"wp-block-image size-large\"><img decoding=\"async\" src=\"https:\/\/luchonoticias.com\/wp-content\/uploads\/2022\/09\/WhatsApp-Image-2022-09-04-at-7.15.00-PM-1-1024x461.jpeg\" alt=\"\" class=\"wp-image-33730\"\/><\/figure>\n\n\n\n<p>Por su parte, la docente Gloria Qui\u00f1onez Caicedo, docente del Municipio de Palestina, de la Instituci\u00f3n Educativa Roble, destac\u00f3 la importancia de este panel.<\/p>\n\n\n\n<p>\u201cfue una experiencia muy agradable para nosotros los docentes; supremamente interesante. Adquirimos muchos conocimientos buenos para afianzarnos y fortalecer nuestra actividad del d\u00eda a d\u00eda como maestros en los colegios\u201d, manifest\u00f3.<\/p>\n\n\n\n<p><strong>Hablan los panelistas<\/strong><\/p>\n\n\n\n<p>Magda Paola Bola\u00f1os, funcionaria de la Secretar\u00eda de Salud del Huila, y panelista experta, se\u00f1al\u00f3 que esta actividad hace parte de las estrategias de Huila Crece con la Educaci\u00f3n Inicial, como una herramienta intersectorial entre las secretar\u00edas de educaci\u00f3n y de salud del Departamento y el ICBF.<\/p>\n\n\n\n<p>\u201cDeja grandes mensajes este panel para padres de familia, docentes y todos los actores que trabajan por la educaci\u00f3n inicial de nuestros menores. Es necesario seguir trabajando con amor y cari\u00f1o por nuestros menores, para que tengan salud, buen desarrollo cognitivo y podamos garantizar derechos con dignidad y calidad para la vida y la felicidad de los hogares\u201d, afirm\u00f3 la funcionaria.<\/p>\n\n\n\n<figure class=\"wp-block-gallery has-nested-images columns-default is-cropped wp-block-gallery-2 is-layout-flex wp-block-gallery-is-layout-flex\">\n<figure class=\"wp-block-image size-large\"><img decoding=\"async\" data-id=\"33731\" src=\"https:\/\/luchonoticias.com\/wp-content\/uploads\/2022\/09\/WhatsApp-Image-2022-09-04-at-7.15.00-PM-1024x461.jpeg\" alt=\"\" class=\"wp-image-33731\"\/><\/figure>\n\n\n\n<figure class=\"wp-block-image size-large\"><img decoding=\"async\" data-id=\"33733\" src=\"https:\/\/luchonoticias.com\/wp-content\/uploads\/2022\/09\/WhatsApp-Image-2022-09-04-at-7.14.59-PM-1024x576.jpeg\" alt=\"\" class=\"wp-image-33733\"\/><\/figure>\n\n\n\n<figure class=\"wp-block-image size-large\"><img decoding=\"async\" data-id=\"33732\" src=\"https:\/\/luchonoticias.com\/wp-content\/uploads\/2022\/09\/WhatsApp-Image-2022-09-04-at-7.14.58-PM-1024x577.jpeg\" alt=\"\" class=\"wp-image-33732\"\/><\/figure>\n<\/figure>\n\n\n\n<p>Entre tanto, Catalina Trujillo Vanegas, panelista invitada, coordinadora de la Maestr\u00eda en Educaci\u00f3n para la Inclusi\u00f3n de la Universidad Surcolombiana, destac\u00f3 la importancia de este evento dirigido a los docentes.<\/p>\n\n\n\n<p>\u201cLa conclusi\u00f3n es que tenemos que articularnos todos los sectores para pensar en la construcci\u00f3n de escenarios seguros que garanticen el crecimiento de nuestros ni\u00f1os y ni\u00f1as para que nuestra educaci\u00f3n y sociedad avancen\u201d, puntualiz\u00f3 la panelista.<\/p>\n\n\n\n<p>As\u00ed mismo, Juan Carlos Mej\u00eda, funcionario de la Subdirecci\u00f3n de Gesti\u00f3n T\u00e9cnica para la atenci\u00f3n de la Primera Infancia del ICBF nacional, se\u00f1al\u00f3 la importancia que tienen estos eventos para promover el desarrollo integral de la sociedad colombiana.<\/p>\n\n\n\n<p>\u201cPara acompa\u00f1ar y potenciar el desarrollo de la vida de ni\u00f1os y ni\u00f1as desde la educaci\u00f3n inicial, hay que escucharlos, verlos atentamente, amar eso que escuchamos y vemos en ellos, y con estas herramientas poderosas poder pensar en una educaci\u00f3n inicial que verdaderamente piense en las caracter\u00edsticas de cada ni\u00f1o y ni\u00f1a que acompa\u00f1amos desde nuestros servicios\u201d, apunt\u00f3 Juan Carlos.<\/p>\n","protected":false},"excerpt":{"rendered":"<p>El tema de este panel fue la importancia del papel docente en el servicio educativo que se brinda a ni\u00f1as y ni\u00f1os menores de 6 a\u00f1os de edad, con el prop\u00f3sito de potencializar su desarrollo integral. El Gobierno \u201cHuila Crece\u201d anunci\u00f3 el aporte de $3.500 millones de inversi\u00f3n en aulas para pre escolar. \u201cSoy importante [&hellip;]<\/p>\n","protected":false},"author":1,"featured_media":0,"comment_status":"open","ping_status":"open","sticky":false,"template":"","format":"standard","meta":{"footnotes":""},"categories":[36,33],"tags":[],"class_list":["post-33725","post","type-post","status-publish","format-standard","hentry","category-destacado","category-huila"],"yoast_head":"<!-- This site is optimized with the Yoast SEO plugin v26.6 - https:\/\/yoast.com\/wordpress\/plugins\/seo\/ -->\n<title>Grandes reflexiones sobre Educaci\u00f3n Inicial en el Huila -<\/title>\n<meta name=\"robots\" content=\"index, follow, max-snippet:-1, max-image-preview:large, max-video-preview:-1\" \/>\n<link rel=\"canonical\" href=\"https:\/\/luchonoticias.com\/editor\/grandes-reflexiones-sobre-educacion-inicial-en-el-huila\/\" \/>\n<meta property=\"og:locale\" content=\"es_ES\" \/>\n<meta property=\"og:type\" content=\"article\" \/>\n<meta property=\"og:title\" content=\"Grandes reflexiones sobre Educaci\u00f3n Inicial en el Huila -\" \/>\n<meta property=\"og:url\" content=\"https:\/\/luchonoticias.com\/editor\/grandes-reflexiones-sobre-educacion-inicial-en-el-huila\/\" \/>\n<meta property=\"article:publisher\" content=\"https:\/\/www.facebook.com\/luchonoticiasneiva\" \/>\n<meta property=\"article:author\" content=\"https:\/\/www.facebook.com\/luchonoticiasneiva\" \/>\n<meta property=\"article:published_time\" content=\"2022-09-05T12:00:19+00:00\" \/>\n<meta property=\"article:modified_time\" content=\"2022-09-05T12:00:20+00:00\" \/>\n<meta property=\"og:image\" content=\"https:\/\/luchonoticias.com\/wp-content\/uploads\/2022\/09\/WhatsApp-Image-2022-09-04-at-7.15.01-PM-1-1024x576.jpeg\" \/>\n<meta name=\"author\" content=\"admin\" \/>\n<meta name=\"twitter:card\" content=\"summary_large_image\" \/>\n<meta name=\"twitter:label1\" content=\"Escrito por\" \/>\n\t<meta name=\"twitter:data1\" content=\"admin\" \/>\n\t<meta name=\"twitter:label2\" content=\"Tiempo de lectura\" \/>\n\t<meta name=\"twitter:data2\" content=\"4 minutos\" \/>\n<script type=\"application\/ld+json\" class=\"yoast-schema-graph\">{\"@context\":\"https:\/\/schema.org\",\"@graph\":[{\"@type\":\"Article\",\"@id\":\"https:\/\/luchonoticias.com\/editor\/grandes-reflexiones-sobre-educacion-inicial-en-el-huila\/#article\",\"isPartOf\":{\"@id\":\"https:\/\/luchonoticias.com\/editor\/grandes-reflexiones-sobre-educacion-inicial-en-el-huila\/\"},\"author\":{\"name\":\"admin\",\"@id\":\"https:\/\/luchonoticias.com\/editor\/#\/schema\/person\/7a7fd911f58561fd056dbac7b55af9cd\"},\"headline\":\"Grandes reflexiones sobre Educaci\u00f3n Inicial en el Huila\",\"datePublished\":\"2022-09-05T12:00:19+00:00\",\"dateModified\":\"2022-09-05T12:00:20+00:00\",\"mainEntityOfPage\":{\"@id\":\"https:\/\/luchonoticias.com\/editor\/grandes-reflexiones-sobre-educacion-inicial-en-el-huila\/\"},\"wordCount\":729,\"commentCount\":0,\"publisher\":{\"@id\":\"https:\/\/luchonoticias.com\/editor\/#\/schema\/person\/7a7fd911f58561fd056dbac7b55af9cd\"},\"image\":{\"@id\":\"https:\/\/luchonoticias.com\/editor\/grandes-reflexiones-sobre-educacion-inicial-en-el-huila\/#primaryimage\"},\"thumbnailUrl\":\"https:\/\/luchonoticias.com\/wp-content\/uploads\/2022\/09\/WhatsApp-Image-2022-09-04-at-7.15.01-PM-1-1024x576.jpeg\",\"articleSection\":[\"Destacado\",\"Huila\"],\"inLanguage\":\"es\",\"potentialAction\":[{\"@type\":\"CommentAction\",\"name\":\"Comment\",\"target\":[\"https:\/\/luchonoticias.com\/editor\/grandes-reflexiones-sobre-educacion-inicial-en-el-huila\/#respond\"]}]},{\"@type\":\"WebPage\",\"@id\":\"https:\/\/luchonoticias.com\/editor\/grandes-reflexiones-sobre-educacion-inicial-en-el-huila\/\",\"url\":\"https:\/\/luchonoticias.com\/editor\/grandes-reflexiones-sobre-educacion-inicial-en-el-huila\/\",\"name\":\"Grandes reflexiones sobre Educaci\u00f3n Inicial en el Huila -\",\"isPartOf\":{\"@id\":\"https:\/\/luchonoticias.com\/editor\/#website\"},\"primaryImageOfPage\":{\"@id\":\"https:\/\/luchonoticias.com\/editor\/grandes-reflexiones-sobre-educacion-inicial-en-el-huila\/#primaryimage\"},\"image\":{\"@id\":\"https:\/\/luchonoticias.com\/editor\/grandes-reflexiones-sobre-educacion-inicial-en-el-huila\/#primaryimage\"},\"thumbnailUrl\":\"https:\/\/luchonoticias.com\/wp-content\/uploads\/2022\/09\/WhatsApp-Image-2022-09-04-at-7.15.01-PM-1-1024x576.jpeg\",\"datePublished\":\"2022-09-05T12:00:19+00:00\",\"dateModified\":\"2022-09-05T12:00:20+00:00\",\"breadcrumb\":{\"@id\":\"https:\/\/luchonoticias.com\/editor\/grandes-reflexiones-sobre-educacion-inicial-en-el-huila\/#breadcrumb\"},\"inLanguage\":\"es\",\"potentialAction\":[{\"@type\":\"ReadAction\",\"target\":[\"https:\/\/luchonoticias.com\/editor\/grandes-reflexiones-sobre-educacion-inicial-en-el-huila\/\"]}]},{\"@type\":\"ImageObject\",\"inLanguage\":\"es\",\"@id\":\"https:\/\/luchonoticias.com\/editor\/grandes-reflexiones-sobre-educacion-inicial-en-el-huila\/#primaryimage\",\"url\":\"https:\/\/luchonoticias.com\/wp-content\/uploads\/2022\/09\/WhatsApp-Image-2022-09-04-at-7.15.01-PM-1-1024x576.jpeg\",\"contentUrl\":\"https:\/\/luchonoticias.com\/wp-content\/uploads\/2022\/09\/WhatsApp-Image-2022-09-04-at-7.15.01-PM-1-1024x576.jpeg\"},{\"@type\":\"BreadcrumbList\",\"@id\":\"https:\/\/luchonoticias.com\/editor\/grandes-reflexiones-sobre-educacion-inicial-en-el-huila\/#breadcrumb\",\"itemListElement\":[{\"@type\":\"ListItem\",\"position\":1,\"name\":\"Portada\",\"item\":\"https:\/\/luchonoticias.com\/editor\/\"},{\"@type\":\"ListItem\",\"position\":2,\"name\":\"Grandes reflexiones sobre Educaci\u00f3n Inicial en el Huila\"}]},{\"@type\":\"WebSite\",\"@id\":\"https:\/\/luchonoticias.com\/editor\/#website\",\"url\":\"https:\/\/luchonoticias.com\/editor\/\",\"name\":\"\",\"description\":\"\",\"publisher\":{\"@id\":\"https:\/\/luchonoticias.com\/editor\/#\/schema\/person\/7a7fd911f58561fd056dbac7b55af9cd\"},\"potentialAction\":[{\"@type\":\"SearchAction\",\"target\":{\"@type\":\"EntryPoint\",\"urlTemplate\":\"https:\/\/luchonoticias.com\/editor\/?s={search_term_string}\"},\"query-input\":{\"@type\":\"PropertyValueSpecification\",\"valueRequired\":true,\"valueName\":\"search_term_string\"}}],\"inLanguage\":\"es\"},{\"@type\":[\"Person\",\"Organization\"],\"@id\":\"https:\/\/luchonoticias.com\/editor\/#\/schema\/person\/7a7fd911f58561fd056dbac7b55af9cd\",\"name\":\"admin\",\"image\":{\"@type\":\"ImageObject\",\"inLanguage\":\"es\",\"@id\":\"https:\/\/luchonoticias.com\/editor\/#\/schema\/person\/image\/\",\"url\":\"https:\/\/luchonoticias.com\/editor\/wp-content\/uploads\/2024\/02\/cropped-cropped-logolu.webp\",\"contentUrl\":\"https:\/\/luchonoticias.com\/editor\/wp-content\/uploads\/2024\/02\/cropped-cropped-logolu.webp\",\"width\":382,\"height\":170,\"caption\":\"admin\"},\"logo\":{\"@id\":\"https:\/\/luchonoticias.com\/editor\/#\/schema\/person\/image\/\"},\"sameAs\":[\"https:\/\/www.facebook.com\/luchonoticiasneiva\"],\"url\":\"https:\/\/luchonoticias.com\/editor\/author\/admin\/\"}]}<\/script>\n<!-- \/ Yoast SEO plugin. -->","yoast_head_json":{"title":"Grandes reflexiones sobre Educaci\u00f3n Inicial en el Huila -","robots":{"index":"index","follow":"follow","max-snippet":"max-snippet:-1","max-image-preview":"max-image-preview:large","max-video-preview":"max-video-preview:-1"},"canonical":"https:\/\/luchonoticias.com\/editor\/grandes-reflexiones-sobre-educacion-inicial-en-el-huila\/","og_locale":"es_ES","og_type":"article","og_title":"Grandes reflexiones sobre Educaci\u00f3n Inicial en el Huila -","og_url":"https:\/\/luchonoticias.com\/editor\/grandes-reflexiones-sobre-educacion-inicial-en-el-huila\/","article_publisher":"https:\/\/www.facebook.com\/luchonoticiasneiva","article_author":"https:\/\/www.facebook.com\/luchonoticiasneiva","article_published_time":"2022-09-05T12:00:19+00:00","article_modified_time":"2022-09-05T12:00:20+00:00","og_image":[{"url":"https:\/\/luchonoticias.com\/wp-content\/uploads\/2022\/09\/WhatsApp-Image-2022-09-04-at-7.15.01-PM-1-1024x576.jpeg","type":"","width":"","height":""}],"author":"admin","twitter_card":"summary_large_image","twitter_misc":{"Escrito por":"admin","Tiempo de lectura":"4 minutos"},"schema":{"@context":"https:\/\/schema.org","@graph":[{"@type":"Article","@id":"https:\/\/luchonoticias.com\/editor\/grandes-reflexiones-sobre-educacion-inicial-en-el-huila\/#article","isPartOf":{"@id":"https:\/\/luchonoticias.com\/editor\/grandes-reflexiones-sobre-educacion-inicial-en-el-huila\/"},"author":{"name":"admin","@id":"https:\/\/luchonoticias.com\/editor\/#\/schema\/person\/7a7fd911f58561fd056dbac7b55af9cd"},"headline":"Grandes reflexiones sobre Educaci\u00f3n Inicial en el Huila","datePublished":"2022-09-05T12:00:19+00:00","dateModified":"2022-09-05T12:00:20+00:00","mainEntityOfPage":{"@id":"https:\/\/luchonoticias.com\/editor\/grandes-reflexiones-sobre-educacion-inicial-en-el-huila\/"},"wordCount":729,"commentCount":0,"publisher":{"@id":"https:\/\/luchonoticias.com\/editor\/#\/schema\/person\/7a7fd911f58561fd056dbac7b55af9cd"},"image":{"@id":"https:\/\/luchonoticias.com\/editor\/grandes-reflexiones-sobre-educacion-inicial-en-el-huila\/#primaryimage"},"thumbnailUrl":"https:\/\/luchonoticias.com\/wp-content\/uploads\/2022\/09\/WhatsApp-Image-2022-09-04-at-7.15.01-PM-1-1024x576.jpeg","articleSection":["Destacado","Huila"],"inLanguage":"es","potentialAction":[{"@type":"CommentAction","name":"Comment","target":["https:\/\/luchonoticias.com\/editor\/grandes-reflexiones-sobre-educacion-inicial-en-el-huila\/#respond"]}]},{"@type":"WebPage","@id":"https:\/\/luchonoticias.com\/editor\/grandes-reflexiones-sobre-educacion-inicial-en-el-huila\/","url":"https:\/\/luchonoticias.com\/editor\/grandes-reflexiones-sobre-educacion-inicial-en-el-huila\/","name":"Grandes reflexiones sobre Educaci\u00f3n Inicial en el Huila -","isPartOf":{"@id":"https:\/\/luchonoticias.com\/editor\/#website"},"primaryImageOfPage":{"@id":"https:\/\/luchonoticias.com\/editor\/grandes-reflexiones-sobre-educacion-inicial-en-el-huila\/#primaryimage"},"image":{"@id":"https:\/\/luchonoticias.com\/editor\/grandes-reflexiones-sobre-educacion-inicial-en-el-huila\/#primaryimage"},"thumbnailUrl":"https:\/\/luchonoticias.com\/wp-content\/uploads\/2022\/09\/WhatsApp-Image-2022-09-04-at-7.15.01-PM-1-1024x576.jpeg","datePublished":"2022-09-05T12:00:19+00:00","dateModified":"2022-09-05T12:00:20+00:00","breadcrumb":{"@id":"https:\/\/luchonoticias.com\/editor\/grandes-reflexiones-sobre-educacion-inicial-en-el-huila\/#breadcrumb"},"inLanguage":"es","potentialAction":[{"@type":"ReadAction","target":["https:\/\/luchonoticias.com\/editor\/grandes-reflexiones-sobre-educacion-inicial-en-el-huila\/"]}]},{"@type":"ImageObject","inLanguage":"es","@id":"https:\/\/luchonoticias.com\/editor\/grandes-reflexiones-sobre-educacion-inicial-en-el-huila\/#primaryimage","url":"https:\/\/luchonoticias.com\/wp-content\/uploads\/2022\/09\/WhatsApp-Image-2022-09-04-at-7.15.01-PM-1-1024x576.jpeg","contentUrl":"https:\/\/luchonoticias.com\/wp-content\/uploads\/2022\/09\/WhatsApp-Image-2022-09-04-at-7.15.01-PM-1-1024x576.jpeg"},{"@type":"BreadcrumbList","@id":"https:\/\/luchonoticias.com\/editor\/grandes-reflexiones-sobre-educacion-inicial-en-el-huila\/#breadcrumb","itemListElement":[{"@type":"ListItem","position":1,"name":"Portada","item":"https:\/\/luchonoticias.com\/editor\/"},{"@type":"ListItem","position":2,"name":"Grandes reflexiones sobre Educaci\u00f3n Inicial en el Huila"}]},{"@type":"WebSite","@id":"https:\/\/luchonoticias.com\/editor\/#website","url":"https:\/\/luchonoticias.com\/editor\/","name":"","description":"","publisher":{"@id":"https:\/\/luchonoticias.com\/editor\/#\/schema\/person\/7a7fd911f58561fd056dbac7b55af9cd"},"potentialAction":[{"@type":"SearchAction","target":{"@type":"EntryPoint","urlTemplate":"https:\/\/luchonoticias.com\/editor\/?s={search_term_string}"},"query-input":{"@type":"PropertyValueSpecification","valueRequired":true,"valueName":"search_term_string"}}],"inLanguage":"es"},{"@type":["Person","Organization"],"@id":"https:\/\/luchonoticias.com\/editor\/#\/schema\/person\/7a7fd911f58561fd056dbac7b55af9cd","name":"admin","image":{"@type":"ImageObject","inLanguage":"es","@id":"https:\/\/luchonoticias.com\/editor\/#\/schema\/person\/image\/","url":"https:\/\/luchonoticias.com\/editor\/wp-content\/uploads\/2024\/02\/cropped-cropped-logolu.webp","contentUrl":"https:\/\/luchonoticias.com\/editor\/wp-content\/uploads\/2024\/02\/cropped-cropped-logolu.webp","width":382,"height":170,"caption":"admin"},"logo":{"@id":"https:\/\/luchonoticias.com\/editor\/#\/schema\/person\/image\/"},"sameAs":["https:\/\/www.facebook.com\/luchonoticiasneiva"],"url":"https:\/\/luchonoticias.com\/editor\/author\/admin\/"}]}},"_links":{"self":[{"href":"https:\/\/luchonoticias.com\/editor\/wp-json\/wp\/v2\/posts\/33725","targetHints":{"allow":["GET"]}}],"collection":[{"href":"https:\/\/luchonoticias.com\/editor\/wp-json\/wp\/v2\/posts"}],"about":[{"href":"https:\/\/luchonoticias.com\/editor\/wp-json\/wp\/v2\/types\/post"}],"author":[{"embeddable":true,"href":"https:\/\/luchonoticias.com\/editor\/wp-json\/wp\/v2\/users\/1"}],"replies":[{"embeddable":true,"href":"https:\/\/luchonoticias.com\/editor\/wp-json\/wp\/v2\/comments?post=33725"}],"version-history":[{"count":0,"href":"https:\/\/luchonoticias.com\/editor\/wp-json\/wp\/v2\/posts\/33725\/revisions"}],"wp:attachment":[{"href":"https:\/\/luchonoticias.com\/editor\/wp-json\/wp\/v2\/media?parent=33725"}],"wp:term":[{"taxonomy":"category","embeddable":true,"href":"https:\/\/luchonoticias.com\/editor\/wp-json\/wp\/v2\/categories?post=33725"},{"taxonomy":"post_tag","embeddable":true,"href":"https:\/\/luchonoticias.com\/editor\/wp-json\/wp\/v2\/tags?post=33725"}],"curies":[{"name":"wp","href":"https:\/\/api.w.org\/{rel}","templated":true}]}}