{"id":33825,"date":"2022-09-06T14:27:46","date_gmt":"2022-09-06T19:27:46","guid":{"rendered":"https:\/\/luchonoticias.com\/?p=33825"},"modified":"2022-09-06T14:27:47","modified_gmt":"2022-09-06T19:27:47","slug":"proximo-10-de-septiembre-neivanos-a-disfrutar-festival-neiva-territorio-rock","status":"publish","type":"post","link":"https:\/\/luchonoticias.com\/editor\/proximo-10-de-septiembre-neivanos-a-disfrutar-festival-neiva-territorio-rock\/","title":{"rendered":"Pr\u00f3ximo 10 de septiembre neivanos a disfrutar festival \u2018Neiva territorio rock\u2019"},"content":{"rendered":"\n<p>El Festival \u2018Neiva Territorio Rock\u2019, enmarcado dentro del acuerdo municipal No. 016 del 17 de Octubre del 2019, este a\u00f1o tendr\u00e1 su primera versi\u00f3n que se llevar\u00e1 a cabo el 10 de septiembre en el Parque de la M\u00fasica \u2018Jorge Villamil Cordovez\u2019, y tendr\u00e1 apertura desde el mediod\u00eda, hasta la medianoche. El evento est\u00e1 compuesto de diferentes elementos, seg\u00fan lo manifiesta la secretaria de Cultura, Marieta Trujillo Collazos.<\/p>\n\n\n\n<figure class=\"wp-block-image size-large is-style-rounded\"><img decoding=\"async\" src=\"https:\/\/luchonoticias.com\/wp-content\/uploads\/2022\/09\/WhatsApp-Image-2022-09-06-at-11.35.48-AM-2-1024x768.jpeg\" alt=\"\" class=\"wp-image-33827\"\/><\/figure>\n\n\n\n<p>\u201cEl primer elemento, es el acad\u00e9mico, en el transcurso de la semana se realizar\u00e1n dos conferencias de talleres y cl\u00ednicas musicales respecto al rock, en toda su historia y lo transversal que es en todo el desarrollo cultural, econ\u00f3mico, pol\u00edtico y social en la ciudad y el mundo. El segundo componente, es una feria de emprendimiento donde diferentes j\u00f3venes del municipio de Neiva, van a estar con sus emprendimientos culturales, musicales y gastron\u00f3micos, ayudando as\u00ed a la reactivaci\u00f3n econ\u00f3mica. El tercero y muy importante, es donde a trav\u00e9s de una convocatoria, se escogieron 13 bandas a nivel local, nacional e internacional, que se van a presentar este 10 de septiembre, con diferentes g\u00e9neros de rock, punk, etc. Pudimos gestionar que viniera una banda nacional muy importante. Recuerden que la entrada es totalmente gratis\u201d, indic\u00f3 la Secretaria de Cultura.<\/p>\n\n\n\n<p>El objetivo de dicho Festival, es que todos los ciudadanos del municipio, tenga la posibilidad de disfrutar y apoyar este evento significativo para la ciudad de Neiva, la cual dignifica y culturiza a los ciudadanos, ya que el rock es una expresi\u00f3n cultural.<\/p>\n\n\n\n<figure class=\"wp-block-gallery has-nested-images columns-default is-cropped wp-block-gallery-1 is-layout-flex wp-block-gallery-is-layout-flex\">\n<figure class=\"wp-block-image size-large\"><img decoding=\"async\" data-id=\"33829\" src=\"https:\/\/luchonoticias.com\/wp-content\/uploads\/2022\/09\/WhatsApp-Image-2022-09-06-at-11.35.48-AM-774x1024.jpeg\" alt=\"\" class=\"wp-image-33829\"\/><\/figure>\n<\/figure>\n\n\n\n<p><strong>Programaci\u00f3n<\/strong><\/p>\n\n\n\n<p><strong><em>Martes 6 de septiembre<\/em><\/strong><\/p>\n\n\n\n<p>Conferencia \u2018Talleres y cl\u00ednicas musicales\u2019<\/p>\n\n\n\n<p>Colegio Departamental Tierra de Promisi\u00f3n<\/p>\n\n\n\n<p>Hora: 10: 00 a.m. a 12:00 m.<\/p>\n\n\n\n<p><strong><em>Viernes 9 de septiembre<\/em><\/strong><\/p>\n\n\n\n<p>Conferencia \u2018Talleres y cl\u00ednicas musicales\u2019<\/p>\n\n\n\n<p>Sal\u00f3n Polivalente Parque de la M\u00fasica<\/p>\n\n\n\n<p>Hora: 7:00 p.m. a 9:00 p.m.<\/p>\n\n\n\n<p>S\u00e1bado 10 de septiembre<\/p>\n\n\n\n<p>Feria de emprendimiento \u2018Neiva Territorio Rock\u2019<\/p>\n\n\n\n<p>Parque de la M\u00fasica \u2018Jorge Villamil Cordovez\u2019<\/p>\n\n\n\n<p>Hora: 12:00 m. a 12:00 p.m.<\/p>\n\n\n\n<p><em><strong>S\u00e1bado 10 de septiembre<\/strong><\/em><\/p>\n\n\n\n<p>Presentaci\u00f3n de las bandas Festival \u2018Neiva Territorio Rock\u2019<\/p>\n\n\n\n<p>Parque de la M\u00fasica &#8216;Jorge Villamil Cordovez&#8217;<\/p>\n\n\n\n<p>Hora: 12:00 m. a 12:00 p.m.<\/p>\n\n\n\n<figure class=\"wp-block-image size-large\"><img decoding=\"async\" src=\"https:\/\/luchonoticias.com\/wp-content\/uploads\/2022\/09\/WhatsApp-Image-2022-09-06-at-11.35.48-AM-1-1024x1024.jpeg\" alt=\"\" class=\"wp-image-33828\"\/><\/figure>\n\n\n\n<p><strong>Orden de intervenci\u00f3n de las bandas<\/strong><\/p>\n\n\n\n<p>Foreva<\/p>\n\n\n\n<p>Abduction<\/p>\n\n\n\n<p>Nokrono<\/p>\n\n\n\n<p>Ennui<\/p>\n\n\n\n<p>Sin Efecto<\/p>\n\n\n\n<p>Breska<\/p>\n\n\n\n<p>Rattus<\/p>\n\n\n\n<p>Acme<\/p>\n\n\n\n<p>Aire<\/p>\n\n\n\n<p>Arkanot<\/p>\n\n\n\n<p>Ursus<\/p>\n\n\n\n<p>Legend Maker<\/p>\n\n\n\n<p>Consulado Popular<\/p>\n","protected":false},"excerpt":{"rendered":"<p>El Festival \u2018Neiva Territorio Rock\u2019, enmarcado dentro del acuerdo municipal No. 016 del 17 de Octubre del 2019, este a\u00f1o tendr\u00e1 su primera versi\u00f3n que se llevar\u00e1 a cabo el 10 de septiembre en el Parque de la M\u00fasica \u2018Jorge Villamil Cordovez\u2019, y tendr\u00e1 apertura desde el mediod\u00eda, hasta la medianoche. El evento est\u00e1 compuesto [&hellip;]<\/p>\n","protected":false},"author":1,"featured_media":0,"comment_status":"open","ping_status":"open","sticky":false,"template":"","format":"standard","meta":{"footnotes":""},"categories":[36,53],"tags":[],"class_list":["post-33825","post","type-post","status-publish","format-standard","hentry","category-destacado","category-neiva"],"yoast_head":"<!-- This site is optimized with the Yoast SEO plugin v26.6 - https:\/\/yoast.com\/wordpress\/plugins\/seo\/ -->\n<title>Pr\u00f3ximo 10 de septiembre neivanos a disfrutar festival \u2018Neiva territorio rock\u2019 -<\/title>\n<meta name=\"robots\" content=\"index, follow, max-snippet:-1, max-image-preview:large, max-video-preview:-1\" \/>\n<link rel=\"canonical\" href=\"https:\/\/luchonoticias.com\/editor\/proximo-10-de-septiembre-neivanos-a-disfrutar-festival-neiva-territorio-rock\/\" \/>\n<meta property=\"og:locale\" content=\"es_ES\" \/>\n<meta property=\"og:type\" content=\"article\" \/>\n<meta property=\"og:title\" content=\"Pr\u00f3ximo 10 de septiembre neivanos a disfrutar festival \u2018Neiva territorio rock\u2019 -\" \/>\n<meta property=\"og:url\" content=\"https:\/\/luchonoticias.com\/editor\/proximo-10-de-septiembre-neivanos-a-disfrutar-festival-neiva-territorio-rock\/\" \/>\n<meta property=\"article:publisher\" content=\"https:\/\/www.facebook.com\/luchonoticiasneiva\" \/>\n<meta property=\"article:author\" content=\"https:\/\/www.facebook.com\/luchonoticiasneiva\" \/>\n<meta property=\"article:published_time\" content=\"2022-09-06T19:27:46+00:00\" \/>\n<meta property=\"article:modified_time\" content=\"2022-09-06T19:27:47+00:00\" \/>\n<meta property=\"og:image\" content=\"https:\/\/luchonoticias.com\/wp-content\/uploads\/2022\/09\/WhatsApp-Image-2022-09-06-at-11.35.48-AM-2-1024x768.jpeg\" \/>\n<meta name=\"author\" content=\"admin\" \/>\n<meta name=\"twitter:card\" content=\"summary_large_image\" \/>\n<meta name=\"twitter:label1\" content=\"Escrito por\" \/>\n\t<meta name=\"twitter:data1\" content=\"admin\" \/>\n\t<meta name=\"twitter:label2\" content=\"Tiempo de lectura\" \/>\n\t<meta name=\"twitter:data2\" content=\"2 minutos\" \/>\n<script type=\"application\/ld+json\" class=\"yoast-schema-graph\">{\"@context\":\"https:\/\/schema.org\",\"@graph\":[{\"@type\":\"Article\",\"@id\":\"https:\/\/luchonoticias.com\/editor\/proximo-10-de-septiembre-neivanos-a-disfrutar-festival-neiva-territorio-rock\/#article\",\"isPartOf\":{\"@id\":\"https:\/\/luchonoticias.com\/editor\/proximo-10-de-septiembre-neivanos-a-disfrutar-festival-neiva-territorio-rock\/\"},\"author\":{\"name\":\"admin\",\"@id\":\"https:\/\/luchonoticias.com\/editor\/#\/schema\/person\/7a7fd911f58561fd056dbac7b55af9cd\"},\"headline\":\"Pr\u00f3ximo 10 de septiembre neivanos a disfrutar festival \u2018Neiva territorio rock\u2019\",\"datePublished\":\"2022-09-06T19:27:46+00:00\",\"dateModified\":\"2022-09-06T19:27:47+00:00\",\"mainEntityOfPage\":{\"@id\":\"https:\/\/luchonoticias.com\/editor\/proximo-10-de-septiembre-neivanos-a-disfrutar-festival-neiva-territorio-rock\/\"},\"wordCount\":388,\"commentCount\":0,\"publisher\":{\"@id\":\"https:\/\/luchonoticias.com\/editor\/#\/schema\/person\/7a7fd911f58561fd056dbac7b55af9cd\"},\"image\":{\"@id\":\"https:\/\/luchonoticias.com\/editor\/proximo-10-de-septiembre-neivanos-a-disfrutar-festival-neiva-territorio-rock\/#primaryimage\"},\"thumbnailUrl\":\"https:\/\/luchonoticias.com\/wp-content\/uploads\/2022\/09\/WhatsApp-Image-2022-09-06-at-11.35.48-AM-2-1024x768.jpeg\",\"articleSection\":[\"Destacado\",\"Neiva\"],\"inLanguage\":\"es\",\"potentialAction\":[{\"@type\":\"CommentAction\",\"name\":\"Comment\",\"target\":[\"https:\/\/luchonoticias.com\/editor\/proximo-10-de-septiembre-neivanos-a-disfrutar-festival-neiva-territorio-rock\/#respond\"]}]},{\"@type\":\"WebPage\",\"@id\":\"https:\/\/luchonoticias.com\/editor\/proximo-10-de-septiembre-neivanos-a-disfrutar-festival-neiva-territorio-rock\/\",\"url\":\"https:\/\/luchonoticias.com\/editor\/proximo-10-de-septiembre-neivanos-a-disfrutar-festival-neiva-territorio-rock\/\",\"name\":\"Pr\u00f3ximo 10 de septiembre neivanos a disfrutar festival \u2018Neiva territorio rock\u2019 -\",\"isPartOf\":{\"@id\":\"https:\/\/luchonoticias.com\/editor\/#website\"},\"primaryImageOfPage\":{\"@id\":\"https:\/\/luchonoticias.com\/editor\/proximo-10-de-septiembre-neivanos-a-disfrutar-festival-neiva-territorio-rock\/#primaryimage\"},\"image\":{\"@id\":\"https:\/\/luchonoticias.com\/editor\/proximo-10-de-septiembre-neivanos-a-disfrutar-festival-neiva-territorio-rock\/#primaryimage\"},\"thumbnailUrl\":\"https:\/\/luchonoticias.com\/wp-content\/uploads\/2022\/09\/WhatsApp-Image-2022-09-06-at-11.35.48-AM-2-1024x768.jpeg\",\"datePublished\":\"2022-09-06T19:27:46+00:00\",\"dateModified\":\"2022-09-06T19:27:47+00:00\",\"breadcrumb\":{\"@id\":\"https:\/\/luchonoticias.com\/editor\/proximo-10-de-septiembre-neivanos-a-disfrutar-festival-neiva-territorio-rock\/#breadcrumb\"},\"inLanguage\":\"es\",\"potentialAction\":[{\"@type\":\"ReadAction\",\"target\":[\"https:\/\/luchonoticias.com\/editor\/proximo-10-de-septiembre-neivanos-a-disfrutar-festival-neiva-territorio-rock\/\"]}]},{\"@type\":\"ImageObject\",\"inLanguage\":\"es\",\"@id\":\"https:\/\/luchonoticias.com\/editor\/proximo-10-de-septiembre-neivanos-a-disfrutar-festival-neiva-territorio-rock\/#primaryimage\",\"url\":\"https:\/\/luchonoticias.com\/wp-content\/uploads\/2022\/09\/WhatsApp-Image-2022-09-06-at-11.35.48-AM-2-1024x768.jpeg\",\"contentUrl\":\"https:\/\/luchonoticias.com\/wp-content\/uploads\/2022\/09\/WhatsApp-Image-2022-09-06-at-11.35.48-AM-2-1024x768.jpeg\"},{\"@type\":\"BreadcrumbList\",\"@id\":\"https:\/\/luchonoticias.com\/editor\/proximo-10-de-septiembre-neivanos-a-disfrutar-festival-neiva-territorio-rock\/#breadcrumb\",\"itemListElement\":[{\"@type\":\"ListItem\",\"position\":1,\"name\":\"Portada\",\"item\":\"https:\/\/luchonoticias.com\/editor\/\"},{\"@type\":\"ListItem\",\"position\":2,\"name\":\"Pr\u00f3ximo 10 de septiembre neivanos a disfrutar festival \u2018Neiva territorio rock\u2019\"}]},{\"@type\":\"WebSite\",\"@id\":\"https:\/\/luchonoticias.com\/editor\/#website\",\"url\":\"https:\/\/luchonoticias.com\/editor\/\",\"name\":\"\",\"description\":\"\",\"publisher\":{\"@id\":\"https:\/\/luchonoticias.com\/editor\/#\/schema\/person\/7a7fd911f58561fd056dbac7b55af9cd\"},\"potentialAction\":[{\"@type\":\"SearchAction\",\"target\":{\"@type\":\"EntryPoint\",\"urlTemplate\":\"https:\/\/luchonoticias.com\/editor\/?s={search_term_string}\"},\"query-input\":{\"@type\":\"PropertyValueSpecification\",\"valueRequired\":true,\"valueName\":\"search_term_string\"}}],\"inLanguage\":\"es\"},{\"@type\":[\"Person\",\"Organization\"],\"@id\":\"https:\/\/luchonoticias.com\/editor\/#\/schema\/person\/7a7fd911f58561fd056dbac7b55af9cd\",\"name\":\"admin\",\"image\":{\"@type\":\"ImageObject\",\"inLanguage\":\"es\",\"@id\":\"https:\/\/luchonoticias.com\/editor\/#\/schema\/person\/image\/\",\"url\":\"https:\/\/luchonoticias.com\/editor\/wp-content\/uploads\/2024\/02\/cropped-cropped-logolu.webp\",\"contentUrl\":\"https:\/\/luchonoticias.com\/editor\/wp-content\/uploads\/2024\/02\/cropped-cropped-logolu.webp\",\"width\":382,\"height\":170,\"caption\":\"admin\"},\"logo\":{\"@id\":\"https:\/\/luchonoticias.com\/editor\/#\/schema\/person\/image\/\"},\"sameAs\":[\"https:\/\/www.facebook.com\/luchonoticiasneiva\"],\"url\":\"https:\/\/luchonoticias.com\/editor\/author\/admin\/\"}]}<\/script>\n<!-- \/ Yoast SEO plugin. -->","yoast_head_json":{"title":"Pr\u00f3ximo 10 de septiembre neivanos a disfrutar festival \u2018Neiva territorio rock\u2019 -","robots":{"index":"index","follow":"follow","max-snippet":"max-snippet:-1","max-image-preview":"max-image-preview:large","max-video-preview":"max-video-preview:-1"},"canonical":"https:\/\/luchonoticias.com\/editor\/proximo-10-de-septiembre-neivanos-a-disfrutar-festival-neiva-territorio-rock\/","og_locale":"es_ES","og_type":"article","og_title":"Pr\u00f3ximo 10 de septiembre neivanos a disfrutar festival \u2018Neiva territorio rock\u2019 -","og_url":"https:\/\/luchonoticias.com\/editor\/proximo-10-de-septiembre-neivanos-a-disfrutar-festival-neiva-territorio-rock\/","article_publisher":"https:\/\/www.facebook.com\/luchonoticiasneiva","article_author":"https:\/\/www.facebook.com\/luchonoticiasneiva","article_published_time":"2022-09-06T19:27:46+00:00","article_modified_time":"2022-09-06T19:27:47+00:00","og_image":[{"url":"https:\/\/luchonoticias.com\/wp-content\/uploads\/2022\/09\/WhatsApp-Image-2022-09-06-at-11.35.48-AM-2-1024x768.jpeg","type":"","width":"","height":""}],"author":"admin","twitter_card":"summary_large_image","twitter_misc":{"Escrito por":"admin","Tiempo de lectura":"2 minutos"},"schema":{"@context":"https:\/\/schema.org","@graph":[{"@type":"Article","@id":"https:\/\/luchonoticias.com\/editor\/proximo-10-de-septiembre-neivanos-a-disfrutar-festival-neiva-territorio-rock\/#article","isPartOf":{"@id":"https:\/\/luchonoticias.com\/editor\/proximo-10-de-septiembre-neivanos-a-disfrutar-festival-neiva-territorio-rock\/"},"author":{"name":"admin","@id":"https:\/\/luchonoticias.com\/editor\/#\/schema\/person\/7a7fd911f58561fd056dbac7b55af9cd"},"headline":"Pr\u00f3ximo 10 de septiembre neivanos a disfrutar festival \u2018Neiva territorio rock\u2019","datePublished":"2022-09-06T19:27:46+00:00","dateModified":"2022-09-06T19:27:47+00:00","mainEntityOfPage":{"@id":"https:\/\/luchonoticias.com\/editor\/proximo-10-de-septiembre-neivanos-a-disfrutar-festival-neiva-territorio-rock\/"},"wordCount":388,"commentCount":0,"publisher":{"@id":"https:\/\/luchonoticias.com\/editor\/#\/schema\/person\/7a7fd911f58561fd056dbac7b55af9cd"},"image":{"@id":"https:\/\/luchonoticias.com\/editor\/proximo-10-de-septiembre-neivanos-a-disfrutar-festival-neiva-territorio-rock\/#primaryimage"},"thumbnailUrl":"https:\/\/luchonoticias.com\/wp-content\/uploads\/2022\/09\/WhatsApp-Image-2022-09-06-at-11.35.48-AM-2-1024x768.jpeg","articleSection":["Destacado","Neiva"],"inLanguage":"es","potentialAction":[{"@type":"CommentAction","name":"Comment","target":["https:\/\/luchonoticias.com\/editor\/proximo-10-de-septiembre-neivanos-a-disfrutar-festival-neiva-territorio-rock\/#respond"]}]},{"@type":"WebPage","@id":"https:\/\/luchonoticias.com\/editor\/proximo-10-de-septiembre-neivanos-a-disfrutar-festival-neiva-territorio-rock\/","url":"https:\/\/luchonoticias.com\/editor\/proximo-10-de-septiembre-neivanos-a-disfrutar-festival-neiva-territorio-rock\/","name":"Pr\u00f3ximo 10 de septiembre neivanos a disfrutar festival \u2018Neiva territorio rock\u2019 -","isPartOf":{"@id":"https:\/\/luchonoticias.com\/editor\/#website"},"primaryImageOfPage":{"@id":"https:\/\/luchonoticias.com\/editor\/proximo-10-de-septiembre-neivanos-a-disfrutar-festival-neiva-territorio-rock\/#primaryimage"},"image":{"@id":"https:\/\/luchonoticias.com\/editor\/proximo-10-de-septiembre-neivanos-a-disfrutar-festival-neiva-territorio-rock\/#primaryimage"},"thumbnailUrl":"https:\/\/luchonoticias.com\/wp-content\/uploads\/2022\/09\/WhatsApp-Image-2022-09-06-at-11.35.48-AM-2-1024x768.jpeg","datePublished":"2022-09-06T19:27:46+00:00","dateModified":"2022-09-06T19:27:47+00:00","breadcrumb":{"@id":"https:\/\/luchonoticias.com\/editor\/proximo-10-de-septiembre-neivanos-a-disfrutar-festival-neiva-territorio-rock\/#breadcrumb"},"inLanguage":"es","potentialAction":[{"@type":"ReadAction","target":["https:\/\/luchonoticias.com\/editor\/proximo-10-de-septiembre-neivanos-a-disfrutar-festival-neiva-territorio-rock\/"]}]},{"@type":"ImageObject","inLanguage":"es","@id":"https:\/\/luchonoticias.com\/editor\/proximo-10-de-septiembre-neivanos-a-disfrutar-festival-neiva-territorio-rock\/#primaryimage","url":"https:\/\/luchonoticias.com\/wp-content\/uploads\/2022\/09\/WhatsApp-Image-2022-09-06-at-11.35.48-AM-2-1024x768.jpeg","contentUrl":"https:\/\/luchonoticias.com\/wp-content\/uploads\/2022\/09\/WhatsApp-Image-2022-09-06-at-11.35.48-AM-2-1024x768.jpeg"},{"@type":"BreadcrumbList","@id":"https:\/\/luchonoticias.com\/editor\/proximo-10-de-septiembre-neivanos-a-disfrutar-festival-neiva-territorio-rock\/#breadcrumb","itemListElement":[{"@type":"ListItem","position":1,"name":"Portada","item":"https:\/\/luchonoticias.com\/editor\/"},{"@type":"ListItem","position":2,"name":"Pr\u00f3ximo 10 de septiembre neivanos a disfrutar festival \u2018Neiva territorio rock\u2019"}]},{"@type":"WebSite","@id":"https:\/\/luchonoticias.com\/editor\/#website","url":"https:\/\/luchonoticias.com\/editor\/","name":"","description":"","publisher":{"@id":"https:\/\/luchonoticias.com\/editor\/#\/schema\/person\/7a7fd911f58561fd056dbac7b55af9cd"},"potentialAction":[{"@type":"SearchAction","target":{"@type":"EntryPoint","urlTemplate":"https:\/\/luchonoticias.com\/editor\/?s={search_term_string}"},"query-input":{"@type":"PropertyValueSpecification","valueRequired":true,"valueName":"search_term_string"}}],"inLanguage":"es"},{"@type":["Person","Organization"],"@id":"https:\/\/luchonoticias.com\/editor\/#\/schema\/person\/7a7fd911f58561fd056dbac7b55af9cd","name":"admin","image":{"@type":"ImageObject","inLanguage":"es","@id":"https:\/\/luchonoticias.com\/editor\/#\/schema\/person\/image\/","url":"https:\/\/luchonoticias.com\/editor\/wp-content\/uploads\/2024\/02\/cropped-cropped-logolu.webp","contentUrl":"https:\/\/luchonoticias.com\/editor\/wp-content\/uploads\/2024\/02\/cropped-cropped-logolu.webp","width":382,"height":170,"caption":"admin"},"logo":{"@id":"https:\/\/luchonoticias.com\/editor\/#\/schema\/person\/image\/"},"sameAs":["https:\/\/www.facebook.com\/luchonoticiasneiva"],"url":"https:\/\/luchonoticias.com\/editor\/author\/admin\/"}]}},"_links":{"self":[{"href":"https:\/\/luchonoticias.com\/editor\/wp-json\/wp\/v2\/posts\/33825","targetHints":{"allow":["GET"]}}],"collection":[{"href":"https:\/\/luchonoticias.com\/editor\/wp-json\/wp\/v2\/posts"}],"about":[{"href":"https:\/\/luchonoticias.com\/editor\/wp-json\/wp\/v2\/types\/post"}],"author":[{"embeddable":true,"href":"https:\/\/luchonoticias.com\/editor\/wp-json\/wp\/v2\/users\/1"}],"replies":[{"embeddable":true,"href":"https:\/\/luchonoticias.com\/editor\/wp-json\/wp\/v2\/comments?post=33825"}],"version-history":[{"count":0,"href":"https:\/\/luchonoticias.com\/editor\/wp-json\/wp\/v2\/posts\/33825\/revisions"}],"wp:attachment":[{"href":"https:\/\/luchonoticias.com\/editor\/wp-json\/wp\/v2\/media?parent=33825"}],"wp:term":[{"taxonomy":"category","embeddable":true,"href":"https:\/\/luchonoticias.com\/editor\/wp-json\/wp\/v2\/categories?post=33825"},{"taxonomy":"post_tag","embeddable":true,"href":"https:\/\/luchonoticias.com\/editor\/wp-json\/wp\/v2\/tags?post=33825"}],"curies":[{"name":"wp","href":"https:\/\/api.w.org\/{rel}","templated":true}]}}