{"id":33847,"date":"2022-09-07T05:06:12","date_gmt":"2022-09-07T10:06:12","guid":{"rendered":"https:\/\/luchonoticias.com\/?p=33847"},"modified":"2022-09-07T05:06:13","modified_gmt":"2022-09-07T10:06:13","slug":"preocupacion-en-el-huila-por-casos-de-suicidio","status":"publish","type":"post","link":"https:\/\/luchonoticias.com\/editor\/preocupacion-en-el-huila-por-casos-de-suicidio\/","title":{"rendered":"Preocupaci\u00f3n en el Huila por casos de suicidio"},"content":{"rendered":"\n<p>Ante los&nbsp;<strong>recientes casos de muertes auto infligidas<\/strong>&nbsp;registrados en el Huila, la&nbsp;<strong>Secretar\u00eda de Salud Departamental hace un llamado de alerta social<\/strong>&nbsp;para dar apoyo emocional frente a las situaciones de salud mental que aquejan a los huilenses.<\/p>\n\n\n\n<p><strong>Se requieren acciones contundentes<\/strong>&nbsp;desde el entorno familiar, escolar y comunitario para identificar las situaciones de crisis que se presentan en la cotidianidad de los ni\u00f1os, ni\u00f1as, adolescentes, j\u00f3venes, adultos y adultos mayores.<\/p>\n\n\n\n<p>\u201cDebe&nbsp;<strong>mejorar la escucha, la compa\u00f1\u00eda, la comunicaci\u00f3n, la comprensi\u00f3n&nbsp;<\/strong>y la calidad de tiempo que los padres le dedicamos a nuestros hijos\u201d afirm\u00f3 Luz Elcy Manrique, coordinadora del componente Salud Mental del departamento del Huila.<\/p>\n\n\n\n<p>Desde el entorno escolar&nbsp;<strong>se promueve que los docentes y la comunidad educativa activen acciones de respuesta<\/strong>&nbsp;de protecci\u00f3n acerca de los riesgos que se evidencian y que requieren atenci\u00f3n, donde tambi\u00e9n es necesario el acompa\u00f1amiento, el di\u00e1logo, el apoyo emocional y canalizaci\u00f3n hacia los servicios de salud.<\/p>\n\n\n\n<p>\u201cLlegando a los servicios de salud es importante ofrecer el canal de comunicaci\u00f3n con el Centro de Escucha Psicol\u00f3gica, estamos las 24 horas disponibles con profesionales de psicolog\u00eda en la l\u00ednea 3219073439, ante situaciones de angustia, desesperaci\u00f3n, preocupaciones que nos generen afectaci\u00f3n emocional\u201d agreg\u00f3.<\/p>\n\n\n\n<p>A semana epidemiol\u00f3gica No. 32 de 2022, el Sistema de Vigilancia epidemiol\u00f3gica ha registrado la&nbsp;<strong>notificaci\u00f3n de 513 eventos asociados a intentos de suicidio<\/strong>, identificando con nivel de riesgo alto municipios como Aipe, Colombia, Garz\u00f3n, Hobo. La Argentina, Neiva, Pitalito, Rivera, Tello y Teruel, 36 de los 37 municipios del Huila han reportado al menos un evento.&nbsp;<\/p>\n\n\n\n<p>Escuchar a tiempo, brindar apoyo emocional e incentivar la b\u00fasqueda de ayuda puede hacer la diferencia.<\/p>\n\n\n\n<p><\/p>\n","protected":false},"excerpt":{"rendered":"<p>Ante los&nbsp;recientes casos de muertes auto infligidas&nbsp;registrados en el Huila, la&nbsp;Secretar\u00eda de Salud Departamental hace un llamado de alerta social&nbsp;para dar apoyo emocional frente a las situaciones de salud mental que aquejan a los huilenses. Se requieren acciones contundentes&nbsp;desde el entorno familiar, escolar y comunitario para identificar las situaciones de crisis que se presentan en [&hellip;]<\/p>\n","protected":false},"author":1,"featured_media":0,"comment_status":"open","ping_status":"open","sticky":false,"template":"","format":"standard","meta":{"footnotes":""},"categories":[33],"tags":[],"class_list":["post-33847","post","type-post","status-publish","format-standard","hentry","category-huila"],"yoast_head":"<!-- This site is optimized with the Yoast SEO plugin v26.6 - https:\/\/yoast.com\/wordpress\/plugins\/seo\/ -->\n<title>Preocupaci\u00f3n en el Huila por casos de suicidio -<\/title>\n<meta name=\"robots\" content=\"index, follow, max-snippet:-1, max-image-preview:large, max-video-preview:-1\" \/>\n<link rel=\"canonical\" href=\"https:\/\/luchonoticias.com\/editor\/preocupacion-en-el-huila-por-casos-de-suicidio\/\" \/>\n<meta property=\"og:locale\" content=\"es_ES\" \/>\n<meta property=\"og:type\" content=\"article\" \/>\n<meta property=\"og:title\" content=\"Preocupaci\u00f3n en el Huila por casos de suicidio -\" \/>\n<meta property=\"og:url\" content=\"https:\/\/luchonoticias.com\/editor\/preocupacion-en-el-huila-por-casos-de-suicidio\/\" \/>\n<meta property=\"article:publisher\" content=\"https:\/\/www.facebook.com\/luchonoticiasneiva\" \/>\n<meta property=\"article:author\" content=\"https:\/\/www.facebook.com\/luchonoticiasneiva\" \/>\n<meta property=\"article:published_time\" content=\"2022-09-07T10:06:12+00:00\" \/>\n<meta property=\"article:modified_time\" content=\"2022-09-07T10:06:13+00:00\" \/>\n<meta name=\"author\" content=\"admin\" \/>\n<meta name=\"twitter:card\" content=\"summary_large_image\" \/>\n<meta name=\"twitter:label1\" content=\"Escrito por\" \/>\n\t<meta name=\"twitter:data1\" content=\"admin\" \/>\n\t<meta name=\"twitter:label2\" content=\"Tiempo de lectura\" \/>\n\t<meta name=\"twitter:data2\" content=\"2 minutos\" \/>\n<script type=\"application\/ld+json\" class=\"yoast-schema-graph\">{\"@context\":\"https:\/\/schema.org\",\"@graph\":[{\"@type\":\"Article\",\"@id\":\"https:\/\/luchonoticias.com\/editor\/preocupacion-en-el-huila-por-casos-de-suicidio\/#article\",\"isPartOf\":{\"@id\":\"https:\/\/luchonoticias.com\/editor\/preocupacion-en-el-huila-por-casos-de-suicidio\/\"},\"author\":{\"name\":\"admin\",\"@id\":\"https:\/\/luchonoticias.com\/editor\/#\/schema\/person\/7a7fd911f58561fd056dbac7b55af9cd\"},\"headline\":\"Preocupaci\u00f3n en el Huila por casos de suicidio\",\"datePublished\":\"2022-09-07T10:06:12+00:00\",\"dateModified\":\"2022-09-07T10:06:13+00:00\",\"mainEntityOfPage\":{\"@id\":\"https:\/\/luchonoticias.com\/editor\/preocupacion-en-el-huila-por-casos-de-suicidio\/\"},\"wordCount\":310,\"commentCount\":0,\"publisher\":{\"@id\":\"https:\/\/luchonoticias.com\/editor\/#\/schema\/person\/7a7fd911f58561fd056dbac7b55af9cd\"},\"articleSection\":[\"Huila\"],\"inLanguage\":\"es\",\"potentialAction\":[{\"@type\":\"CommentAction\",\"name\":\"Comment\",\"target\":[\"https:\/\/luchonoticias.com\/editor\/preocupacion-en-el-huila-por-casos-de-suicidio\/#respond\"]}]},{\"@type\":\"WebPage\",\"@id\":\"https:\/\/luchonoticias.com\/editor\/preocupacion-en-el-huila-por-casos-de-suicidio\/\",\"url\":\"https:\/\/luchonoticias.com\/editor\/preocupacion-en-el-huila-por-casos-de-suicidio\/\",\"name\":\"Preocupaci\u00f3n en el Huila por casos de suicidio -\",\"isPartOf\":{\"@id\":\"https:\/\/luchonoticias.com\/editor\/#website\"},\"datePublished\":\"2022-09-07T10:06:12+00:00\",\"dateModified\":\"2022-09-07T10:06:13+00:00\",\"breadcrumb\":{\"@id\":\"https:\/\/luchonoticias.com\/editor\/preocupacion-en-el-huila-por-casos-de-suicidio\/#breadcrumb\"},\"inLanguage\":\"es\",\"potentialAction\":[{\"@type\":\"ReadAction\",\"target\":[\"https:\/\/luchonoticias.com\/editor\/preocupacion-en-el-huila-por-casos-de-suicidio\/\"]}]},{\"@type\":\"BreadcrumbList\",\"@id\":\"https:\/\/luchonoticias.com\/editor\/preocupacion-en-el-huila-por-casos-de-suicidio\/#breadcrumb\",\"itemListElement\":[{\"@type\":\"ListItem\",\"position\":1,\"name\":\"Portada\",\"item\":\"https:\/\/luchonoticias.com\/editor\/\"},{\"@type\":\"ListItem\",\"position\":2,\"name\":\"Preocupaci\u00f3n en el Huila por casos de suicidio\"}]},{\"@type\":\"WebSite\",\"@id\":\"https:\/\/luchonoticias.com\/editor\/#website\",\"url\":\"https:\/\/luchonoticias.com\/editor\/\",\"name\":\"\",\"description\":\"\",\"publisher\":{\"@id\":\"https:\/\/luchonoticias.com\/editor\/#\/schema\/person\/7a7fd911f58561fd056dbac7b55af9cd\"},\"potentialAction\":[{\"@type\":\"SearchAction\",\"target\":{\"@type\":\"EntryPoint\",\"urlTemplate\":\"https:\/\/luchonoticias.com\/editor\/?s={search_term_string}\"},\"query-input\":{\"@type\":\"PropertyValueSpecification\",\"valueRequired\":true,\"valueName\":\"search_term_string\"}}],\"inLanguage\":\"es\"},{\"@type\":[\"Person\",\"Organization\"],\"@id\":\"https:\/\/luchonoticias.com\/editor\/#\/schema\/person\/7a7fd911f58561fd056dbac7b55af9cd\",\"name\":\"admin\",\"image\":{\"@type\":\"ImageObject\",\"inLanguage\":\"es\",\"@id\":\"https:\/\/luchonoticias.com\/editor\/#\/schema\/person\/image\/\",\"url\":\"https:\/\/luchonoticias.com\/editor\/wp-content\/uploads\/2024\/02\/cropped-cropped-logolu.webp\",\"contentUrl\":\"https:\/\/luchonoticias.com\/editor\/wp-content\/uploads\/2024\/02\/cropped-cropped-logolu.webp\",\"width\":382,\"height\":170,\"caption\":\"admin\"},\"logo\":{\"@id\":\"https:\/\/luchonoticias.com\/editor\/#\/schema\/person\/image\/\"},\"sameAs\":[\"https:\/\/www.facebook.com\/luchonoticiasneiva\"],\"url\":\"https:\/\/luchonoticias.com\/editor\/author\/admin\/\"}]}<\/script>\n<!-- \/ Yoast SEO plugin. -->","yoast_head_json":{"title":"Preocupaci\u00f3n en el Huila por casos de suicidio -","robots":{"index":"index","follow":"follow","max-snippet":"max-snippet:-1","max-image-preview":"max-image-preview:large","max-video-preview":"max-video-preview:-1"},"canonical":"https:\/\/luchonoticias.com\/editor\/preocupacion-en-el-huila-por-casos-de-suicidio\/","og_locale":"es_ES","og_type":"article","og_title":"Preocupaci\u00f3n en el Huila por casos de suicidio -","og_url":"https:\/\/luchonoticias.com\/editor\/preocupacion-en-el-huila-por-casos-de-suicidio\/","article_publisher":"https:\/\/www.facebook.com\/luchonoticiasneiva","article_author":"https:\/\/www.facebook.com\/luchonoticiasneiva","article_published_time":"2022-09-07T10:06:12+00:00","article_modified_time":"2022-09-07T10:06:13+00:00","author":"admin","twitter_card":"summary_large_image","twitter_misc":{"Escrito por":"admin","Tiempo de lectura":"2 minutos"},"schema":{"@context":"https:\/\/schema.org","@graph":[{"@type":"Article","@id":"https:\/\/luchonoticias.com\/editor\/preocupacion-en-el-huila-por-casos-de-suicidio\/#article","isPartOf":{"@id":"https:\/\/luchonoticias.com\/editor\/preocupacion-en-el-huila-por-casos-de-suicidio\/"},"author":{"name":"admin","@id":"https:\/\/luchonoticias.com\/editor\/#\/schema\/person\/7a7fd911f58561fd056dbac7b55af9cd"},"headline":"Preocupaci\u00f3n en el Huila por casos de suicidio","datePublished":"2022-09-07T10:06:12+00:00","dateModified":"2022-09-07T10:06:13+00:00","mainEntityOfPage":{"@id":"https:\/\/luchonoticias.com\/editor\/preocupacion-en-el-huila-por-casos-de-suicidio\/"},"wordCount":310,"commentCount":0,"publisher":{"@id":"https:\/\/luchonoticias.com\/editor\/#\/schema\/person\/7a7fd911f58561fd056dbac7b55af9cd"},"articleSection":["Huila"],"inLanguage":"es","potentialAction":[{"@type":"CommentAction","name":"Comment","target":["https:\/\/luchonoticias.com\/editor\/preocupacion-en-el-huila-por-casos-de-suicidio\/#respond"]}]},{"@type":"WebPage","@id":"https:\/\/luchonoticias.com\/editor\/preocupacion-en-el-huila-por-casos-de-suicidio\/","url":"https:\/\/luchonoticias.com\/editor\/preocupacion-en-el-huila-por-casos-de-suicidio\/","name":"Preocupaci\u00f3n en el Huila por casos de suicidio -","isPartOf":{"@id":"https:\/\/luchonoticias.com\/editor\/#website"},"datePublished":"2022-09-07T10:06:12+00:00","dateModified":"2022-09-07T10:06:13+00:00","breadcrumb":{"@id":"https:\/\/luchonoticias.com\/editor\/preocupacion-en-el-huila-por-casos-de-suicidio\/#breadcrumb"},"inLanguage":"es","potentialAction":[{"@type":"ReadAction","target":["https:\/\/luchonoticias.com\/editor\/preocupacion-en-el-huila-por-casos-de-suicidio\/"]}]},{"@type":"BreadcrumbList","@id":"https:\/\/luchonoticias.com\/editor\/preocupacion-en-el-huila-por-casos-de-suicidio\/#breadcrumb","itemListElement":[{"@type":"ListItem","position":1,"name":"Portada","item":"https:\/\/luchonoticias.com\/editor\/"},{"@type":"ListItem","position":2,"name":"Preocupaci\u00f3n en el Huila por casos de suicidio"}]},{"@type":"WebSite","@id":"https:\/\/luchonoticias.com\/editor\/#website","url":"https:\/\/luchonoticias.com\/editor\/","name":"","description":"","publisher":{"@id":"https:\/\/luchonoticias.com\/editor\/#\/schema\/person\/7a7fd911f58561fd056dbac7b55af9cd"},"potentialAction":[{"@type":"SearchAction","target":{"@type":"EntryPoint","urlTemplate":"https:\/\/luchonoticias.com\/editor\/?s={search_term_string}"},"query-input":{"@type":"PropertyValueSpecification","valueRequired":true,"valueName":"search_term_string"}}],"inLanguage":"es"},{"@type":["Person","Organization"],"@id":"https:\/\/luchonoticias.com\/editor\/#\/schema\/person\/7a7fd911f58561fd056dbac7b55af9cd","name":"admin","image":{"@type":"ImageObject","inLanguage":"es","@id":"https:\/\/luchonoticias.com\/editor\/#\/schema\/person\/image\/","url":"https:\/\/luchonoticias.com\/editor\/wp-content\/uploads\/2024\/02\/cropped-cropped-logolu.webp","contentUrl":"https:\/\/luchonoticias.com\/editor\/wp-content\/uploads\/2024\/02\/cropped-cropped-logolu.webp","width":382,"height":170,"caption":"admin"},"logo":{"@id":"https:\/\/luchonoticias.com\/editor\/#\/schema\/person\/image\/"},"sameAs":["https:\/\/www.facebook.com\/luchonoticiasneiva"],"url":"https:\/\/luchonoticias.com\/editor\/author\/admin\/"}]}},"_links":{"self":[{"href":"https:\/\/luchonoticias.com\/editor\/wp-json\/wp\/v2\/posts\/33847","targetHints":{"allow":["GET"]}}],"collection":[{"href":"https:\/\/luchonoticias.com\/editor\/wp-json\/wp\/v2\/posts"}],"about":[{"href":"https:\/\/luchonoticias.com\/editor\/wp-json\/wp\/v2\/types\/post"}],"author":[{"embeddable":true,"href":"https:\/\/luchonoticias.com\/editor\/wp-json\/wp\/v2\/users\/1"}],"replies":[{"embeddable":true,"href":"https:\/\/luchonoticias.com\/editor\/wp-json\/wp\/v2\/comments?post=33847"}],"version-history":[{"count":0,"href":"https:\/\/luchonoticias.com\/editor\/wp-json\/wp\/v2\/posts\/33847\/revisions"}],"wp:attachment":[{"href":"https:\/\/luchonoticias.com\/editor\/wp-json\/wp\/v2\/media?parent=33847"}],"wp:term":[{"taxonomy":"category","embeddable":true,"href":"https:\/\/luchonoticias.com\/editor\/wp-json\/wp\/v2\/categories?post=33847"},{"taxonomy":"post_tag","embeddable":true,"href":"https:\/\/luchonoticias.com\/editor\/wp-json\/wp\/v2\/tags?post=33847"}],"curies":[{"name":"wp","href":"https:\/\/api.w.org\/{rel}","templated":true}]}}