{"id":33853,"date":"2022-09-07T06:38:14","date_gmt":"2022-09-07T11:38:14","guid":{"rendered":"https:\/\/luchonoticias.com\/?p=33853"},"modified":"2022-09-07T06:38:15","modified_gmt":"2022-09-07T11:38:15","slug":"desde-el-7-de-agosto-en-buenaventura-27-personas-con-sus-armas-se-han-acogido-a-la-justicia-petro","status":"publish","type":"post","link":"https:\/\/luchonoticias.com\/editor\/desde-el-7-de-agosto-en-buenaventura-27-personas-con-sus-armas-se-han-acogido-a-la-justicia-petro\/","title":{"rendered":"Desde el 7 de agosto, en Buenaventura, 27 personas con sus armas se han acogido a la justicia: Petro"},"content":{"rendered":"\n<p>\u201cDesde el 7 de agosto, no ocurr\u00eda hacia atr\u00e1s, por d\u00eda viene entreg\u00e1ndose a la justicia una persona con arma. Van 27 en total. Procede el mecanismo legal, hasta ahora vigente, que es el acogimiento o sometimiento individual a la justicia, no hay otro mecanismo legal, pero es un hecho positivo\u201d.<\/p>\n\n\n\n<p>As\u00ed lo revel\u00f3 este martes el Presidente, Gustavo Petro en el desarrollo del Puesto de Mando Unificado (PMU) por la Vida, que se llev\u00f3 a cabo en Buenaventura, donde el Jefe de Estado, al lado de la comunidad, analiz\u00f3 la problem\u00e1tica del municipio y las medidas que va a adoptar el Gobierno para la atenci\u00f3n social y de seguridad de esta zona del pa\u00eds.<\/p>\n\n\n\n<figure class=\"wp-block-gallery has-nested-images columns-default is-cropped wp-block-gallery-1 is-layout-flex wp-block-gallery-is-layout-flex\">\n<figure class=\"wp-block-image size-large\"><img decoding=\"async\" data-id=\"33856\" src=\"https:\/\/luchonoticias.com\/wp-content\/uploads\/2022\/09\/WhatsApp-Image-2022-09-06-at-6.24.09-PM-1024x682.jpeg\" alt=\"\" class=\"wp-image-33856\"\/><\/figure>\n\n\n\n<figure class=\"wp-block-image size-large\"><img decoding=\"async\" data-id=\"33855\" src=\"https:\/\/luchonoticias.com\/wp-content\/uploads\/2022\/09\/WhatsApp-Image-2022-09-06-at-6.24.07-PM-1-1024x682.jpeg\" alt=\"\" class=\"wp-image-33855\"\/><\/figure>\n\n\n\n<figure class=\"wp-block-image size-large\"><img decoding=\"async\" data-id=\"33857\" src=\"https:\/\/luchonoticias.com\/wp-content\/uploads\/2022\/09\/WhatsApp-Image-2022-09-06-at-6.24.07-PM-1024x682.jpeg\" alt=\"\" class=\"wp-image-33857\"\/><\/figure>\n<\/figure>\n\n\n\n<p>En su di\u00e1logo social con los l\u00edderes y lideresas del puerto, el Mandatario calific\u00f3 esta entrega de miembros de los grupos violentos como positivo y llam\u00f3 la atenci\u00f3n que este sometimiento de 27 personas, con armas, \u201cno aparece en medios\u201d y le fue comunicado en la reuni\u00f3n que sostuvo en la ma\u00f1ana con la c\u00fapula militar y de Polic\u00eda, y los mandos regionales.<\/p>\n\n\n\n<p>Coment\u00f3, adem\u00e1s, que otro hecho que gener\u00f3 optimismo fue que \u201clos dos grupos que se dicen se disputan el territorio: \u2018Los Chotas\u2019 y \u2018Los Espartanos\u2019 tambi\u00e9n han mandado cartas diciendo que est\u00e1n dispuestos a un acogimiento a la justicia\u201d.<\/p>\n\n\n\n<figure class=\"wp-block-gallery has-nested-images columns-default is-cropped wp-block-gallery-2 is-layout-flex wp-block-gallery-is-layout-flex\">\n<figure class=\"wp-block-image size-large\"><img decoding=\"async\" data-id=\"33859\" src=\"https:\/\/luchonoticias.com\/wp-content\/uploads\/2022\/09\/WhatsApp-Image-2022-09-06-at-6.24.08-PM-1024x682.jpeg\" alt=\"\" class=\"wp-image-33859\"\/><\/figure>\n\n\n\n<figure class=\"wp-block-image size-large\"><img decoding=\"async\" data-id=\"33858\" src=\"https:\/\/luchonoticias.com\/wp-content\/uploads\/2022\/09\/WhatsApp-Image-2022-09-06-at-6.24.07-PM-2-1024x682.jpeg\" alt=\"\" class=\"wp-image-33858\"\/><\/figure>\n<\/figure>\n\n\n\n<p>\u201cCon lo cual, lo que tendr\u00edamos, y esta es la parte positiva, un escenario que podr\u00eda llevar al optimismo, en el sentido en el que los actores actuales de la violencia en el municipio de Buenaventura pudieran estar dispuestos a dejar la actividad violenta\u201d, asegur\u00f3.<\/p>\n","protected":false},"excerpt":{"rendered":"<p>\u201cDesde el 7 de agosto, no ocurr\u00eda hacia atr\u00e1s, por d\u00eda viene entreg\u00e1ndose a la justicia una persona con arma. Van 27 en total. Procede el mecanismo legal, hasta ahora vigente, que es el acogimiento o sometimiento individual a la justicia, no hay otro mecanismo legal, pero es un hecho positivo\u201d. As\u00ed lo revel\u00f3 este [&hellip;]<\/p>\n","protected":false},"author":1,"featured_media":0,"comment_status":"open","ping_status":"open","sticky":false,"template":"","format":"standard","meta":{"footnotes":""},"categories":[36,32],"tags":[],"class_list":["post-33853","post","type-post","status-publish","format-standard","hentry","category-destacado","category-nacional"],"yoast_head":"<!-- This site is optimized with the Yoast SEO plugin v26.6 - https:\/\/yoast.com\/wordpress\/plugins\/seo\/ -->\n<title>Desde el 7 de agosto, en Buenaventura, 27 personas con sus armas se han acogido a la justicia: Petro -<\/title>\n<meta name=\"robots\" content=\"index, follow, max-snippet:-1, max-image-preview:large, max-video-preview:-1\" \/>\n<link rel=\"canonical\" href=\"https:\/\/luchonoticias.com\/editor\/desde-el-7-de-agosto-en-buenaventura-27-personas-con-sus-armas-se-han-acogido-a-la-justicia-petro\/\" \/>\n<meta property=\"og:locale\" content=\"es_ES\" \/>\n<meta property=\"og:type\" content=\"article\" \/>\n<meta property=\"og:title\" content=\"Desde el 7 de agosto, en Buenaventura, 27 personas con sus armas se han acogido a la justicia: Petro -\" \/>\n<meta property=\"og:url\" content=\"https:\/\/luchonoticias.com\/editor\/desde-el-7-de-agosto-en-buenaventura-27-personas-con-sus-armas-se-han-acogido-a-la-justicia-petro\/\" \/>\n<meta property=\"article:publisher\" content=\"https:\/\/www.facebook.com\/luchonoticiasneiva\" \/>\n<meta property=\"article:author\" content=\"https:\/\/www.facebook.com\/luchonoticiasneiva\" \/>\n<meta property=\"article:published_time\" content=\"2022-09-07T11:38:14+00:00\" \/>\n<meta property=\"article:modified_time\" content=\"2022-09-07T11:38:15+00:00\" \/>\n<meta property=\"og:image\" content=\"https:\/\/luchonoticias.com\/wp-content\/uploads\/2022\/09\/WhatsApp-Image-2022-09-06-at-6.24.09-PM-1024x682.jpeg\" \/>\n<meta name=\"author\" content=\"admin\" \/>\n<meta name=\"twitter:card\" content=\"summary_large_image\" \/>\n<meta name=\"twitter:label1\" content=\"Escrito por\" \/>\n\t<meta name=\"twitter:data1\" content=\"admin\" \/>\n\t<meta name=\"twitter:label2\" content=\"Tiempo de lectura\" \/>\n\t<meta name=\"twitter:data2\" content=\"1 minuto\" \/>\n<script type=\"application\/ld+json\" class=\"yoast-schema-graph\">{\"@context\":\"https:\/\/schema.org\",\"@graph\":[{\"@type\":\"Article\",\"@id\":\"https:\/\/luchonoticias.com\/editor\/desde-el-7-de-agosto-en-buenaventura-27-personas-con-sus-armas-se-han-acogido-a-la-justicia-petro\/#article\",\"isPartOf\":{\"@id\":\"https:\/\/luchonoticias.com\/editor\/desde-el-7-de-agosto-en-buenaventura-27-personas-con-sus-armas-se-han-acogido-a-la-justicia-petro\/\"},\"author\":{\"name\":\"admin\",\"@id\":\"https:\/\/luchonoticias.com\/editor\/#\/schema\/person\/7a7fd911f58561fd056dbac7b55af9cd\"},\"headline\":\"Desde el 7 de agosto, en Buenaventura, 27 personas con sus armas se han acogido a la justicia: Petro\",\"datePublished\":\"2022-09-07T11:38:14+00:00\",\"dateModified\":\"2022-09-07T11:38:15+00:00\",\"mainEntityOfPage\":{\"@id\":\"https:\/\/luchonoticias.com\/editor\/desde-el-7-de-agosto-en-buenaventura-27-personas-con-sus-armas-se-han-acogido-a-la-justicia-petro\/\"},\"wordCount\":295,\"commentCount\":0,\"publisher\":{\"@id\":\"https:\/\/luchonoticias.com\/editor\/#\/schema\/person\/7a7fd911f58561fd056dbac7b55af9cd\"},\"image\":{\"@id\":\"https:\/\/luchonoticias.com\/editor\/desde-el-7-de-agosto-en-buenaventura-27-personas-con-sus-armas-se-han-acogido-a-la-justicia-petro\/#primaryimage\"},\"thumbnailUrl\":\"https:\/\/luchonoticias.com\/wp-content\/uploads\/2022\/09\/WhatsApp-Image-2022-09-06-at-6.24.09-PM-1024x682.jpeg\",\"articleSection\":[\"Destacado\",\"Nacional\"],\"inLanguage\":\"es\",\"potentialAction\":[{\"@type\":\"CommentAction\",\"name\":\"Comment\",\"target\":[\"https:\/\/luchonoticias.com\/editor\/desde-el-7-de-agosto-en-buenaventura-27-personas-con-sus-armas-se-han-acogido-a-la-justicia-petro\/#respond\"]}]},{\"@type\":\"WebPage\",\"@id\":\"https:\/\/luchonoticias.com\/editor\/desde-el-7-de-agosto-en-buenaventura-27-personas-con-sus-armas-se-han-acogido-a-la-justicia-petro\/\",\"url\":\"https:\/\/luchonoticias.com\/editor\/desde-el-7-de-agosto-en-buenaventura-27-personas-con-sus-armas-se-han-acogido-a-la-justicia-petro\/\",\"name\":\"Desde el 7 de agosto, en Buenaventura, 27 personas con sus armas se han acogido a la justicia: Petro -\",\"isPartOf\":{\"@id\":\"https:\/\/luchonoticias.com\/editor\/#website\"},\"primaryImageOfPage\":{\"@id\":\"https:\/\/luchonoticias.com\/editor\/desde-el-7-de-agosto-en-buenaventura-27-personas-con-sus-armas-se-han-acogido-a-la-justicia-petro\/#primaryimage\"},\"image\":{\"@id\":\"https:\/\/luchonoticias.com\/editor\/desde-el-7-de-agosto-en-buenaventura-27-personas-con-sus-armas-se-han-acogido-a-la-justicia-petro\/#primaryimage\"},\"thumbnailUrl\":\"https:\/\/luchonoticias.com\/wp-content\/uploads\/2022\/09\/WhatsApp-Image-2022-09-06-at-6.24.09-PM-1024x682.jpeg\",\"datePublished\":\"2022-09-07T11:38:14+00:00\",\"dateModified\":\"2022-09-07T11:38:15+00:00\",\"breadcrumb\":{\"@id\":\"https:\/\/luchonoticias.com\/editor\/desde-el-7-de-agosto-en-buenaventura-27-personas-con-sus-armas-se-han-acogido-a-la-justicia-petro\/#breadcrumb\"},\"inLanguage\":\"es\",\"potentialAction\":[{\"@type\":\"ReadAction\",\"target\":[\"https:\/\/luchonoticias.com\/editor\/desde-el-7-de-agosto-en-buenaventura-27-personas-con-sus-armas-se-han-acogido-a-la-justicia-petro\/\"]}]},{\"@type\":\"ImageObject\",\"inLanguage\":\"es\",\"@id\":\"https:\/\/luchonoticias.com\/editor\/desde-el-7-de-agosto-en-buenaventura-27-personas-con-sus-armas-se-han-acogido-a-la-justicia-petro\/#primaryimage\",\"url\":\"https:\/\/luchonoticias.com\/wp-content\/uploads\/2022\/09\/WhatsApp-Image-2022-09-06-at-6.24.09-PM-1024x682.jpeg\",\"contentUrl\":\"https:\/\/luchonoticias.com\/wp-content\/uploads\/2022\/09\/WhatsApp-Image-2022-09-06-at-6.24.09-PM-1024x682.jpeg\"},{\"@type\":\"BreadcrumbList\",\"@id\":\"https:\/\/luchonoticias.com\/editor\/desde-el-7-de-agosto-en-buenaventura-27-personas-con-sus-armas-se-han-acogido-a-la-justicia-petro\/#breadcrumb\",\"itemListElement\":[{\"@type\":\"ListItem\",\"position\":1,\"name\":\"Portada\",\"item\":\"https:\/\/luchonoticias.com\/editor\/\"},{\"@type\":\"ListItem\",\"position\":2,\"name\":\"Desde el 7 de agosto, en Buenaventura, 27 personas con sus armas se han acogido a la justicia: Petro\"}]},{\"@type\":\"WebSite\",\"@id\":\"https:\/\/luchonoticias.com\/editor\/#website\",\"url\":\"https:\/\/luchonoticias.com\/editor\/\",\"name\":\"\",\"description\":\"\",\"publisher\":{\"@id\":\"https:\/\/luchonoticias.com\/editor\/#\/schema\/person\/7a7fd911f58561fd056dbac7b55af9cd\"},\"potentialAction\":[{\"@type\":\"SearchAction\",\"target\":{\"@type\":\"EntryPoint\",\"urlTemplate\":\"https:\/\/luchonoticias.com\/editor\/?s={search_term_string}\"},\"query-input\":{\"@type\":\"PropertyValueSpecification\",\"valueRequired\":true,\"valueName\":\"search_term_string\"}}],\"inLanguage\":\"es\"},{\"@type\":[\"Person\",\"Organization\"],\"@id\":\"https:\/\/luchonoticias.com\/editor\/#\/schema\/person\/7a7fd911f58561fd056dbac7b55af9cd\",\"name\":\"admin\",\"image\":{\"@type\":\"ImageObject\",\"inLanguage\":\"es\",\"@id\":\"https:\/\/luchonoticias.com\/editor\/#\/schema\/person\/image\/\",\"url\":\"https:\/\/luchonoticias.com\/editor\/wp-content\/uploads\/2024\/02\/cropped-cropped-logolu.webp\",\"contentUrl\":\"https:\/\/luchonoticias.com\/editor\/wp-content\/uploads\/2024\/02\/cropped-cropped-logolu.webp\",\"width\":382,\"height\":170,\"caption\":\"admin\"},\"logo\":{\"@id\":\"https:\/\/luchonoticias.com\/editor\/#\/schema\/person\/image\/\"},\"sameAs\":[\"https:\/\/www.facebook.com\/luchonoticiasneiva\"],\"url\":\"https:\/\/luchonoticias.com\/editor\/author\/admin\/\"}]}<\/script>\n<!-- \/ Yoast SEO plugin. -->","yoast_head_json":{"title":"Desde el 7 de agosto, en Buenaventura, 27 personas con sus armas se han acogido a la justicia: Petro -","robots":{"index":"index","follow":"follow","max-snippet":"max-snippet:-1","max-image-preview":"max-image-preview:large","max-video-preview":"max-video-preview:-1"},"canonical":"https:\/\/luchonoticias.com\/editor\/desde-el-7-de-agosto-en-buenaventura-27-personas-con-sus-armas-se-han-acogido-a-la-justicia-petro\/","og_locale":"es_ES","og_type":"article","og_title":"Desde el 7 de agosto, en Buenaventura, 27 personas con sus armas se han acogido a la justicia: Petro -","og_url":"https:\/\/luchonoticias.com\/editor\/desde-el-7-de-agosto-en-buenaventura-27-personas-con-sus-armas-se-han-acogido-a-la-justicia-petro\/","article_publisher":"https:\/\/www.facebook.com\/luchonoticiasneiva","article_author":"https:\/\/www.facebook.com\/luchonoticiasneiva","article_published_time":"2022-09-07T11:38:14+00:00","article_modified_time":"2022-09-07T11:38:15+00:00","og_image":[{"url":"https:\/\/luchonoticias.com\/wp-content\/uploads\/2022\/09\/WhatsApp-Image-2022-09-06-at-6.24.09-PM-1024x682.jpeg","type":"","width":"","height":""}],"author":"admin","twitter_card":"summary_large_image","twitter_misc":{"Escrito por":"admin","Tiempo de lectura":"1 minuto"},"schema":{"@context":"https:\/\/schema.org","@graph":[{"@type":"Article","@id":"https:\/\/luchonoticias.com\/editor\/desde-el-7-de-agosto-en-buenaventura-27-personas-con-sus-armas-se-han-acogido-a-la-justicia-petro\/#article","isPartOf":{"@id":"https:\/\/luchonoticias.com\/editor\/desde-el-7-de-agosto-en-buenaventura-27-personas-con-sus-armas-se-han-acogido-a-la-justicia-petro\/"},"author":{"name":"admin","@id":"https:\/\/luchonoticias.com\/editor\/#\/schema\/person\/7a7fd911f58561fd056dbac7b55af9cd"},"headline":"Desde el 7 de agosto, en Buenaventura, 27 personas con sus armas se han acogido a la justicia: Petro","datePublished":"2022-09-07T11:38:14+00:00","dateModified":"2022-09-07T11:38:15+00:00","mainEntityOfPage":{"@id":"https:\/\/luchonoticias.com\/editor\/desde-el-7-de-agosto-en-buenaventura-27-personas-con-sus-armas-se-han-acogido-a-la-justicia-petro\/"},"wordCount":295,"commentCount":0,"publisher":{"@id":"https:\/\/luchonoticias.com\/editor\/#\/schema\/person\/7a7fd911f58561fd056dbac7b55af9cd"},"image":{"@id":"https:\/\/luchonoticias.com\/editor\/desde-el-7-de-agosto-en-buenaventura-27-personas-con-sus-armas-se-han-acogido-a-la-justicia-petro\/#primaryimage"},"thumbnailUrl":"https:\/\/luchonoticias.com\/wp-content\/uploads\/2022\/09\/WhatsApp-Image-2022-09-06-at-6.24.09-PM-1024x682.jpeg","articleSection":["Destacado","Nacional"],"inLanguage":"es","potentialAction":[{"@type":"CommentAction","name":"Comment","target":["https:\/\/luchonoticias.com\/editor\/desde-el-7-de-agosto-en-buenaventura-27-personas-con-sus-armas-se-han-acogido-a-la-justicia-petro\/#respond"]}]},{"@type":"WebPage","@id":"https:\/\/luchonoticias.com\/editor\/desde-el-7-de-agosto-en-buenaventura-27-personas-con-sus-armas-se-han-acogido-a-la-justicia-petro\/","url":"https:\/\/luchonoticias.com\/editor\/desde-el-7-de-agosto-en-buenaventura-27-personas-con-sus-armas-se-han-acogido-a-la-justicia-petro\/","name":"Desde el 7 de agosto, en Buenaventura, 27 personas con sus armas se han acogido a la justicia: Petro -","isPartOf":{"@id":"https:\/\/luchonoticias.com\/editor\/#website"},"primaryImageOfPage":{"@id":"https:\/\/luchonoticias.com\/editor\/desde-el-7-de-agosto-en-buenaventura-27-personas-con-sus-armas-se-han-acogido-a-la-justicia-petro\/#primaryimage"},"image":{"@id":"https:\/\/luchonoticias.com\/editor\/desde-el-7-de-agosto-en-buenaventura-27-personas-con-sus-armas-se-han-acogido-a-la-justicia-petro\/#primaryimage"},"thumbnailUrl":"https:\/\/luchonoticias.com\/wp-content\/uploads\/2022\/09\/WhatsApp-Image-2022-09-06-at-6.24.09-PM-1024x682.jpeg","datePublished":"2022-09-07T11:38:14+00:00","dateModified":"2022-09-07T11:38:15+00:00","breadcrumb":{"@id":"https:\/\/luchonoticias.com\/editor\/desde-el-7-de-agosto-en-buenaventura-27-personas-con-sus-armas-se-han-acogido-a-la-justicia-petro\/#breadcrumb"},"inLanguage":"es","potentialAction":[{"@type":"ReadAction","target":["https:\/\/luchonoticias.com\/editor\/desde-el-7-de-agosto-en-buenaventura-27-personas-con-sus-armas-se-han-acogido-a-la-justicia-petro\/"]}]},{"@type":"ImageObject","inLanguage":"es","@id":"https:\/\/luchonoticias.com\/editor\/desde-el-7-de-agosto-en-buenaventura-27-personas-con-sus-armas-se-han-acogido-a-la-justicia-petro\/#primaryimage","url":"https:\/\/luchonoticias.com\/wp-content\/uploads\/2022\/09\/WhatsApp-Image-2022-09-06-at-6.24.09-PM-1024x682.jpeg","contentUrl":"https:\/\/luchonoticias.com\/wp-content\/uploads\/2022\/09\/WhatsApp-Image-2022-09-06-at-6.24.09-PM-1024x682.jpeg"},{"@type":"BreadcrumbList","@id":"https:\/\/luchonoticias.com\/editor\/desde-el-7-de-agosto-en-buenaventura-27-personas-con-sus-armas-se-han-acogido-a-la-justicia-petro\/#breadcrumb","itemListElement":[{"@type":"ListItem","position":1,"name":"Portada","item":"https:\/\/luchonoticias.com\/editor\/"},{"@type":"ListItem","position":2,"name":"Desde el 7 de agosto, en Buenaventura, 27 personas con sus armas se han acogido a la justicia: Petro"}]},{"@type":"WebSite","@id":"https:\/\/luchonoticias.com\/editor\/#website","url":"https:\/\/luchonoticias.com\/editor\/","name":"","description":"","publisher":{"@id":"https:\/\/luchonoticias.com\/editor\/#\/schema\/person\/7a7fd911f58561fd056dbac7b55af9cd"},"potentialAction":[{"@type":"SearchAction","target":{"@type":"EntryPoint","urlTemplate":"https:\/\/luchonoticias.com\/editor\/?s={search_term_string}"},"query-input":{"@type":"PropertyValueSpecification","valueRequired":true,"valueName":"search_term_string"}}],"inLanguage":"es"},{"@type":["Person","Organization"],"@id":"https:\/\/luchonoticias.com\/editor\/#\/schema\/person\/7a7fd911f58561fd056dbac7b55af9cd","name":"admin","image":{"@type":"ImageObject","inLanguage":"es","@id":"https:\/\/luchonoticias.com\/editor\/#\/schema\/person\/image\/","url":"https:\/\/luchonoticias.com\/editor\/wp-content\/uploads\/2024\/02\/cropped-cropped-logolu.webp","contentUrl":"https:\/\/luchonoticias.com\/editor\/wp-content\/uploads\/2024\/02\/cropped-cropped-logolu.webp","width":382,"height":170,"caption":"admin"},"logo":{"@id":"https:\/\/luchonoticias.com\/editor\/#\/schema\/person\/image\/"},"sameAs":["https:\/\/www.facebook.com\/luchonoticiasneiva"],"url":"https:\/\/luchonoticias.com\/editor\/author\/admin\/"}]}},"_links":{"self":[{"href":"https:\/\/luchonoticias.com\/editor\/wp-json\/wp\/v2\/posts\/33853","targetHints":{"allow":["GET"]}}],"collection":[{"href":"https:\/\/luchonoticias.com\/editor\/wp-json\/wp\/v2\/posts"}],"about":[{"href":"https:\/\/luchonoticias.com\/editor\/wp-json\/wp\/v2\/types\/post"}],"author":[{"embeddable":true,"href":"https:\/\/luchonoticias.com\/editor\/wp-json\/wp\/v2\/users\/1"}],"replies":[{"embeddable":true,"href":"https:\/\/luchonoticias.com\/editor\/wp-json\/wp\/v2\/comments?post=33853"}],"version-history":[{"count":0,"href":"https:\/\/luchonoticias.com\/editor\/wp-json\/wp\/v2\/posts\/33853\/revisions"}],"wp:attachment":[{"href":"https:\/\/luchonoticias.com\/editor\/wp-json\/wp\/v2\/media?parent=33853"}],"wp:term":[{"taxonomy":"category","embeddable":true,"href":"https:\/\/luchonoticias.com\/editor\/wp-json\/wp\/v2\/categories?post=33853"},{"taxonomy":"post_tag","embeddable":true,"href":"https:\/\/luchonoticias.com\/editor\/wp-json\/wp\/v2\/tags?post=33853"}],"curies":[{"name":"wp","href":"https:\/\/api.w.org\/{rel}","templated":true}]}}