{"id":33890,"date":"2022-09-07T07:37:05","date_gmt":"2022-09-07T12:37:05","guid":{"rendered":"https:\/\/luchonoticias.com\/?p=33890"},"modified":"2022-09-07T07:37:06","modified_gmt":"2022-09-07T12:37:06","slug":"notificados-invasores-de-el-caguan-de-audiencia-publica","status":"publish","type":"post","link":"https:\/\/luchonoticias.com\/editor\/notificados-invasores-de-el-caguan-de-audiencia-publica\/","title":{"rendered":"Notificados invasores de El Cagu\u00e1n, de audiencia p\u00fablica"},"content":{"rendered":"\n<p>Debido a la imposibilidad de identificar a cada una de las familias asentadas en un lote ubicado en la v\u00eda Neiva, Cagu\u00e1n; el corregidor Carlos Cort\u00e9s, notific\u00f3 a trav\u00e9s de una valla, a dicha comunidad, de la audiencia p\u00fablica que se realizar\u00e1 este jueves 8 de septiembre, para establecer el futuro de esta invasi\u00f3n.<\/p>\n\n\n\n<p>La notificaci\u00f3n mediante valla se da, entre otras cosas porque dicha comunidad no permiti\u00f3 la realizaci\u00f3n de un censo la semana pasada, que hab\u00eda sido establecido, tras di\u00e1logo sostenido entre el alcalde Gorky Mu\u00f1oz y los invasores.<\/p>\n\n\n\n<figure class=\"wp-block-image size-large\"><img decoding=\"async\" src=\"https:\/\/luchonoticias.com\/wp-content\/uploads\/2022\/09\/WhatsApp-Image-2022-09-07-at-7.34.24-AM-1024x576.jpeg\" alt=\"\" class=\"wp-image-33892\"\/><\/figure>\n\n\n\n<p>En la notificaci\u00f3n, la corregidur\u00eda, como autoridad de la poblaci\u00f3n, establece que la audiencia p\u00fablica, se da como parte del proceso policivo que genera la invasi\u00f3n de un terreno de propiedad privada, que de acuerdo a la Ley 1801 de 2016, en su art\u00edculo 77, se considera como un comportamiento contrario a la convivencia.<\/p>\n\n\n\n<p>En ese sentido, la audiencia, como procedimiento verbal establecido en el art\u00edculo 233 de la Ley 1801, permitir\u00e1 definir la suerte de estas familias que invadieron el predio Los Guacimos, ubicado en este corregimiento.<\/p>\n\n\n\n<figure class=\"wp-block-image size-large\"><img decoding=\"async\" src=\"https:\/\/luchonoticias.com\/wp-content\/uploads\/2022\/09\/WhatsApp-Image-2022-09-07-at-7.34.23-AM-1-1024x768.jpeg\" alt=\"\" class=\"wp-image-33893\"\/><\/figure>\n\n\n\n<p>La valla de notificaci\u00f3n fue instalada el pasado martes para que las familias asentadas all\u00ed, tengan conocimiento.<\/p>\n","protected":false},"excerpt":{"rendered":"<p>Debido a la imposibilidad de identificar a cada una de las familias asentadas en un lote ubicado en la v\u00eda Neiva, Cagu\u00e1n; el corregidor Carlos Cort\u00e9s, notific\u00f3 a trav\u00e9s de una valla, a dicha comunidad, de la audiencia p\u00fablica que se realizar\u00e1 este jueves 8 de septiembre, para establecer el futuro de esta invasi\u00f3n. La [&hellip;]<\/p>\n","protected":false},"author":1,"featured_media":0,"comment_status":"open","ping_status":"open","sticky":false,"template":"","format":"standard","meta":{"footnotes":""},"categories":[36,53],"tags":[],"class_list":["post-33890","post","type-post","status-publish","format-standard","hentry","category-destacado","category-neiva"],"yoast_head":"<!-- This site is optimized with the Yoast SEO plugin v26.6 - https:\/\/yoast.com\/wordpress\/plugins\/seo\/ -->\n<title>Notificados invasores de El Cagu\u00e1n, de audiencia p\u00fablica -<\/title>\n<meta name=\"robots\" content=\"index, follow, max-snippet:-1, max-image-preview:large, max-video-preview:-1\" \/>\n<link rel=\"canonical\" href=\"https:\/\/luchonoticias.com\/editor\/notificados-invasores-de-el-caguan-de-audiencia-publica\/\" \/>\n<meta property=\"og:locale\" content=\"es_ES\" \/>\n<meta property=\"og:type\" content=\"article\" \/>\n<meta property=\"og:title\" content=\"Notificados invasores de El Cagu\u00e1n, de audiencia p\u00fablica -\" \/>\n<meta property=\"og:url\" content=\"https:\/\/luchonoticias.com\/editor\/notificados-invasores-de-el-caguan-de-audiencia-publica\/\" \/>\n<meta property=\"article:publisher\" content=\"https:\/\/www.facebook.com\/luchonoticiasneiva\" \/>\n<meta property=\"article:author\" content=\"https:\/\/www.facebook.com\/luchonoticiasneiva\" \/>\n<meta property=\"article:published_time\" content=\"2022-09-07T12:37:05+00:00\" \/>\n<meta property=\"article:modified_time\" content=\"2022-09-07T12:37:06+00:00\" \/>\n<meta property=\"og:image\" content=\"https:\/\/luchonoticias.com\/wp-content\/uploads\/2022\/09\/WhatsApp-Image-2022-09-07-at-7.34.24-AM-1024x576.jpeg\" \/>\n<meta name=\"author\" content=\"admin\" \/>\n<meta name=\"twitter:card\" content=\"summary_large_image\" \/>\n<meta name=\"twitter:label1\" content=\"Escrito por\" \/>\n\t<meta name=\"twitter:data1\" content=\"admin\" \/>\n\t<meta name=\"twitter:label2\" content=\"Tiempo de lectura\" \/>\n\t<meta name=\"twitter:data2\" content=\"1 minuto\" \/>\n<script type=\"application\/ld+json\" class=\"yoast-schema-graph\">{\"@context\":\"https:\/\/schema.org\",\"@graph\":[{\"@type\":\"Article\",\"@id\":\"https:\/\/luchonoticias.com\/editor\/notificados-invasores-de-el-caguan-de-audiencia-publica\/#article\",\"isPartOf\":{\"@id\":\"https:\/\/luchonoticias.com\/editor\/notificados-invasores-de-el-caguan-de-audiencia-publica\/\"},\"author\":{\"name\":\"admin\",\"@id\":\"https:\/\/luchonoticias.com\/editor\/#\/schema\/person\/7a7fd911f58561fd056dbac7b55af9cd\"},\"headline\":\"Notificados invasores de El Cagu\u00e1n, de audiencia p\u00fablica\",\"datePublished\":\"2022-09-07T12:37:05+00:00\",\"dateModified\":\"2022-09-07T12:37:06+00:00\",\"mainEntityOfPage\":{\"@id\":\"https:\/\/luchonoticias.com\/editor\/notificados-invasores-de-el-caguan-de-audiencia-publica\/\"},\"wordCount\":219,\"commentCount\":0,\"publisher\":{\"@id\":\"https:\/\/luchonoticias.com\/editor\/#\/schema\/person\/7a7fd911f58561fd056dbac7b55af9cd\"},\"image\":{\"@id\":\"https:\/\/luchonoticias.com\/editor\/notificados-invasores-de-el-caguan-de-audiencia-publica\/#primaryimage\"},\"thumbnailUrl\":\"https:\/\/luchonoticias.com\/wp-content\/uploads\/2022\/09\/WhatsApp-Image-2022-09-07-at-7.34.24-AM-1024x576.jpeg\",\"articleSection\":[\"Destacado\",\"Neiva\"],\"inLanguage\":\"es\",\"potentialAction\":[{\"@type\":\"CommentAction\",\"name\":\"Comment\",\"target\":[\"https:\/\/luchonoticias.com\/editor\/notificados-invasores-de-el-caguan-de-audiencia-publica\/#respond\"]}]},{\"@type\":\"WebPage\",\"@id\":\"https:\/\/luchonoticias.com\/editor\/notificados-invasores-de-el-caguan-de-audiencia-publica\/\",\"url\":\"https:\/\/luchonoticias.com\/editor\/notificados-invasores-de-el-caguan-de-audiencia-publica\/\",\"name\":\"Notificados invasores de El Cagu\u00e1n, de audiencia p\u00fablica -\",\"isPartOf\":{\"@id\":\"https:\/\/luchonoticias.com\/editor\/#website\"},\"primaryImageOfPage\":{\"@id\":\"https:\/\/luchonoticias.com\/editor\/notificados-invasores-de-el-caguan-de-audiencia-publica\/#primaryimage\"},\"image\":{\"@id\":\"https:\/\/luchonoticias.com\/editor\/notificados-invasores-de-el-caguan-de-audiencia-publica\/#primaryimage\"},\"thumbnailUrl\":\"https:\/\/luchonoticias.com\/wp-content\/uploads\/2022\/09\/WhatsApp-Image-2022-09-07-at-7.34.24-AM-1024x576.jpeg\",\"datePublished\":\"2022-09-07T12:37:05+00:00\",\"dateModified\":\"2022-09-07T12:37:06+00:00\",\"breadcrumb\":{\"@id\":\"https:\/\/luchonoticias.com\/editor\/notificados-invasores-de-el-caguan-de-audiencia-publica\/#breadcrumb\"},\"inLanguage\":\"es\",\"potentialAction\":[{\"@type\":\"ReadAction\",\"target\":[\"https:\/\/luchonoticias.com\/editor\/notificados-invasores-de-el-caguan-de-audiencia-publica\/\"]}]},{\"@type\":\"ImageObject\",\"inLanguage\":\"es\",\"@id\":\"https:\/\/luchonoticias.com\/editor\/notificados-invasores-de-el-caguan-de-audiencia-publica\/#primaryimage\",\"url\":\"https:\/\/luchonoticias.com\/wp-content\/uploads\/2022\/09\/WhatsApp-Image-2022-09-07-at-7.34.24-AM-1024x576.jpeg\",\"contentUrl\":\"https:\/\/luchonoticias.com\/wp-content\/uploads\/2022\/09\/WhatsApp-Image-2022-09-07-at-7.34.24-AM-1024x576.jpeg\"},{\"@type\":\"BreadcrumbList\",\"@id\":\"https:\/\/luchonoticias.com\/editor\/notificados-invasores-de-el-caguan-de-audiencia-publica\/#breadcrumb\",\"itemListElement\":[{\"@type\":\"ListItem\",\"position\":1,\"name\":\"Portada\",\"item\":\"https:\/\/luchonoticias.com\/editor\/\"},{\"@type\":\"ListItem\",\"position\":2,\"name\":\"Notificados invasores de El Cagu\u00e1n, de audiencia p\u00fablica\"}]},{\"@type\":\"WebSite\",\"@id\":\"https:\/\/luchonoticias.com\/editor\/#website\",\"url\":\"https:\/\/luchonoticias.com\/editor\/\",\"name\":\"\",\"description\":\"\",\"publisher\":{\"@id\":\"https:\/\/luchonoticias.com\/editor\/#\/schema\/person\/7a7fd911f58561fd056dbac7b55af9cd\"},\"potentialAction\":[{\"@type\":\"SearchAction\",\"target\":{\"@type\":\"EntryPoint\",\"urlTemplate\":\"https:\/\/luchonoticias.com\/editor\/?s={search_term_string}\"},\"query-input\":{\"@type\":\"PropertyValueSpecification\",\"valueRequired\":true,\"valueName\":\"search_term_string\"}}],\"inLanguage\":\"es\"},{\"@type\":[\"Person\",\"Organization\"],\"@id\":\"https:\/\/luchonoticias.com\/editor\/#\/schema\/person\/7a7fd911f58561fd056dbac7b55af9cd\",\"name\":\"admin\",\"image\":{\"@type\":\"ImageObject\",\"inLanguage\":\"es\",\"@id\":\"https:\/\/luchonoticias.com\/editor\/#\/schema\/person\/image\/\",\"url\":\"https:\/\/luchonoticias.com\/editor\/wp-content\/uploads\/2024\/02\/cropped-cropped-logolu.webp\",\"contentUrl\":\"https:\/\/luchonoticias.com\/editor\/wp-content\/uploads\/2024\/02\/cropped-cropped-logolu.webp\",\"width\":382,\"height\":170,\"caption\":\"admin\"},\"logo\":{\"@id\":\"https:\/\/luchonoticias.com\/editor\/#\/schema\/person\/image\/\"},\"sameAs\":[\"https:\/\/www.facebook.com\/luchonoticiasneiva\"],\"url\":\"https:\/\/luchonoticias.com\/editor\/author\/admin\/\"}]}<\/script>\n<!-- \/ Yoast SEO plugin. -->","yoast_head_json":{"title":"Notificados invasores de El Cagu\u00e1n, de audiencia p\u00fablica -","robots":{"index":"index","follow":"follow","max-snippet":"max-snippet:-1","max-image-preview":"max-image-preview:large","max-video-preview":"max-video-preview:-1"},"canonical":"https:\/\/luchonoticias.com\/editor\/notificados-invasores-de-el-caguan-de-audiencia-publica\/","og_locale":"es_ES","og_type":"article","og_title":"Notificados invasores de El Cagu\u00e1n, de audiencia p\u00fablica -","og_url":"https:\/\/luchonoticias.com\/editor\/notificados-invasores-de-el-caguan-de-audiencia-publica\/","article_publisher":"https:\/\/www.facebook.com\/luchonoticiasneiva","article_author":"https:\/\/www.facebook.com\/luchonoticiasneiva","article_published_time":"2022-09-07T12:37:05+00:00","article_modified_time":"2022-09-07T12:37:06+00:00","og_image":[{"url":"https:\/\/luchonoticias.com\/wp-content\/uploads\/2022\/09\/WhatsApp-Image-2022-09-07-at-7.34.24-AM-1024x576.jpeg","type":"","width":"","height":""}],"author":"admin","twitter_card":"summary_large_image","twitter_misc":{"Escrito por":"admin","Tiempo de lectura":"1 minuto"},"schema":{"@context":"https:\/\/schema.org","@graph":[{"@type":"Article","@id":"https:\/\/luchonoticias.com\/editor\/notificados-invasores-de-el-caguan-de-audiencia-publica\/#article","isPartOf":{"@id":"https:\/\/luchonoticias.com\/editor\/notificados-invasores-de-el-caguan-de-audiencia-publica\/"},"author":{"name":"admin","@id":"https:\/\/luchonoticias.com\/editor\/#\/schema\/person\/7a7fd911f58561fd056dbac7b55af9cd"},"headline":"Notificados invasores de El Cagu\u00e1n, de audiencia p\u00fablica","datePublished":"2022-09-07T12:37:05+00:00","dateModified":"2022-09-07T12:37:06+00:00","mainEntityOfPage":{"@id":"https:\/\/luchonoticias.com\/editor\/notificados-invasores-de-el-caguan-de-audiencia-publica\/"},"wordCount":219,"commentCount":0,"publisher":{"@id":"https:\/\/luchonoticias.com\/editor\/#\/schema\/person\/7a7fd911f58561fd056dbac7b55af9cd"},"image":{"@id":"https:\/\/luchonoticias.com\/editor\/notificados-invasores-de-el-caguan-de-audiencia-publica\/#primaryimage"},"thumbnailUrl":"https:\/\/luchonoticias.com\/wp-content\/uploads\/2022\/09\/WhatsApp-Image-2022-09-07-at-7.34.24-AM-1024x576.jpeg","articleSection":["Destacado","Neiva"],"inLanguage":"es","potentialAction":[{"@type":"CommentAction","name":"Comment","target":["https:\/\/luchonoticias.com\/editor\/notificados-invasores-de-el-caguan-de-audiencia-publica\/#respond"]}]},{"@type":"WebPage","@id":"https:\/\/luchonoticias.com\/editor\/notificados-invasores-de-el-caguan-de-audiencia-publica\/","url":"https:\/\/luchonoticias.com\/editor\/notificados-invasores-de-el-caguan-de-audiencia-publica\/","name":"Notificados invasores de El Cagu\u00e1n, de audiencia p\u00fablica -","isPartOf":{"@id":"https:\/\/luchonoticias.com\/editor\/#website"},"primaryImageOfPage":{"@id":"https:\/\/luchonoticias.com\/editor\/notificados-invasores-de-el-caguan-de-audiencia-publica\/#primaryimage"},"image":{"@id":"https:\/\/luchonoticias.com\/editor\/notificados-invasores-de-el-caguan-de-audiencia-publica\/#primaryimage"},"thumbnailUrl":"https:\/\/luchonoticias.com\/wp-content\/uploads\/2022\/09\/WhatsApp-Image-2022-09-07-at-7.34.24-AM-1024x576.jpeg","datePublished":"2022-09-07T12:37:05+00:00","dateModified":"2022-09-07T12:37:06+00:00","breadcrumb":{"@id":"https:\/\/luchonoticias.com\/editor\/notificados-invasores-de-el-caguan-de-audiencia-publica\/#breadcrumb"},"inLanguage":"es","potentialAction":[{"@type":"ReadAction","target":["https:\/\/luchonoticias.com\/editor\/notificados-invasores-de-el-caguan-de-audiencia-publica\/"]}]},{"@type":"ImageObject","inLanguage":"es","@id":"https:\/\/luchonoticias.com\/editor\/notificados-invasores-de-el-caguan-de-audiencia-publica\/#primaryimage","url":"https:\/\/luchonoticias.com\/wp-content\/uploads\/2022\/09\/WhatsApp-Image-2022-09-07-at-7.34.24-AM-1024x576.jpeg","contentUrl":"https:\/\/luchonoticias.com\/wp-content\/uploads\/2022\/09\/WhatsApp-Image-2022-09-07-at-7.34.24-AM-1024x576.jpeg"},{"@type":"BreadcrumbList","@id":"https:\/\/luchonoticias.com\/editor\/notificados-invasores-de-el-caguan-de-audiencia-publica\/#breadcrumb","itemListElement":[{"@type":"ListItem","position":1,"name":"Portada","item":"https:\/\/luchonoticias.com\/editor\/"},{"@type":"ListItem","position":2,"name":"Notificados invasores de El Cagu\u00e1n, de audiencia p\u00fablica"}]},{"@type":"WebSite","@id":"https:\/\/luchonoticias.com\/editor\/#website","url":"https:\/\/luchonoticias.com\/editor\/","name":"","description":"","publisher":{"@id":"https:\/\/luchonoticias.com\/editor\/#\/schema\/person\/7a7fd911f58561fd056dbac7b55af9cd"},"potentialAction":[{"@type":"SearchAction","target":{"@type":"EntryPoint","urlTemplate":"https:\/\/luchonoticias.com\/editor\/?s={search_term_string}"},"query-input":{"@type":"PropertyValueSpecification","valueRequired":true,"valueName":"search_term_string"}}],"inLanguage":"es"},{"@type":["Person","Organization"],"@id":"https:\/\/luchonoticias.com\/editor\/#\/schema\/person\/7a7fd911f58561fd056dbac7b55af9cd","name":"admin","image":{"@type":"ImageObject","inLanguage":"es","@id":"https:\/\/luchonoticias.com\/editor\/#\/schema\/person\/image\/","url":"https:\/\/luchonoticias.com\/editor\/wp-content\/uploads\/2024\/02\/cropped-cropped-logolu.webp","contentUrl":"https:\/\/luchonoticias.com\/editor\/wp-content\/uploads\/2024\/02\/cropped-cropped-logolu.webp","width":382,"height":170,"caption":"admin"},"logo":{"@id":"https:\/\/luchonoticias.com\/editor\/#\/schema\/person\/image\/"},"sameAs":["https:\/\/www.facebook.com\/luchonoticiasneiva"],"url":"https:\/\/luchonoticias.com\/editor\/author\/admin\/"}]}},"_links":{"self":[{"href":"https:\/\/luchonoticias.com\/editor\/wp-json\/wp\/v2\/posts\/33890","targetHints":{"allow":["GET"]}}],"collection":[{"href":"https:\/\/luchonoticias.com\/editor\/wp-json\/wp\/v2\/posts"}],"about":[{"href":"https:\/\/luchonoticias.com\/editor\/wp-json\/wp\/v2\/types\/post"}],"author":[{"embeddable":true,"href":"https:\/\/luchonoticias.com\/editor\/wp-json\/wp\/v2\/users\/1"}],"replies":[{"embeddable":true,"href":"https:\/\/luchonoticias.com\/editor\/wp-json\/wp\/v2\/comments?post=33890"}],"version-history":[{"count":0,"href":"https:\/\/luchonoticias.com\/editor\/wp-json\/wp\/v2\/posts\/33890\/revisions"}],"wp:attachment":[{"href":"https:\/\/luchonoticias.com\/editor\/wp-json\/wp\/v2\/media?parent=33890"}],"wp:term":[{"taxonomy":"category","embeddable":true,"href":"https:\/\/luchonoticias.com\/editor\/wp-json\/wp\/v2\/categories?post=33890"},{"taxonomy":"post_tag","embeddable":true,"href":"https:\/\/luchonoticias.com\/editor\/wp-json\/wp\/v2\/tags?post=33890"}],"curies":[{"name":"wp","href":"https:\/\/api.w.org\/{rel}","templated":true}]}}