{"id":33901,"date":"2022-09-07T14:43:22","date_gmt":"2022-09-07T19:43:22","guid":{"rendered":"https:\/\/luchonoticias.com\/?p=33901"},"modified":"2022-09-07T14:43:23","modified_gmt":"2022-09-07T19:43:23","slug":"todo-listo-para-la-pavimentacion-de-la-via-garzon-agrado-el-pital","status":"publish","type":"post","link":"https:\/\/luchonoticias.com\/editor\/todo-listo-para-la-pavimentacion-de-la-via-garzon-agrado-el-pital\/","title":{"rendered":"Todo listo para la\u00a0 Pavimentaci\u00f3n de la v\u00eda Garz\u00f3n \u2013 Agrado \u2013 El Pital"},"content":{"rendered":"\n<p>El proceso de socializaci\u00f3n del contrato de obra de rehabilitaci\u00f3n en pavimentaci\u00f3n de la v\u00eda Garz\u00f3n \u2013 Agrado \u2013 El Pital, se llevar\u00e1 a cabo este viernes 9 de septiembre en la casa de la cultura del municipio del Agrado a partir de las 10:00 de la ma\u00f1ana.<\/p>\n\n\n\n<p>De acuerdo a la secretaria de V\u00edas e Infraestructura del Huila, Eliana Paola Conde, son $3.311 millones el costo de la obra donde las comunidades beneficiadas podr\u00e1n conocer los detalles de la misma en esta socializaci\u00f3n.<\/p>\n\n\n\n<p>\u201cCon respecto a la v\u00eda Garz\u00f3n \u2013 Agrado \u2013 El Pital, queremos informarle a la comunidad en general, que ya\u00a0 se tiene suscrito el contrato de obra y el contrato de interventor\u00eda para la rehabilitaci\u00f3n en pavimento flexible de la v\u00eda anteriormente mencionada, es una obra que se va a realizar en este sector, tiene un plazo estimado de 6 meses contados a partir de\u00a0 la suscripci\u00f3n del acta de inicio, est\u00e1 por alrededor de $3.311 millones. Se tienen previstas unas actividades muy importantes en este sector, localizaciones y movimientos de tierra, la rehabilitaci\u00f3n de la estructura de pavimento flexible en las zonas m\u00e1s afectadas y queremos informarles a todos en general que les estamos cumpliendo a todas las comunidades de este sector, un trabajo articulado, en donde el ingeniero, Luis Enrique Duss\u00e1n L\u00f3pez, le est\u00e1 cumpliendo a este importante sector, a todas las comunidades del centro del departamento\u201d, coment\u00f3 la Secretaria de V\u00edas e Infraestructura.<\/p>\n\n\n\n<figure class=\"wp-block-image size-full is-style-rounded\"><img decoding=\"async\" src=\"https:\/\/luchonoticias.com\/wp-content\/uploads\/2022\/09\/WhatsApp-Image-2022-09-07-at-11.17.40-AM-1.jpeg\" alt=\"\" class=\"wp-image-33903\"\/><\/figure>\n\n\n\n<p><strong>Otras grandes obras<\/strong><\/p>\n\n\n\n<p>El alcalde del municipio de Garz\u00f3n, Leonardo Valenzuela Ram\u00edrez, tambi\u00e9n&nbsp; destac\u00f3 la serie de obras, recursos y proyectos que el gobierno de Luis Enrique Duss\u00e1n L\u00f3pez, ha destinado para su municipio.<\/p>\n\n\n\n<p>\u201cCon el Gobierno Departamental hemos logrado hacer un trabajo conjunto, a principio del a\u00f1o pasado firmamos varios convenios para que se desarrollen en diferentes materias, en convenios de infraestructura vial el municipio de Garz\u00f3n coloc\u00f3 cerca de $1.000 millones&nbsp; para lograr ejecutar 1.600 metros de placa huella y 1.400 metros de pavimento r\u00edgido. A su vez tambi\u00e9n con FONVIHUILA hemos realizado convenios para mejoramiento de&nbsp; vivienda en zona rural, para lograr tambi\u00e9n con el Gobierno Departamental y el Gobierno Nacional 100 viviendas gratis en el municipio de Garz\u00f3n y de resaltar que solamente el municipio de Gigante y Garz\u00f3n lograron estas 100 viviendas para la zona rural y es muy importante porque siempre se piensa en vivienda en el casco urbano, a su vez tambi\u00e9n logramos con el Gobierno Departamental mejoramientos de vivienda, mejoramiento en sitio propio\u201d, dijo el Burgomaestre.<\/p>\n\n\n\n<p>Valenzuela destac\u00f3 a la vez las inversiones que se realizan en v\u00edas e infraestructura para su municipio, resaltando la inversi\u00f3n por\u00a0 m\u00e1s de $50.000 millones en las nuevas torres para el hospital de su municipio.\u00a0 \u201cEn materia de v\u00edas es un convenio que realizamos con la Gobernaci\u00f3n para desarrollar 1.600 metros de placa huella y 1.400 metros de pavimento r\u00edgido. Es un convenio que realizamos el a\u00f1o pasado y estamos a la espera de que la Gobernaci\u00f3n proceda a realizar la contrataci\u00f3n y empezar la ejecuci\u00f3n del mismo. Con infraestructura tenemos un proyecto supremamente importante, yo creo que no solo para Garz\u00f3n sino tambi\u00e9n para el departamento, la zona centro del departamento del Huila, que es las nuevas torres para el Hospital San Vicente de Pa\u00fal, ah\u00ed el Gobierno Nacional aport\u00f3 cerca de $50.000 millones y el Gobierno Departamental cerca de $30.000 millones para poder tener un nuevo hospital San Vicente de Pa\u00fal, el cual tambi\u00e9n estamos a la espera de que se inicien las obras correspondientes\u201d.<\/p>\n\n\n\n<figure class=\"wp-block-image size-full is-style-rounded\"><img decoding=\"async\" src=\"https:\/\/luchonoticias.com\/wp-content\/uploads\/2022\/09\/WhatsApp-Image-2022-09-07-at-11.17.41-AM.jpeg\" alt=\"\" class=\"wp-image-33904\"\/><\/figure>\n\n\n\n<p>De acuerdo a Leonardo Valenzuela, hace m\u00e1s de 8 a\u00f1os no se realizaba una inversi\u00f3n en gasificaci\u00f3n y el gobierno de Luis Enrique Duss\u00e1n L\u00f3pez, llega para beneficiar con gas domiciliario a 767 familias en su municipio. \u201cHicimos un convenio de gasificaci\u00f3n con el Gobierno Departamental, municipal y Ecopetrol para lograr impactar nosotros a 767 familias y bueno para nosotros es sumamente importante porque hace m\u00e1s de 8 a\u00f1os no se hac\u00edan acometidas de gas domiciliario\u201d.<\/p>\n\n\n\n<p>Entre tanto, el gobierno \u201cHuila Crece\u201d, mediante la Secretaria de V\u00edas e Infraestructura se encuentra realizando en la actualidad una serie de consultor\u00edas, las cuales permitir\u00e1n otra serie de inversiones que beneficiar\u00e1n al municipio de Garz\u00f3n y a otros municipios del centro del Huila.<\/p>\n","protected":false},"excerpt":{"rendered":"<p>El proceso de socializaci\u00f3n del contrato de obra de rehabilitaci\u00f3n en pavimentaci\u00f3n de la v\u00eda Garz\u00f3n \u2013 Agrado \u2013 El Pital, se llevar\u00e1 a cabo este viernes 9 de septiembre en la casa de la cultura del municipio del Agrado a partir de las 10:00 de la ma\u00f1ana. De acuerdo a la secretaria de V\u00edas [&hellip;]<\/p>\n","protected":false},"author":1,"featured_media":0,"comment_status":"open","ping_status":"open","sticky":false,"template":"","format":"standard","meta":{"footnotes":""},"categories":[36,35],"tags":[],"class_list":["post-33901","post","type-post","status-publish","format-standard","hentry","category-destacado","category-regional"],"yoast_head":"<!-- This site is optimized with the Yoast SEO plugin v26.6 - https:\/\/yoast.com\/wordpress\/plugins\/seo\/ -->\n<title>Todo listo para la\u00a0 Pavimentaci\u00f3n de la v\u00eda Garz\u00f3n \u2013 Agrado \u2013 El Pital -<\/title>\n<meta name=\"robots\" content=\"index, follow, max-snippet:-1, max-image-preview:large, max-video-preview:-1\" \/>\n<link rel=\"canonical\" href=\"https:\/\/luchonoticias.com\/editor\/todo-listo-para-la-pavimentacion-de-la-via-garzon-agrado-el-pital\/\" \/>\n<meta property=\"og:locale\" content=\"es_ES\" \/>\n<meta property=\"og:type\" content=\"article\" \/>\n<meta property=\"og:title\" content=\"Todo listo para la\u00a0 Pavimentaci\u00f3n de la v\u00eda Garz\u00f3n \u2013 Agrado \u2013 El Pital -\" \/>\n<meta property=\"og:url\" content=\"https:\/\/luchonoticias.com\/editor\/todo-listo-para-la-pavimentacion-de-la-via-garzon-agrado-el-pital\/\" \/>\n<meta property=\"article:publisher\" content=\"https:\/\/www.facebook.com\/luchonoticiasneiva\" \/>\n<meta property=\"article:author\" content=\"https:\/\/www.facebook.com\/luchonoticiasneiva\" \/>\n<meta property=\"article:published_time\" content=\"2022-09-07T19:43:22+00:00\" \/>\n<meta property=\"article:modified_time\" content=\"2022-09-07T19:43:23+00:00\" \/>\n<meta property=\"og:image\" content=\"https:\/\/luchonoticias.com\/wp-content\/uploads\/2022\/09\/WhatsApp-Image-2022-09-07-at-11.17.40-AM-1.jpeg\" \/>\n<meta name=\"author\" content=\"admin\" \/>\n<meta name=\"twitter:card\" content=\"summary_large_image\" \/>\n<meta name=\"twitter:label1\" content=\"Escrito por\" \/>\n\t<meta name=\"twitter:data1\" content=\"admin\" \/>\n\t<meta name=\"twitter:label2\" content=\"Tiempo de lectura\" \/>\n\t<meta name=\"twitter:data2\" content=\"4 minutos\" \/>\n<script type=\"application\/ld+json\" class=\"yoast-schema-graph\">{\"@context\":\"https:\/\/schema.org\",\"@graph\":[{\"@type\":\"Article\",\"@id\":\"https:\/\/luchonoticias.com\/editor\/todo-listo-para-la-pavimentacion-de-la-via-garzon-agrado-el-pital\/#article\",\"isPartOf\":{\"@id\":\"https:\/\/luchonoticias.com\/editor\/todo-listo-para-la-pavimentacion-de-la-via-garzon-agrado-el-pital\/\"},\"author\":{\"name\":\"admin\",\"@id\":\"https:\/\/luchonoticias.com\/editor\/#\/schema\/person\/7a7fd911f58561fd056dbac7b55af9cd\"},\"headline\":\"Todo listo para la\u00a0 Pavimentaci\u00f3n de la v\u00eda Garz\u00f3n \u2013 Agrado \u2013 El Pital\",\"datePublished\":\"2022-09-07T19:43:22+00:00\",\"dateModified\":\"2022-09-07T19:43:23+00:00\",\"mainEntityOfPage\":{\"@id\":\"https:\/\/luchonoticias.com\/editor\/todo-listo-para-la-pavimentacion-de-la-via-garzon-agrado-el-pital\/\"},\"wordCount\":759,\"commentCount\":0,\"publisher\":{\"@id\":\"https:\/\/luchonoticias.com\/editor\/#\/schema\/person\/7a7fd911f58561fd056dbac7b55af9cd\"},\"image\":{\"@id\":\"https:\/\/luchonoticias.com\/editor\/todo-listo-para-la-pavimentacion-de-la-via-garzon-agrado-el-pital\/#primaryimage\"},\"thumbnailUrl\":\"https:\/\/luchonoticias.com\/wp-content\/uploads\/2022\/09\/WhatsApp-Image-2022-09-07-at-11.17.40-AM-1.jpeg\",\"articleSection\":[\"Destacado\",\"Regional\"],\"inLanguage\":\"es\",\"potentialAction\":[{\"@type\":\"CommentAction\",\"name\":\"Comment\",\"target\":[\"https:\/\/luchonoticias.com\/editor\/todo-listo-para-la-pavimentacion-de-la-via-garzon-agrado-el-pital\/#respond\"]}]},{\"@type\":\"WebPage\",\"@id\":\"https:\/\/luchonoticias.com\/editor\/todo-listo-para-la-pavimentacion-de-la-via-garzon-agrado-el-pital\/\",\"url\":\"https:\/\/luchonoticias.com\/editor\/todo-listo-para-la-pavimentacion-de-la-via-garzon-agrado-el-pital\/\",\"name\":\"Todo listo para la\u00a0 Pavimentaci\u00f3n de la v\u00eda Garz\u00f3n \u2013 Agrado \u2013 El Pital -\",\"isPartOf\":{\"@id\":\"https:\/\/luchonoticias.com\/editor\/#website\"},\"primaryImageOfPage\":{\"@id\":\"https:\/\/luchonoticias.com\/editor\/todo-listo-para-la-pavimentacion-de-la-via-garzon-agrado-el-pital\/#primaryimage\"},\"image\":{\"@id\":\"https:\/\/luchonoticias.com\/editor\/todo-listo-para-la-pavimentacion-de-la-via-garzon-agrado-el-pital\/#primaryimage\"},\"thumbnailUrl\":\"https:\/\/luchonoticias.com\/wp-content\/uploads\/2022\/09\/WhatsApp-Image-2022-09-07-at-11.17.40-AM-1.jpeg\",\"datePublished\":\"2022-09-07T19:43:22+00:00\",\"dateModified\":\"2022-09-07T19:43:23+00:00\",\"breadcrumb\":{\"@id\":\"https:\/\/luchonoticias.com\/editor\/todo-listo-para-la-pavimentacion-de-la-via-garzon-agrado-el-pital\/#breadcrumb\"},\"inLanguage\":\"es\",\"potentialAction\":[{\"@type\":\"ReadAction\",\"target\":[\"https:\/\/luchonoticias.com\/editor\/todo-listo-para-la-pavimentacion-de-la-via-garzon-agrado-el-pital\/\"]}]},{\"@type\":\"ImageObject\",\"inLanguage\":\"es\",\"@id\":\"https:\/\/luchonoticias.com\/editor\/todo-listo-para-la-pavimentacion-de-la-via-garzon-agrado-el-pital\/#primaryimage\",\"url\":\"https:\/\/luchonoticias.com\/wp-content\/uploads\/2022\/09\/WhatsApp-Image-2022-09-07-at-11.17.40-AM-1.jpeg\",\"contentUrl\":\"https:\/\/luchonoticias.com\/wp-content\/uploads\/2022\/09\/WhatsApp-Image-2022-09-07-at-11.17.40-AM-1.jpeg\"},{\"@type\":\"BreadcrumbList\",\"@id\":\"https:\/\/luchonoticias.com\/editor\/todo-listo-para-la-pavimentacion-de-la-via-garzon-agrado-el-pital\/#breadcrumb\",\"itemListElement\":[{\"@type\":\"ListItem\",\"position\":1,\"name\":\"Portada\",\"item\":\"https:\/\/luchonoticias.com\/editor\/\"},{\"@type\":\"ListItem\",\"position\":2,\"name\":\"Todo listo para la\u00a0 Pavimentaci\u00f3n de la v\u00eda Garz\u00f3n \u2013 Agrado \u2013 El Pital\"}]},{\"@type\":\"WebSite\",\"@id\":\"https:\/\/luchonoticias.com\/editor\/#website\",\"url\":\"https:\/\/luchonoticias.com\/editor\/\",\"name\":\"\",\"description\":\"\",\"publisher\":{\"@id\":\"https:\/\/luchonoticias.com\/editor\/#\/schema\/person\/7a7fd911f58561fd056dbac7b55af9cd\"},\"potentialAction\":[{\"@type\":\"SearchAction\",\"target\":{\"@type\":\"EntryPoint\",\"urlTemplate\":\"https:\/\/luchonoticias.com\/editor\/?s={search_term_string}\"},\"query-input\":{\"@type\":\"PropertyValueSpecification\",\"valueRequired\":true,\"valueName\":\"search_term_string\"}}],\"inLanguage\":\"es\"},{\"@type\":[\"Person\",\"Organization\"],\"@id\":\"https:\/\/luchonoticias.com\/editor\/#\/schema\/person\/7a7fd911f58561fd056dbac7b55af9cd\",\"name\":\"admin\",\"image\":{\"@type\":\"ImageObject\",\"inLanguage\":\"es\",\"@id\":\"https:\/\/luchonoticias.com\/editor\/#\/schema\/person\/image\/\",\"url\":\"https:\/\/luchonoticias.com\/editor\/wp-content\/uploads\/2024\/02\/cropped-cropped-logolu.webp\",\"contentUrl\":\"https:\/\/luchonoticias.com\/editor\/wp-content\/uploads\/2024\/02\/cropped-cropped-logolu.webp\",\"width\":382,\"height\":170,\"caption\":\"admin\"},\"logo\":{\"@id\":\"https:\/\/luchonoticias.com\/editor\/#\/schema\/person\/image\/\"},\"sameAs\":[\"https:\/\/www.facebook.com\/luchonoticiasneiva\"],\"url\":\"https:\/\/luchonoticias.com\/editor\/author\/admin\/\"}]}<\/script>\n<!-- \/ Yoast SEO plugin. -->","yoast_head_json":{"title":"Todo listo para la\u00a0 Pavimentaci\u00f3n de la v\u00eda Garz\u00f3n \u2013 Agrado \u2013 El Pital -","robots":{"index":"index","follow":"follow","max-snippet":"max-snippet:-1","max-image-preview":"max-image-preview:large","max-video-preview":"max-video-preview:-1"},"canonical":"https:\/\/luchonoticias.com\/editor\/todo-listo-para-la-pavimentacion-de-la-via-garzon-agrado-el-pital\/","og_locale":"es_ES","og_type":"article","og_title":"Todo listo para la\u00a0 Pavimentaci\u00f3n de la v\u00eda Garz\u00f3n \u2013 Agrado \u2013 El Pital -","og_url":"https:\/\/luchonoticias.com\/editor\/todo-listo-para-la-pavimentacion-de-la-via-garzon-agrado-el-pital\/","article_publisher":"https:\/\/www.facebook.com\/luchonoticiasneiva","article_author":"https:\/\/www.facebook.com\/luchonoticiasneiva","article_published_time":"2022-09-07T19:43:22+00:00","article_modified_time":"2022-09-07T19:43:23+00:00","og_image":[{"url":"https:\/\/luchonoticias.com\/wp-content\/uploads\/2022\/09\/WhatsApp-Image-2022-09-07-at-11.17.40-AM-1.jpeg","type":"","width":"","height":""}],"author":"admin","twitter_card":"summary_large_image","twitter_misc":{"Escrito por":"admin","Tiempo de lectura":"4 minutos"},"schema":{"@context":"https:\/\/schema.org","@graph":[{"@type":"Article","@id":"https:\/\/luchonoticias.com\/editor\/todo-listo-para-la-pavimentacion-de-la-via-garzon-agrado-el-pital\/#article","isPartOf":{"@id":"https:\/\/luchonoticias.com\/editor\/todo-listo-para-la-pavimentacion-de-la-via-garzon-agrado-el-pital\/"},"author":{"name":"admin","@id":"https:\/\/luchonoticias.com\/editor\/#\/schema\/person\/7a7fd911f58561fd056dbac7b55af9cd"},"headline":"Todo listo para la\u00a0 Pavimentaci\u00f3n de la v\u00eda Garz\u00f3n \u2013 Agrado \u2013 El Pital","datePublished":"2022-09-07T19:43:22+00:00","dateModified":"2022-09-07T19:43:23+00:00","mainEntityOfPage":{"@id":"https:\/\/luchonoticias.com\/editor\/todo-listo-para-la-pavimentacion-de-la-via-garzon-agrado-el-pital\/"},"wordCount":759,"commentCount":0,"publisher":{"@id":"https:\/\/luchonoticias.com\/editor\/#\/schema\/person\/7a7fd911f58561fd056dbac7b55af9cd"},"image":{"@id":"https:\/\/luchonoticias.com\/editor\/todo-listo-para-la-pavimentacion-de-la-via-garzon-agrado-el-pital\/#primaryimage"},"thumbnailUrl":"https:\/\/luchonoticias.com\/wp-content\/uploads\/2022\/09\/WhatsApp-Image-2022-09-07-at-11.17.40-AM-1.jpeg","articleSection":["Destacado","Regional"],"inLanguage":"es","potentialAction":[{"@type":"CommentAction","name":"Comment","target":["https:\/\/luchonoticias.com\/editor\/todo-listo-para-la-pavimentacion-de-la-via-garzon-agrado-el-pital\/#respond"]}]},{"@type":"WebPage","@id":"https:\/\/luchonoticias.com\/editor\/todo-listo-para-la-pavimentacion-de-la-via-garzon-agrado-el-pital\/","url":"https:\/\/luchonoticias.com\/editor\/todo-listo-para-la-pavimentacion-de-la-via-garzon-agrado-el-pital\/","name":"Todo listo para la\u00a0 Pavimentaci\u00f3n de la v\u00eda Garz\u00f3n \u2013 Agrado \u2013 El Pital -","isPartOf":{"@id":"https:\/\/luchonoticias.com\/editor\/#website"},"primaryImageOfPage":{"@id":"https:\/\/luchonoticias.com\/editor\/todo-listo-para-la-pavimentacion-de-la-via-garzon-agrado-el-pital\/#primaryimage"},"image":{"@id":"https:\/\/luchonoticias.com\/editor\/todo-listo-para-la-pavimentacion-de-la-via-garzon-agrado-el-pital\/#primaryimage"},"thumbnailUrl":"https:\/\/luchonoticias.com\/wp-content\/uploads\/2022\/09\/WhatsApp-Image-2022-09-07-at-11.17.40-AM-1.jpeg","datePublished":"2022-09-07T19:43:22+00:00","dateModified":"2022-09-07T19:43:23+00:00","breadcrumb":{"@id":"https:\/\/luchonoticias.com\/editor\/todo-listo-para-la-pavimentacion-de-la-via-garzon-agrado-el-pital\/#breadcrumb"},"inLanguage":"es","potentialAction":[{"@type":"ReadAction","target":["https:\/\/luchonoticias.com\/editor\/todo-listo-para-la-pavimentacion-de-la-via-garzon-agrado-el-pital\/"]}]},{"@type":"ImageObject","inLanguage":"es","@id":"https:\/\/luchonoticias.com\/editor\/todo-listo-para-la-pavimentacion-de-la-via-garzon-agrado-el-pital\/#primaryimage","url":"https:\/\/luchonoticias.com\/wp-content\/uploads\/2022\/09\/WhatsApp-Image-2022-09-07-at-11.17.40-AM-1.jpeg","contentUrl":"https:\/\/luchonoticias.com\/wp-content\/uploads\/2022\/09\/WhatsApp-Image-2022-09-07-at-11.17.40-AM-1.jpeg"},{"@type":"BreadcrumbList","@id":"https:\/\/luchonoticias.com\/editor\/todo-listo-para-la-pavimentacion-de-la-via-garzon-agrado-el-pital\/#breadcrumb","itemListElement":[{"@type":"ListItem","position":1,"name":"Portada","item":"https:\/\/luchonoticias.com\/editor\/"},{"@type":"ListItem","position":2,"name":"Todo listo para la\u00a0 Pavimentaci\u00f3n de la v\u00eda Garz\u00f3n \u2013 Agrado \u2013 El Pital"}]},{"@type":"WebSite","@id":"https:\/\/luchonoticias.com\/editor\/#website","url":"https:\/\/luchonoticias.com\/editor\/","name":"","description":"","publisher":{"@id":"https:\/\/luchonoticias.com\/editor\/#\/schema\/person\/7a7fd911f58561fd056dbac7b55af9cd"},"potentialAction":[{"@type":"SearchAction","target":{"@type":"EntryPoint","urlTemplate":"https:\/\/luchonoticias.com\/editor\/?s={search_term_string}"},"query-input":{"@type":"PropertyValueSpecification","valueRequired":true,"valueName":"search_term_string"}}],"inLanguage":"es"},{"@type":["Person","Organization"],"@id":"https:\/\/luchonoticias.com\/editor\/#\/schema\/person\/7a7fd911f58561fd056dbac7b55af9cd","name":"admin","image":{"@type":"ImageObject","inLanguage":"es","@id":"https:\/\/luchonoticias.com\/editor\/#\/schema\/person\/image\/","url":"https:\/\/luchonoticias.com\/editor\/wp-content\/uploads\/2024\/02\/cropped-cropped-logolu.webp","contentUrl":"https:\/\/luchonoticias.com\/editor\/wp-content\/uploads\/2024\/02\/cropped-cropped-logolu.webp","width":382,"height":170,"caption":"admin"},"logo":{"@id":"https:\/\/luchonoticias.com\/editor\/#\/schema\/person\/image\/"},"sameAs":["https:\/\/www.facebook.com\/luchonoticiasneiva"],"url":"https:\/\/luchonoticias.com\/editor\/author\/admin\/"}]}},"_links":{"self":[{"href":"https:\/\/luchonoticias.com\/editor\/wp-json\/wp\/v2\/posts\/33901","targetHints":{"allow":["GET"]}}],"collection":[{"href":"https:\/\/luchonoticias.com\/editor\/wp-json\/wp\/v2\/posts"}],"about":[{"href":"https:\/\/luchonoticias.com\/editor\/wp-json\/wp\/v2\/types\/post"}],"author":[{"embeddable":true,"href":"https:\/\/luchonoticias.com\/editor\/wp-json\/wp\/v2\/users\/1"}],"replies":[{"embeddable":true,"href":"https:\/\/luchonoticias.com\/editor\/wp-json\/wp\/v2\/comments?post=33901"}],"version-history":[{"count":0,"href":"https:\/\/luchonoticias.com\/editor\/wp-json\/wp\/v2\/posts\/33901\/revisions"}],"wp:attachment":[{"href":"https:\/\/luchonoticias.com\/editor\/wp-json\/wp\/v2\/media?parent=33901"}],"wp:term":[{"taxonomy":"category","embeddable":true,"href":"https:\/\/luchonoticias.com\/editor\/wp-json\/wp\/v2\/categories?post=33901"},{"taxonomy":"post_tag","embeddable":true,"href":"https:\/\/luchonoticias.com\/editor\/wp-json\/wp\/v2\/tags?post=33901"}],"curies":[{"name":"wp","href":"https:\/\/api.w.org\/{rel}","templated":true}]}}