{"id":33906,"date":"2022-09-07T14:47:20","date_gmt":"2022-09-07T19:47:20","guid":{"rendered":"https:\/\/luchonoticias.com\/?p=33906"},"modified":"2022-09-07T14:47:21","modified_gmt":"2022-09-07T19:47:21","slug":"jornada-de-conciliacion-este-14-15-y-16-de-septiembre","status":"publish","type":"post","link":"https:\/\/luchonoticias.com\/editor\/jornada-de-conciliacion-este-14-15-y-16-de-septiembre\/","title":{"rendered":"Jornada de conciliaci\u00f3n este 14, 15 y 16 de septiembre"},"content":{"rendered":"\n<p>El Centro de Conciliaci\u00f3n y Mediaci\u00f3n de la Polic\u00eda, invita a la comunidad del Departamento del Huila a participar de la gran jornada de Conciliaton, la cual es liderada por el Ministerio de Justicia y el Derecho; dicha actividad se tiene programada para los d\u00edas 14, 15 y 16 de septiembre de 2022.<\/p>\n\n\n\n<p><strong>Temas que se van a tratar:<\/strong><\/p>\n\n\n\n<p>&nbsp;&#8211; Delitos querellables<\/p>\n\n\n\n<p>&#8211; Fijaci\u00f3n cuotas alimentarias<\/p>\n\n\n\n<p>&#8211; Accidentes de tr\u00e1nsito<\/p>\n\n\n\n<p>&#8211; Restituci\u00f3n de muebles arrendados<\/p>\n\n\n\n<p>&#8211; Incumplimientos de las obligaciones civiles<\/p>\n\n\n\n<p>&#8211; Liquidaci\u00f3n de la sociedad conyugal, disoluci\u00f3n y liquidaci\u00f3n de la sociedad patrimonial de hecho<\/p>\n\n\n\n<p>&#8211; Temas que son susceptibles de Conciliaci\u00f3n, transacci\u00f3n y desistimiento (Art. 65 de Ley 446\/1998)<\/p>\n\n\n\n<p><strong>Las audiencias se realizar\u00e1n de manera presencial y virtual.<\/strong><\/p>\n\n\n\n<p>Las solicitudes de las mismas se podr\u00e1n realizar al correo region2.cecop@policia.gov.co, para mayor informaci\u00f3n se podr\u00e1n comunicar al celular 304 3882719.<\/p>\n","protected":false},"excerpt":{"rendered":"<p>El Centro de Conciliaci\u00f3n y Mediaci\u00f3n de la Polic\u00eda, invita a la comunidad del Departamento del Huila a participar de la gran jornada de Conciliaton, la cual es liderada por el Ministerio de Justicia y el Derecho; dicha actividad se tiene programada para los d\u00edas 14, 15 y 16 de septiembre de 2022. Temas que [&hellip;]<\/p>\n","protected":false},"author":1,"featured_media":0,"comment_status":"open","ping_status":"open","sticky":false,"template":"","format":"standard","meta":{"footnotes":""},"categories":[36,33],"tags":[],"class_list":["post-33906","post","type-post","status-publish","format-standard","hentry","category-destacado","category-huila"],"yoast_head":"<!-- This site is optimized with the Yoast SEO plugin v26.6 - https:\/\/yoast.com\/wordpress\/plugins\/seo\/ -->\n<title>Jornada de conciliaci\u00f3n este 14, 15 y 16 de septiembre -<\/title>\n<meta name=\"robots\" content=\"index, follow, max-snippet:-1, max-image-preview:large, max-video-preview:-1\" \/>\n<link rel=\"canonical\" href=\"https:\/\/luchonoticias.com\/editor\/jornada-de-conciliacion-este-14-15-y-16-de-septiembre\/\" \/>\n<meta property=\"og:locale\" content=\"es_ES\" \/>\n<meta property=\"og:type\" content=\"article\" \/>\n<meta property=\"og:title\" content=\"Jornada de conciliaci\u00f3n este 14, 15 y 16 de septiembre -\" \/>\n<meta property=\"og:url\" content=\"https:\/\/luchonoticias.com\/editor\/jornada-de-conciliacion-este-14-15-y-16-de-septiembre\/\" \/>\n<meta property=\"article:publisher\" content=\"https:\/\/www.facebook.com\/luchonoticiasneiva\" \/>\n<meta property=\"article:author\" content=\"https:\/\/www.facebook.com\/luchonoticiasneiva\" \/>\n<meta property=\"article:published_time\" content=\"2022-09-07T19:47:20+00:00\" \/>\n<meta property=\"article:modified_time\" content=\"2022-09-07T19:47:21+00:00\" \/>\n<meta name=\"author\" content=\"admin\" \/>\n<meta name=\"twitter:card\" content=\"summary_large_image\" \/>\n<meta name=\"twitter:label1\" content=\"Escrito por\" \/>\n\t<meta name=\"twitter:data1\" content=\"admin\" \/>\n\t<meta name=\"twitter:label2\" content=\"Tiempo de lectura\" \/>\n\t<meta name=\"twitter:data2\" content=\"1 minuto\" \/>\n<script type=\"application\/ld+json\" class=\"yoast-schema-graph\">{\"@context\":\"https:\/\/schema.org\",\"@graph\":[{\"@type\":\"Article\",\"@id\":\"https:\/\/luchonoticias.com\/editor\/jornada-de-conciliacion-este-14-15-y-16-de-septiembre\/#article\",\"isPartOf\":{\"@id\":\"https:\/\/luchonoticias.com\/editor\/jornada-de-conciliacion-este-14-15-y-16-de-septiembre\/\"},\"author\":{\"name\":\"admin\",\"@id\":\"https:\/\/luchonoticias.com\/editor\/#\/schema\/person\/7a7fd911f58561fd056dbac7b55af9cd\"},\"headline\":\"Jornada de conciliaci\u00f3n este 14, 15 y 16 de septiembre\",\"datePublished\":\"2022-09-07T19:47:20+00:00\",\"dateModified\":\"2022-09-07T19:47:21+00:00\",\"mainEntityOfPage\":{\"@id\":\"https:\/\/luchonoticias.com\/editor\/jornada-de-conciliacion-este-14-15-y-16-de-septiembre\/\"},\"wordCount\":162,\"commentCount\":0,\"publisher\":{\"@id\":\"https:\/\/luchonoticias.com\/editor\/#\/schema\/person\/7a7fd911f58561fd056dbac7b55af9cd\"},\"articleSection\":[\"Destacado\",\"Huila\"],\"inLanguage\":\"es\",\"potentialAction\":[{\"@type\":\"CommentAction\",\"name\":\"Comment\",\"target\":[\"https:\/\/luchonoticias.com\/editor\/jornada-de-conciliacion-este-14-15-y-16-de-septiembre\/#respond\"]}]},{\"@type\":\"WebPage\",\"@id\":\"https:\/\/luchonoticias.com\/editor\/jornada-de-conciliacion-este-14-15-y-16-de-septiembre\/\",\"url\":\"https:\/\/luchonoticias.com\/editor\/jornada-de-conciliacion-este-14-15-y-16-de-septiembre\/\",\"name\":\"Jornada de conciliaci\u00f3n este 14, 15 y 16 de septiembre -\",\"isPartOf\":{\"@id\":\"https:\/\/luchonoticias.com\/editor\/#website\"},\"datePublished\":\"2022-09-07T19:47:20+00:00\",\"dateModified\":\"2022-09-07T19:47:21+00:00\",\"breadcrumb\":{\"@id\":\"https:\/\/luchonoticias.com\/editor\/jornada-de-conciliacion-este-14-15-y-16-de-septiembre\/#breadcrumb\"},\"inLanguage\":\"es\",\"potentialAction\":[{\"@type\":\"ReadAction\",\"target\":[\"https:\/\/luchonoticias.com\/editor\/jornada-de-conciliacion-este-14-15-y-16-de-septiembre\/\"]}]},{\"@type\":\"BreadcrumbList\",\"@id\":\"https:\/\/luchonoticias.com\/editor\/jornada-de-conciliacion-este-14-15-y-16-de-septiembre\/#breadcrumb\",\"itemListElement\":[{\"@type\":\"ListItem\",\"position\":1,\"name\":\"Portada\",\"item\":\"https:\/\/luchonoticias.com\/editor\/\"},{\"@type\":\"ListItem\",\"position\":2,\"name\":\"Jornada de conciliaci\u00f3n este 14, 15 y 16 de septiembre\"}]},{\"@type\":\"WebSite\",\"@id\":\"https:\/\/luchonoticias.com\/editor\/#website\",\"url\":\"https:\/\/luchonoticias.com\/editor\/\",\"name\":\"\",\"description\":\"\",\"publisher\":{\"@id\":\"https:\/\/luchonoticias.com\/editor\/#\/schema\/person\/7a7fd911f58561fd056dbac7b55af9cd\"},\"potentialAction\":[{\"@type\":\"SearchAction\",\"target\":{\"@type\":\"EntryPoint\",\"urlTemplate\":\"https:\/\/luchonoticias.com\/editor\/?s={search_term_string}\"},\"query-input\":{\"@type\":\"PropertyValueSpecification\",\"valueRequired\":true,\"valueName\":\"search_term_string\"}}],\"inLanguage\":\"es\"},{\"@type\":[\"Person\",\"Organization\"],\"@id\":\"https:\/\/luchonoticias.com\/editor\/#\/schema\/person\/7a7fd911f58561fd056dbac7b55af9cd\",\"name\":\"admin\",\"image\":{\"@type\":\"ImageObject\",\"inLanguage\":\"es\",\"@id\":\"https:\/\/luchonoticias.com\/editor\/#\/schema\/person\/image\/\",\"url\":\"https:\/\/luchonoticias.com\/editor\/wp-content\/uploads\/2024\/02\/cropped-cropped-logolu.webp\",\"contentUrl\":\"https:\/\/luchonoticias.com\/editor\/wp-content\/uploads\/2024\/02\/cropped-cropped-logolu.webp\",\"width\":382,\"height\":170,\"caption\":\"admin\"},\"logo\":{\"@id\":\"https:\/\/luchonoticias.com\/editor\/#\/schema\/person\/image\/\"},\"sameAs\":[\"https:\/\/www.facebook.com\/luchonoticiasneiva\"],\"url\":\"https:\/\/luchonoticias.com\/editor\/author\/admin\/\"}]}<\/script>\n<!-- \/ Yoast SEO plugin. -->","yoast_head_json":{"title":"Jornada de conciliaci\u00f3n este 14, 15 y 16 de septiembre -","robots":{"index":"index","follow":"follow","max-snippet":"max-snippet:-1","max-image-preview":"max-image-preview:large","max-video-preview":"max-video-preview:-1"},"canonical":"https:\/\/luchonoticias.com\/editor\/jornada-de-conciliacion-este-14-15-y-16-de-septiembre\/","og_locale":"es_ES","og_type":"article","og_title":"Jornada de conciliaci\u00f3n este 14, 15 y 16 de septiembre -","og_url":"https:\/\/luchonoticias.com\/editor\/jornada-de-conciliacion-este-14-15-y-16-de-septiembre\/","article_publisher":"https:\/\/www.facebook.com\/luchonoticiasneiva","article_author":"https:\/\/www.facebook.com\/luchonoticiasneiva","article_published_time":"2022-09-07T19:47:20+00:00","article_modified_time":"2022-09-07T19:47:21+00:00","author":"admin","twitter_card":"summary_large_image","twitter_misc":{"Escrito por":"admin","Tiempo de lectura":"1 minuto"},"schema":{"@context":"https:\/\/schema.org","@graph":[{"@type":"Article","@id":"https:\/\/luchonoticias.com\/editor\/jornada-de-conciliacion-este-14-15-y-16-de-septiembre\/#article","isPartOf":{"@id":"https:\/\/luchonoticias.com\/editor\/jornada-de-conciliacion-este-14-15-y-16-de-septiembre\/"},"author":{"name":"admin","@id":"https:\/\/luchonoticias.com\/editor\/#\/schema\/person\/7a7fd911f58561fd056dbac7b55af9cd"},"headline":"Jornada de conciliaci\u00f3n este 14, 15 y 16 de septiembre","datePublished":"2022-09-07T19:47:20+00:00","dateModified":"2022-09-07T19:47:21+00:00","mainEntityOfPage":{"@id":"https:\/\/luchonoticias.com\/editor\/jornada-de-conciliacion-este-14-15-y-16-de-septiembre\/"},"wordCount":162,"commentCount":0,"publisher":{"@id":"https:\/\/luchonoticias.com\/editor\/#\/schema\/person\/7a7fd911f58561fd056dbac7b55af9cd"},"articleSection":["Destacado","Huila"],"inLanguage":"es","potentialAction":[{"@type":"CommentAction","name":"Comment","target":["https:\/\/luchonoticias.com\/editor\/jornada-de-conciliacion-este-14-15-y-16-de-septiembre\/#respond"]}]},{"@type":"WebPage","@id":"https:\/\/luchonoticias.com\/editor\/jornada-de-conciliacion-este-14-15-y-16-de-septiembre\/","url":"https:\/\/luchonoticias.com\/editor\/jornada-de-conciliacion-este-14-15-y-16-de-septiembre\/","name":"Jornada de conciliaci\u00f3n este 14, 15 y 16 de septiembre -","isPartOf":{"@id":"https:\/\/luchonoticias.com\/editor\/#website"},"datePublished":"2022-09-07T19:47:20+00:00","dateModified":"2022-09-07T19:47:21+00:00","breadcrumb":{"@id":"https:\/\/luchonoticias.com\/editor\/jornada-de-conciliacion-este-14-15-y-16-de-septiembre\/#breadcrumb"},"inLanguage":"es","potentialAction":[{"@type":"ReadAction","target":["https:\/\/luchonoticias.com\/editor\/jornada-de-conciliacion-este-14-15-y-16-de-septiembre\/"]}]},{"@type":"BreadcrumbList","@id":"https:\/\/luchonoticias.com\/editor\/jornada-de-conciliacion-este-14-15-y-16-de-septiembre\/#breadcrumb","itemListElement":[{"@type":"ListItem","position":1,"name":"Portada","item":"https:\/\/luchonoticias.com\/editor\/"},{"@type":"ListItem","position":2,"name":"Jornada de conciliaci\u00f3n este 14, 15 y 16 de septiembre"}]},{"@type":"WebSite","@id":"https:\/\/luchonoticias.com\/editor\/#website","url":"https:\/\/luchonoticias.com\/editor\/","name":"","description":"","publisher":{"@id":"https:\/\/luchonoticias.com\/editor\/#\/schema\/person\/7a7fd911f58561fd056dbac7b55af9cd"},"potentialAction":[{"@type":"SearchAction","target":{"@type":"EntryPoint","urlTemplate":"https:\/\/luchonoticias.com\/editor\/?s={search_term_string}"},"query-input":{"@type":"PropertyValueSpecification","valueRequired":true,"valueName":"search_term_string"}}],"inLanguage":"es"},{"@type":["Person","Organization"],"@id":"https:\/\/luchonoticias.com\/editor\/#\/schema\/person\/7a7fd911f58561fd056dbac7b55af9cd","name":"admin","image":{"@type":"ImageObject","inLanguage":"es","@id":"https:\/\/luchonoticias.com\/editor\/#\/schema\/person\/image\/","url":"https:\/\/luchonoticias.com\/editor\/wp-content\/uploads\/2024\/02\/cropped-cropped-logolu.webp","contentUrl":"https:\/\/luchonoticias.com\/editor\/wp-content\/uploads\/2024\/02\/cropped-cropped-logolu.webp","width":382,"height":170,"caption":"admin"},"logo":{"@id":"https:\/\/luchonoticias.com\/editor\/#\/schema\/person\/image\/"},"sameAs":["https:\/\/www.facebook.com\/luchonoticiasneiva"],"url":"https:\/\/luchonoticias.com\/editor\/author\/admin\/"}]}},"_links":{"self":[{"href":"https:\/\/luchonoticias.com\/editor\/wp-json\/wp\/v2\/posts\/33906","targetHints":{"allow":["GET"]}}],"collection":[{"href":"https:\/\/luchonoticias.com\/editor\/wp-json\/wp\/v2\/posts"}],"about":[{"href":"https:\/\/luchonoticias.com\/editor\/wp-json\/wp\/v2\/types\/post"}],"author":[{"embeddable":true,"href":"https:\/\/luchonoticias.com\/editor\/wp-json\/wp\/v2\/users\/1"}],"replies":[{"embeddable":true,"href":"https:\/\/luchonoticias.com\/editor\/wp-json\/wp\/v2\/comments?post=33906"}],"version-history":[{"count":0,"href":"https:\/\/luchonoticias.com\/editor\/wp-json\/wp\/v2\/posts\/33906\/revisions"}],"wp:attachment":[{"href":"https:\/\/luchonoticias.com\/editor\/wp-json\/wp\/v2\/media?parent=33906"}],"wp:term":[{"taxonomy":"category","embeddable":true,"href":"https:\/\/luchonoticias.com\/editor\/wp-json\/wp\/v2\/categories?post=33906"},{"taxonomy":"post_tag","embeddable":true,"href":"https:\/\/luchonoticias.com\/editor\/wp-json\/wp\/v2\/tags?post=33906"}],"curies":[{"name":"wp","href":"https:\/\/api.w.org\/{rel}","templated":true}]}}