{"id":33909,"date":"2022-09-08T05:24:54","date_gmt":"2022-09-08T10:24:54","guid":{"rendered":"https:\/\/luchonoticias.com\/?p=33909"},"modified":"2022-09-08T05:24:55","modified_gmt":"2022-09-08T10:24:55","slug":"atletico-huila-recibira-hoy-al-cucuta-por-el-ascenso","status":"publish","type":"post","link":"https:\/\/luchonoticias.com\/editor\/atletico-huila-recibira-hoy-al-cucuta-por-el-ascenso\/","title":{"rendered":"Atl\u00e9tico Huila recibir\u00e1 hoy al C\u00facuta por el ascenso"},"content":{"rendered":"\n<p>Hoy a las 6:00 de la tarde el&nbsp;<strong>Atl\u00e9tico Huila recibir\u00e1 al C\u00facuta Deportivo<\/strong>, en juego correspondiente a la fecha 11 de la Primera B.<\/p>\n\n\n\n<p>El conjunto huilense llega con la&nbsp;<strong>necesidad de recuperar lo perdido la fecha pasada&nbsp;<\/strong>ante el Barranquilla FC, donde se mostr\u00f3 un buen juego pero poco se pudo hacer para sumar ante la formaci\u00f3n atlanticense que gan\u00f3 pese a tener un hombre de menos.<\/p>\n\n\n\n<p><strong>C\u00facuta&nbsp;<\/strong>por su parte&nbsp;<strong>no se encuentra dentro de los ocho primeros<\/strong>&nbsp;pese a que ella cuatro partidos sin perder, los dos \u00faltimos con victorias, siendo el triunfo 3:0 ante el Orsomarso.<\/p>\n\n\n\n<p>Adem\u00e1s de seguir dentro de los ocho primeros, la victoria es vital para el conjunto huilense si se considera que&nbsp;<strong>los pr\u00f3ximos juegos ser\u00e1n ante rivales complicados&nbsp;<\/strong>y con escasa diferencia de puntaje entre s\u00ed.<\/p>\n\n\n\n<p>\u00abViene en levantada, es&nbsp;<strong>un equipo que ha sacado seis de seis, tiene un sistema raro<\/strong>, una forma de jugar distinta con una l\u00ednea de tres que por momentos desde la posici\u00f3n de volante se transforma en l\u00ednea de cuatro, lo tenemos bien estudiado\u2026sabemos como juegan, hay que tratar de contrarrestar eso y nosotros jugar bien\u00bb, dijo el entrenador N\u00e9stor Craviotto.<\/p>\n","protected":false},"excerpt":{"rendered":"<p>Hoy a las 6:00 de la tarde el&nbsp;Atl\u00e9tico Huila recibir\u00e1 al C\u00facuta Deportivo, en juego correspondiente a la fecha 11 de la Primera B. El conjunto huilense llega con la&nbsp;necesidad de recuperar lo perdido la fecha pasada&nbsp;ante el Barranquilla FC, donde se mostr\u00f3 un buen juego pero poco se pudo hacer para sumar ante la [&hellip;]<\/p>\n","protected":false},"author":1,"featured_media":0,"comment_status":"open","ping_status":"open","sticky":false,"template":"","format":"standard","meta":{"footnotes":""},"categories":[34],"tags":[],"class_list":["post-33909","post","type-post","status-publish","format-standard","hentry","category-deportes"],"yoast_head":"<!-- This site is optimized with the Yoast SEO plugin v26.6 - https:\/\/yoast.com\/wordpress\/plugins\/seo\/ -->\n<title>Atl\u00e9tico Huila recibir\u00e1 hoy al C\u00facuta por el ascenso -<\/title>\n<meta name=\"robots\" content=\"index, follow, max-snippet:-1, max-image-preview:large, max-video-preview:-1\" \/>\n<link rel=\"canonical\" href=\"https:\/\/luchonoticias.com\/editor\/atletico-huila-recibira-hoy-al-cucuta-por-el-ascenso\/\" \/>\n<meta property=\"og:locale\" content=\"es_ES\" \/>\n<meta property=\"og:type\" content=\"article\" \/>\n<meta property=\"og:title\" content=\"Atl\u00e9tico Huila recibir\u00e1 hoy al C\u00facuta por el ascenso -\" \/>\n<meta property=\"og:url\" content=\"https:\/\/luchonoticias.com\/editor\/atletico-huila-recibira-hoy-al-cucuta-por-el-ascenso\/\" \/>\n<meta property=\"article:publisher\" content=\"https:\/\/www.facebook.com\/luchonoticiasneiva\" \/>\n<meta property=\"article:author\" content=\"https:\/\/www.facebook.com\/luchonoticiasneiva\" \/>\n<meta property=\"article:published_time\" content=\"2022-09-08T10:24:54+00:00\" \/>\n<meta property=\"article:modified_time\" content=\"2022-09-08T10:24:55+00:00\" \/>\n<meta name=\"author\" content=\"admin\" \/>\n<meta name=\"twitter:card\" content=\"summary_large_image\" \/>\n<meta name=\"twitter:label1\" content=\"Escrito por\" \/>\n\t<meta name=\"twitter:data1\" content=\"admin\" \/>\n\t<meta name=\"twitter:label2\" content=\"Tiempo de lectura\" \/>\n\t<meta name=\"twitter:data2\" content=\"1 minuto\" \/>\n<script type=\"application\/ld+json\" class=\"yoast-schema-graph\">{\"@context\":\"https:\/\/schema.org\",\"@graph\":[{\"@type\":\"Article\",\"@id\":\"https:\/\/luchonoticias.com\/editor\/atletico-huila-recibira-hoy-al-cucuta-por-el-ascenso\/#article\",\"isPartOf\":{\"@id\":\"https:\/\/luchonoticias.com\/editor\/atletico-huila-recibira-hoy-al-cucuta-por-el-ascenso\/\"},\"author\":{\"name\":\"admin\",\"@id\":\"https:\/\/luchonoticias.com\/editor\/#\/schema\/person\/7a7fd911f58561fd056dbac7b55af9cd\"},\"headline\":\"Atl\u00e9tico Huila recibir\u00e1 hoy al C\u00facuta por el ascenso\",\"datePublished\":\"2022-09-08T10:24:54+00:00\",\"dateModified\":\"2022-09-08T10:24:55+00:00\",\"mainEntityOfPage\":{\"@id\":\"https:\/\/luchonoticias.com\/editor\/atletico-huila-recibira-hoy-al-cucuta-por-el-ascenso\/\"},\"wordCount\":226,\"commentCount\":0,\"publisher\":{\"@id\":\"https:\/\/luchonoticias.com\/editor\/#\/schema\/person\/7a7fd911f58561fd056dbac7b55af9cd\"},\"articleSection\":[\"Deportes\"],\"inLanguage\":\"es\",\"potentialAction\":[{\"@type\":\"CommentAction\",\"name\":\"Comment\",\"target\":[\"https:\/\/luchonoticias.com\/editor\/atletico-huila-recibira-hoy-al-cucuta-por-el-ascenso\/#respond\"]}]},{\"@type\":\"WebPage\",\"@id\":\"https:\/\/luchonoticias.com\/editor\/atletico-huila-recibira-hoy-al-cucuta-por-el-ascenso\/\",\"url\":\"https:\/\/luchonoticias.com\/editor\/atletico-huila-recibira-hoy-al-cucuta-por-el-ascenso\/\",\"name\":\"Atl\u00e9tico Huila recibir\u00e1 hoy al C\u00facuta por el ascenso -\",\"isPartOf\":{\"@id\":\"https:\/\/luchonoticias.com\/editor\/#website\"},\"datePublished\":\"2022-09-08T10:24:54+00:00\",\"dateModified\":\"2022-09-08T10:24:55+00:00\",\"breadcrumb\":{\"@id\":\"https:\/\/luchonoticias.com\/editor\/atletico-huila-recibira-hoy-al-cucuta-por-el-ascenso\/#breadcrumb\"},\"inLanguage\":\"es\",\"potentialAction\":[{\"@type\":\"ReadAction\",\"target\":[\"https:\/\/luchonoticias.com\/editor\/atletico-huila-recibira-hoy-al-cucuta-por-el-ascenso\/\"]}]},{\"@type\":\"BreadcrumbList\",\"@id\":\"https:\/\/luchonoticias.com\/editor\/atletico-huila-recibira-hoy-al-cucuta-por-el-ascenso\/#breadcrumb\",\"itemListElement\":[{\"@type\":\"ListItem\",\"position\":1,\"name\":\"Portada\",\"item\":\"https:\/\/luchonoticias.com\/editor\/\"},{\"@type\":\"ListItem\",\"position\":2,\"name\":\"Atl\u00e9tico Huila recibir\u00e1 hoy al C\u00facuta por el ascenso\"}]},{\"@type\":\"WebSite\",\"@id\":\"https:\/\/luchonoticias.com\/editor\/#website\",\"url\":\"https:\/\/luchonoticias.com\/editor\/\",\"name\":\"\",\"description\":\"\",\"publisher\":{\"@id\":\"https:\/\/luchonoticias.com\/editor\/#\/schema\/person\/7a7fd911f58561fd056dbac7b55af9cd\"},\"potentialAction\":[{\"@type\":\"SearchAction\",\"target\":{\"@type\":\"EntryPoint\",\"urlTemplate\":\"https:\/\/luchonoticias.com\/editor\/?s={search_term_string}\"},\"query-input\":{\"@type\":\"PropertyValueSpecification\",\"valueRequired\":true,\"valueName\":\"search_term_string\"}}],\"inLanguage\":\"es\"},{\"@type\":[\"Person\",\"Organization\"],\"@id\":\"https:\/\/luchonoticias.com\/editor\/#\/schema\/person\/7a7fd911f58561fd056dbac7b55af9cd\",\"name\":\"admin\",\"image\":{\"@type\":\"ImageObject\",\"inLanguage\":\"es\",\"@id\":\"https:\/\/luchonoticias.com\/editor\/#\/schema\/person\/image\/\",\"url\":\"https:\/\/luchonoticias.com\/editor\/wp-content\/uploads\/2024\/02\/cropped-cropped-logolu.webp\",\"contentUrl\":\"https:\/\/luchonoticias.com\/editor\/wp-content\/uploads\/2024\/02\/cropped-cropped-logolu.webp\",\"width\":382,\"height\":170,\"caption\":\"admin\"},\"logo\":{\"@id\":\"https:\/\/luchonoticias.com\/editor\/#\/schema\/person\/image\/\"},\"sameAs\":[\"https:\/\/www.facebook.com\/luchonoticiasneiva\"],\"url\":\"https:\/\/luchonoticias.com\/editor\/author\/admin\/\"}]}<\/script>\n<!-- \/ Yoast SEO plugin. -->","yoast_head_json":{"title":"Atl\u00e9tico Huila recibir\u00e1 hoy al C\u00facuta por el ascenso -","robots":{"index":"index","follow":"follow","max-snippet":"max-snippet:-1","max-image-preview":"max-image-preview:large","max-video-preview":"max-video-preview:-1"},"canonical":"https:\/\/luchonoticias.com\/editor\/atletico-huila-recibira-hoy-al-cucuta-por-el-ascenso\/","og_locale":"es_ES","og_type":"article","og_title":"Atl\u00e9tico Huila recibir\u00e1 hoy al C\u00facuta por el ascenso -","og_url":"https:\/\/luchonoticias.com\/editor\/atletico-huila-recibira-hoy-al-cucuta-por-el-ascenso\/","article_publisher":"https:\/\/www.facebook.com\/luchonoticiasneiva","article_author":"https:\/\/www.facebook.com\/luchonoticiasneiva","article_published_time":"2022-09-08T10:24:54+00:00","article_modified_time":"2022-09-08T10:24:55+00:00","author":"admin","twitter_card":"summary_large_image","twitter_misc":{"Escrito por":"admin","Tiempo de lectura":"1 minuto"},"schema":{"@context":"https:\/\/schema.org","@graph":[{"@type":"Article","@id":"https:\/\/luchonoticias.com\/editor\/atletico-huila-recibira-hoy-al-cucuta-por-el-ascenso\/#article","isPartOf":{"@id":"https:\/\/luchonoticias.com\/editor\/atletico-huila-recibira-hoy-al-cucuta-por-el-ascenso\/"},"author":{"name":"admin","@id":"https:\/\/luchonoticias.com\/editor\/#\/schema\/person\/7a7fd911f58561fd056dbac7b55af9cd"},"headline":"Atl\u00e9tico Huila recibir\u00e1 hoy al C\u00facuta por el ascenso","datePublished":"2022-09-08T10:24:54+00:00","dateModified":"2022-09-08T10:24:55+00:00","mainEntityOfPage":{"@id":"https:\/\/luchonoticias.com\/editor\/atletico-huila-recibira-hoy-al-cucuta-por-el-ascenso\/"},"wordCount":226,"commentCount":0,"publisher":{"@id":"https:\/\/luchonoticias.com\/editor\/#\/schema\/person\/7a7fd911f58561fd056dbac7b55af9cd"},"articleSection":["Deportes"],"inLanguage":"es","potentialAction":[{"@type":"CommentAction","name":"Comment","target":["https:\/\/luchonoticias.com\/editor\/atletico-huila-recibira-hoy-al-cucuta-por-el-ascenso\/#respond"]}]},{"@type":"WebPage","@id":"https:\/\/luchonoticias.com\/editor\/atletico-huila-recibira-hoy-al-cucuta-por-el-ascenso\/","url":"https:\/\/luchonoticias.com\/editor\/atletico-huila-recibira-hoy-al-cucuta-por-el-ascenso\/","name":"Atl\u00e9tico Huila recibir\u00e1 hoy al C\u00facuta por el ascenso -","isPartOf":{"@id":"https:\/\/luchonoticias.com\/editor\/#website"},"datePublished":"2022-09-08T10:24:54+00:00","dateModified":"2022-09-08T10:24:55+00:00","breadcrumb":{"@id":"https:\/\/luchonoticias.com\/editor\/atletico-huila-recibira-hoy-al-cucuta-por-el-ascenso\/#breadcrumb"},"inLanguage":"es","potentialAction":[{"@type":"ReadAction","target":["https:\/\/luchonoticias.com\/editor\/atletico-huila-recibira-hoy-al-cucuta-por-el-ascenso\/"]}]},{"@type":"BreadcrumbList","@id":"https:\/\/luchonoticias.com\/editor\/atletico-huila-recibira-hoy-al-cucuta-por-el-ascenso\/#breadcrumb","itemListElement":[{"@type":"ListItem","position":1,"name":"Portada","item":"https:\/\/luchonoticias.com\/editor\/"},{"@type":"ListItem","position":2,"name":"Atl\u00e9tico Huila recibir\u00e1 hoy al C\u00facuta por el ascenso"}]},{"@type":"WebSite","@id":"https:\/\/luchonoticias.com\/editor\/#website","url":"https:\/\/luchonoticias.com\/editor\/","name":"","description":"","publisher":{"@id":"https:\/\/luchonoticias.com\/editor\/#\/schema\/person\/7a7fd911f58561fd056dbac7b55af9cd"},"potentialAction":[{"@type":"SearchAction","target":{"@type":"EntryPoint","urlTemplate":"https:\/\/luchonoticias.com\/editor\/?s={search_term_string}"},"query-input":{"@type":"PropertyValueSpecification","valueRequired":true,"valueName":"search_term_string"}}],"inLanguage":"es"},{"@type":["Person","Organization"],"@id":"https:\/\/luchonoticias.com\/editor\/#\/schema\/person\/7a7fd911f58561fd056dbac7b55af9cd","name":"admin","image":{"@type":"ImageObject","inLanguage":"es","@id":"https:\/\/luchonoticias.com\/editor\/#\/schema\/person\/image\/","url":"https:\/\/luchonoticias.com\/editor\/wp-content\/uploads\/2024\/02\/cropped-cropped-logolu.webp","contentUrl":"https:\/\/luchonoticias.com\/editor\/wp-content\/uploads\/2024\/02\/cropped-cropped-logolu.webp","width":382,"height":170,"caption":"admin"},"logo":{"@id":"https:\/\/luchonoticias.com\/editor\/#\/schema\/person\/image\/"},"sameAs":["https:\/\/www.facebook.com\/luchonoticiasneiva"],"url":"https:\/\/luchonoticias.com\/editor\/author\/admin\/"}]}},"_links":{"self":[{"href":"https:\/\/luchonoticias.com\/editor\/wp-json\/wp\/v2\/posts\/33909","targetHints":{"allow":["GET"]}}],"collection":[{"href":"https:\/\/luchonoticias.com\/editor\/wp-json\/wp\/v2\/posts"}],"about":[{"href":"https:\/\/luchonoticias.com\/editor\/wp-json\/wp\/v2\/types\/post"}],"author":[{"embeddable":true,"href":"https:\/\/luchonoticias.com\/editor\/wp-json\/wp\/v2\/users\/1"}],"replies":[{"embeddable":true,"href":"https:\/\/luchonoticias.com\/editor\/wp-json\/wp\/v2\/comments?post=33909"}],"version-history":[{"count":0,"href":"https:\/\/luchonoticias.com\/editor\/wp-json\/wp\/v2\/posts\/33909\/revisions"}],"wp:attachment":[{"href":"https:\/\/luchonoticias.com\/editor\/wp-json\/wp\/v2\/media?parent=33909"}],"wp:term":[{"taxonomy":"category","embeddable":true,"href":"https:\/\/luchonoticias.com\/editor\/wp-json\/wp\/v2\/categories?post=33909"},{"taxonomy":"post_tag","embeddable":true,"href":"https:\/\/luchonoticias.com\/editor\/wp-json\/wp\/v2\/tags?post=33909"}],"curies":[{"name":"wp","href":"https:\/\/api.w.org\/{rel}","templated":true}]}}