{"id":33918,"date":"2022-09-08T05:30:41","date_gmt":"2022-09-08T10:30:41","guid":{"rendered":"https:\/\/luchonoticias.com\/?p=33918"},"modified":"2022-09-08T05:30:42","modified_gmt":"2022-09-08T10:30:42","slug":"via-a-vegalarga-ya-esta-contratada","status":"publish","type":"post","link":"https:\/\/luchonoticias.com\/editor\/via-a-vegalarga-ya-esta-contratada\/","title":{"rendered":"V\u00eda a Vegalarga ya est\u00e1 contratada"},"content":{"rendered":"\n<p>M\u00e1s de 30 a\u00f1os y varias Administraciones Departamentales, esperaron los habitantes del sector del&nbsp;<strong>Centro Poblado de San Antonio en el corregimiento de Vegalarga<\/strong>&nbsp;en Neiva, para que fuera realidad la pavimentaci\u00f3n de su v\u00eda desde el cruce de Platanillal hasta San Antonio.&nbsp;<\/p>\n\n\n\n<p>La obra que es posible este a\u00f1o gracias a Luis Enrique Duss\u00e1n y el gobierno \u201cHuila crece\u201d,&nbsp;<strong>tendr\u00e1 una inversi\u00f3n de m\u00e1s de $2.000 millones<\/strong>&nbsp;y tendr\u00e1&nbsp;<strong>un plazo de ejecuci\u00f3n de 5 meses<\/strong>&nbsp;a partir de la firma del acta de inicio de la obra, la cual realizar\u00e1 el Consorcio Pavimento 22.&nbsp;<\/p>\n\n\n\n<p>\u201cLa obra que se va a realizar es&nbsp;<strong>un kil\u00f3metro de pavimento flexible entre el tramo del cruce entre Platanillal hacia San Antonio<\/strong>, la ampliaci\u00f3n de la v\u00eda, la construcci\u00f3n de unas obras de arte y la instalaci\u00f3n de un afirmado, una base, una sub base, terminando con una capa asf\u00e1ltica, con su debida demarcaci\u00f3n\u201d, dijo Wilson Alberto Buitrago, representante legal del consorcio, quien fue presentado oficialmente ante la comunidad y explic\u00f3 los detalles de lo que ser\u00e1 ejecutado.<\/p>\n\n\n\n<p>De acuerdo al ingeniero Wilson Alberto Buitrago, representante Legal del Consorcio Pavimento 22,&nbsp;<strong>se aspira entregar la obra en el mes de febrero<\/strong>&nbsp;y se buscar\u00e1 durante el proceso de ejecuci\u00f3n, no realizar cierres totales de la v\u00eda, con el objetivo de no limitar la movilidad de los campesinos y habitantes del sector.<\/p>\n","protected":false},"excerpt":{"rendered":"<p>M\u00e1s de 30 a\u00f1os y varias Administraciones Departamentales, esperaron los habitantes del sector del&nbsp;Centro Poblado de San Antonio en el corregimiento de Vegalarga&nbsp;en Neiva, para que fuera realidad la pavimentaci\u00f3n de su v\u00eda desde el cruce de Platanillal hasta San Antonio.&nbsp; La obra que es posible este a\u00f1o gracias a Luis Enrique Duss\u00e1n y el [&hellip;]<\/p>\n","protected":false},"author":1,"featured_media":0,"comment_status":"open","ping_status":"open","sticky":false,"template":"","format":"standard","meta":{"footnotes":""},"categories":[33],"tags":[],"class_list":["post-33918","post","type-post","status-publish","format-standard","hentry","category-huila"],"yoast_head":"<!-- This site is optimized with the Yoast SEO plugin v26.6 - https:\/\/yoast.com\/wordpress\/plugins\/seo\/ -->\n<title>V\u00eda a Vegalarga ya est\u00e1 contratada -<\/title>\n<meta name=\"robots\" content=\"index, follow, max-snippet:-1, max-image-preview:large, max-video-preview:-1\" \/>\n<link rel=\"canonical\" href=\"https:\/\/luchonoticias.com\/editor\/via-a-vegalarga-ya-esta-contratada\/\" \/>\n<meta property=\"og:locale\" content=\"es_ES\" \/>\n<meta property=\"og:type\" content=\"article\" \/>\n<meta property=\"og:title\" content=\"V\u00eda a Vegalarga ya est\u00e1 contratada -\" \/>\n<meta property=\"og:url\" content=\"https:\/\/luchonoticias.com\/editor\/via-a-vegalarga-ya-esta-contratada\/\" \/>\n<meta property=\"article:publisher\" content=\"https:\/\/www.facebook.com\/luchonoticiasneiva\" \/>\n<meta property=\"article:author\" content=\"https:\/\/www.facebook.com\/luchonoticiasneiva\" \/>\n<meta property=\"article:published_time\" content=\"2022-09-08T10:30:41+00:00\" \/>\n<meta property=\"article:modified_time\" content=\"2022-09-08T10:30:42+00:00\" \/>\n<meta name=\"author\" content=\"admin\" \/>\n<meta name=\"twitter:card\" content=\"summary_large_image\" \/>\n<meta name=\"twitter:label1\" content=\"Escrito por\" \/>\n\t<meta name=\"twitter:data1\" content=\"admin\" \/>\n\t<meta name=\"twitter:label2\" content=\"Tiempo de lectura\" \/>\n\t<meta name=\"twitter:data2\" content=\"1 minuto\" \/>\n<script type=\"application\/ld+json\" class=\"yoast-schema-graph\">{\"@context\":\"https:\/\/schema.org\",\"@graph\":[{\"@type\":\"Article\",\"@id\":\"https:\/\/luchonoticias.com\/editor\/via-a-vegalarga-ya-esta-contratada\/#article\",\"isPartOf\":{\"@id\":\"https:\/\/luchonoticias.com\/editor\/via-a-vegalarga-ya-esta-contratada\/\"},\"author\":{\"name\":\"admin\",\"@id\":\"https:\/\/luchonoticias.com\/editor\/#\/schema\/person\/7a7fd911f58561fd056dbac7b55af9cd\"},\"headline\":\"V\u00eda a Vegalarga ya est\u00e1 contratada\",\"datePublished\":\"2022-09-08T10:30:41+00:00\",\"dateModified\":\"2022-09-08T10:30:42+00:00\",\"mainEntityOfPage\":{\"@id\":\"https:\/\/luchonoticias.com\/editor\/via-a-vegalarga-ya-esta-contratada\/\"},\"wordCount\":259,\"commentCount\":0,\"publisher\":{\"@id\":\"https:\/\/luchonoticias.com\/editor\/#\/schema\/person\/7a7fd911f58561fd056dbac7b55af9cd\"},\"articleSection\":[\"Huila\"],\"inLanguage\":\"es\",\"potentialAction\":[{\"@type\":\"CommentAction\",\"name\":\"Comment\",\"target\":[\"https:\/\/luchonoticias.com\/editor\/via-a-vegalarga-ya-esta-contratada\/#respond\"]}]},{\"@type\":\"WebPage\",\"@id\":\"https:\/\/luchonoticias.com\/editor\/via-a-vegalarga-ya-esta-contratada\/\",\"url\":\"https:\/\/luchonoticias.com\/editor\/via-a-vegalarga-ya-esta-contratada\/\",\"name\":\"V\u00eda a Vegalarga ya est\u00e1 contratada -\",\"isPartOf\":{\"@id\":\"https:\/\/luchonoticias.com\/editor\/#website\"},\"datePublished\":\"2022-09-08T10:30:41+00:00\",\"dateModified\":\"2022-09-08T10:30:42+00:00\",\"breadcrumb\":{\"@id\":\"https:\/\/luchonoticias.com\/editor\/via-a-vegalarga-ya-esta-contratada\/#breadcrumb\"},\"inLanguage\":\"es\",\"potentialAction\":[{\"@type\":\"ReadAction\",\"target\":[\"https:\/\/luchonoticias.com\/editor\/via-a-vegalarga-ya-esta-contratada\/\"]}]},{\"@type\":\"BreadcrumbList\",\"@id\":\"https:\/\/luchonoticias.com\/editor\/via-a-vegalarga-ya-esta-contratada\/#breadcrumb\",\"itemListElement\":[{\"@type\":\"ListItem\",\"position\":1,\"name\":\"Portada\",\"item\":\"https:\/\/luchonoticias.com\/editor\/\"},{\"@type\":\"ListItem\",\"position\":2,\"name\":\"V\u00eda a Vegalarga ya est\u00e1 contratada\"}]},{\"@type\":\"WebSite\",\"@id\":\"https:\/\/luchonoticias.com\/editor\/#website\",\"url\":\"https:\/\/luchonoticias.com\/editor\/\",\"name\":\"\",\"description\":\"\",\"publisher\":{\"@id\":\"https:\/\/luchonoticias.com\/editor\/#\/schema\/person\/7a7fd911f58561fd056dbac7b55af9cd\"},\"potentialAction\":[{\"@type\":\"SearchAction\",\"target\":{\"@type\":\"EntryPoint\",\"urlTemplate\":\"https:\/\/luchonoticias.com\/editor\/?s={search_term_string}\"},\"query-input\":{\"@type\":\"PropertyValueSpecification\",\"valueRequired\":true,\"valueName\":\"search_term_string\"}}],\"inLanguage\":\"es\"},{\"@type\":[\"Person\",\"Organization\"],\"@id\":\"https:\/\/luchonoticias.com\/editor\/#\/schema\/person\/7a7fd911f58561fd056dbac7b55af9cd\",\"name\":\"admin\",\"image\":{\"@type\":\"ImageObject\",\"inLanguage\":\"es\",\"@id\":\"https:\/\/luchonoticias.com\/editor\/#\/schema\/person\/image\/\",\"url\":\"https:\/\/luchonoticias.com\/editor\/wp-content\/uploads\/2024\/02\/cropped-cropped-logolu.webp\",\"contentUrl\":\"https:\/\/luchonoticias.com\/editor\/wp-content\/uploads\/2024\/02\/cropped-cropped-logolu.webp\",\"width\":382,\"height\":170,\"caption\":\"admin\"},\"logo\":{\"@id\":\"https:\/\/luchonoticias.com\/editor\/#\/schema\/person\/image\/\"},\"sameAs\":[\"https:\/\/www.facebook.com\/luchonoticiasneiva\"],\"url\":\"https:\/\/luchonoticias.com\/editor\/author\/admin\/\"}]}<\/script>\n<!-- \/ Yoast SEO plugin. -->","yoast_head_json":{"title":"V\u00eda a Vegalarga ya est\u00e1 contratada -","robots":{"index":"index","follow":"follow","max-snippet":"max-snippet:-1","max-image-preview":"max-image-preview:large","max-video-preview":"max-video-preview:-1"},"canonical":"https:\/\/luchonoticias.com\/editor\/via-a-vegalarga-ya-esta-contratada\/","og_locale":"es_ES","og_type":"article","og_title":"V\u00eda a Vegalarga ya est\u00e1 contratada -","og_url":"https:\/\/luchonoticias.com\/editor\/via-a-vegalarga-ya-esta-contratada\/","article_publisher":"https:\/\/www.facebook.com\/luchonoticiasneiva","article_author":"https:\/\/www.facebook.com\/luchonoticiasneiva","article_published_time":"2022-09-08T10:30:41+00:00","article_modified_time":"2022-09-08T10:30:42+00:00","author":"admin","twitter_card":"summary_large_image","twitter_misc":{"Escrito por":"admin","Tiempo de lectura":"1 minuto"},"schema":{"@context":"https:\/\/schema.org","@graph":[{"@type":"Article","@id":"https:\/\/luchonoticias.com\/editor\/via-a-vegalarga-ya-esta-contratada\/#article","isPartOf":{"@id":"https:\/\/luchonoticias.com\/editor\/via-a-vegalarga-ya-esta-contratada\/"},"author":{"name":"admin","@id":"https:\/\/luchonoticias.com\/editor\/#\/schema\/person\/7a7fd911f58561fd056dbac7b55af9cd"},"headline":"V\u00eda a Vegalarga ya est\u00e1 contratada","datePublished":"2022-09-08T10:30:41+00:00","dateModified":"2022-09-08T10:30:42+00:00","mainEntityOfPage":{"@id":"https:\/\/luchonoticias.com\/editor\/via-a-vegalarga-ya-esta-contratada\/"},"wordCount":259,"commentCount":0,"publisher":{"@id":"https:\/\/luchonoticias.com\/editor\/#\/schema\/person\/7a7fd911f58561fd056dbac7b55af9cd"},"articleSection":["Huila"],"inLanguage":"es","potentialAction":[{"@type":"CommentAction","name":"Comment","target":["https:\/\/luchonoticias.com\/editor\/via-a-vegalarga-ya-esta-contratada\/#respond"]}]},{"@type":"WebPage","@id":"https:\/\/luchonoticias.com\/editor\/via-a-vegalarga-ya-esta-contratada\/","url":"https:\/\/luchonoticias.com\/editor\/via-a-vegalarga-ya-esta-contratada\/","name":"V\u00eda a Vegalarga ya est\u00e1 contratada -","isPartOf":{"@id":"https:\/\/luchonoticias.com\/editor\/#website"},"datePublished":"2022-09-08T10:30:41+00:00","dateModified":"2022-09-08T10:30:42+00:00","breadcrumb":{"@id":"https:\/\/luchonoticias.com\/editor\/via-a-vegalarga-ya-esta-contratada\/#breadcrumb"},"inLanguage":"es","potentialAction":[{"@type":"ReadAction","target":["https:\/\/luchonoticias.com\/editor\/via-a-vegalarga-ya-esta-contratada\/"]}]},{"@type":"BreadcrumbList","@id":"https:\/\/luchonoticias.com\/editor\/via-a-vegalarga-ya-esta-contratada\/#breadcrumb","itemListElement":[{"@type":"ListItem","position":1,"name":"Portada","item":"https:\/\/luchonoticias.com\/editor\/"},{"@type":"ListItem","position":2,"name":"V\u00eda a Vegalarga ya est\u00e1 contratada"}]},{"@type":"WebSite","@id":"https:\/\/luchonoticias.com\/editor\/#website","url":"https:\/\/luchonoticias.com\/editor\/","name":"","description":"","publisher":{"@id":"https:\/\/luchonoticias.com\/editor\/#\/schema\/person\/7a7fd911f58561fd056dbac7b55af9cd"},"potentialAction":[{"@type":"SearchAction","target":{"@type":"EntryPoint","urlTemplate":"https:\/\/luchonoticias.com\/editor\/?s={search_term_string}"},"query-input":{"@type":"PropertyValueSpecification","valueRequired":true,"valueName":"search_term_string"}}],"inLanguage":"es"},{"@type":["Person","Organization"],"@id":"https:\/\/luchonoticias.com\/editor\/#\/schema\/person\/7a7fd911f58561fd056dbac7b55af9cd","name":"admin","image":{"@type":"ImageObject","inLanguage":"es","@id":"https:\/\/luchonoticias.com\/editor\/#\/schema\/person\/image\/","url":"https:\/\/luchonoticias.com\/editor\/wp-content\/uploads\/2024\/02\/cropped-cropped-logolu.webp","contentUrl":"https:\/\/luchonoticias.com\/editor\/wp-content\/uploads\/2024\/02\/cropped-cropped-logolu.webp","width":382,"height":170,"caption":"admin"},"logo":{"@id":"https:\/\/luchonoticias.com\/editor\/#\/schema\/person\/image\/"},"sameAs":["https:\/\/www.facebook.com\/luchonoticiasneiva"],"url":"https:\/\/luchonoticias.com\/editor\/author\/admin\/"}]}},"_links":{"self":[{"href":"https:\/\/luchonoticias.com\/editor\/wp-json\/wp\/v2\/posts\/33918","targetHints":{"allow":["GET"]}}],"collection":[{"href":"https:\/\/luchonoticias.com\/editor\/wp-json\/wp\/v2\/posts"}],"about":[{"href":"https:\/\/luchonoticias.com\/editor\/wp-json\/wp\/v2\/types\/post"}],"author":[{"embeddable":true,"href":"https:\/\/luchonoticias.com\/editor\/wp-json\/wp\/v2\/users\/1"}],"replies":[{"embeddable":true,"href":"https:\/\/luchonoticias.com\/editor\/wp-json\/wp\/v2\/comments?post=33918"}],"version-history":[{"count":0,"href":"https:\/\/luchonoticias.com\/editor\/wp-json\/wp\/v2\/posts\/33918\/revisions"}],"wp:attachment":[{"href":"https:\/\/luchonoticias.com\/editor\/wp-json\/wp\/v2\/media?parent=33918"}],"wp:term":[{"taxonomy":"category","embeddable":true,"href":"https:\/\/luchonoticias.com\/editor\/wp-json\/wp\/v2\/categories?post=33918"},{"taxonomy":"post_tag","embeddable":true,"href":"https:\/\/luchonoticias.com\/editor\/wp-json\/wp\/v2\/tags?post=33918"}],"curies":[{"name":"wp","href":"https:\/\/api.w.org\/{rel}","templated":true}]}}