{"id":33964,"date":"2022-09-08T07:35:52","date_gmt":"2022-09-08T12:35:52","guid":{"rendered":"https:\/\/luchonoticias.com\/?p=33964"},"modified":"2022-09-08T07:35:53","modified_gmt":"2022-09-08T12:35:53","slug":"petro-pide-a-embajador-en-washington-trabajar-en-nueva-agenda-antidrogas-y-ambiental-entre-colombia-y-ee-uu","status":"publish","type":"post","link":"https:\/\/luchonoticias.com\/editor\/petro-pide-a-embajador-en-washington-trabajar-en-nueva-agenda-antidrogas-y-ambiental-entre-colombia-y-ee-uu\/","title":{"rendered":"Petro pide a Embajador en Washington trabajar en nueva agenda antidrogas y ambiental entre Colombia y EE.UU."},"content":{"rendered":"\n<p>El Presidente de la Rep\u00fablica, Gustavo Petro, posesion\u00f3 este mi\u00e9rcoles al nuevo Embajador de Colombia en Washington, Luis Gilberto Murillo, a quien le pidi\u00f3 trabajar en una nueva agenda de las relaciones bilaterales, que tiene entre sus prioridades buscar alternativas al fracaso de la pol\u00edtica antidrogas e impedir la quema de la selva amaz\u00f3nica.<\/p>\n\n\n\n<p>\u201cNo se puede ocultar la importancia de este cargo en el pa\u00eds que est\u00e1 determinando, en mayor medida, los destinos de Colombia desde hace bastantes d\u00e9cadas\u201d, manifest\u00f3 el Presidente Petro luego de tomar el juramento a Murillo, exministro de Ambiente y natural del departamento del Choc\u00f3, en un acto efectuado en la Casa de Nari\u00f1o.<\/p>\n\n\n\n<figure class=\"wp-block-gallery has-nested-images columns-default is-cropped wp-block-gallery-1 is-layout-flex wp-block-gallery-is-layout-flex\">\n<figure class=\"wp-block-image size-large\"><img decoding=\"async\" data-id=\"33966\" src=\"https:\/\/luchonoticias.com\/wp-content\/uploads\/2022\/09\/WhatsApp-Image-2022-09-07-at-5.42.46-PM-2-1024x682.jpeg\" alt=\"\" class=\"wp-image-33966\"\/><\/figure>\n<\/figure>\n\n\n\n<p>En ese sentido, indic\u00f3 que el nuevo Embajador Murillo \u201ces nuestro Embajador para intentar variar cosas que no han funcionado bien\u201d.<\/p>\n\n\n\n<p>Record\u00f3 que horas antes se reuni\u00f3 con la general Laura Richardson, Jefe del Comando Sur del Ej\u00e9rcito de los Estados Unidos, y hablaron sobre la pol\u00edtica antidrogas y otros temas de importancia entre las dos naciones.<\/p>\n\n\n\n<p>\u201cYo creo que hay que llamarlo as\u00ed sin miedos. La pol\u00edtica que se llam\u00f3 guerra contra las drogas, en tiempos de (Richard) Nixon para ac\u00e1, ha fracasado y es nuestro deber ante los mismos Estados Unidos, pero tambi\u00e9n ante el mundo, no solo decirlo, sino proponer alternativas que no sean las de tener un mill\u00f3n de latinoamericanos m\u00e1s muertos, centenares de miles presos, millones de norteamericanos muertos por sobredosis, destrucci\u00f3n democr\u00e1tica y violencia y violencia y violencia por doquier\u201d, expres\u00f3 el Mandatario.<\/p>\n\n\n\n<figure class=\"wp-block-image size-large\"><img decoding=\"async\" src=\"https:\/\/luchonoticias.com\/wp-content\/uploads\/2022\/09\/WhatsApp-Image-2022-09-07-at-5.42.46-PM-1024x682.jpeg\" alt=\"\" class=\"wp-image-33967\"\/><\/figure>\n\n\n\n<p>Record\u00f3 tambi\u00e9n que el martes estuvo visitando Buenaventura, donde se analiz\u00f3 la situaci\u00f3n en el puerto del Litoral Pac\u00edfico, y se\u00f1al\u00f3 que esa violencia \u201ces el producto parcial de la guerra contra las drogas\u201d<\/p>\n\n\n\n<p>\u201cNo les podemos echar la culpa toda a los gringos, porque en realidad los mayores culpables somos nosotros\u201d, dijo, y agreg\u00f3 que el Litoral Pac\u00edfico y tambi\u00e9n parte del Caribe son las regiones m\u00e1s pobres de Colombia.<\/p>\n\n\n\n<p>Anot\u00f3 que \u201cparte de eso tiene que variar. El cambio no es posible si no hacemos un cambio en eso, en las perspectivas. Cambiar la visi\u00f3n de los Estados Unidos sobre su conducta en Colombia, fracasada en mi opini\u00f3n, de construir conjuntamente los terrenos de la paz y de una democracia m\u00e1s s\u00f3lida en todo el continente\u201d.<\/p>\n\n\n\n<p>El Jefe de Estado explic\u00f3, tambi\u00e9n, que con la general Richardson habl\u00f3 de la conformaci\u00f3n de una fuerza destinada a apagar los fuegos de la selva amaz\u00f3nica \u201cque es el principal problema de seguridad de la humanidad hoy\u201d.<\/p>\n\n\n\n<p><strong>Advirti\u00f3 que \u201csi se quema la selva hay punto de no retorno\u201d.<\/strong><\/p>\n\n\n\n<p>\u201cPunto de no retorno es no hay salvaci\u00f3n, ya no se puede hacer nada. Punto de no retorno en la extinci\u00f3n de la especie humana, en la crisis clim\u00e1tica. Y no est\u00e1 a 100 a\u00f1os, ni mil a\u00f1os; es que se puede llegar en 10; 12 dicen los cient\u00edficos. Y uno de los desencadenadores de ese punto de no retorno es si se quema la selva amaz\u00f3nica. Otro es si se derrite Groenlandia y Siberia\u201d, sostuvo.<\/p>\n\n\n\n<figure class=\"wp-block-image size-large is-resized\"><img loading=\"lazy\" decoding=\"async\" src=\"https:\/\/luchonoticias.com\/wp-content\/uploads\/2022\/09\/WhatsApp-Image-2022-09-07-at-5.42.46-PM-1-682x1024.jpeg\" alt=\"\" class=\"wp-image-33968\" width=\"458\" height=\"688\"\/><\/figure>\n\n\n\n<p>Y eso le dije a la generala, Nuestro rival no est\u00e1 aqu\u00ed o acull\u00e1, no son la competencia los poderes mundiales. Nuestro rival est\u00e1 en esas llamas que pueden quemar la selva. Y el mejor mensaje que una colaboraci\u00f3n militar entre Estados Unidos y Colombia podr\u00eda ser al mundo es, precisamente, que no se quema y que establecemos los mecanismos econ\u00f3micos y sociales, por un lado, y los mecanismos militares y operativos, por el otro, para impedir la quema de la selva amaz\u00f3nica\u201d, puntualiz\u00f3.<\/p>\n\n\n\n<p>El Presidente Petro afirm\u00f3 que \u201centonces, se va configurando como una nueva agenda en las relaciones entre los dos pa\u00edses, cuyo responsable en el tr\u00e1mite cotidiano y diario es nuestro embajador Luis Gilberto Murillo, ante los Estados Unidos\u201d.<\/p>\n\n\n\n<p>\u201cAs\u00ed que es una tarea, que no es c\u00f3mo se premia al hijo de una gran familia de apellidos y abolengos, sino que es una tarea que tiene que ver con salvar la especie humana. Y yo escog\u00ed una persona afrodescendiente, porque Estados Unidos tiene buena parte de su poblaci\u00f3n afrodescendiente, porque se habla el mismo lenguaje, que no tanto el ling\u00fc\u00edstico como s\u00ed el cultural, porque es la misma ra\u00edz\u201d, concluy\u00f3.<\/p>\n","protected":false},"excerpt":{"rendered":"<p>El Presidente de la Rep\u00fablica, Gustavo Petro, posesion\u00f3 este mi\u00e9rcoles al nuevo Embajador de Colombia en Washington, Luis Gilberto Murillo, a quien le pidi\u00f3 trabajar en una nueva agenda de las relaciones bilaterales, que tiene entre sus prioridades buscar alternativas al fracaso de la pol\u00edtica antidrogas e impedir la quema de la selva amaz\u00f3nica. \u201cNo [&hellip;]<\/p>\n","protected":false},"author":1,"featured_media":0,"comment_status":"open","ping_status":"open","sticky":false,"template":"","format":"standard","meta":{"footnotes":""},"categories":[36,32],"tags":[],"class_list":["post-33964","post","type-post","status-publish","format-standard","hentry","category-destacado","category-nacional"],"yoast_head":"<!-- This site is optimized with the Yoast SEO plugin v26.6 - https:\/\/yoast.com\/wordpress\/plugins\/seo\/ -->\n<title>Petro pide a Embajador en Washington trabajar en nueva agenda antidrogas y ambiental entre Colombia y EE.UU. -<\/title>\n<meta name=\"robots\" content=\"index, follow, max-snippet:-1, max-image-preview:large, max-video-preview:-1\" \/>\n<link rel=\"canonical\" href=\"https:\/\/luchonoticias.com\/editor\/petro-pide-a-embajador-en-washington-trabajar-en-nueva-agenda-antidrogas-y-ambiental-entre-colombia-y-ee-uu\/\" \/>\n<meta property=\"og:locale\" content=\"es_ES\" \/>\n<meta property=\"og:type\" content=\"article\" \/>\n<meta property=\"og:title\" content=\"Petro pide a Embajador en Washington trabajar en nueva agenda antidrogas y ambiental entre Colombia y EE.UU. -\" \/>\n<meta property=\"og:url\" content=\"https:\/\/luchonoticias.com\/editor\/petro-pide-a-embajador-en-washington-trabajar-en-nueva-agenda-antidrogas-y-ambiental-entre-colombia-y-ee-uu\/\" \/>\n<meta property=\"article:publisher\" content=\"https:\/\/www.facebook.com\/luchonoticiasneiva\" \/>\n<meta property=\"article:author\" content=\"https:\/\/www.facebook.com\/luchonoticiasneiva\" \/>\n<meta property=\"article:published_time\" content=\"2022-09-08T12:35:52+00:00\" \/>\n<meta property=\"article:modified_time\" content=\"2022-09-08T12:35:53+00:00\" \/>\n<meta property=\"og:image\" content=\"https:\/\/luchonoticias.com\/wp-content\/uploads\/2022\/09\/WhatsApp-Image-2022-09-07-at-5.42.46-PM-2-1024x682.jpeg\" \/>\n<meta name=\"author\" content=\"admin\" \/>\n<meta name=\"twitter:card\" content=\"summary_large_image\" \/>\n<meta name=\"twitter:label1\" content=\"Escrito por\" \/>\n\t<meta name=\"twitter:data1\" content=\"admin\" \/>\n\t<meta name=\"twitter:label2\" content=\"Tiempo de lectura\" \/>\n\t<meta name=\"twitter:data2\" content=\"4 minutos\" \/>\n<script type=\"application\/ld+json\" class=\"yoast-schema-graph\">{\"@context\":\"https:\/\/schema.org\",\"@graph\":[{\"@type\":\"Article\",\"@id\":\"https:\/\/luchonoticias.com\/editor\/petro-pide-a-embajador-en-washington-trabajar-en-nueva-agenda-antidrogas-y-ambiental-entre-colombia-y-ee-uu\/#article\",\"isPartOf\":{\"@id\":\"https:\/\/luchonoticias.com\/editor\/petro-pide-a-embajador-en-washington-trabajar-en-nueva-agenda-antidrogas-y-ambiental-entre-colombia-y-ee-uu\/\"},\"author\":{\"name\":\"admin\",\"@id\":\"https:\/\/luchonoticias.com\/editor\/#\/schema\/person\/7a7fd911f58561fd056dbac7b55af9cd\"},\"headline\":\"Petro pide a Embajador en Washington trabajar en nueva agenda antidrogas y ambiental entre Colombia y EE.UU.\",\"datePublished\":\"2022-09-08T12:35:52+00:00\",\"dateModified\":\"2022-09-08T12:35:53+00:00\",\"mainEntityOfPage\":{\"@id\":\"https:\/\/luchonoticias.com\/editor\/petro-pide-a-embajador-en-washington-trabajar-en-nueva-agenda-antidrogas-y-ambiental-entre-colombia-y-ee-uu\/\"},\"wordCount\":757,\"commentCount\":0,\"publisher\":{\"@id\":\"https:\/\/luchonoticias.com\/editor\/#\/schema\/person\/7a7fd911f58561fd056dbac7b55af9cd\"},\"image\":{\"@id\":\"https:\/\/luchonoticias.com\/editor\/petro-pide-a-embajador-en-washington-trabajar-en-nueva-agenda-antidrogas-y-ambiental-entre-colombia-y-ee-uu\/#primaryimage\"},\"thumbnailUrl\":\"https:\/\/luchonoticias.com\/wp-content\/uploads\/2022\/09\/WhatsApp-Image-2022-09-07-at-5.42.46-PM-2-1024x682.jpeg\",\"articleSection\":[\"Destacado\",\"Nacional\"],\"inLanguage\":\"es\",\"potentialAction\":[{\"@type\":\"CommentAction\",\"name\":\"Comment\",\"target\":[\"https:\/\/luchonoticias.com\/editor\/petro-pide-a-embajador-en-washington-trabajar-en-nueva-agenda-antidrogas-y-ambiental-entre-colombia-y-ee-uu\/#respond\"]}]},{\"@type\":\"WebPage\",\"@id\":\"https:\/\/luchonoticias.com\/editor\/petro-pide-a-embajador-en-washington-trabajar-en-nueva-agenda-antidrogas-y-ambiental-entre-colombia-y-ee-uu\/\",\"url\":\"https:\/\/luchonoticias.com\/editor\/petro-pide-a-embajador-en-washington-trabajar-en-nueva-agenda-antidrogas-y-ambiental-entre-colombia-y-ee-uu\/\",\"name\":\"Petro pide a Embajador en Washington trabajar en nueva agenda antidrogas y ambiental entre Colombia y EE.UU. -\",\"isPartOf\":{\"@id\":\"https:\/\/luchonoticias.com\/editor\/#website\"},\"primaryImageOfPage\":{\"@id\":\"https:\/\/luchonoticias.com\/editor\/petro-pide-a-embajador-en-washington-trabajar-en-nueva-agenda-antidrogas-y-ambiental-entre-colombia-y-ee-uu\/#primaryimage\"},\"image\":{\"@id\":\"https:\/\/luchonoticias.com\/editor\/petro-pide-a-embajador-en-washington-trabajar-en-nueva-agenda-antidrogas-y-ambiental-entre-colombia-y-ee-uu\/#primaryimage\"},\"thumbnailUrl\":\"https:\/\/luchonoticias.com\/wp-content\/uploads\/2022\/09\/WhatsApp-Image-2022-09-07-at-5.42.46-PM-2-1024x682.jpeg\",\"datePublished\":\"2022-09-08T12:35:52+00:00\",\"dateModified\":\"2022-09-08T12:35:53+00:00\",\"breadcrumb\":{\"@id\":\"https:\/\/luchonoticias.com\/editor\/petro-pide-a-embajador-en-washington-trabajar-en-nueva-agenda-antidrogas-y-ambiental-entre-colombia-y-ee-uu\/#breadcrumb\"},\"inLanguage\":\"es\",\"potentialAction\":[{\"@type\":\"ReadAction\",\"target\":[\"https:\/\/luchonoticias.com\/editor\/petro-pide-a-embajador-en-washington-trabajar-en-nueva-agenda-antidrogas-y-ambiental-entre-colombia-y-ee-uu\/\"]}]},{\"@type\":\"ImageObject\",\"inLanguage\":\"es\",\"@id\":\"https:\/\/luchonoticias.com\/editor\/petro-pide-a-embajador-en-washington-trabajar-en-nueva-agenda-antidrogas-y-ambiental-entre-colombia-y-ee-uu\/#primaryimage\",\"url\":\"https:\/\/luchonoticias.com\/wp-content\/uploads\/2022\/09\/WhatsApp-Image-2022-09-07-at-5.42.46-PM-2-1024x682.jpeg\",\"contentUrl\":\"https:\/\/luchonoticias.com\/wp-content\/uploads\/2022\/09\/WhatsApp-Image-2022-09-07-at-5.42.46-PM-2-1024x682.jpeg\"},{\"@type\":\"BreadcrumbList\",\"@id\":\"https:\/\/luchonoticias.com\/editor\/petro-pide-a-embajador-en-washington-trabajar-en-nueva-agenda-antidrogas-y-ambiental-entre-colombia-y-ee-uu\/#breadcrumb\",\"itemListElement\":[{\"@type\":\"ListItem\",\"position\":1,\"name\":\"Portada\",\"item\":\"https:\/\/luchonoticias.com\/editor\/\"},{\"@type\":\"ListItem\",\"position\":2,\"name\":\"Petro pide a Embajador en Washington trabajar en nueva agenda antidrogas y ambiental entre Colombia y EE.UU.\"}]},{\"@type\":\"WebSite\",\"@id\":\"https:\/\/luchonoticias.com\/editor\/#website\",\"url\":\"https:\/\/luchonoticias.com\/editor\/\",\"name\":\"\",\"description\":\"\",\"publisher\":{\"@id\":\"https:\/\/luchonoticias.com\/editor\/#\/schema\/person\/7a7fd911f58561fd056dbac7b55af9cd\"},\"potentialAction\":[{\"@type\":\"SearchAction\",\"target\":{\"@type\":\"EntryPoint\",\"urlTemplate\":\"https:\/\/luchonoticias.com\/editor\/?s={search_term_string}\"},\"query-input\":{\"@type\":\"PropertyValueSpecification\",\"valueRequired\":true,\"valueName\":\"search_term_string\"}}],\"inLanguage\":\"es\"},{\"@type\":[\"Person\",\"Organization\"],\"@id\":\"https:\/\/luchonoticias.com\/editor\/#\/schema\/person\/7a7fd911f58561fd056dbac7b55af9cd\",\"name\":\"admin\",\"image\":{\"@type\":\"ImageObject\",\"inLanguage\":\"es\",\"@id\":\"https:\/\/luchonoticias.com\/editor\/#\/schema\/person\/image\/\",\"url\":\"https:\/\/luchonoticias.com\/editor\/wp-content\/uploads\/2024\/02\/cropped-cropped-logolu.webp\",\"contentUrl\":\"https:\/\/luchonoticias.com\/editor\/wp-content\/uploads\/2024\/02\/cropped-cropped-logolu.webp\",\"width\":382,\"height\":170,\"caption\":\"admin\"},\"logo\":{\"@id\":\"https:\/\/luchonoticias.com\/editor\/#\/schema\/person\/image\/\"},\"sameAs\":[\"https:\/\/www.facebook.com\/luchonoticiasneiva\"],\"url\":\"https:\/\/luchonoticias.com\/editor\/author\/admin\/\"}]}<\/script>\n<!-- \/ Yoast SEO plugin. -->","yoast_head_json":{"title":"Petro pide a Embajador en Washington trabajar en nueva agenda antidrogas y ambiental entre Colombia y EE.UU. -","robots":{"index":"index","follow":"follow","max-snippet":"max-snippet:-1","max-image-preview":"max-image-preview:large","max-video-preview":"max-video-preview:-1"},"canonical":"https:\/\/luchonoticias.com\/editor\/petro-pide-a-embajador-en-washington-trabajar-en-nueva-agenda-antidrogas-y-ambiental-entre-colombia-y-ee-uu\/","og_locale":"es_ES","og_type":"article","og_title":"Petro pide a Embajador en Washington trabajar en nueva agenda antidrogas y ambiental entre Colombia y EE.UU. -","og_url":"https:\/\/luchonoticias.com\/editor\/petro-pide-a-embajador-en-washington-trabajar-en-nueva-agenda-antidrogas-y-ambiental-entre-colombia-y-ee-uu\/","article_publisher":"https:\/\/www.facebook.com\/luchonoticiasneiva","article_author":"https:\/\/www.facebook.com\/luchonoticiasneiva","article_published_time":"2022-09-08T12:35:52+00:00","article_modified_time":"2022-09-08T12:35:53+00:00","og_image":[{"url":"https:\/\/luchonoticias.com\/wp-content\/uploads\/2022\/09\/WhatsApp-Image-2022-09-07-at-5.42.46-PM-2-1024x682.jpeg","type":"","width":"","height":""}],"author":"admin","twitter_card":"summary_large_image","twitter_misc":{"Escrito por":"admin","Tiempo de lectura":"4 minutos"},"schema":{"@context":"https:\/\/schema.org","@graph":[{"@type":"Article","@id":"https:\/\/luchonoticias.com\/editor\/petro-pide-a-embajador-en-washington-trabajar-en-nueva-agenda-antidrogas-y-ambiental-entre-colombia-y-ee-uu\/#article","isPartOf":{"@id":"https:\/\/luchonoticias.com\/editor\/petro-pide-a-embajador-en-washington-trabajar-en-nueva-agenda-antidrogas-y-ambiental-entre-colombia-y-ee-uu\/"},"author":{"name":"admin","@id":"https:\/\/luchonoticias.com\/editor\/#\/schema\/person\/7a7fd911f58561fd056dbac7b55af9cd"},"headline":"Petro pide a Embajador en Washington trabajar en nueva agenda antidrogas y ambiental entre Colombia y EE.UU.","datePublished":"2022-09-08T12:35:52+00:00","dateModified":"2022-09-08T12:35:53+00:00","mainEntityOfPage":{"@id":"https:\/\/luchonoticias.com\/editor\/petro-pide-a-embajador-en-washington-trabajar-en-nueva-agenda-antidrogas-y-ambiental-entre-colombia-y-ee-uu\/"},"wordCount":757,"commentCount":0,"publisher":{"@id":"https:\/\/luchonoticias.com\/editor\/#\/schema\/person\/7a7fd911f58561fd056dbac7b55af9cd"},"image":{"@id":"https:\/\/luchonoticias.com\/editor\/petro-pide-a-embajador-en-washington-trabajar-en-nueva-agenda-antidrogas-y-ambiental-entre-colombia-y-ee-uu\/#primaryimage"},"thumbnailUrl":"https:\/\/luchonoticias.com\/wp-content\/uploads\/2022\/09\/WhatsApp-Image-2022-09-07-at-5.42.46-PM-2-1024x682.jpeg","articleSection":["Destacado","Nacional"],"inLanguage":"es","potentialAction":[{"@type":"CommentAction","name":"Comment","target":["https:\/\/luchonoticias.com\/editor\/petro-pide-a-embajador-en-washington-trabajar-en-nueva-agenda-antidrogas-y-ambiental-entre-colombia-y-ee-uu\/#respond"]}]},{"@type":"WebPage","@id":"https:\/\/luchonoticias.com\/editor\/petro-pide-a-embajador-en-washington-trabajar-en-nueva-agenda-antidrogas-y-ambiental-entre-colombia-y-ee-uu\/","url":"https:\/\/luchonoticias.com\/editor\/petro-pide-a-embajador-en-washington-trabajar-en-nueva-agenda-antidrogas-y-ambiental-entre-colombia-y-ee-uu\/","name":"Petro pide a Embajador en Washington trabajar en nueva agenda antidrogas y ambiental entre Colombia y EE.UU. -","isPartOf":{"@id":"https:\/\/luchonoticias.com\/editor\/#website"},"primaryImageOfPage":{"@id":"https:\/\/luchonoticias.com\/editor\/petro-pide-a-embajador-en-washington-trabajar-en-nueva-agenda-antidrogas-y-ambiental-entre-colombia-y-ee-uu\/#primaryimage"},"image":{"@id":"https:\/\/luchonoticias.com\/editor\/petro-pide-a-embajador-en-washington-trabajar-en-nueva-agenda-antidrogas-y-ambiental-entre-colombia-y-ee-uu\/#primaryimage"},"thumbnailUrl":"https:\/\/luchonoticias.com\/wp-content\/uploads\/2022\/09\/WhatsApp-Image-2022-09-07-at-5.42.46-PM-2-1024x682.jpeg","datePublished":"2022-09-08T12:35:52+00:00","dateModified":"2022-09-08T12:35:53+00:00","breadcrumb":{"@id":"https:\/\/luchonoticias.com\/editor\/petro-pide-a-embajador-en-washington-trabajar-en-nueva-agenda-antidrogas-y-ambiental-entre-colombia-y-ee-uu\/#breadcrumb"},"inLanguage":"es","potentialAction":[{"@type":"ReadAction","target":["https:\/\/luchonoticias.com\/editor\/petro-pide-a-embajador-en-washington-trabajar-en-nueva-agenda-antidrogas-y-ambiental-entre-colombia-y-ee-uu\/"]}]},{"@type":"ImageObject","inLanguage":"es","@id":"https:\/\/luchonoticias.com\/editor\/petro-pide-a-embajador-en-washington-trabajar-en-nueva-agenda-antidrogas-y-ambiental-entre-colombia-y-ee-uu\/#primaryimage","url":"https:\/\/luchonoticias.com\/wp-content\/uploads\/2022\/09\/WhatsApp-Image-2022-09-07-at-5.42.46-PM-2-1024x682.jpeg","contentUrl":"https:\/\/luchonoticias.com\/wp-content\/uploads\/2022\/09\/WhatsApp-Image-2022-09-07-at-5.42.46-PM-2-1024x682.jpeg"},{"@type":"BreadcrumbList","@id":"https:\/\/luchonoticias.com\/editor\/petro-pide-a-embajador-en-washington-trabajar-en-nueva-agenda-antidrogas-y-ambiental-entre-colombia-y-ee-uu\/#breadcrumb","itemListElement":[{"@type":"ListItem","position":1,"name":"Portada","item":"https:\/\/luchonoticias.com\/editor\/"},{"@type":"ListItem","position":2,"name":"Petro pide a Embajador en Washington trabajar en nueva agenda antidrogas y ambiental entre Colombia y EE.UU."}]},{"@type":"WebSite","@id":"https:\/\/luchonoticias.com\/editor\/#website","url":"https:\/\/luchonoticias.com\/editor\/","name":"","description":"","publisher":{"@id":"https:\/\/luchonoticias.com\/editor\/#\/schema\/person\/7a7fd911f58561fd056dbac7b55af9cd"},"potentialAction":[{"@type":"SearchAction","target":{"@type":"EntryPoint","urlTemplate":"https:\/\/luchonoticias.com\/editor\/?s={search_term_string}"},"query-input":{"@type":"PropertyValueSpecification","valueRequired":true,"valueName":"search_term_string"}}],"inLanguage":"es"},{"@type":["Person","Organization"],"@id":"https:\/\/luchonoticias.com\/editor\/#\/schema\/person\/7a7fd911f58561fd056dbac7b55af9cd","name":"admin","image":{"@type":"ImageObject","inLanguage":"es","@id":"https:\/\/luchonoticias.com\/editor\/#\/schema\/person\/image\/","url":"https:\/\/luchonoticias.com\/editor\/wp-content\/uploads\/2024\/02\/cropped-cropped-logolu.webp","contentUrl":"https:\/\/luchonoticias.com\/editor\/wp-content\/uploads\/2024\/02\/cropped-cropped-logolu.webp","width":382,"height":170,"caption":"admin"},"logo":{"@id":"https:\/\/luchonoticias.com\/editor\/#\/schema\/person\/image\/"},"sameAs":["https:\/\/www.facebook.com\/luchonoticiasneiva"],"url":"https:\/\/luchonoticias.com\/editor\/author\/admin\/"}]}},"_links":{"self":[{"href":"https:\/\/luchonoticias.com\/editor\/wp-json\/wp\/v2\/posts\/33964","targetHints":{"allow":["GET"]}}],"collection":[{"href":"https:\/\/luchonoticias.com\/editor\/wp-json\/wp\/v2\/posts"}],"about":[{"href":"https:\/\/luchonoticias.com\/editor\/wp-json\/wp\/v2\/types\/post"}],"author":[{"embeddable":true,"href":"https:\/\/luchonoticias.com\/editor\/wp-json\/wp\/v2\/users\/1"}],"replies":[{"embeddable":true,"href":"https:\/\/luchonoticias.com\/editor\/wp-json\/wp\/v2\/comments?post=33964"}],"version-history":[{"count":0,"href":"https:\/\/luchonoticias.com\/editor\/wp-json\/wp\/v2\/posts\/33964\/revisions"}],"wp:attachment":[{"href":"https:\/\/luchonoticias.com\/editor\/wp-json\/wp\/v2\/media?parent=33964"}],"wp:term":[{"taxonomy":"category","embeddable":true,"href":"https:\/\/luchonoticias.com\/editor\/wp-json\/wp\/v2\/categories?post=33964"},{"taxonomy":"post_tag","embeddable":true,"href":"https:\/\/luchonoticias.com\/editor\/wp-json\/wp\/v2\/tags?post=33964"}],"curies":[{"name":"wp","href":"https:\/\/api.w.org\/{rel}","templated":true}]}}