{"id":34054,"date":"2022-09-09T14:07:13","date_gmt":"2022-09-09T19:07:13","guid":{"rendered":"https:\/\/luchonoticias.com\/?p=34054"},"modified":"2022-09-09T14:07:14","modified_gmt":"2022-09-09T19:07:14","slug":"asi-sera-el-funeral-de-la-reina-isabel-ii","status":"publish","type":"post","link":"https:\/\/luchonoticias.com\/editor\/asi-sera-el-funeral-de-la-reina-isabel-ii\/","title":{"rendered":"As\u00ed ser\u00e1 el funeral de la reina Isabel II"},"content":{"rendered":"\n<p>Con el fallecimiento de la reina Isabel II, de 96 a\u00f1os de edad y 70 de reinado \u2013el m\u00e1s largo en la hist\u00f3rica de la monarqu\u00eda brit\u00e1nica (1952 -2002)\u2013, fueron activados todos los planes y protocolos para despedirla y para coronar a su sucesor, el rey Carlos III, su hijo.<\/p>\n\n\n\n<p>Seg\u00fan el diario BBC el f\u00e9retro de la reina ser\u00e1 trasladado de Balmoral al Palacio de Hoyroodhouse en Edimburgo, la residencia oficial de los monarcas brit\u00e1nicos en Escocia, en los pr\u00f3ximos d\u00edas. De all\u00ed ser\u00e1 llevado en procesi\u00f3n a la catedral de San Egidio, donde descansar\u00e1 y se permitir\u00e1 al p\u00fablico verlo, antes de ser transportado a Londres.<\/p>\n\n\n\n<figure class=\"wp-block-image size-full is-style-rounded\"><img decoding=\"async\" src=\"https:\/\/luchonoticias.com\/wp-content\/uploads\/2022\/09\/ECNBDISXXFBF5D3ZTPIBSUBZTE.jpg\" alt=\"\" class=\"wp-image-34058\"\/><\/figure>\n\n\n\n<p>Ya en la capital del pa\u00eds, la reina ser\u00e1 velada en el Sal\u00f3n de Westminster durante cuatro d\u00edas antes de su funeral, lo que permitir\u00e1 que el p\u00fablico le exprese sus respetos. El gran sal\u00f3n es la parte m\u00e1s antigua del Palacio de Westminster, ubicado en el coraz\u00f3n del gobierno brit\u00e1nico.<\/p>\n\n\n\n<p>El \u00faltimo miembro de la familia real en ser velado en ese sal\u00f3n fue la reina madre en 2002, cuando m\u00e1s de 200.000 personas hicieron fila para ver su f\u00e9retro. El ata\u00fad de la reina descansar\u00e1 sobre una plataforma elevada, conocido como catafalco, bajo el techo de madera medieval del sal\u00f3n del siglo XI.<\/p>\n\n\n\n<p>En cada esquina de la plataforma har\u00e1n guardia soldados de unidades que sirven a la Casa Real. Ser\u00e1 trasladada al Sal\u00f3n de Westminster desde el Palacio de Buckingham en una lenta procesi\u00f3n, acompa\u00f1ada por un desfile militar y miembros de la familia real.<\/p>\n\n\n\n<p>La gente tambi\u00e9n podr\u00e1 ver la procesi\u00f3n conforme avance por las calles y es probable que se instalen pantallas gigantes para transmitirla en los parques reales de Londres. Su ata\u00fad ser\u00e1 envuelto en el estandarte real y, una vez en el Sal\u00f3n de Westminster, se le colocar\u00e1 encima la corona imperial del Estado, el orbe y el cetro.<\/p>\n\n\n\n<figure class=\"wp-block-image size-full is-style-default\"><img decoding=\"async\" src=\"https:\/\/luchonoticias.com\/wp-content\/uploads\/2022\/09\/126659904_holyroodhouse_to_st_giles_cathedral_spanish_640_2x-nc.png.webp\" alt=\"\" class=\"wp-image-34056\"\/><\/figure>\n\n\n\n<p><strong>\u00bfCu\u00e1ndo tendr\u00e1 lugar el funeral?<\/strong><\/p>\n\n\n\n<p>Se espera que el funeral de Estado se celebre en la Abad\u00eda de Westminster en menos de dos semanas. El d\u00eda concreto lo confirmar\u00e1 el Palacio de Buckingham. La abad\u00eda es la hist\u00f3rica iglesia en la que se corona a los reyes y reinas. All\u00ed tuvo lugar la coronaci\u00f3n de la reina Isabell II en 1953 y fue donde la entonces princesa se cas\u00f3 con el pr\u00edncipe Felipe en 1947.<\/p>\n\n\n\n<p>Jefes de Estado de todo el mundo viajar\u00e1n al pa\u00eds para unirse a la familia real y recordar la vida y el servicio de la reina. Pol\u00edticos brit\u00e1nicos de primera l\u00ednea y antiguos primeros ministros tambi\u00e9n acudir\u00e1n. El d\u00eda comenzar\u00e1 con el f\u00e9retro de la reina siendo llevado del Sal\u00f3n de Westminster hasta la Abad\u00eda de Westminster en la carroza de armas de la Marina Real.<\/p>\n\n\n\n<figure class=\"wp-block-image size-large is-style-rounded\"><img decoding=\"async\" src=\"https:\/\/luchonoticias.com\/wp-content\/uploads\/2022\/09\/1200X628-Rey-Carlos-III-de-Inglaterra.-Foto-Ben-Stansall-AFP-1024x536.jpg\" alt=\"\" class=\"wp-image-34057\"\/><\/figure>\n\n\n\n<p><strong>\u00bfQui\u00e9n es el sucesor de Isabel ll?<\/strong><\/p>\n\n\n\n<p>Despu\u00e9s de toda una vida de espera, el pr\u00edncipe Carlos, con 73 a\u00f1os de edad, personalidad incomprendida y poco querida por los brit\u00e1nicos, se convirti\u00f3 por fin en rey a una edad generalmente m\u00e1s propicia a la jubilaci\u00f3n que a las grandes reformas.<\/p>\n\n\n\n<p>Poniendo fin a una espera r\u00e9cord en la historia de la monarqu\u00eda brit\u00e1nica, ascendi\u00f3 al trono de inmediato luego de la muerte de su madre la reina Isabel II de acuerdo con la antigua m\u00e1xima latina \u00abRex nunquam moritur\u00bb (el rey nunca muere).&nbsp;<\/p>\n\n\n\n<p>El nuevo monarca brit\u00e1nico, conocido hasta ahora con el nombre de pr\u00edncipe Carlos, decidi\u00f3, en la tarde de este mismo jueves, llamarse Carlos III, seg\u00fan lo anunci\u00f3 el jueves su oficina, Clarence House.<\/p>\n","protected":false},"excerpt":{"rendered":"<p>Con el fallecimiento de la reina Isabel II, de 96 a\u00f1os de edad y 70 de reinado \u2013el m\u00e1s largo en la hist\u00f3rica de la monarqu\u00eda brit\u00e1nica (1952 -2002)\u2013, fueron activados todos los planes y protocolos para despedirla y para coronar a su sucesor, el rey Carlos III, su hijo. Seg\u00fan el diario BBC el [&hellip;]<\/p>\n","protected":false},"author":1,"featured_media":0,"comment_status":"open","ping_status":"open","sticky":false,"template":"","format":"standard","meta":{"footnotes":""},"categories":[28,36],"tags":[],"class_list":["post-34054","post","type-post","status-publish","format-standard","hentry","category-actualidad","category-destacado"],"yoast_head":"<!-- This site is optimized with the Yoast SEO plugin v26.6 - https:\/\/yoast.com\/wordpress\/plugins\/seo\/ -->\n<title>As\u00ed ser\u00e1 el funeral de la reina Isabel II -<\/title>\n<meta name=\"robots\" content=\"index, follow, max-snippet:-1, max-image-preview:large, max-video-preview:-1\" \/>\n<link rel=\"canonical\" href=\"https:\/\/luchonoticias.com\/editor\/asi-sera-el-funeral-de-la-reina-isabel-ii\/\" \/>\n<meta property=\"og:locale\" content=\"es_ES\" \/>\n<meta property=\"og:type\" content=\"article\" \/>\n<meta property=\"og:title\" content=\"As\u00ed ser\u00e1 el funeral de la reina Isabel II -\" \/>\n<meta property=\"og:url\" content=\"https:\/\/luchonoticias.com\/editor\/asi-sera-el-funeral-de-la-reina-isabel-ii\/\" \/>\n<meta property=\"article:publisher\" content=\"https:\/\/www.facebook.com\/luchonoticiasneiva\" \/>\n<meta property=\"article:author\" content=\"https:\/\/www.facebook.com\/luchonoticiasneiva\" \/>\n<meta property=\"article:published_time\" content=\"2022-09-09T19:07:13+00:00\" \/>\n<meta property=\"article:modified_time\" content=\"2022-09-09T19:07:14+00:00\" \/>\n<meta property=\"og:image\" content=\"https:\/\/luchonoticias.com\/wp-content\/uploads\/2022\/09\/ECNBDISXXFBF5D3ZTPIBSUBZTE.jpg\" \/>\n<meta name=\"author\" content=\"admin\" \/>\n<meta name=\"twitter:card\" content=\"summary_large_image\" \/>\n<meta name=\"twitter:label1\" content=\"Escrito por\" \/>\n\t<meta name=\"twitter:data1\" content=\"admin\" \/>\n\t<meta name=\"twitter:label2\" content=\"Tiempo de lectura\" \/>\n\t<meta name=\"twitter:data2\" content=\"3 minutos\" \/>\n<script type=\"application\/ld+json\" class=\"yoast-schema-graph\">{\"@context\":\"https:\/\/schema.org\",\"@graph\":[{\"@type\":\"Article\",\"@id\":\"https:\/\/luchonoticias.com\/editor\/asi-sera-el-funeral-de-la-reina-isabel-ii\/#article\",\"isPartOf\":{\"@id\":\"https:\/\/luchonoticias.com\/editor\/asi-sera-el-funeral-de-la-reina-isabel-ii\/\"},\"author\":{\"name\":\"admin\",\"@id\":\"https:\/\/luchonoticias.com\/editor\/#\/schema\/person\/7a7fd911f58561fd056dbac7b55af9cd\"},\"headline\":\"As\u00ed ser\u00e1 el funeral de la reina Isabel II\",\"datePublished\":\"2022-09-09T19:07:13+00:00\",\"dateModified\":\"2022-09-09T19:07:14+00:00\",\"mainEntityOfPage\":{\"@id\":\"https:\/\/luchonoticias.com\/editor\/asi-sera-el-funeral-de-la-reina-isabel-ii\/\"},\"wordCount\":648,\"commentCount\":0,\"publisher\":{\"@id\":\"https:\/\/luchonoticias.com\/editor\/#\/schema\/person\/7a7fd911f58561fd056dbac7b55af9cd\"},\"image\":{\"@id\":\"https:\/\/luchonoticias.com\/editor\/asi-sera-el-funeral-de-la-reina-isabel-ii\/#primaryimage\"},\"thumbnailUrl\":\"https:\/\/luchonoticias.com\/wp-content\/uploads\/2022\/09\/ECNBDISXXFBF5D3ZTPIBSUBZTE.jpg\",\"articleSection\":[\"Actualidad\",\"Destacado\"],\"inLanguage\":\"es\",\"potentialAction\":[{\"@type\":\"CommentAction\",\"name\":\"Comment\",\"target\":[\"https:\/\/luchonoticias.com\/editor\/asi-sera-el-funeral-de-la-reina-isabel-ii\/#respond\"]}]},{\"@type\":\"WebPage\",\"@id\":\"https:\/\/luchonoticias.com\/editor\/asi-sera-el-funeral-de-la-reina-isabel-ii\/\",\"url\":\"https:\/\/luchonoticias.com\/editor\/asi-sera-el-funeral-de-la-reina-isabel-ii\/\",\"name\":\"As\u00ed ser\u00e1 el funeral de la reina Isabel II -\",\"isPartOf\":{\"@id\":\"https:\/\/luchonoticias.com\/editor\/#website\"},\"primaryImageOfPage\":{\"@id\":\"https:\/\/luchonoticias.com\/editor\/asi-sera-el-funeral-de-la-reina-isabel-ii\/#primaryimage\"},\"image\":{\"@id\":\"https:\/\/luchonoticias.com\/editor\/asi-sera-el-funeral-de-la-reina-isabel-ii\/#primaryimage\"},\"thumbnailUrl\":\"https:\/\/luchonoticias.com\/wp-content\/uploads\/2022\/09\/ECNBDISXXFBF5D3ZTPIBSUBZTE.jpg\",\"datePublished\":\"2022-09-09T19:07:13+00:00\",\"dateModified\":\"2022-09-09T19:07:14+00:00\",\"breadcrumb\":{\"@id\":\"https:\/\/luchonoticias.com\/editor\/asi-sera-el-funeral-de-la-reina-isabel-ii\/#breadcrumb\"},\"inLanguage\":\"es\",\"potentialAction\":[{\"@type\":\"ReadAction\",\"target\":[\"https:\/\/luchonoticias.com\/editor\/asi-sera-el-funeral-de-la-reina-isabel-ii\/\"]}]},{\"@type\":\"ImageObject\",\"inLanguage\":\"es\",\"@id\":\"https:\/\/luchonoticias.com\/editor\/asi-sera-el-funeral-de-la-reina-isabel-ii\/#primaryimage\",\"url\":\"https:\/\/luchonoticias.com\/wp-content\/uploads\/2022\/09\/ECNBDISXXFBF5D3ZTPIBSUBZTE.jpg\",\"contentUrl\":\"https:\/\/luchonoticias.com\/wp-content\/uploads\/2022\/09\/ECNBDISXXFBF5D3ZTPIBSUBZTE.jpg\"},{\"@type\":\"BreadcrumbList\",\"@id\":\"https:\/\/luchonoticias.com\/editor\/asi-sera-el-funeral-de-la-reina-isabel-ii\/#breadcrumb\",\"itemListElement\":[{\"@type\":\"ListItem\",\"position\":1,\"name\":\"Portada\",\"item\":\"https:\/\/luchonoticias.com\/editor\/\"},{\"@type\":\"ListItem\",\"position\":2,\"name\":\"As\u00ed ser\u00e1 el funeral de la reina Isabel II\"}]},{\"@type\":\"WebSite\",\"@id\":\"https:\/\/luchonoticias.com\/editor\/#website\",\"url\":\"https:\/\/luchonoticias.com\/editor\/\",\"name\":\"\",\"description\":\"\",\"publisher\":{\"@id\":\"https:\/\/luchonoticias.com\/editor\/#\/schema\/person\/7a7fd911f58561fd056dbac7b55af9cd\"},\"potentialAction\":[{\"@type\":\"SearchAction\",\"target\":{\"@type\":\"EntryPoint\",\"urlTemplate\":\"https:\/\/luchonoticias.com\/editor\/?s={search_term_string}\"},\"query-input\":{\"@type\":\"PropertyValueSpecification\",\"valueRequired\":true,\"valueName\":\"search_term_string\"}}],\"inLanguage\":\"es\"},{\"@type\":[\"Person\",\"Organization\"],\"@id\":\"https:\/\/luchonoticias.com\/editor\/#\/schema\/person\/7a7fd911f58561fd056dbac7b55af9cd\",\"name\":\"admin\",\"image\":{\"@type\":\"ImageObject\",\"inLanguage\":\"es\",\"@id\":\"https:\/\/luchonoticias.com\/editor\/#\/schema\/person\/image\/\",\"url\":\"https:\/\/luchonoticias.com\/editor\/wp-content\/uploads\/2024\/02\/cropped-cropped-logolu.webp\",\"contentUrl\":\"https:\/\/luchonoticias.com\/editor\/wp-content\/uploads\/2024\/02\/cropped-cropped-logolu.webp\",\"width\":382,\"height\":170,\"caption\":\"admin\"},\"logo\":{\"@id\":\"https:\/\/luchonoticias.com\/editor\/#\/schema\/person\/image\/\"},\"sameAs\":[\"https:\/\/www.facebook.com\/luchonoticiasneiva\"],\"url\":\"https:\/\/luchonoticias.com\/editor\/author\/admin\/\"}]}<\/script>\n<!-- \/ Yoast SEO plugin. -->","yoast_head_json":{"title":"As\u00ed ser\u00e1 el funeral de la reina Isabel II -","robots":{"index":"index","follow":"follow","max-snippet":"max-snippet:-1","max-image-preview":"max-image-preview:large","max-video-preview":"max-video-preview:-1"},"canonical":"https:\/\/luchonoticias.com\/editor\/asi-sera-el-funeral-de-la-reina-isabel-ii\/","og_locale":"es_ES","og_type":"article","og_title":"As\u00ed ser\u00e1 el funeral de la reina Isabel II -","og_url":"https:\/\/luchonoticias.com\/editor\/asi-sera-el-funeral-de-la-reina-isabel-ii\/","article_publisher":"https:\/\/www.facebook.com\/luchonoticiasneiva","article_author":"https:\/\/www.facebook.com\/luchonoticiasneiva","article_published_time":"2022-09-09T19:07:13+00:00","article_modified_time":"2022-09-09T19:07:14+00:00","og_image":[{"url":"https:\/\/luchonoticias.com\/wp-content\/uploads\/2022\/09\/ECNBDISXXFBF5D3ZTPIBSUBZTE.jpg","type":"","width":"","height":""}],"author":"admin","twitter_card":"summary_large_image","twitter_misc":{"Escrito por":"admin","Tiempo de lectura":"3 minutos"},"schema":{"@context":"https:\/\/schema.org","@graph":[{"@type":"Article","@id":"https:\/\/luchonoticias.com\/editor\/asi-sera-el-funeral-de-la-reina-isabel-ii\/#article","isPartOf":{"@id":"https:\/\/luchonoticias.com\/editor\/asi-sera-el-funeral-de-la-reina-isabel-ii\/"},"author":{"name":"admin","@id":"https:\/\/luchonoticias.com\/editor\/#\/schema\/person\/7a7fd911f58561fd056dbac7b55af9cd"},"headline":"As\u00ed ser\u00e1 el funeral de la reina Isabel II","datePublished":"2022-09-09T19:07:13+00:00","dateModified":"2022-09-09T19:07:14+00:00","mainEntityOfPage":{"@id":"https:\/\/luchonoticias.com\/editor\/asi-sera-el-funeral-de-la-reina-isabel-ii\/"},"wordCount":648,"commentCount":0,"publisher":{"@id":"https:\/\/luchonoticias.com\/editor\/#\/schema\/person\/7a7fd911f58561fd056dbac7b55af9cd"},"image":{"@id":"https:\/\/luchonoticias.com\/editor\/asi-sera-el-funeral-de-la-reina-isabel-ii\/#primaryimage"},"thumbnailUrl":"https:\/\/luchonoticias.com\/wp-content\/uploads\/2022\/09\/ECNBDISXXFBF5D3ZTPIBSUBZTE.jpg","articleSection":["Actualidad","Destacado"],"inLanguage":"es","potentialAction":[{"@type":"CommentAction","name":"Comment","target":["https:\/\/luchonoticias.com\/editor\/asi-sera-el-funeral-de-la-reina-isabel-ii\/#respond"]}]},{"@type":"WebPage","@id":"https:\/\/luchonoticias.com\/editor\/asi-sera-el-funeral-de-la-reina-isabel-ii\/","url":"https:\/\/luchonoticias.com\/editor\/asi-sera-el-funeral-de-la-reina-isabel-ii\/","name":"As\u00ed ser\u00e1 el funeral de la reina Isabel II -","isPartOf":{"@id":"https:\/\/luchonoticias.com\/editor\/#website"},"primaryImageOfPage":{"@id":"https:\/\/luchonoticias.com\/editor\/asi-sera-el-funeral-de-la-reina-isabel-ii\/#primaryimage"},"image":{"@id":"https:\/\/luchonoticias.com\/editor\/asi-sera-el-funeral-de-la-reina-isabel-ii\/#primaryimage"},"thumbnailUrl":"https:\/\/luchonoticias.com\/wp-content\/uploads\/2022\/09\/ECNBDISXXFBF5D3ZTPIBSUBZTE.jpg","datePublished":"2022-09-09T19:07:13+00:00","dateModified":"2022-09-09T19:07:14+00:00","breadcrumb":{"@id":"https:\/\/luchonoticias.com\/editor\/asi-sera-el-funeral-de-la-reina-isabel-ii\/#breadcrumb"},"inLanguage":"es","potentialAction":[{"@type":"ReadAction","target":["https:\/\/luchonoticias.com\/editor\/asi-sera-el-funeral-de-la-reina-isabel-ii\/"]}]},{"@type":"ImageObject","inLanguage":"es","@id":"https:\/\/luchonoticias.com\/editor\/asi-sera-el-funeral-de-la-reina-isabel-ii\/#primaryimage","url":"https:\/\/luchonoticias.com\/wp-content\/uploads\/2022\/09\/ECNBDISXXFBF5D3ZTPIBSUBZTE.jpg","contentUrl":"https:\/\/luchonoticias.com\/wp-content\/uploads\/2022\/09\/ECNBDISXXFBF5D3ZTPIBSUBZTE.jpg"},{"@type":"BreadcrumbList","@id":"https:\/\/luchonoticias.com\/editor\/asi-sera-el-funeral-de-la-reina-isabel-ii\/#breadcrumb","itemListElement":[{"@type":"ListItem","position":1,"name":"Portada","item":"https:\/\/luchonoticias.com\/editor\/"},{"@type":"ListItem","position":2,"name":"As\u00ed ser\u00e1 el funeral de la reina Isabel II"}]},{"@type":"WebSite","@id":"https:\/\/luchonoticias.com\/editor\/#website","url":"https:\/\/luchonoticias.com\/editor\/","name":"","description":"","publisher":{"@id":"https:\/\/luchonoticias.com\/editor\/#\/schema\/person\/7a7fd911f58561fd056dbac7b55af9cd"},"potentialAction":[{"@type":"SearchAction","target":{"@type":"EntryPoint","urlTemplate":"https:\/\/luchonoticias.com\/editor\/?s={search_term_string}"},"query-input":{"@type":"PropertyValueSpecification","valueRequired":true,"valueName":"search_term_string"}}],"inLanguage":"es"},{"@type":["Person","Organization"],"@id":"https:\/\/luchonoticias.com\/editor\/#\/schema\/person\/7a7fd911f58561fd056dbac7b55af9cd","name":"admin","image":{"@type":"ImageObject","inLanguage":"es","@id":"https:\/\/luchonoticias.com\/editor\/#\/schema\/person\/image\/","url":"https:\/\/luchonoticias.com\/editor\/wp-content\/uploads\/2024\/02\/cropped-cropped-logolu.webp","contentUrl":"https:\/\/luchonoticias.com\/editor\/wp-content\/uploads\/2024\/02\/cropped-cropped-logolu.webp","width":382,"height":170,"caption":"admin"},"logo":{"@id":"https:\/\/luchonoticias.com\/editor\/#\/schema\/person\/image\/"},"sameAs":["https:\/\/www.facebook.com\/luchonoticiasneiva"],"url":"https:\/\/luchonoticias.com\/editor\/author\/admin\/"}]}},"_links":{"self":[{"href":"https:\/\/luchonoticias.com\/editor\/wp-json\/wp\/v2\/posts\/34054","targetHints":{"allow":["GET"]}}],"collection":[{"href":"https:\/\/luchonoticias.com\/editor\/wp-json\/wp\/v2\/posts"}],"about":[{"href":"https:\/\/luchonoticias.com\/editor\/wp-json\/wp\/v2\/types\/post"}],"author":[{"embeddable":true,"href":"https:\/\/luchonoticias.com\/editor\/wp-json\/wp\/v2\/users\/1"}],"replies":[{"embeddable":true,"href":"https:\/\/luchonoticias.com\/editor\/wp-json\/wp\/v2\/comments?post=34054"}],"version-history":[{"count":0,"href":"https:\/\/luchonoticias.com\/editor\/wp-json\/wp\/v2\/posts\/34054\/revisions"}],"wp:attachment":[{"href":"https:\/\/luchonoticias.com\/editor\/wp-json\/wp\/v2\/media?parent=34054"}],"wp:term":[{"taxonomy":"category","embeddable":true,"href":"https:\/\/luchonoticias.com\/editor\/wp-json\/wp\/v2\/categories?post=34054"},{"taxonomy":"post_tag","embeddable":true,"href":"https:\/\/luchonoticias.com\/editor\/wp-json\/wp\/v2\/tags?post=34054"}],"curies":[{"name":"wp","href":"https:\/\/api.w.org\/{rel}","templated":true}]}}