{"id":34060,"date":"2022-09-09T14:12:43","date_gmt":"2022-09-09T19:12:43","guid":{"rendered":"https:\/\/luchonoticias.com\/?p=34060"},"modified":"2022-09-09T14:12:44","modified_gmt":"2022-09-09T19:12:44","slug":"nuevos-registros-demuestran-el-aumento-de-osos-de-anteojos-en-la-cuenca-del-rio-las-ceibas-de-neiva","status":"publish","type":"post","link":"https:\/\/luchonoticias.com\/editor\/nuevos-registros-demuestran-el-aumento-de-osos-de-anteojos-en-la-cuenca-del-rio-las-ceibas-de-neiva\/","title":{"rendered":"Nuevos registros demuestran el aumento de Osos de Anteojos en la cuenca del r\u00edo Las Ceibas de Neiva"},"content":{"rendered":"\n<p>Los m\u00e1s recientes registros en c\u00e1maras trampas demuestran que la poblaci\u00f3n de Osos de Anteojos que habita en la cuenca del r\u00edo Las Ceibas de Neiva, aument\u00f3 en los \u00faltimos a\u00f1os llegando a 10 ejemplares. As\u00ed lo inform\u00f3 la Corporaci\u00f3n Aut\u00f3noma Regional del Alto Magdalena-CAM.<\/p>\n\n\n\n<p>Profesionales del proyecto Rio Las Ceibas de la CAM y los integrantes del grupo de monitoreo comunitario Cacique Candela de Neiva, vienen realizando un seguimiento al h\u00e1bitat del Oso Andino en zona rural de la capital del Huila, identificando senderos estrat\u00e9gicos de actividad de especies silvestres, as\u00ed como de huellas indirectas del Oso de Anteojos y la localizaci\u00f3n de \u00e1rbol rascadero comunitario de la especie.<\/p>\n\n\n\n<p>Katherine Arenas, bi\u00f3loga de la CAM precis\u00f3 que se realiz\u00f3 el an\u00e1lisis de los registros f\u00edlmicos, logrando la individualizaci\u00f3n de los ejemplares de oso andino a trav\u00e9s de las caracter\u00edsticas morfol\u00f3gicas de cada uno como su mancha facial y pectoral, sexo y volumen corporal, lo que permiti\u00f3 determinar la presencia de cuatro osos avistados por primera vez.<\/p>\n\n\n\n<p>\u201cA trav\u00e9s del manejo articulado de la conservaci\u00f3n de la biodiversidad y del proceso que adelanta en la zona el grupo de monitoreo comunitario Cacique Candela, logramos identificar cuatro individuos, aumentando el n\u00famero de osos identificados para esta zona que hasta la fecha registran 10 individuos diferentes en este sector del departamento\u201d, asegur\u00f3 la bi\u00f3loga de la autoridad ambiental huilense.<\/p>\n\n\n\n<figure class=\"wp-block-gallery has-nested-images columns-default is-cropped wp-block-gallery-1 is-layout-flex wp-block-gallery-is-layout-flex\">\n<figure class=\"wp-block-image size-large\"><img decoding=\"async\" data-id=\"34062\" src=\"https:\/\/luchonoticias.com\/wp-content\/uploads\/2022\/09\/WhatsApp-Image-2022-09-09-at-12.53.47-PM-2-1024x569.jpeg\" alt=\"\" class=\"wp-image-34062\"\/><\/figure>\n\n\n\n<figure class=\"wp-block-image size-large\"><img decoding=\"async\" data-id=\"34064\" src=\"https:\/\/luchonoticias.com\/wp-content\/uploads\/2022\/09\/WhatsApp-Image-2022-09-09-at-12.53.47-PM-1-1024x582.jpeg\" alt=\"\" class=\"wp-image-34064\"\/><\/figure>\n\n\n\n<figure class=\"wp-block-image size-large\"><img decoding=\"async\" data-id=\"34063\" src=\"https:\/\/luchonoticias.com\/wp-content\/uploads\/2022\/09\/WhatsApp-Image-2022-09-09-at-12.53.47-PM-1024x554.jpeg\" alt=\"\" class=\"wp-image-34063\"\/><\/figure>\n<\/figure>\n\n\n\n<p>Arenas destac\u00f3 este aumento debido a que el oso de anteojos es una especie que se encuentra a nivel mundial en la categor\u00eda Vulnerable a la Extinci\u00f3n, siendo una especie en la que se estima que no quedan m\u00e1s de 18 mil individuos adultos en todo el mundo.<\/p>\n\n\n\n<p>La bi\u00f3loga sostuvo que tras analizar los videos realizados en esta cuenca se ha podido establecer que la poblaci\u00f3n de esta especie de mam\u00edfero se encuentra estable.<\/p>\n\n\n\n<p>\u201cLos registros permitieron identificar que estos osos de anteojos se encuentran en \u00f3ptimas condiciones biol\u00f3gicas y corporales, lo que adem\u00e1s infiere que en la localidad y en el rango de acci\u00f3n este gran mam\u00edfero encuentra alta disponibilidad de alimento para su subsistencia, desarrollo y su reproducci\u00f3n\u201d, manifest\u00f3 Katherine Arenas.<\/p>\n\n\n\n<p><strong>Buen ambiente ecol\u00f3gico<\/strong><\/p>\n\n\n\n<p>No obstante, con el trabajo que viene realizando la CAM en la conservaci\u00f3n de \u00e1reas protegidas y cuencas hidrogr\u00e1ficas, estas zonas se han ido interconectando, permitiendo la comunicaci\u00f3n de poblaciones de osos, la reproducci\u00f3n de estos individuos y por ende el incremento de la poblaci\u00f3n y con ello el aumento en las zonas en las que se distribuye y en donde actualmente se est\u00e1 conservando con la comunidad a trav\u00e9s de la estrategia de grupos de monitoreo comunitario.<\/p>\n\n\n\n<p>\u201cDesde la ejecuci\u00f3n del Plan de Ordenaci\u00f3n y Manejo de la Cuenca Hidrogr\u00e1fica POMCA del r\u00edo Las Ceibas de Neiva que coordina la CAM, lo que se ha venido haciendo es la implementaci\u00f3n de la compra de los predios, en la que nuestros campesinos que ten\u00edan grandes extensiones para el tema ganadero, empezaron actividades de restauraci\u00f3n ecol\u00f3gica, activa y pasiva para garantizar el h\u00e1bitat de estos grandes mam\u00edferos\u201d, explic\u00f3 Javier Cardozo, coordinador Proyecto Ceibas de la CAM.<\/p>\n\n\n\n<figure class=\"wp-block-gallery has-nested-images columns-default is-cropped wp-block-gallery-2 is-layout-flex wp-block-gallery-is-layout-flex\">\n<figure class=\"wp-block-image size-large\"><img decoding=\"async\" data-id=\"34065\" src=\"https:\/\/luchonoticias.com\/wp-content\/uploads\/2022\/09\/WhatsApp-Image-2022-09-09-at-12.53.45-PM-1024x574.jpeg\" alt=\"\" class=\"wp-image-34065\"\/><\/figure>\n\n\n\n<figure class=\"wp-block-image size-large\"><img decoding=\"async\" data-id=\"34067\" src=\"https:\/\/luchonoticias.com\/wp-content\/uploads\/2022\/09\/WhatsApp-Image-2022-09-09-at-12.53.44-PM-1024x559.jpeg\" alt=\"\" class=\"wp-image-34067\"\/><\/figure>\n\n\n\n<figure class=\"wp-block-image size-large\"><img decoding=\"async\" data-id=\"34066\" src=\"https:\/\/luchonoticias.com\/wp-content\/uploads\/2022\/09\/WhatsApp-Image-2022-09-09-at-12.53.43-PM-1024x588.jpeg\" alt=\"\" class=\"wp-image-34066\"\/><\/figure>\n<\/figure>\n\n\n\n<p>El funcionario agreg\u00f3 que, para convertir estos espacios en un corredor de paso y lugar de estancia durante el recorrido de los osos, los potreros han sido revegetalizados en un bosque primario, lo cual ha facilitado el h\u00e1bitat y la abundancia de comida para que estos mam\u00edferos vuelvan a la cuenca.<\/p>\n\n\n\n<p>\u201cDesde la Corporaci\u00f3n seguimos implementando actividades de restauraci\u00f3n, conservaci\u00f3n y monitoreo a estas zonas que se han rehabilitado y han vuelto a su estado natural, debido a que ya no existen acciones del hombre que afecten estos h\u00e1bitats, permitiendo facilitar la abundancia de esta especie en el \u00e1rea de la cuenca\u201d, puntualiz\u00f3 Cardozo.<\/p>\n\n\n\n<p>De esta forma, se ratifica el valor ambiental del Parque Natural Regional Siberia Ceibas y de la zona de reserva de la cuenca del rio Las Ceibas, que hace parte de esta \u00e1rea estrat\u00e9gica para la conservaci\u00f3n de la diversidad de especies silvestres y en especial de los grandes mam\u00edferos.<\/p>\n\n\n\n<p><strong>Amigos de la conservaci\u00f3n<\/strong><\/p>\n\n\n\n<p>Alexis Tovar del grupo de monitoreo comunitario Cacique Candela que logr\u00f3 obtener estos nuevos registros, relat\u00f3 que el deseo de los campesinos de esta zona es que todos sean amigos de la conservaci\u00f3n y que se pueda convivir sin afectar a ninguna especie, en especial al oso de anteojos.<\/p>\n\n\n\n<p>\u201cEsta ha sido una de las satisfacciones y logros m\u00e1s importantes que hemos tenido como integrantes del grupo de monitoreo. Es una emoci\u00f3n muy bonita, que despu\u00e9s de llegar de arduas caminatas, que han durado horas y hasta d\u00edas, encontremos en los videos a los osos de anteojos viviendo y compartiendo entre ellos\u201d,<\/p>\n\n\n\n<p>En este sentido Katherine Arenas hizo un llamado a la comunidad no solo de Neiva sino del Huila para continuar conservando al \u2018Jardinero del Bosque\u201d.<\/p>\n\n\n\n<p>\u201cDebemos seguir aunando esfuerzos con la autoridad ambiental para que sigamos juntos conservando el oso de anteojos como una especie focal, en la cual generamos acciones de conservaci\u00f3n que repercuten en otras especies de menor tama\u00f1o\u201d, precis\u00f3.<\/p>\n\n\n\n<p>As\u00ed mismo invit\u00f3 a la poblaci\u00f3n a seguir reportando el registro o el avistamiento de estas especies de alto valor ecol\u00f3gico para que se sigan implementando estrategias de conservaci\u00f3n en la regi\u00f3n.<\/p>\n","protected":false},"excerpt":{"rendered":"<p>Los m\u00e1s recientes registros en c\u00e1maras trampas demuestran que la poblaci\u00f3n de Osos de Anteojos que habita en la cuenca del r\u00edo Las Ceibas de Neiva, aument\u00f3 en los \u00faltimos a\u00f1os llegando a 10 ejemplares. As\u00ed lo inform\u00f3 la Corporaci\u00f3n Aut\u00f3noma Regional del Alto Magdalena-CAM. Profesionales del proyecto Rio Las Ceibas de la CAM y [&hellip;]<\/p>\n","protected":false},"author":1,"featured_media":0,"comment_status":"open","ping_status":"open","sticky":false,"template":"","format":"standard","meta":{"footnotes":""},"categories":[36,33],"tags":[],"class_list":["post-34060","post","type-post","status-publish","format-standard","hentry","category-destacado","category-huila"],"yoast_head":"<!-- This site is optimized with the Yoast SEO plugin v26.6 - https:\/\/yoast.com\/wordpress\/plugins\/seo\/ -->\n<title>Nuevos registros demuestran el aumento de Osos de Anteojos en la cuenca del r\u00edo Las Ceibas de Neiva -<\/title>\n<meta name=\"robots\" content=\"index, follow, max-snippet:-1, max-image-preview:large, max-video-preview:-1\" \/>\n<link rel=\"canonical\" href=\"https:\/\/luchonoticias.com\/editor\/nuevos-registros-demuestran-el-aumento-de-osos-de-anteojos-en-la-cuenca-del-rio-las-ceibas-de-neiva\/\" \/>\n<meta property=\"og:locale\" content=\"es_ES\" \/>\n<meta property=\"og:type\" content=\"article\" \/>\n<meta property=\"og:title\" content=\"Nuevos registros demuestran el aumento de Osos de Anteojos en la cuenca del r\u00edo Las Ceibas de Neiva -\" \/>\n<meta property=\"og:url\" content=\"https:\/\/luchonoticias.com\/editor\/nuevos-registros-demuestran-el-aumento-de-osos-de-anteojos-en-la-cuenca-del-rio-las-ceibas-de-neiva\/\" \/>\n<meta property=\"article:publisher\" content=\"https:\/\/www.facebook.com\/luchonoticiasneiva\" \/>\n<meta property=\"article:author\" content=\"https:\/\/www.facebook.com\/luchonoticiasneiva\" \/>\n<meta property=\"article:published_time\" content=\"2022-09-09T19:12:43+00:00\" \/>\n<meta property=\"article:modified_time\" content=\"2022-09-09T19:12:44+00:00\" \/>\n<meta property=\"og:image\" content=\"https:\/\/luchonoticias.com\/wp-content\/uploads\/2022\/09\/WhatsApp-Image-2022-09-09-at-12.53.47-PM-2-1024x569.jpeg\" \/>\n<meta name=\"author\" content=\"admin\" \/>\n<meta name=\"twitter:card\" content=\"summary_large_image\" \/>\n<meta name=\"twitter:label1\" content=\"Escrito por\" \/>\n\t<meta name=\"twitter:data1\" content=\"admin\" \/>\n\t<meta name=\"twitter:label2\" content=\"Tiempo de lectura\" \/>\n\t<meta name=\"twitter:data2\" content=\"5 minutos\" \/>\n<script type=\"application\/ld+json\" class=\"yoast-schema-graph\">{\"@context\":\"https:\/\/schema.org\",\"@graph\":[{\"@type\":\"Article\",\"@id\":\"https:\/\/luchonoticias.com\/editor\/nuevos-registros-demuestran-el-aumento-de-osos-de-anteojos-en-la-cuenca-del-rio-las-ceibas-de-neiva\/#article\",\"isPartOf\":{\"@id\":\"https:\/\/luchonoticias.com\/editor\/nuevos-registros-demuestran-el-aumento-de-osos-de-anteojos-en-la-cuenca-del-rio-las-ceibas-de-neiva\/\"},\"author\":{\"name\":\"admin\",\"@id\":\"https:\/\/luchonoticias.com\/editor\/#\/schema\/person\/7a7fd911f58561fd056dbac7b55af9cd\"},\"headline\":\"Nuevos registros demuestran el aumento de Osos de Anteojos en la cuenca del r\u00edo Las Ceibas de Neiva\",\"datePublished\":\"2022-09-09T19:12:43+00:00\",\"dateModified\":\"2022-09-09T19:12:44+00:00\",\"mainEntityOfPage\":{\"@id\":\"https:\/\/luchonoticias.com\/editor\/nuevos-registros-demuestran-el-aumento-de-osos-de-anteojos-en-la-cuenca-del-rio-las-ceibas-de-neiva\/\"},\"wordCount\":949,\"commentCount\":0,\"publisher\":{\"@id\":\"https:\/\/luchonoticias.com\/editor\/#\/schema\/person\/7a7fd911f58561fd056dbac7b55af9cd\"},\"image\":{\"@id\":\"https:\/\/luchonoticias.com\/editor\/nuevos-registros-demuestran-el-aumento-de-osos-de-anteojos-en-la-cuenca-del-rio-las-ceibas-de-neiva\/#primaryimage\"},\"thumbnailUrl\":\"https:\/\/luchonoticias.com\/wp-content\/uploads\/2022\/09\/WhatsApp-Image-2022-09-09-at-12.53.47-PM-2-1024x569.jpeg\",\"articleSection\":[\"Destacado\",\"Huila\"],\"inLanguage\":\"es\",\"potentialAction\":[{\"@type\":\"CommentAction\",\"name\":\"Comment\",\"target\":[\"https:\/\/luchonoticias.com\/editor\/nuevos-registros-demuestran-el-aumento-de-osos-de-anteojos-en-la-cuenca-del-rio-las-ceibas-de-neiva\/#respond\"]}]},{\"@type\":\"WebPage\",\"@id\":\"https:\/\/luchonoticias.com\/editor\/nuevos-registros-demuestran-el-aumento-de-osos-de-anteojos-en-la-cuenca-del-rio-las-ceibas-de-neiva\/\",\"url\":\"https:\/\/luchonoticias.com\/editor\/nuevos-registros-demuestran-el-aumento-de-osos-de-anteojos-en-la-cuenca-del-rio-las-ceibas-de-neiva\/\",\"name\":\"Nuevos registros demuestran el aumento de Osos de Anteojos en la cuenca del r\u00edo Las Ceibas de Neiva -\",\"isPartOf\":{\"@id\":\"https:\/\/luchonoticias.com\/editor\/#website\"},\"primaryImageOfPage\":{\"@id\":\"https:\/\/luchonoticias.com\/editor\/nuevos-registros-demuestran-el-aumento-de-osos-de-anteojos-en-la-cuenca-del-rio-las-ceibas-de-neiva\/#primaryimage\"},\"image\":{\"@id\":\"https:\/\/luchonoticias.com\/editor\/nuevos-registros-demuestran-el-aumento-de-osos-de-anteojos-en-la-cuenca-del-rio-las-ceibas-de-neiva\/#primaryimage\"},\"thumbnailUrl\":\"https:\/\/luchonoticias.com\/wp-content\/uploads\/2022\/09\/WhatsApp-Image-2022-09-09-at-12.53.47-PM-2-1024x569.jpeg\",\"datePublished\":\"2022-09-09T19:12:43+00:00\",\"dateModified\":\"2022-09-09T19:12:44+00:00\",\"breadcrumb\":{\"@id\":\"https:\/\/luchonoticias.com\/editor\/nuevos-registros-demuestran-el-aumento-de-osos-de-anteojos-en-la-cuenca-del-rio-las-ceibas-de-neiva\/#breadcrumb\"},\"inLanguage\":\"es\",\"potentialAction\":[{\"@type\":\"ReadAction\",\"target\":[\"https:\/\/luchonoticias.com\/editor\/nuevos-registros-demuestran-el-aumento-de-osos-de-anteojos-en-la-cuenca-del-rio-las-ceibas-de-neiva\/\"]}]},{\"@type\":\"ImageObject\",\"inLanguage\":\"es\",\"@id\":\"https:\/\/luchonoticias.com\/editor\/nuevos-registros-demuestran-el-aumento-de-osos-de-anteojos-en-la-cuenca-del-rio-las-ceibas-de-neiva\/#primaryimage\",\"url\":\"https:\/\/luchonoticias.com\/wp-content\/uploads\/2022\/09\/WhatsApp-Image-2022-09-09-at-12.53.47-PM-2-1024x569.jpeg\",\"contentUrl\":\"https:\/\/luchonoticias.com\/wp-content\/uploads\/2022\/09\/WhatsApp-Image-2022-09-09-at-12.53.47-PM-2-1024x569.jpeg\"},{\"@type\":\"BreadcrumbList\",\"@id\":\"https:\/\/luchonoticias.com\/editor\/nuevos-registros-demuestran-el-aumento-de-osos-de-anteojos-en-la-cuenca-del-rio-las-ceibas-de-neiva\/#breadcrumb\",\"itemListElement\":[{\"@type\":\"ListItem\",\"position\":1,\"name\":\"Portada\",\"item\":\"https:\/\/luchonoticias.com\/editor\/\"},{\"@type\":\"ListItem\",\"position\":2,\"name\":\"Nuevos registros demuestran el aumento de Osos de Anteojos en la cuenca del r\u00edo Las Ceibas de Neiva\"}]},{\"@type\":\"WebSite\",\"@id\":\"https:\/\/luchonoticias.com\/editor\/#website\",\"url\":\"https:\/\/luchonoticias.com\/editor\/\",\"name\":\"\",\"description\":\"\",\"publisher\":{\"@id\":\"https:\/\/luchonoticias.com\/editor\/#\/schema\/person\/7a7fd911f58561fd056dbac7b55af9cd\"},\"potentialAction\":[{\"@type\":\"SearchAction\",\"target\":{\"@type\":\"EntryPoint\",\"urlTemplate\":\"https:\/\/luchonoticias.com\/editor\/?s={search_term_string}\"},\"query-input\":{\"@type\":\"PropertyValueSpecification\",\"valueRequired\":true,\"valueName\":\"search_term_string\"}}],\"inLanguage\":\"es\"},{\"@type\":[\"Person\",\"Organization\"],\"@id\":\"https:\/\/luchonoticias.com\/editor\/#\/schema\/person\/7a7fd911f58561fd056dbac7b55af9cd\",\"name\":\"admin\",\"image\":{\"@type\":\"ImageObject\",\"inLanguage\":\"es\",\"@id\":\"https:\/\/luchonoticias.com\/editor\/#\/schema\/person\/image\/\",\"url\":\"https:\/\/luchonoticias.com\/editor\/wp-content\/uploads\/2024\/02\/cropped-cropped-logolu.webp\",\"contentUrl\":\"https:\/\/luchonoticias.com\/editor\/wp-content\/uploads\/2024\/02\/cropped-cropped-logolu.webp\",\"width\":382,\"height\":170,\"caption\":\"admin\"},\"logo\":{\"@id\":\"https:\/\/luchonoticias.com\/editor\/#\/schema\/person\/image\/\"},\"sameAs\":[\"https:\/\/www.facebook.com\/luchonoticiasneiva\"],\"url\":\"https:\/\/luchonoticias.com\/editor\/author\/admin\/\"}]}<\/script>\n<!-- \/ Yoast SEO plugin. -->","yoast_head_json":{"title":"Nuevos registros demuestran el aumento de Osos de Anteojos en la cuenca del r\u00edo Las Ceibas de Neiva -","robots":{"index":"index","follow":"follow","max-snippet":"max-snippet:-1","max-image-preview":"max-image-preview:large","max-video-preview":"max-video-preview:-1"},"canonical":"https:\/\/luchonoticias.com\/editor\/nuevos-registros-demuestran-el-aumento-de-osos-de-anteojos-en-la-cuenca-del-rio-las-ceibas-de-neiva\/","og_locale":"es_ES","og_type":"article","og_title":"Nuevos registros demuestran el aumento de Osos de Anteojos en la cuenca del r\u00edo Las Ceibas de Neiva -","og_url":"https:\/\/luchonoticias.com\/editor\/nuevos-registros-demuestran-el-aumento-de-osos-de-anteojos-en-la-cuenca-del-rio-las-ceibas-de-neiva\/","article_publisher":"https:\/\/www.facebook.com\/luchonoticiasneiva","article_author":"https:\/\/www.facebook.com\/luchonoticiasneiva","article_published_time":"2022-09-09T19:12:43+00:00","article_modified_time":"2022-09-09T19:12:44+00:00","og_image":[{"url":"https:\/\/luchonoticias.com\/wp-content\/uploads\/2022\/09\/WhatsApp-Image-2022-09-09-at-12.53.47-PM-2-1024x569.jpeg","type":"","width":"","height":""}],"author":"admin","twitter_card":"summary_large_image","twitter_misc":{"Escrito por":"admin","Tiempo de lectura":"5 minutos"},"schema":{"@context":"https:\/\/schema.org","@graph":[{"@type":"Article","@id":"https:\/\/luchonoticias.com\/editor\/nuevos-registros-demuestran-el-aumento-de-osos-de-anteojos-en-la-cuenca-del-rio-las-ceibas-de-neiva\/#article","isPartOf":{"@id":"https:\/\/luchonoticias.com\/editor\/nuevos-registros-demuestran-el-aumento-de-osos-de-anteojos-en-la-cuenca-del-rio-las-ceibas-de-neiva\/"},"author":{"name":"admin","@id":"https:\/\/luchonoticias.com\/editor\/#\/schema\/person\/7a7fd911f58561fd056dbac7b55af9cd"},"headline":"Nuevos registros demuestran el aumento de Osos de Anteojos en la cuenca del r\u00edo Las Ceibas de Neiva","datePublished":"2022-09-09T19:12:43+00:00","dateModified":"2022-09-09T19:12:44+00:00","mainEntityOfPage":{"@id":"https:\/\/luchonoticias.com\/editor\/nuevos-registros-demuestran-el-aumento-de-osos-de-anteojos-en-la-cuenca-del-rio-las-ceibas-de-neiva\/"},"wordCount":949,"commentCount":0,"publisher":{"@id":"https:\/\/luchonoticias.com\/editor\/#\/schema\/person\/7a7fd911f58561fd056dbac7b55af9cd"},"image":{"@id":"https:\/\/luchonoticias.com\/editor\/nuevos-registros-demuestran-el-aumento-de-osos-de-anteojos-en-la-cuenca-del-rio-las-ceibas-de-neiva\/#primaryimage"},"thumbnailUrl":"https:\/\/luchonoticias.com\/wp-content\/uploads\/2022\/09\/WhatsApp-Image-2022-09-09-at-12.53.47-PM-2-1024x569.jpeg","articleSection":["Destacado","Huila"],"inLanguage":"es","potentialAction":[{"@type":"CommentAction","name":"Comment","target":["https:\/\/luchonoticias.com\/editor\/nuevos-registros-demuestran-el-aumento-de-osos-de-anteojos-en-la-cuenca-del-rio-las-ceibas-de-neiva\/#respond"]}]},{"@type":"WebPage","@id":"https:\/\/luchonoticias.com\/editor\/nuevos-registros-demuestran-el-aumento-de-osos-de-anteojos-en-la-cuenca-del-rio-las-ceibas-de-neiva\/","url":"https:\/\/luchonoticias.com\/editor\/nuevos-registros-demuestran-el-aumento-de-osos-de-anteojos-en-la-cuenca-del-rio-las-ceibas-de-neiva\/","name":"Nuevos registros demuestran el aumento de Osos de Anteojos en la cuenca del r\u00edo Las Ceibas de Neiva -","isPartOf":{"@id":"https:\/\/luchonoticias.com\/editor\/#website"},"primaryImageOfPage":{"@id":"https:\/\/luchonoticias.com\/editor\/nuevos-registros-demuestran-el-aumento-de-osos-de-anteojos-en-la-cuenca-del-rio-las-ceibas-de-neiva\/#primaryimage"},"image":{"@id":"https:\/\/luchonoticias.com\/editor\/nuevos-registros-demuestran-el-aumento-de-osos-de-anteojos-en-la-cuenca-del-rio-las-ceibas-de-neiva\/#primaryimage"},"thumbnailUrl":"https:\/\/luchonoticias.com\/wp-content\/uploads\/2022\/09\/WhatsApp-Image-2022-09-09-at-12.53.47-PM-2-1024x569.jpeg","datePublished":"2022-09-09T19:12:43+00:00","dateModified":"2022-09-09T19:12:44+00:00","breadcrumb":{"@id":"https:\/\/luchonoticias.com\/editor\/nuevos-registros-demuestran-el-aumento-de-osos-de-anteojos-en-la-cuenca-del-rio-las-ceibas-de-neiva\/#breadcrumb"},"inLanguage":"es","potentialAction":[{"@type":"ReadAction","target":["https:\/\/luchonoticias.com\/editor\/nuevos-registros-demuestran-el-aumento-de-osos-de-anteojos-en-la-cuenca-del-rio-las-ceibas-de-neiva\/"]}]},{"@type":"ImageObject","inLanguage":"es","@id":"https:\/\/luchonoticias.com\/editor\/nuevos-registros-demuestran-el-aumento-de-osos-de-anteojos-en-la-cuenca-del-rio-las-ceibas-de-neiva\/#primaryimage","url":"https:\/\/luchonoticias.com\/wp-content\/uploads\/2022\/09\/WhatsApp-Image-2022-09-09-at-12.53.47-PM-2-1024x569.jpeg","contentUrl":"https:\/\/luchonoticias.com\/wp-content\/uploads\/2022\/09\/WhatsApp-Image-2022-09-09-at-12.53.47-PM-2-1024x569.jpeg"},{"@type":"BreadcrumbList","@id":"https:\/\/luchonoticias.com\/editor\/nuevos-registros-demuestran-el-aumento-de-osos-de-anteojos-en-la-cuenca-del-rio-las-ceibas-de-neiva\/#breadcrumb","itemListElement":[{"@type":"ListItem","position":1,"name":"Portada","item":"https:\/\/luchonoticias.com\/editor\/"},{"@type":"ListItem","position":2,"name":"Nuevos registros demuestran el aumento de Osos de Anteojos en la cuenca del r\u00edo Las Ceibas de Neiva"}]},{"@type":"WebSite","@id":"https:\/\/luchonoticias.com\/editor\/#website","url":"https:\/\/luchonoticias.com\/editor\/","name":"","description":"","publisher":{"@id":"https:\/\/luchonoticias.com\/editor\/#\/schema\/person\/7a7fd911f58561fd056dbac7b55af9cd"},"potentialAction":[{"@type":"SearchAction","target":{"@type":"EntryPoint","urlTemplate":"https:\/\/luchonoticias.com\/editor\/?s={search_term_string}"},"query-input":{"@type":"PropertyValueSpecification","valueRequired":true,"valueName":"search_term_string"}}],"inLanguage":"es"},{"@type":["Person","Organization"],"@id":"https:\/\/luchonoticias.com\/editor\/#\/schema\/person\/7a7fd911f58561fd056dbac7b55af9cd","name":"admin","image":{"@type":"ImageObject","inLanguage":"es","@id":"https:\/\/luchonoticias.com\/editor\/#\/schema\/person\/image\/","url":"https:\/\/luchonoticias.com\/editor\/wp-content\/uploads\/2024\/02\/cropped-cropped-logolu.webp","contentUrl":"https:\/\/luchonoticias.com\/editor\/wp-content\/uploads\/2024\/02\/cropped-cropped-logolu.webp","width":382,"height":170,"caption":"admin"},"logo":{"@id":"https:\/\/luchonoticias.com\/editor\/#\/schema\/person\/image\/"},"sameAs":["https:\/\/www.facebook.com\/luchonoticiasneiva"],"url":"https:\/\/luchonoticias.com\/editor\/author\/admin\/"}]}},"_links":{"self":[{"href":"https:\/\/luchonoticias.com\/editor\/wp-json\/wp\/v2\/posts\/34060","targetHints":{"allow":["GET"]}}],"collection":[{"href":"https:\/\/luchonoticias.com\/editor\/wp-json\/wp\/v2\/posts"}],"about":[{"href":"https:\/\/luchonoticias.com\/editor\/wp-json\/wp\/v2\/types\/post"}],"author":[{"embeddable":true,"href":"https:\/\/luchonoticias.com\/editor\/wp-json\/wp\/v2\/users\/1"}],"replies":[{"embeddable":true,"href":"https:\/\/luchonoticias.com\/editor\/wp-json\/wp\/v2\/comments?post=34060"}],"version-history":[{"count":0,"href":"https:\/\/luchonoticias.com\/editor\/wp-json\/wp\/v2\/posts\/34060\/revisions"}],"wp:attachment":[{"href":"https:\/\/luchonoticias.com\/editor\/wp-json\/wp\/v2\/media?parent=34060"}],"wp:term":[{"taxonomy":"category","embeddable":true,"href":"https:\/\/luchonoticias.com\/editor\/wp-json\/wp\/v2\/categories?post=34060"},{"taxonomy":"post_tag","embeddable":true,"href":"https:\/\/luchonoticias.com\/editor\/wp-json\/wp\/v2\/tags?post=34060"}],"curies":[{"name":"wp","href":"https:\/\/api.w.org\/{rel}","templated":true}]}}