{"id":34072,"date":"2022-09-09T14:27:21","date_gmt":"2022-09-09T19:27:21","guid":{"rendered":"https:\/\/luchonoticias.com\/?p=34072"},"modified":"2022-09-09T14:27:22","modified_gmt":"2022-09-09T19:27:22","slug":"proximo-26-de-septiembre-se-reabrira-la-frontera-entre-colombia-y-venezuela-petro","status":"publish","type":"post","link":"https:\/\/luchonoticias.com\/editor\/proximo-26-de-septiembre-se-reabrira-la-frontera-entre-colombia-y-venezuela-petro\/","title":{"rendered":"Pr\u00f3ximo 26 de septiembre se reabrir\u00e1 la frontera entre Colombia y Venezuela: Petro"},"content":{"rendered":"\n<p>Gustavo Petro y Nicol\u00e1s Maduro han anunciado este viernes la reapertura de la frontera y el restablecimiento de los vuelos entre Bogot\u00e1 y Caracas para finales de este mes.<\/p>\n\n\n\n<p>Colombia y Venezuela volver\u00e1n a estar conectadas por tierra y por aire despu\u00e9s de tres a\u00f1os de aislamiento. \u201cConfirmamos el compromiso del Gobierno por restablecer las relaciones de hermandad\u201d, dijo el presidente de Colombia en Twitter.<\/p>\n\n\n\n<p>Las viejas rencillas van quedando atr\u00e1s. El embajador colombiano en Caracas, Armando Benedetti, ha anunciado que cinco aerol\u00edneas cubrir\u00e1n la ruta Bogot\u00e1-Caracas desde el 26 de septiembre, la misma fecha en la que se abrir\u00e1 la frontera. Son Avianca, Latam, Ultra, Wingo y Avior. Laser Airlines se encuentra todav\u00eda en revisi\u00f3n. Wingo tambi\u00e9n volar\u00e1 entre Bogot\u00e1 y Valencia, conocida como la capital industrial de Venezuela. Sin duda, este anuncio animar\u00e1 la actividad en el aeropuerto venezolano de Maiquet\u00eda, un complejo gigantesco que en este momento luce casi des\u00e9rtico, sin apenas actividad.<\/p>\n\n\n\n<p>La mano tendida de Petro hacia el r\u00e9gimen chavista es el comienzo de la reapertura al mundo de Venezuela. Se le suman los acercamientos que ha hecho Estados Unidos con Caracas en medio de la crisis energ\u00e9tica que provoc\u00f3 la invasi\u00f3n rusa en Ucrania. El presidente de Colombia, al igual que el resto de candidatos que concurri\u00f3 a las elecciones colombianas, considera que no exist\u00eda ning\u00fan beneficio en haber roto las relaciones con Venezuela, un pa\u00eds hermano. La larga frontera entre ambos est\u00e1 llena de negocios e intercambios comerciales que estos a\u00f1os han quedado congelados y ha derivado en el aumento de la criminalidad y el contrabando.<\/p>\n","protected":false},"excerpt":{"rendered":"<p>Gustavo Petro y Nicol\u00e1s Maduro han anunciado este viernes la reapertura de la frontera y el restablecimiento de los vuelos entre Bogot\u00e1 y Caracas para finales de este mes. Colombia y Venezuela volver\u00e1n a estar conectadas por tierra y por aire despu\u00e9s de tres a\u00f1os de aislamiento. \u201cConfirmamos el compromiso del Gobierno por restablecer las [&hellip;]<\/p>\n","protected":false},"author":1,"featured_media":0,"comment_status":"open","ping_status":"open","sticky":false,"template":"","format":"standard","meta":{"footnotes":""},"categories":[28,36],"tags":[],"class_list":["post-34072","post","type-post","status-publish","format-standard","hentry","category-actualidad","category-destacado"],"yoast_head":"<!-- This site is optimized with the Yoast SEO plugin v26.6 - https:\/\/yoast.com\/wordpress\/plugins\/seo\/ -->\n<title>Pr\u00f3ximo 26 de septiembre se reabrir\u00e1 la frontera entre Colombia y Venezuela: Petro -<\/title>\n<meta name=\"robots\" content=\"index, follow, max-snippet:-1, max-image-preview:large, max-video-preview:-1\" \/>\n<link rel=\"canonical\" href=\"https:\/\/luchonoticias.com\/editor\/proximo-26-de-septiembre-se-reabrira-la-frontera-entre-colombia-y-venezuela-petro\/\" \/>\n<meta property=\"og:locale\" content=\"es_ES\" \/>\n<meta property=\"og:type\" content=\"article\" \/>\n<meta property=\"og:title\" content=\"Pr\u00f3ximo 26 de septiembre se reabrir\u00e1 la frontera entre Colombia y Venezuela: Petro -\" \/>\n<meta property=\"og:url\" content=\"https:\/\/luchonoticias.com\/editor\/proximo-26-de-septiembre-se-reabrira-la-frontera-entre-colombia-y-venezuela-petro\/\" \/>\n<meta property=\"article:publisher\" content=\"https:\/\/www.facebook.com\/luchonoticiasneiva\" \/>\n<meta property=\"article:author\" content=\"https:\/\/www.facebook.com\/luchonoticiasneiva\" \/>\n<meta property=\"article:published_time\" content=\"2022-09-09T19:27:21+00:00\" \/>\n<meta property=\"article:modified_time\" content=\"2022-09-09T19:27:22+00:00\" \/>\n<meta name=\"author\" content=\"admin\" \/>\n<meta name=\"twitter:card\" content=\"summary_large_image\" \/>\n<meta name=\"twitter:label1\" content=\"Escrito por\" \/>\n\t<meta name=\"twitter:data1\" content=\"admin\" \/>\n\t<meta name=\"twitter:label2\" content=\"Tiempo de lectura\" \/>\n\t<meta name=\"twitter:data2\" content=\"1 minuto\" \/>\n<script type=\"application\/ld+json\" class=\"yoast-schema-graph\">{\"@context\":\"https:\/\/schema.org\",\"@graph\":[{\"@type\":\"Article\",\"@id\":\"https:\/\/luchonoticias.com\/editor\/proximo-26-de-septiembre-se-reabrira-la-frontera-entre-colombia-y-venezuela-petro\/#article\",\"isPartOf\":{\"@id\":\"https:\/\/luchonoticias.com\/editor\/proximo-26-de-septiembre-se-reabrira-la-frontera-entre-colombia-y-venezuela-petro\/\"},\"author\":{\"name\":\"admin\",\"@id\":\"https:\/\/luchonoticias.com\/editor\/#\/schema\/person\/7a7fd911f58561fd056dbac7b55af9cd\"},\"headline\":\"Pr\u00f3ximo 26 de septiembre se reabrir\u00e1 la frontera entre Colombia y Venezuela: Petro\",\"datePublished\":\"2022-09-09T19:27:21+00:00\",\"dateModified\":\"2022-09-09T19:27:22+00:00\",\"mainEntityOfPage\":{\"@id\":\"https:\/\/luchonoticias.com\/editor\/proximo-26-de-septiembre-se-reabrira-la-frontera-entre-colombia-y-venezuela-petro\/\"},\"wordCount\":295,\"commentCount\":0,\"publisher\":{\"@id\":\"https:\/\/luchonoticias.com\/editor\/#\/schema\/person\/7a7fd911f58561fd056dbac7b55af9cd\"},\"articleSection\":[\"Actualidad\",\"Destacado\"],\"inLanguage\":\"es\",\"potentialAction\":[{\"@type\":\"CommentAction\",\"name\":\"Comment\",\"target\":[\"https:\/\/luchonoticias.com\/editor\/proximo-26-de-septiembre-se-reabrira-la-frontera-entre-colombia-y-venezuela-petro\/#respond\"]}]},{\"@type\":\"WebPage\",\"@id\":\"https:\/\/luchonoticias.com\/editor\/proximo-26-de-septiembre-se-reabrira-la-frontera-entre-colombia-y-venezuela-petro\/\",\"url\":\"https:\/\/luchonoticias.com\/editor\/proximo-26-de-septiembre-se-reabrira-la-frontera-entre-colombia-y-venezuela-petro\/\",\"name\":\"Pr\u00f3ximo 26 de septiembre se reabrir\u00e1 la frontera entre Colombia y Venezuela: Petro -\",\"isPartOf\":{\"@id\":\"https:\/\/luchonoticias.com\/editor\/#website\"},\"datePublished\":\"2022-09-09T19:27:21+00:00\",\"dateModified\":\"2022-09-09T19:27:22+00:00\",\"breadcrumb\":{\"@id\":\"https:\/\/luchonoticias.com\/editor\/proximo-26-de-septiembre-se-reabrira-la-frontera-entre-colombia-y-venezuela-petro\/#breadcrumb\"},\"inLanguage\":\"es\",\"potentialAction\":[{\"@type\":\"ReadAction\",\"target\":[\"https:\/\/luchonoticias.com\/editor\/proximo-26-de-septiembre-se-reabrira-la-frontera-entre-colombia-y-venezuela-petro\/\"]}]},{\"@type\":\"BreadcrumbList\",\"@id\":\"https:\/\/luchonoticias.com\/editor\/proximo-26-de-septiembre-se-reabrira-la-frontera-entre-colombia-y-venezuela-petro\/#breadcrumb\",\"itemListElement\":[{\"@type\":\"ListItem\",\"position\":1,\"name\":\"Portada\",\"item\":\"https:\/\/luchonoticias.com\/editor\/\"},{\"@type\":\"ListItem\",\"position\":2,\"name\":\"Pr\u00f3ximo 26 de septiembre se reabrir\u00e1 la frontera entre Colombia y Venezuela: Petro\"}]},{\"@type\":\"WebSite\",\"@id\":\"https:\/\/luchonoticias.com\/editor\/#website\",\"url\":\"https:\/\/luchonoticias.com\/editor\/\",\"name\":\"\",\"description\":\"\",\"publisher\":{\"@id\":\"https:\/\/luchonoticias.com\/editor\/#\/schema\/person\/7a7fd911f58561fd056dbac7b55af9cd\"},\"potentialAction\":[{\"@type\":\"SearchAction\",\"target\":{\"@type\":\"EntryPoint\",\"urlTemplate\":\"https:\/\/luchonoticias.com\/editor\/?s={search_term_string}\"},\"query-input\":{\"@type\":\"PropertyValueSpecification\",\"valueRequired\":true,\"valueName\":\"search_term_string\"}}],\"inLanguage\":\"es\"},{\"@type\":[\"Person\",\"Organization\"],\"@id\":\"https:\/\/luchonoticias.com\/editor\/#\/schema\/person\/7a7fd911f58561fd056dbac7b55af9cd\",\"name\":\"admin\",\"image\":{\"@type\":\"ImageObject\",\"inLanguage\":\"es\",\"@id\":\"https:\/\/luchonoticias.com\/editor\/#\/schema\/person\/image\/\",\"url\":\"https:\/\/luchonoticias.com\/editor\/wp-content\/uploads\/2024\/02\/cropped-cropped-logolu.webp\",\"contentUrl\":\"https:\/\/luchonoticias.com\/editor\/wp-content\/uploads\/2024\/02\/cropped-cropped-logolu.webp\",\"width\":382,\"height\":170,\"caption\":\"admin\"},\"logo\":{\"@id\":\"https:\/\/luchonoticias.com\/editor\/#\/schema\/person\/image\/\"},\"sameAs\":[\"https:\/\/www.facebook.com\/luchonoticiasneiva\"],\"url\":\"https:\/\/luchonoticias.com\/editor\/author\/admin\/\"}]}<\/script>\n<!-- \/ Yoast SEO plugin. -->","yoast_head_json":{"title":"Pr\u00f3ximo 26 de septiembre se reabrir\u00e1 la frontera entre Colombia y Venezuela: Petro -","robots":{"index":"index","follow":"follow","max-snippet":"max-snippet:-1","max-image-preview":"max-image-preview:large","max-video-preview":"max-video-preview:-1"},"canonical":"https:\/\/luchonoticias.com\/editor\/proximo-26-de-septiembre-se-reabrira-la-frontera-entre-colombia-y-venezuela-petro\/","og_locale":"es_ES","og_type":"article","og_title":"Pr\u00f3ximo 26 de septiembre se reabrir\u00e1 la frontera entre Colombia y Venezuela: Petro -","og_url":"https:\/\/luchonoticias.com\/editor\/proximo-26-de-septiembre-se-reabrira-la-frontera-entre-colombia-y-venezuela-petro\/","article_publisher":"https:\/\/www.facebook.com\/luchonoticiasneiva","article_author":"https:\/\/www.facebook.com\/luchonoticiasneiva","article_published_time":"2022-09-09T19:27:21+00:00","article_modified_time":"2022-09-09T19:27:22+00:00","author":"admin","twitter_card":"summary_large_image","twitter_misc":{"Escrito por":"admin","Tiempo de lectura":"1 minuto"},"schema":{"@context":"https:\/\/schema.org","@graph":[{"@type":"Article","@id":"https:\/\/luchonoticias.com\/editor\/proximo-26-de-septiembre-se-reabrira-la-frontera-entre-colombia-y-venezuela-petro\/#article","isPartOf":{"@id":"https:\/\/luchonoticias.com\/editor\/proximo-26-de-septiembre-se-reabrira-la-frontera-entre-colombia-y-venezuela-petro\/"},"author":{"name":"admin","@id":"https:\/\/luchonoticias.com\/editor\/#\/schema\/person\/7a7fd911f58561fd056dbac7b55af9cd"},"headline":"Pr\u00f3ximo 26 de septiembre se reabrir\u00e1 la frontera entre Colombia y Venezuela: Petro","datePublished":"2022-09-09T19:27:21+00:00","dateModified":"2022-09-09T19:27:22+00:00","mainEntityOfPage":{"@id":"https:\/\/luchonoticias.com\/editor\/proximo-26-de-septiembre-se-reabrira-la-frontera-entre-colombia-y-venezuela-petro\/"},"wordCount":295,"commentCount":0,"publisher":{"@id":"https:\/\/luchonoticias.com\/editor\/#\/schema\/person\/7a7fd911f58561fd056dbac7b55af9cd"},"articleSection":["Actualidad","Destacado"],"inLanguage":"es","potentialAction":[{"@type":"CommentAction","name":"Comment","target":["https:\/\/luchonoticias.com\/editor\/proximo-26-de-septiembre-se-reabrira-la-frontera-entre-colombia-y-venezuela-petro\/#respond"]}]},{"@type":"WebPage","@id":"https:\/\/luchonoticias.com\/editor\/proximo-26-de-septiembre-se-reabrira-la-frontera-entre-colombia-y-venezuela-petro\/","url":"https:\/\/luchonoticias.com\/editor\/proximo-26-de-septiembre-se-reabrira-la-frontera-entre-colombia-y-venezuela-petro\/","name":"Pr\u00f3ximo 26 de septiembre se reabrir\u00e1 la frontera entre Colombia y Venezuela: Petro -","isPartOf":{"@id":"https:\/\/luchonoticias.com\/editor\/#website"},"datePublished":"2022-09-09T19:27:21+00:00","dateModified":"2022-09-09T19:27:22+00:00","breadcrumb":{"@id":"https:\/\/luchonoticias.com\/editor\/proximo-26-de-septiembre-se-reabrira-la-frontera-entre-colombia-y-venezuela-petro\/#breadcrumb"},"inLanguage":"es","potentialAction":[{"@type":"ReadAction","target":["https:\/\/luchonoticias.com\/editor\/proximo-26-de-septiembre-se-reabrira-la-frontera-entre-colombia-y-venezuela-petro\/"]}]},{"@type":"BreadcrumbList","@id":"https:\/\/luchonoticias.com\/editor\/proximo-26-de-septiembre-se-reabrira-la-frontera-entre-colombia-y-venezuela-petro\/#breadcrumb","itemListElement":[{"@type":"ListItem","position":1,"name":"Portada","item":"https:\/\/luchonoticias.com\/editor\/"},{"@type":"ListItem","position":2,"name":"Pr\u00f3ximo 26 de septiembre se reabrir\u00e1 la frontera entre Colombia y Venezuela: Petro"}]},{"@type":"WebSite","@id":"https:\/\/luchonoticias.com\/editor\/#website","url":"https:\/\/luchonoticias.com\/editor\/","name":"","description":"","publisher":{"@id":"https:\/\/luchonoticias.com\/editor\/#\/schema\/person\/7a7fd911f58561fd056dbac7b55af9cd"},"potentialAction":[{"@type":"SearchAction","target":{"@type":"EntryPoint","urlTemplate":"https:\/\/luchonoticias.com\/editor\/?s={search_term_string}"},"query-input":{"@type":"PropertyValueSpecification","valueRequired":true,"valueName":"search_term_string"}}],"inLanguage":"es"},{"@type":["Person","Organization"],"@id":"https:\/\/luchonoticias.com\/editor\/#\/schema\/person\/7a7fd911f58561fd056dbac7b55af9cd","name":"admin","image":{"@type":"ImageObject","inLanguage":"es","@id":"https:\/\/luchonoticias.com\/editor\/#\/schema\/person\/image\/","url":"https:\/\/luchonoticias.com\/editor\/wp-content\/uploads\/2024\/02\/cropped-cropped-logolu.webp","contentUrl":"https:\/\/luchonoticias.com\/editor\/wp-content\/uploads\/2024\/02\/cropped-cropped-logolu.webp","width":382,"height":170,"caption":"admin"},"logo":{"@id":"https:\/\/luchonoticias.com\/editor\/#\/schema\/person\/image\/"},"sameAs":["https:\/\/www.facebook.com\/luchonoticiasneiva"],"url":"https:\/\/luchonoticias.com\/editor\/author\/admin\/"}]}},"_links":{"self":[{"href":"https:\/\/luchonoticias.com\/editor\/wp-json\/wp\/v2\/posts\/34072","targetHints":{"allow":["GET"]}}],"collection":[{"href":"https:\/\/luchonoticias.com\/editor\/wp-json\/wp\/v2\/posts"}],"about":[{"href":"https:\/\/luchonoticias.com\/editor\/wp-json\/wp\/v2\/types\/post"}],"author":[{"embeddable":true,"href":"https:\/\/luchonoticias.com\/editor\/wp-json\/wp\/v2\/users\/1"}],"replies":[{"embeddable":true,"href":"https:\/\/luchonoticias.com\/editor\/wp-json\/wp\/v2\/comments?post=34072"}],"version-history":[{"count":0,"href":"https:\/\/luchonoticias.com\/editor\/wp-json\/wp\/v2\/posts\/34072\/revisions"}],"wp:attachment":[{"href":"https:\/\/luchonoticias.com\/editor\/wp-json\/wp\/v2\/media?parent=34072"}],"wp:term":[{"taxonomy":"category","embeddable":true,"href":"https:\/\/luchonoticias.com\/editor\/wp-json\/wp\/v2\/categories?post=34072"},{"taxonomy":"post_tag","embeddable":true,"href":"https:\/\/luchonoticias.com\/editor\/wp-json\/wp\/v2\/tags?post=34072"}],"curies":[{"name":"wp","href":"https:\/\/api.w.org\/{rel}","templated":true}]}}