{"id":34075,"date":"2022-09-10T05:26:18","date_gmt":"2022-09-10T10:26:18","guid":{"rendered":"https:\/\/luchonoticias.com\/?p=34075"},"modified":"2022-09-10T05:26:19","modified_gmt":"2022-09-10T10:26:19","slug":"iniciativas-para-el-sector-arrocero-huilense","status":"publish","type":"post","link":"https:\/\/luchonoticias.com\/editor\/iniciativas-para-el-sector-arrocero-huilense\/","title":{"rendered":"Iniciativas para el sector arrocero huilense"},"content":{"rendered":"\n<p>Han existido&nbsp;<strong>problemas estructurales del sector arrocero&nbsp;<\/strong>en todo el pa\u00eds, que se requieren soluciones del mismo nivel, por lo que ya ha se ha puesto en contacto con la nueva ministra de agricultura, Cecilia L\u00f3pez, para plantear las mejores alternativas con ese prop\u00f3sito.<\/p>\n\n\n\n<p>El mandatario regional igualmente sostuvo que&nbsp;<strong>desde la Gobernaci\u00f3n del Huila se vienen impulsando varios proyectos<\/strong>&nbsp;direccionados a mejorar los procesos productivos mediante la investigaci\u00f3n y adopci\u00f3n de nuevas tecnolog\u00edas que ayuden a reducir los costos de producci\u00f3n y hacer m\u00e1s rentable el sector.<\/p>\n\n\n\n<p>\u201cLo que venimos haciendo es&nbsp;<strong>integrando verticalmente la cadena<\/strong>, que los arroceros avancen tambi\u00e9n en secado, almacenamiento, procesamiento, y ojal\u00e1 avanzar al proceso de comercializaci\u00f3n,&nbsp;<strong>tenemos un proyecto muy interesante andando en estos momentos en el Ministerio de Agricultura,<\/strong>&nbsp;en el que est\u00e1 involucrado Fedearroz, asociaciones de productores de varios municipios del Huila, y desde luego la Gobernaci\u00f3n para tener un molino que reduzca esa dependencia de otros molinos y les permita avanzar m\u00e1s y ser m\u00e1s competitivos\u201d, dijo el Gobernador Luis Enrique Duss\u00e1n.<\/p>\n\n\n\n<p>Se trata del proyecto \u201capoyo para el&nbsp;<strong>proceso de poscosecha de cultivo de arroz como estrategia de reactivaci\u00f3n econ\u00f3mica&nbsp;<\/strong>en el departamento del Huila\u201d, que comprende la implementaci\u00f3n de una planta de pre-limpieza, secamiento, almacenamiento, trilla y empaquetado, que estar\u00e1 al servicio de peque\u00f1os agricultores de los municipios de Campoalegre, Palermo, Neiva, Rivera, y Yaguar\u00e1, lo que contribuir\u00e1 a su inserci\u00f3n en los eslabones de transformaci\u00f3n y comercializaci\u00f3n&nbsp; &nbsp;de la cadena&nbsp; de arroz en el departamento.<\/p>\n\n\n\n<p>Este proyecto<strong>&nbsp;estar\u00e1 financiado con recursos por el orden de los $11.497.370.500<\/strong>, de los cuales el distrito de Riego Asojuncal&nbsp; se compromete con una contrapartida en especie por 2.755.944.500 representados en la obra civil y lote, Fedearroz $850.000.000, la Gobernaci\u00f3n del Huila participar\u00e1 con una contrapartida en efectivo por $2.291.426.000, mientras que el Ministerio de Agricultura y Desarrollo Rural har\u00e1 lo propio con un aporte de 5.600.000.000.<\/p>\n\n\n\n<h5 class=\"wp-block-heading\">Otros proyectos<\/h5>\n\n\n\n<p>El primer mandatario e los huilenses tambi\u00e9n se refiri\u00f3 a&nbsp;<strong>otros proyectos impulsados desde el gobierno \u201cHuila Crece\u201d,<\/strong>&nbsp;direccionados a la adopci\u00f3n e implementaci\u00f3n de tecnolog\u00edas que contribuyan con la reducci\u00f3n de costos de producci\u00f3n, mediante la optimizaci\u00f3n en el uso de los recursos.<\/p>\n\n\n\n<p>\u201cYa tenemos un proyecto andando el cual se encuentra en fase de ejecuci\u00f3n, para la&nbsp;<strong>implementaci\u00f3n de la tecnolog\u00eda AMTEC<\/strong>&nbsp;(Adopci\u00f3n Masiva de Tecnolog\u00eda) para la nivelaci\u00f3n de terrenos que nos permite bajar costos de producci\u00f3n, reducci\u00f3n del consumo de agua, y mejorar los rendimientos en la producci\u00f3n\u201d, indic\u00f3.<\/p>\n\n\n\n<p>Este proyecto denominado&nbsp;<strong>mejoramiento de las condiciones de productividad del cultivo de arroz<\/strong>&nbsp;mediante la incorporaci\u00f3n de tecnolog\u00eda en el departamento del Huila, financiado con recursos de regal\u00edas por el orden de los $2.664.850.840 impactar\u00e1 a 782 peque\u00f1os y medianos productores beneficiarios de 5 distritos de riego de los municipios de Campoalegre, Palermo, Villavieja y Yaguar\u00e1, donde se intervendr\u00e1n 8.638 hect\u00e1reas.<\/p>\n\n\n\n<p>Asimismo,&nbsp;el gobernador Luis Enrique Duss\u00e1n L\u00f3pez, tambi\u00e9n resalt\u00f3 el desarrollo de un&nbsp;<strong>proyecto financiado con recursos del componente de Ciencia y Tecnolog\u00eda,&nbsp;<\/strong>en articulaci\u00f3n con varios aliados estrat\u00e9gicos como Agrosavia, la Universidad Surcolombiana, el SENA, y Fedearroz, encaminado a mejorar los procesos productivos mediante la implementaci\u00f3n de una novedosa tecnolog\u00eda para el establecimiento de cultivos de arroz.<\/p>\n","protected":false},"excerpt":{"rendered":"<p>Han existido&nbsp;problemas estructurales del sector arrocero&nbsp;en todo el pa\u00eds, que se requieren soluciones del mismo nivel, por lo que ya ha se ha puesto en contacto con la nueva ministra de agricultura, Cecilia L\u00f3pez, para plantear las mejores alternativas con ese prop\u00f3sito. El mandatario regional igualmente sostuvo que&nbsp;desde la Gobernaci\u00f3n del Huila se vienen impulsando [&hellip;]<\/p>\n","protected":false},"author":1,"featured_media":0,"comment_status":"open","ping_status":"open","sticky":false,"template":"","format":"standard","meta":{"footnotes":""},"categories":[33],"tags":[],"class_list":["post-34075","post","type-post","status-publish","format-standard","hentry","category-huila"],"yoast_head":"<!-- This site is optimized with the Yoast SEO plugin v26.6 - https:\/\/yoast.com\/wordpress\/plugins\/seo\/ -->\n<title>Iniciativas para el sector arrocero huilense -<\/title>\n<meta name=\"robots\" content=\"index, follow, max-snippet:-1, max-image-preview:large, max-video-preview:-1\" \/>\n<link rel=\"canonical\" href=\"https:\/\/luchonoticias.com\/editor\/iniciativas-para-el-sector-arrocero-huilense\/\" \/>\n<meta property=\"og:locale\" content=\"es_ES\" \/>\n<meta property=\"og:type\" content=\"article\" \/>\n<meta property=\"og:title\" content=\"Iniciativas para el sector arrocero huilense -\" \/>\n<meta property=\"og:url\" content=\"https:\/\/luchonoticias.com\/editor\/iniciativas-para-el-sector-arrocero-huilense\/\" \/>\n<meta property=\"article:publisher\" content=\"https:\/\/www.facebook.com\/luchonoticiasneiva\" \/>\n<meta property=\"article:author\" content=\"https:\/\/www.facebook.com\/luchonoticiasneiva\" \/>\n<meta property=\"article:published_time\" content=\"2022-09-10T10:26:18+00:00\" \/>\n<meta property=\"article:modified_time\" content=\"2022-09-10T10:26:19+00:00\" \/>\n<meta name=\"author\" content=\"admin\" \/>\n<meta name=\"twitter:card\" content=\"summary_large_image\" \/>\n<meta name=\"twitter:label1\" content=\"Escrito por\" \/>\n\t<meta name=\"twitter:data1\" content=\"admin\" \/>\n\t<meta name=\"twitter:label2\" content=\"Tiempo de lectura\" \/>\n\t<meta name=\"twitter:data2\" content=\"3 minutos\" \/>\n<script type=\"application\/ld+json\" class=\"yoast-schema-graph\">{\"@context\":\"https:\/\/schema.org\",\"@graph\":[{\"@type\":\"Article\",\"@id\":\"https:\/\/luchonoticias.com\/editor\/iniciativas-para-el-sector-arrocero-huilense\/#article\",\"isPartOf\":{\"@id\":\"https:\/\/luchonoticias.com\/editor\/iniciativas-para-el-sector-arrocero-huilense\/\"},\"author\":{\"name\":\"admin\",\"@id\":\"https:\/\/luchonoticias.com\/editor\/#\/schema\/person\/7a7fd911f58561fd056dbac7b55af9cd\"},\"headline\":\"Iniciativas para el sector arrocero huilense\",\"datePublished\":\"2022-09-10T10:26:18+00:00\",\"dateModified\":\"2022-09-10T10:26:19+00:00\",\"mainEntityOfPage\":{\"@id\":\"https:\/\/luchonoticias.com\/editor\/iniciativas-para-el-sector-arrocero-huilense\/\"},\"wordCount\":602,\"commentCount\":0,\"publisher\":{\"@id\":\"https:\/\/luchonoticias.com\/editor\/#\/schema\/person\/7a7fd911f58561fd056dbac7b55af9cd\"},\"articleSection\":[\"Huila\"],\"inLanguage\":\"es\",\"potentialAction\":[{\"@type\":\"CommentAction\",\"name\":\"Comment\",\"target\":[\"https:\/\/luchonoticias.com\/editor\/iniciativas-para-el-sector-arrocero-huilense\/#respond\"]}]},{\"@type\":\"WebPage\",\"@id\":\"https:\/\/luchonoticias.com\/editor\/iniciativas-para-el-sector-arrocero-huilense\/\",\"url\":\"https:\/\/luchonoticias.com\/editor\/iniciativas-para-el-sector-arrocero-huilense\/\",\"name\":\"Iniciativas para el sector arrocero huilense -\",\"isPartOf\":{\"@id\":\"https:\/\/luchonoticias.com\/editor\/#website\"},\"datePublished\":\"2022-09-10T10:26:18+00:00\",\"dateModified\":\"2022-09-10T10:26:19+00:00\",\"breadcrumb\":{\"@id\":\"https:\/\/luchonoticias.com\/editor\/iniciativas-para-el-sector-arrocero-huilense\/#breadcrumb\"},\"inLanguage\":\"es\",\"potentialAction\":[{\"@type\":\"ReadAction\",\"target\":[\"https:\/\/luchonoticias.com\/editor\/iniciativas-para-el-sector-arrocero-huilense\/\"]}]},{\"@type\":\"BreadcrumbList\",\"@id\":\"https:\/\/luchonoticias.com\/editor\/iniciativas-para-el-sector-arrocero-huilense\/#breadcrumb\",\"itemListElement\":[{\"@type\":\"ListItem\",\"position\":1,\"name\":\"Portada\",\"item\":\"https:\/\/luchonoticias.com\/editor\/\"},{\"@type\":\"ListItem\",\"position\":2,\"name\":\"Iniciativas para el sector arrocero huilense\"}]},{\"@type\":\"WebSite\",\"@id\":\"https:\/\/luchonoticias.com\/editor\/#website\",\"url\":\"https:\/\/luchonoticias.com\/editor\/\",\"name\":\"\",\"description\":\"\",\"publisher\":{\"@id\":\"https:\/\/luchonoticias.com\/editor\/#\/schema\/person\/7a7fd911f58561fd056dbac7b55af9cd\"},\"potentialAction\":[{\"@type\":\"SearchAction\",\"target\":{\"@type\":\"EntryPoint\",\"urlTemplate\":\"https:\/\/luchonoticias.com\/editor\/?s={search_term_string}\"},\"query-input\":{\"@type\":\"PropertyValueSpecification\",\"valueRequired\":true,\"valueName\":\"search_term_string\"}}],\"inLanguage\":\"es\"},{\"@type\":[\"Person\",\"Organization\"],\"@id\":\"https:\/\/luchonoticias.com\/editor\/#\/schema\/person\/7a7fd911f58561fd056dbac7b55af9cd\",\"name\":\"admin\",\"image\":{\"@type\":\"ImageObject\",\"inLanguage\":\"es\",\"@id\":\"https:\/\/luchonoticias.com\/editor\/#\/schema\/person\/image\/\",\"url\":\"https:\/\/luchonoticias.com\/editor\/wp-content\/uploads\/2024\/02\/cropped-cropped-logolu.webp\",\"contentUrl\":\"https:\/\/luchonoticias.com\/editor\/wp-content\/uploads\/2024\/02\/cropped-cropped-logolu.webp\",\"width\":382,\"height\":170,\"caption\":\"admin\"},\"logo\":{\"@id\":\"https:\/\/luchonoticias.com\/editor\/#\/schema\/person\/image\/\"},\"sameAs\":[\"https:\/\/www.facebook.com\/luchonoticiasneiva\"],\"url\":\"https:\/\/luchonoticias.com\/editor\/author\/admin\/\"}]}<\/script>\n<!-- \/ Yoast SEO plugin. -->","yoast_head_json":{"title":"Iniciativas para el sector arrocero huilense -","robots":{"index":"index","follow":"follow","max-snippet":"max-snippet:-1","max-image-preview":"max-image-preview:large","max-video-preview":"max-video-preview:-1"},"canonical":"https:\/\/luchonoticias.com\/editor\/iniciativas-para-el-sector-arrocero-huilense\/","og_locale":"es_ES","og_type":"article","og_title":"Iniciativas para el sector arrocero huilense -","og_url":"https:\/\/luchonoticias.com\/editor\/iniciativas-para-el-sector-arrocero-huilense\/","article_publisher":"https:\/\/www.facebook.com\/luchonoticiasneiva","article_author":"https:\/\/www.facebook.com\/luchonoticiasneiva","article_published_time":"2022-09-10T10:26:18+00:00","article_modified_time":"2022-09-10T10:26:19+00:00","author":"admin","twitter_card":"summary_large_image","twitter_misc":{"Escrito por":"admin","Tiempo de lectura":"3 minutos"},"schema":{"@context":"https:\/\/schema.org","@graph":[{"@type":"Article","@id":"https:\/\/luchonoticias.com\/editor\/iniciativas-para-el-sector-arrocero-huilense\/#article","isPartOf":{"@id":"https:\/\/luchonoticias.com\/editor\/iniciativas-para-el-sector-arrocero-huilense\/"},"author":{"name":"admin","@id":"https:\/\/luchonoticias.com\/editor\/#\/schema\/person\/7a7fd911f58561fd056dbac7b55af9cd"},"headline":"Iniciativas para el sector arrocero huilense","datePublished":"2022-09-10T10:26:18+00:00","dateModified":"2022-09-10T10:26:19+00:00","mainEntityOfPage":{"@id":"https:\/\/luchonoticias.com\/editor\/iniciativas-para-el-sector-arrocero-huilense\/"},"wordCount":602,"commentCount":0,"publisher":{"@id":"https:\/\/luchonoticias.com\/editor\/#\/schema\/person\/7a7fd911f58561fd056dbac7b55af9cd"},"articleSection":["Huila"],"inLanguage":"es","potentialAction":[{"@type":"CommentAction","name":"Comment","target":["https:\/\/luchonoticias.com\/editor\/iniciativas-para-el-sector-arrocero-huilense\/#respond"]}]},{"@type":"WebPage","@id":"https:\/\/luchonoticias.com\/editor\/iniciativas-para-el-sector-arrocero-huilense\/","url":"https:\/\/luchonoticias.com\/editor\/iniciativas-para-el-sector-arrocero-huilense\/","name":"Iniciativas para el sector arrocero huilense -","isPartOf":{"@id":"https:\/\/luchonoticias.com\/editor\/#website"},"datePublished":"2022-09-10T10:26:18+00:00","dateModified":"2022-09-10T10:26:19+00:00","breadcrumb":{"@id":"https:\/\/luchonoticias.com\/editor\/iniciativas-para-el-sector-arrocero-huilense\/#breadcrumb"},"inLanguage":"es","potentialAction":[{"@type":"ReadAction","target":["https:\/\/luchonoticias.com\/editor\/iniciativas-para-el-sector-arrocero-huilense\/"]}]},{"@type":"BreadcrumbList","@id":"https:\/\/luchonoticias.com\/editor\/iniciativas-para-el-sector-arrocero-huilense\/#breadcrumb","itemListElement":[{"@type":"ListItem","position":1,"name":"Portada","item":"https:\/\/luchonoticias.com\/editor\/"},{"@type":"ListItem","position":2,"name":"Iniciativas para el sector arrocero huilense"}]},{"@type":"WebSite","@id":"https:\/\/luchonoticias.com\/editor\/#website","url":"https:\/\/luchonoticias.com\/editor\/","name":"","description":"","publisher":{"@id":"https:\/\/luchonoticias.com\/editor\/#\/schema\/person\/7a7fd911f58561fd056dbac7b55af9cd"},"potentialAction":[{"@type":"SearchAction","target":{"@type":"EntryPoint","urlTemplate":"https:\/\/luchonoticias.com\/editor\/?s={search_term_string}"},"query-input":{"@type":"PropertyValueSpecification","valueRequired":true,"valueName":"search_term_string"}}],"inLanguage":"es"},{"@type":["Person","Organization"],"@id":"https:\/\/luchonoticias.com\/editor\/#\/schema\/person\/7a7fd911f58561fd056dbac7b55af9cd","name":"admin","image":{"@type":"ImageObject","inLanguage":"es","@id":"https:\/\/luchonoticias.com\/editor\/#\/schema\/person\/image\/","url":"https:\/\/luchonoticias.com\/editor\/wp-content\/uploads\/2024\/02\/cropped-cropped-logolu.webp","contentUrl":"https:\/\/luchonoticias.com\/editor\/wp-content\/uploads\/2024\/02\/cropped-cropped-logolu.webp","width":382,"height":170,"caption":"admin"},"logo":{"@id":"https:\/\/luchonoticias.com\/editor\/#\/schema\/person\/image\/"},"sameAs":["https:\/\/www.facebook.com\/luchonoticiasneiva"],"url":"https:\/\/luchonoticias.com\/editor\/author\/admin\/"}]}},"_links":{"self":[{"href":"https:\/\/luchonoticias.com\/editor\/wp-json\/wp\/v2\/posts\/34075","targetHints":{"allow":["GET"]}}],"collection":[{"href":"https:\/\/luchonoticias.com\/editor\/wp-json\/wp\/v2\/posts"}],"about":[{"href":"https:\/\/luchonoticias.com\/editor\/wp-json\/wp\/v2\/types\/post"}],"author":[{"embeddable":true,"href":"https:\/\/luchonoticias.com\/editor\/wp-json\/wp\/v2\/users\/1"}],"replies":[{"embeddable":true,"href":"https:\/\/luchonoticias.com\/editor\/wp-json\/wp\/v2\/comments?post=34075"}],"version-history":[{"count":0,"href":"https:\/\/luchonoticias.com\/editor\/wp-json\/wp\/v2\/posts\/34075\/revisions"}],"wp:attachment":[{"href":"https:\/\/luchonoticias.com\/editor\/wp-json\/wp\/v2\/media?parent=34075"}],"wp:term":[{"taxonomy":"category","embeddable":true,"href":"https:\/\/luchonoticias.com\/editor\/wp-json\/wp\/v2\/categories?post=34075"},{"taxonomy":"post_tag","embeddable":true,"href":"https:\/\/luchonoticias.com\/editor\/wp-json\/wp\/v2\/tags?post=34075"}],"curies":[{"name":"wp","href":"https:\/\/api.w.org\/{rel}","templated":true}]}}