{"id":34081,"date":"2022-09-10T05:31:25","date_gmt":"2022-09-10T10:31:25","guid":{"rendered":"https:\/\/luchonoticias.com\/?p=34081"},"modified":"2022-09-10T05:31:26","modified_gmt":"2022-09-10T10:31:26","slug":"mas-inversiones-para-el-renglon-educativo","status":"publish","type":"post","link":"https:\/\/luchonoticias.com\/editor\/mas-inversiones-para-el-renglon-educativo\/","title":{"rendered":"M\u00e1s inversiones para el rengl\u00f3n educativo"},"content":{"rendered":"\n<p>Una autorizaci\u00f3n le dio la Asamblea del Departamento al gobernador del Huila, Luis Enrique Duss\u00e1n, para&nbsp;<strong>comprometer vigencias futuras por el orden de los $6.653 millones<\/strong>, destinados a la&nbsp;<strong>atenci\u00f3n de necesidades educativas&nbsp;<\/strong>en cuanto mejoramiento de aulas para primera infancia y construcci\u00f3n de restaurantes escolares.<\/p>\n\n\n\n<p>De este modo, acatando la normatividad en esta materia de vigencias futuras, el gobierno departamental para la presente vigencia del 2022,<strong>&nbsp;ya cuenta con el 15% de esa nueva apropiaci\u00f3n presupuestal autorizada por la duma.<\/strong><\/p>\n\n\n\n<p>Es decir, el Gobierno \u201cHuila Crece\u201d tiene $1.346 millones en proceso de licitaci\u00f3n para el mismo prop\u00f3sito, y se aspira que para el mes de noviembre del presente a\u00f1o empiecen a ejecutarse las obras referidas.<\/p>\n\n\n\n<p>As\u00ed lo explic\u00f3 la secretaria de Educaci\u00f3n del Huila, Milena Oliveros, quien dijo que&nbsp;<strong>se trata de cuatro licitaciones<\/strong>, tres de las cuales van para mejoramientos de la infraestructura de las aulas de preescolar o educaci\u00f3n de primera infancia, para&nbsp;<strong>zona centro,<\/strong>&nbsp;donde se beneficiar\u00e1n 20 sedes educativas, ($1.291 millones); para la<strong>&nbsp;zona norte<\/strong>&nbsp;(22 sedes) con $1.107 millones y para la&nbsp;<strong>zona suroccidente<\/strong>&nbsp;(28 sedes), por valor de $1.252 millones, incluyendo las interventor\u00edas.&nbsp;<\/p>\n\n\n\n<p>Y una cuarta licitaci\u00f3n que ir\u00e1 para&nbsp;<strong>construcci\u00f3n restaurantes escolares en 23 sedes educativas&nbsp;<\/strong>de 15 municipios del departamento, por un valor de $4.350 millones, incluyendo tambi\u00e9n el costo de la interventor\u00eda.<\/p>\n\n\n\n<p>\u201cAsimismo, la Asamblea nos aprob\u00f3 una adici\u00f3n por mayor recaudo por valor de $1.782 millones para dotaci\u00f3n de equipos de c\u00f3mputo de algunas instituciones educativas y mejoramientos de aulas educativas de primera infancia, componen los dem\u00e1s proyectos que pronto se contratar\u00e1n para avanzar en el mejoramiento de las condiciones de calidad de la educaci\u00f3n para el Huila\u201d, afirm\u00f3 Oliveros.<\/p>\n","protected":false},"excerpt":{"rendered":"<p>Una autorizaci\u00f3n le dio la Asamblea del Departamento al gobernador del Huila, Luis Enrique Duss\u00e1n, para&nbsp;comprometer vigencias futuras por el orden de los $6.653 millones, destinados a la&nbsp;atenci\u00f3n de necesidades educativas&nbsp;en cuanto mejoramiento de aulas para primera infancia y construcci\u00f3n de restaurantes escolares. De este modo, acatando la normatividad en esta materia de vigencias futuras, [&hellip;]<\/p>\n","protected":false},"author":1,"featured_media":0,"comment_status":"open","ping_status":"open","sticky":false,"template":"","format":"standard","meta":{"footnotes":""},"categories":[33],"tags":[],"class_list":["post-34081","post","type-post","status-publish","format-standard","hentry","category-huila"],"yoast_head":"<!-- This site is optimized with the Yoast SEO plugin v26.6 - https:\/\/yoast.com\/wordpress\/plugins\/seo\/ -->\n<title>M\u00e1s inversiones para el rengl\u00f3n educativo -<\/title>\n<meta name=\"robots\" content=\"index, follow, max-snippet:-1, max-image-preview:large, max-video-preview:-1\" \/>\n<link rel=\"canonical\" href=\"https:\/\/luchonoticias.com\/editor\/mas-inversiones-para-el-renglon-educativo\/\" \/>\n<meta property=\"og:locale\" content=\"es_ES\" \/>\n<meta property=\"og:type\" content=\"article\" \/>\n<meta property=\"og:title\" content=\"M\u00e1s inversiones para el rengl\u00f3n educativo -\" \/>\n<meta property=\"og:url\" content=\"https:\/\/luchonoticias.com\/editor\/mas-inversiones-para-el-renglon-educativo\/\" \/>\n<meta property=\"article:publisher\" content=\"https:\/\/www.facebook.com\/luchonoticiasneiva\" \/>\n<meta property=\"article:author\" content=\"https:\/\/www.facebook.com\/luchonoticiasneiva\" \/>\n<meta property=\"article:published_time\" content=\"2022-09-10T10:31:25+00:00\" \/>\n<meta property=\"article:modified_time\" content=\"2022-09-10T10:31:26+00:00\" \/>\n<meta name=\"author\" content=\"admin\" \/>\n<meta name=\"twitter:card\" content=\"summary_large_image\" \/>\n<meta name=\"twitter:label1\" content=\"Escrito por\" \/>\n\t<meta name=\"twitter:data1\" content=\"admin\" \/>\n\t<meta name=\"twitter:label2\" content=\"Tiempo de lectura\" \/>\n\t<meta name=\"twitter:data2\" content=\"2 minutos\" \/>\n<script type=\"application\/ld+json\" class=\"yoast-schema-graph\">{\"@context\":\"https:\/\/schema.org\",\"@graph\":[{\"@type\":\"Article\",\"@id\":\"https:\/\/luchonoticias.com\/editor\/mas-inversiones-para-el-renglon-educativo\/#article\",\"isPartOf\":{\"@id\":\"https:\/\/luchonoticias.com\/editor\/mas-inversiones-para-el-renglon-educativo\/\"},\"author\":{\"name\":\"admin\",\"@id\":\"https:\/\/luchonoticias.com\/editor\/#\/schema\/person\/7a7fd911f58561fd056dbac7b55af9cd\"},\"headline\":\"M\u00e1s inversiones para el rengl\u00f3n educativo\",\"datePublished\":\"2022-09-10T10:31:25+00:00\",\"dateModified\":\"2022-09-10T10:31:26+00:00\",\"mainEntityOfPage\":{\"@id\":\"https:\/\/luchonoticias.com\/editor\/mas-inversiones-para-el-renglon-educativo\/\"},\"wordCount\":311,\"commentCount\":0,\"publisher\":{\"@id\":\"https:\/\/luchonoticias.com\/editor\/#\/schema\/person\/7a7fd911f58561fd056dbac7b55af9cd\"},\"articleSection\":[\"Huila\"],\"inLanguage\":\"es\",\"potentialAction\":[{\"@type\":\"CommentAction\",\"name\":\"Comment\",\"target\":[\"https:\/\/luchonoticias.com\/editor\/mas-inversiones-para-el-renglon-educativo\/#respond\"]}]},{\"@type\":\"WebPage\",\"@id\":\"https:\/\/luchonoticias.com\/editor\/mas-inversiones-para-el-renglon-educativo\/\",\"url\":\"https:\/\/luchonoticias.com\/editor\/mas-inversiones-para-el-renglon-educativo\/\",\"name\":\"M\u00e1s inversiones para el rengl\u00f3n educativo -\",\"isPartOf\":{\"@id\":\"https:\/\/luchonoticias.com\/editor\/#website\"},\"datePublished\":\"2022-09-10T10:31:25+00:00\",\"dateModified\":\"2022-09-10T10:31:26+00:00\",\"breadcrumb\":{\"@id\":\"https:\/\/luchonoticias.com\/editor\/mas-inversiones-para-el-renglon-educativo\/#breadcrumb\"},\"inLanguage\":\"es\",\"potentialAction\":[{\"@type\":\"ReadAction\",\"target\":[\"https:\/\/luchonoticias.com\/editor\/mas-inversiones-para-el-renglon-educativo\/\"]}]},{\"@type\":\"BreadcrumbList\",\"@id\":\"https:\/\/luchonoticias.com\/editor\/mas-inversiones-para-el-renglon-educativo\/#breadcrumb\",\"itemListElement\":[{\"@type\":\"ListItem\",\"position\":1,\"name\":\"Portada\",\"item\":\"https:\/\/luchonoticias.com\/editor\/\"},{\"@type\":\"ListItem\",\"position\":2,\"name\":\"M\u00e1s inversiones para el rengl\u00f3n educativo\"}]},{\"@type\":\"WebSite\",\"@id\":\"https:\/\/luchonoticias.com\/editor\/#website\",\"url\":\"https:\/\/luchonoticias.com\/editor\/\",\"name\":\"\",\"description\":\"\",\"publisher\":{\"@id\":\"https:\/\/luchonoticias.com\/editor\/#\/schema\/person\/7a7fd911f58561fd056dbac7b55af9cd\"},\"potentialAction\":[{\"@type\":\"SearchAction\",\"target\":{\"@type\":\"EntryPoint\",\"urlTemplate\":\"https:\/\/luchonoticias.com\/editor\/?s={search_term_string}\"},\"query-input\":{\"@type\":\"PropertyValueSpecification\",\"valueRequired\":true,\"valueName\":\"search_term_string\"}}],\"inLanguage\":\"es\"},{\"@type\":[\"Person\",\"Organization\"],\"@id\":\"https:\/\/luchonoticias.com\/editor\/#\/schema\/person\/7a7fd911f58561fd056dbac7b55af9cd\",\"name\":\"admin\",\"image\":{\"@type\":\"ImageObject\",\"inLanguage\":\"es\",\"@id\":\"https:\/\/luchonoticias.com\/editor\/#\/schema\/person\/image\/\",\"url\":\"https:\/\/luchonoticias.com\/editor\/wp-content\/uploads\/2024\/02\/cropped-cropped-logolu.webp\",\"contentUrl\":\"https:\/\/luchonoticias.com\/editor\/wp-content\/uploads\/2024\/02\/cropped-cropped-logolu.webp\",\"width\":382,\"height\":170,\"caption\":\"admin\"},\"logo\":{\"@id\":\"https:\/\/luchonoticias.com\/editor\/#\/schema\/person\/image\/\"},\"sameAs\":[\"https:\/\/www.facebook.com\/luchonoticiasneiva\"],\"url\":\"https:\/\/luchonoticias.com\/editor\/author\/admin\/\"}]}<\/script>\n<!-- \/ Yoast SEO plugin. -->","yoast_head_json":{"title":"M\u00e1s inversiones para el rengl\u00f3n educativo -","robots":{"index":"index","follow":"follow","max-snippet":"max-snippet:-1","max-image-preview":"max-image-preview:large","max-video-preview":"max-video-preview:-1"},"canonical":"https:\/\/luchonoticias.com\/editor\/mas-inversiones-para-el-renglon-educativo\/","og_locale":"es_ES","og_type":"article","og_title":"M\u00e1s inversiones para el rengl\u00f3n educativo -","og_url":"https:\/\/luchonoticias.com\/editor\/mas-inversiones-para-el-renglon-educativo\/","article_publisher":"https:\/\/www.facebook.com\/luchonoticiasneiva","article_author":"https:\/\/www.facebook.com\/luchonoticiasneiva","article_published_time":"2022-09-10T10:31:25+00:00","article_modified_time":"2022-09-10T10:31:26+00:00","author":"admin","twitter_card":"summary_large_image","twitter_misc":{"Escrito por":"admin","Tiempo de lectura":"2 minutos"},"schema":{"@context":"https:\/\/schema.org","@graph":[{"@type":"Article","@id":"https:\/\/luchonoticias.com\/editor\/mas-inversiones-para-el-renglon-educativo\/#article","isPartOf":{"@id":"https:\/\/luchonoticias.com\/editor\/mas-inversiones-para-el-renglon-educativo\/"},"author":{"name":"admin","@id":"https:\/\/luchonoticias.com\/editor\/#\/schema\/person\/7a7fd911f58561fd056dbac7b55af9cd"},"headline":"M\u00e1s inversiones para el rengl\u00f3n educativo","datePublished":"2022-09-10T10:31:25+00:00","dateModified":"2022-09-10T10:31:26+00:00","mainEntityOfPage":{"@id":"https:\/\/luchonoticias.com\/editor\/mas-inversiones-para-el-renglon-educativo\/"},"wordCount":311,"commentCount":0,"publisher":{"@id":"https:\/\/luchonoticias.com\/editor\/#\/schema\/person\/7a7fd911f58561fd056dbac7b55af9cd"},"articleSection":["Huila"],"inLanguage":"es","potentialAction":[{"@type":"CommentAction","name":"Comment","target":["https:\/\/luchonoticias.com\/editor\/mas-inversiones-para-el-renglon-educativo\/#respond"]}]},{"@type":"WebPage","@id":"https:\/\/luchonoticias.com\/editor\/mas-inversiones-para-el-renglon-educativo\/","url":"https:\/\/luchonoticias.com\/editor\/mas-inversiones-para-el-renglon-educativo\/","name":"M\u00e1s inversiones para el rengl\u00f3n educativo -","isPartOf":{"@id":"https:\/\/luchonoticias.com\/editor\/#website"},"datePublished":"2022-09-10T10:31:25+00:00","dateModified":"2022-09-10T10:31:26+00:00","breadcrumb":{"@id":"https:\/\/luchonoticias.com\/editor\/mas-inversiones-para-el-renglon-educativo\/#breadcrumb"},"inLanguage":"es","potentialAction":[{"@type":"ReadAction","target":["https:\/\/luchonoticias.com\/editor\/mas-inversiones-para-el-renglon-educativo\/"]}]},{"@type":"BreadcrumbList","@id":"https:\/\/luchonoticias.com\/editor\/mas-inversiones-para-el-renglon-educativo\/#breadcrumb","itemListElement":[{"@type":"ListItem","position":1,"name":"Portada","item":"https:\/\/luchonoticias.com\/editor\/"},{"@type":"ListItem","position":2,"name":"M\u00e1s inversiones para el rengl\u00f3n educativo"}]},{"@type":"WebSite","@id":"https:\/\/luchonoticias.com\/editor\/#website","url":"https:\/\/luchonoticias.com\/editor\/","name":"","description":"","publisher":{"@id":"https:\/\/luchonoticias.com\/editor\/#\/schema\/person\/7a7fd911f58561fd056dbac7b55af9cd"},"potentialAction":[{"@type":"SearchAction","target":{"@type":"EntryPoint","urlTemplate":"https:\/\/luchonoticias.com\/editor\/?s={search_term_string}"},"query-input":{"@type":"PropertyValueSpecification","valueRequired":true,"valueName":"search_term_string"}}],"inLanguage":"es"},{"@type":["Person","Organization"],"@id":"https:\/\/luchonoticias.com\/editor\/#\/schema\/person\/7a7fd911f58561fd056dbac7b55af9cd","name":"admin","image":{"@type":"ImageObject","inLanguage":"es","@id":"https:\/\/luchonoticias.com\/editor\/#\/schema\/person\/image\/","url":"https:\/\/luchonoticias.com\/editor\/wp-content\/uploads\/2024\/02\/cropped-cropped-logolu.webp","contentUrl":"https:\/\/luchonoticias.com\/editor\/wp-content\/uploads\/2024\/02\/cropped-cropped-logolu.webp","width":382,"height":170,"caption":"admin"},"logo":{"@id":"https:\/\/luchonoticias.com\/editor\/#\/schema\/person\/image\/"},"sameAs":["https:\/\/www.facebook.com\/luchonoticiasneiva"],"url":"https:\/\/luchonoticias.com\/editor\/author\/admin\/"}]}},"_links":{"self":[{"href":"https:\/\/luchonoticias.com\/editor\/wp-json\/wp\/v2\/posts\/34081","targetHints":{"allow":["GET"]}}],"collection":[{"href":"https:\/\/luchonoticias.com\/editor\/wp-json\/wp\/v2\/posts"}],"about":[{"href":"https:\/\/luchonoticias.com\/editor\/wp-json\/wp\/v2\/types\/post"}],"author":[{"embeddable":true,"href":"https:\/\/luchonoticias.com\/editor\/wp-json\/wp\/v2\/users\/1"}],"replies":[{"embeddable":true,"href":"https:\/\/luchonoticias.com\/editor\/wp-json\/wp\/v2\/comments?post=34081"}],"version-history":[{"count":0,"href":"https:\/\/luchonoticias.com\/editor\/wp-json\/wp\/v2\/posts\/34081\/revisions"}],"wp:attachment":[{"href":"https:\/\/luchonoticias.com\/editor\/wp-json\/wp\/v2\/media?parent=34081"}],"wp:term":[{"taxonomy":"category","embeddable":true,"href":"https:\/\/luchonoticias.com\/editor\/wp-json\/wp\/v2\/categories?post=34081"},{"taxonomy":"post_tag","embeddable":true,"href":"https:\/\/luchonoticias.com\/editor\/wp-json\/wp\/v2\/tags?post=34081"}],"curies":[{"name":"wp","href":"https:\/\/api.w.org\/{rel}","templated":true}]}}