{"id":34087,"date":"2022-09-10T05:35:11","date_gmt":"2022-09-10T10:35:11","guid":{"rendered":"https:\/\/luchonoticias.com\/?p=34087"},"modified":"2022-09-10T05:35:12","modified_gmt":"2022-09-10T10:35:12","slug":"tenista-huilense-se-destaco-en-mexico","status":"publish","type":"post","link":"https:\/\/luchonoticias.com\/editor\/tenista-huilense-se-destaco-en-mexico\/","title":{"rendered":"Tenista huilense se destac\u00f3 en M\u00e9xico"},"content":{"rendered":"\n<p>La tenista huilense&nbsp;<strong>Mar\u00eda Camila Torres<\/strong>&nbsp;lleg\u00f3 por primera vez a las&nbsp;<strong>semifinales&nbsp;<\/strong>de los torneos del World Tour Tennis que se cumplen en Canc\u00fan (M\u00e9xico).<\/p>\n\n\n\n<p>Torres&nbsp;<strong>lleg\u00f3 a las semifinales en la modalidad de dobles<\/strong>, donde comparti\u00f3 equipo con la venezolana&nbsp;<strong>Nadia Echeverr\u00eda<\/strong>, perdiendo en la lucha por un cupo a la final con parciales 6:3, 4:6 y 3:4 ante la dupla conformada por la canadiense Louise Kwong y la norteamericana Anna Ulyashchenko.<\/p>\n\n\n\n<p>Torres&nbsp;<strong>mejora as\u00ed su participaci\u00f3n&nbsp;<\/strong>en estas competencias, a las cuales compite desde comienzos de a\u00f1o; en contraste, la raqueta regional no pas\u00f3 de la primera ronda en sencillos.<\/p>\n","protected":false},"excerpt":{"rendered":"<p>La tenista huilense&nbsp;Mar\u00eda Camila Torres&nbsp;lleg\u00f3 por primera vez a las&nbsp;semifinales&nbsp;de los torneos del World Tour Tennis que se cumplen en Canc\u00fan (M\u00e9xico). Torres&nbsp;lleg\u00f3 a las semifinales en la modalidad de dobles, donde comparti\u00f3 equipo con la venezolana&nbsp;Nadia Echeverr\u00eda, perdiendo en la lucha por un cupo a la final con parciales 6:3, 4:6 y 3:4 ante [&hellip;]<\/p>\n","protected":false},"author":1,"featured_media":0,"comment_status":"open","ping_status":"open","sticky":false,"template":"","format":"standard","meta":{"footnotes":""},"categories":[34],"tags":[],"class_list":["post-34087","post","type-post","status-publish","format-standard","hentry","category-deportes"],"yoast_head":"<!-- This site is optimized with the Yoast SEO plugin v26.6 - https:\/\/yoast.com\/wordpress\/plugins\/seo\/ -->\n<title>Tenista huilense se destac\u00f3 en M\u00e9xico -<\/title>\n<meta name=\"robots\" content=\"index, follow, max-snippet:-1, max-image-preview:large, max-video-preview:-1\" \/>\n<link rel=\"canonical\" href=\"https:\/\/luchonoticias.com\/editor\/tenista-huilense-se-destaco-en-mexico\/\" \/>\n<meta property=\"og:locale\" content=\"es_ES\" \/>\n<meta property=\"og:type\" content=\"article\" \/>\n<meta property=\"og:title\" content=\"Tenista huilense se destac\u00f3 en M\u00e9xico -\" \/>\n<meta property=\"og:url\" content=\"https:\/\/luchonoticias.com\/editor\/tenista-huilense-se-destaco-en-mexico\/\" \/>\n<meta property=\"article:publisher\" content=\"https:\/\/www.facebook.com\/luchonoticiasneiva\" \/>\n<meta property=\"article:author\" content=\"https:\/\/www.facebook.com\/luchonoticiasneiva\" \/>\n<meta property=\"article:published_time\" content=\"2022-09-10T10:35:11+00:00\" \/>\n<meta property=\"article:modified_time\" content=\"2022-09-10T10:35:12+00:00\" \/>\n<meta name=\"author\" content=\"admin\" \/>\n<meta name=\"twitter:card\" content=\"summary_large_image\" \/>\n<meta name=\"twitter:label1\" content=\"Escrito por\" \/>\n\t<meta name=\"twitter:data1\" content=\"admin\" \/>\n\t<meta name=\"twitter:label2\" content=\"Tiempo de lectura\" \/>\n\t<meta name=\"twitter:data2\" content=\"1 minuto\" \/>\n<script type=\"application\/ld+json\" class=\"yoast-schema-graph\">{\"@context\":\"https:\/\/schema.org\",\"@graph\":[{\"@type\":\"Article\",\"@id\":\"https:\/\/luchonoticias.com\/editor\/tenista-huilense-se-destaco-en-mexico\/#article\",\"isPartOf\":{\"@id\":\"https:\/\/luchonoticias.com\/editor\/tenista-huilense-se-destaco-en-mexico\/\"},\"author\":{\"name\":\"admin\",\"@id\":\"https:\/\/luchonoticias.com\/editor\/#\/schema\/person\/7a7fd911f58561fd056dbac7b55af9cd\"},\"headline\":\"Tenista huilense se destac\u00f3 en M\u00e9xico\",\"datePublished\":\"2022-09-10T10:35:11+00:00\",\"dateModified\":\"2022-09-10T10:35:12+00:00\",\"mainEntityOfPage\":{\"@id\":\"https:\/\/luchonoticias.com\/editor\/tenista-huilense-se-destaco-en-mexico\/\"},\"wordCount\":121,\"commentCount\":0,\"publisher\":{\"@id\":\"https:\/\/luchonoticias.com\/editor\/#\/schema\/person\/7a7fd911f58561fd056dbac7b55af9cd\"},\"articleSection\":[\"Deportes\"],\"inLanguage\":\"es\",\"potentialAction\":[{\"@type\":\"CommentAction\",\"name\":\"Comment\",\"target\":[\"https:\/\/luchonoticias.com\/editor\/tenista-huilense-se-destaco-en-mexico\/#respond\"]}]},{\"@type\":\"WebPage\",\"@id\":\"https:\/\/luchonoticias.com\/editor\/tenista-huilense-se-destaco-en-mexico\/\",\"url\":\"https:\/\/luchonoticias.com\/editor\/tenista-huilense-se-destaco-en-mexico\/\",\"name\":\"Tenista huilense se destac\u00f3 en M\u00e9xico -\",\"isPartOf\":{\"@id\":\"https:\/\/luchonoticias.com\/editor\/#website\"},\"datePublished\":\"2022-09-10T10:35:11+00:00\",\"dateModified\":\"2022-09-10T10:35:12+00:00\",\"breadcrumb\":{\"@id\":\"https:\/\/luchonoticias.com\/editor\/tenista-huilense-se-destaco-en-mexico\/#breadcrumb\"},\"inLanguage\":\"es\",\"potentialAction\":[{\"@type\":\"ReadAction\",\"target\":[\"https:\/\/luchonoticias.com\/editor\/tenista-huilense-se-destaco-en-mexico\/\"]}]},{\"@type\":\"BreadcrumbList\",\"@id\":\"https:\/\/luchonoticias.com\/editor\/tenista-huilense-se-destaco-en-mexico\/#breadcrumb\",\"itemListElement\":[{\"@type\":\"ListItem\",\"position\":1,\"name\":\"Portada\",\"item\":\"https:\/\/luchonoticias.com\/editor\/\"},{\"@type\":\"ListItem\",\"position\":2,\"name\":\"Tenista huilense se destac\u00f3 en M\u00e9xico\"}]},{\"@type\":\"WebSite\",\"@id\":\"https:\/\/luchonoticias.com\/editor\/#website\",\"url\":\"https:\/\/luchonoticias.com\/editor\/\",\"name\":\"\",\"description\":\"\",\"publisher\":{\"@id\":\"https:\/\/luchonoticias.com\/editor\/#\/schema\/person\/7a7fd911f58561fd056dbac7b55af9cd\"},\"potentialAction\":[{\"@type\":\"SearchAction\",\"target\":{\"@type\":\"EntryPoint\",\"urlTemplate\":\"https:\/\/luchonoticias.com\/editor\/?s={search_term_string}\"},\"query-input\":{\"@type\":\"PropertyValueSpecification\",\"valueRequired\":true,\"valueName\":\"search_term_string\"}}],\"inLanguage\":\"es\"},{\"@type\":[\"Person\",\"Organization\"],\"@id\":\"https:\/\/luchonoticias.com\/editor\/#\/schema\/person\/7a7fd911f58561fd056dbac7b55af9cd\",\"name\":\"admin\",\"image\":{\"@type\":\"ImageObject\",\"inLanguage\":\"es\",\"@id\":\"https:\/\/luchonoticias.com\/editor\/#\/schema\/person\/image\/\",\"url\":\"https:\/\/luchonoticias.com\/editor\/wp-content\/uploads\/2024\/02\/cropped-cropped-logolu.webp\",\"contentUrl\":\"https:\/\/luchonoticias.com\/editor\/wp-content\/uploads\/2024\/02\/cropped-cropped-logolu.webp\",\"width\":382,\"height\":170,\"caption\":\"admin\"},\"logo\":{\"@id\":\"https:\/\/luchonoticias.com\/editor\/#\/schema\/person\/image\/\"},\"sameAs\":[\"https:\/\/www.facebook.com\/luchonoticiasneiva\"],\"url\":\"https:\/\/luchonoticias.com\/editor\/author\/admin\/\"}]}<\/script>\n<!-- \/ Yoast SEO plugin. -->","yoast_head_json":{"title":"Tenista huilense se destac\u00f3 en M\u00e9xico -","robots":{"index":"index","follow":"follow","max-snippet":"max-snippet:-1","max-image-preview":"max-image-preview:large","max-video-preview":"max-video-preview:-1"},"canonical":"https:\/\/luchonoticias.com\/editor\/tenista-huilense-se-destaco-en-mexico\/","og_locale":"es_ES","og_type":"article","og_title":"Tenista huilense se destac\u00f3 en M\u00e9xico -","og_url":"https:\/\/luchonoticias.com\/editor\/tenista-huilense-se-destaco-en-mexico\/","article_publisher":"https:\/\/www.facebook.com\/luchonoticiasneiva","article_author":"https:\/\/www.facebook.com\/luchonoticiasneiva","article_published_time":"2022-09-10T10:35:11+00:00","article_modified_time":"2022-09-10T10:35:12+00:00","author":"admin","twitter_card":"summary_large_image","twitter_misc":{"Escrito por":"admin","Tiempo de lectura":"1 minuto"},"schema":{"@context":"https:\/\/schema.org","@graph":[{"@type":"Article","@id":"https:\/\/luchonoticias.com\/editor\/tenista-huilense-se-destaco-en-mexico\/#article","isPartOf":{"@id":"https:\/\/luchonoticias.com\/editor\/tenista-huilense-se-destaco-en-mexico\/"},"author":{"name":"admin","@id":"https:\/\/luchonoticias.com\/editor\/#\/schema\/person\/7a7fd911f58561fd056dbac7b55af9cd"},"headline":"Tenista huilense se destac\u00f3 en M\u00e9xico","datePublished":"2022-09-10T10:35:11+00:00","dateModified":"2022-09-10T10:35:12+00:00","mainEntityOfPage":{"@id":"https:\/\/luchonoticias.com\/editor\/tenista-huilense-se-destaco-en-mexico\/"},"wordCount":121,"commentCount":0,"publisher":{"@id":"https:\/\/luchonoticias.com\/editor\/#\/schema\/person\/7a7fd911f58561fd056dbac7b55af9cd"},"articleSection":["Deportes"],"inLanguage":"es","potentialAction":[{"@type":"CommentAction","name":"Comment","target":["https:\/\/luchonoticias.com\/editor\/tenista-huilense-se-destaco-en-mexico\/#respond"]}]},{"@type":"WebPage","@id":"https:\/\/luchonoticias.com\/editor\/tenista-huilense-se-destaco-en-mexico\/","url":"https:\/\/luchonoticias.com\/editor\/tenista-huilense-se-destaco-en-mexico\/","name":"Tenista huilense se destac\u00f3 en M\u00e9xico -","isPartOf":{"@id":"https:\/\/luchonoticias.com\/editor\/#website"},"datePublished":"2022-09-10T10:35:11+00:00","dateModified":"2022-09-10T10:35:12+00:00","breadcrumb":{"@id":"https:\/\/luchonoticias.com\/editor\/tenista-huilense-se-destaco-en-mexico\/#breadcrumb"},"inLanguage":"es","potentialAction":[{"@type":"ReadAction","target":["https:\/\/luchonoticias.com\/editor\/tenista-huilense-se-destaco-en-mexico\/"]}]},{"@type":"BreadcrumbList","@id":"https:\/\/luchonoticias.com\/editor\/tenista-huilense-se-destaco-en-mexico\/#breadcrumb","itemListElement":[{"@type":"ListItem","position":1,"name":"Portada","item":"https:\/\/luchonoticias.com\/editor\/"},{"@type":"ListItem","position":2,"name":"Tenista huilense se destac\u00f3 en M\u00e9xico"}]},{"@type":"WebSite","@id":"https:\/\/luchonoticias.com\/editor\/#website","url":"https:\/\/luchonoticias.com\/editor\/","name":"","description":"","publisher":{"@id":"https:\/\/luchonoticias.com\/editor\/#\/schema\/person\/7a7fd911f58561fd056dbac7b55af9cd"},"potentialAction":[{"@type":"SearchAction","target":{"@type":"EntryPoint","urlTemplate":"https:\/\/luchonoticias.com\/editor\/?s={search_term_string}"},"query-input":{"@type":"PropertyValueSpecification","valueRequired":true,"valueName":"search_term_string"}}],"inLanguage":"es"},{"@type":["Person","Organization"],"@id":"https:\/\/luchonoticias.com\/editor\/#\/schema\/person\/7a7fd911f58561fd056dbac7b55af9cd","name":"admin","image":{"@type":"ImageObject","inLanguage":"es","@id":"https:\/\/luchonoticias.com\/editor\/#\/schema\/person\/image\/","url":"https:\/\/luchonoticias.com\/editor\/wp-content\/uploads\/2024\/02\/cropped-cropped-logolu.webp","contentUrl":"https:\/\/luchonoticias.com\/editor\/wp-content\/uploads\/2024\/02\/cropped-cropped-logolu.webp","width":382,"height":170,"caption":"admin"},"logo":{"@id":"https:\/\/luchonoticias.com\/editor\/#\/schema\/person\/image\/"},"sameAs":["https:\/\/www.facebook.com\/luchonoticiasneiva"],"url":"https:\/\/luchonoticias.com\/editor\/author\/admin\/"}]}},"_links":{"self":[{"href":"https:\/\/luchonoticias.com\/editor\/wp-json\/wp\/v2\/posts\/34087","targetHints":{"allow":["GET"]}}],"collection":[{"href":"https:\/\/luchonoticias.com\/editor\/wp-json\/wp\/v2\/posts"}],"about":[{"href":"https:\/\/luchonoticias.com\/editor\/wp-json\/wp\/v2\/types\/post"}],"author":[{"embeddable":true,"href":"https:\/\/luchonoticias.com\/editor\/wp-json\/wp\/v2\/users\/1"}],"replies":[{"embeddable":true,"href":"https:\/\/luchonoticias.com\/editor\/wp-json\/wp\/v2\/comments?post=34087"}],"version-history":[{"count":0,"href":"https:\/\/luchonoticias.com\/editor\/wp-json\/wp\/v2\/posts\/34087\/revisions"}],"wp:attachment":[{"href":"https:\/\/luchonoticias.com\/editor\/wp-json\/wp\/v2\/media?parent=34087"}],"wp:term":[{"taxonomy":"category","embeddable":true,"href":"https:\/\/luchonoticias.com\/editor\/wp-json\/wp\/v2\/categories?post=34087"},{"taxonomy":"post_tag","embeddable":true,"href":"https:\/\/luchonoticias.com\/editor\/wp-json\/wp\/v2\/tags?post=34087"}],"curies":[{"name":"wp","href":"https:\/\/api.w.org\/{rel}","templated":true}]}}