{"id":34089,"date":"2022-09-10T08:05:20","date_gmt":"2022-09-10T13:05:20","guid":{"rendered":"https:\/\/luchonoticias.com\/?p=34089"},"modified":"2022-09-10T08:05:21","modified_gmt":"2022-09-10T13:05:21","slug":"alias-negro-fue-capturado-por-porte-ilegal-de-armas-en-un-allanamiento-en-pitalito","status":"publish","type":"post","link":"https:\/\/luchonoticias.com\/editor\/alias-negro-fue-capturado-por-porte-ilegal-de-armas-en-un-allanamiento-en-pitalito\/","title":{"rendered":"Alias \u2018Negro\u2019 fue capturado por porte ilegal de armas en un allanamiento en Pitalito"},"content":{"rendered":"\n<p>En el despliegue de las actividades de Polic\u00eda judicial que viene realizando el Departamento de Polic\u00eda Huila en el Valle de Laboyos, fue capturado un actor criminal recurrente en las \u00faltimas horas, se\u00f1alado de participar en varios hurtos ocurridos en los \u00faltimos d\u00edas.<\/p>\n\n\n\n<p>&nbsp;A trav\u00e9s de una diligencia de registro y allanamiento en una vivienda del barrio Lara Bonilla por parte de la Seccional de Investigaci\u00f3n Criminal, fue capturado Carlos Arturo S\u00e1nchez alias \u201cNegro\u201d de 27 a\u00f1os de edad, a quien le hallaron un rev\u00f3lver calibre 38 con 2 cartuchos, adem\u00e1s de varios documentos personales como c\u00e9dulas, licencias de conducci\u00f3n, entre otros, los cuales, muy presuntamente serian de v\u00edctimas de hurto, por lo que las autoridades adelantan las indagaciones para relacionarlos con el proceso judicial.<\/p>\n\n\n\n<p>Cabe anotar que este sujeto gozaba del beneficio de detenci\u00f3n domiciliaria por el delito de tr\u00e1fico de estupefacientes; adem\u00e1s, cuenta con 7 anotaciones en el sistema SPOA de la Fiscal\u00eda por los delitos de hurto calificado, receptaci\u00f3n, amenazas y fuga de presos.<\/p>\n\n\n\n<p>Luego de su presentaci\u00f3n ante las autoridades competentes, le fue determinada la medida de aseguramiento en centro carcelario.<\/p>\n","protected":false},"excerpt":{"rendered":"<p>En el despliegue de las actividades de Polic\u00eda judicial que viene realizando el Departamento de Polic\u00eda Huila en el Valle de Laboyos, fue capturado un actor criminal recurrente en las \u00faltimas horas, se\u00f1alado de participar en varios hurtos ocurridos en los \u00faltimos d\u00edas. &nbsp;A trav\u00e9s de una diligencia de registro y allanamiento en una vivienda [&hellip;]<\/p>\n","protected":false},"author":1,"featured_media":0,"comment_status":"open","ping_status":"open","sticky":false,"template":"","format":"standard","meta":{"footnotes":""},"categories":[36,29],"tags":[],"class_list":["post-34089","post","type-post","status-publish","format-standard","hentry","category-destacado","category-judicial"],"yoast_head":"<!-- This site is optimized with the Yoast SEO plugin v26.6 - https:\/\/yoast.com\/wordpress\/plugins\/seo\/ -->\n<title>Alias \u2018Negro\u2019 fue capturado por porte ilegal de armas en un allanamiento en Pitalito -<\/title>\n<meta name=\"robots\" content=\"index, follow, max-snippet:-1, max-image-preview:large, max-video-preview:-1\" \/>\n<link rel=\"canonical\" href=\"https:\/\/luchonoticias.com\/editor\/alias-negro-fue-capturado-por-porte-ilegal-de-armas-en-un-allanamiento-en-pitalito\/\" \/>\n<meta property=\"og:locale\" content=\"es_ES\" \/>\n<meta property=\"og:type\" content=\"article\" \/>\n<meta property=\"og:title\" content=\"Alias \u2018Negro\u2019 fue capturado por porte ilegal de armas en un allanamiento en Pitalito -\" \/>\n<meta property=\"og:url\" content=\"https:\/\/luchonoticias.com\/editor\/alias-negro-fue-capturado-por-porte-ilegal-de-armas-en-un-allanamiento-en-pitalito\/\" \/>\n<meta property=\"article:publisher\" content=\"https:\/\/www.facebook.com\/luchonoticiasneiva\" \/>\n<meta property=\"article:author\" content=\"https:\/\/www.facebook.com\/luchonoticiasneiva\" \/>\n<meta property=\"article:published_time\" content=\"2022-09-10T13:05:20+00:00\" \/>\n<meta property=\"article:modified_time\" content=\"2022-09-10T13:05:21+00:00\" \/>\n<meta name=\"author\" content=\"admin\" \/>\n<meta name=\"twitter:card\" content=\"summary_large_image\" \/>\n<meta name=\"twitter:label1\" content=\"Escrito por\" \/>\n\t<meta name=\"twitter:data1\" content=\"admin\" \/>\n\t<meta name=\"twitter:label2\" content=\"Tiempo de lectura\" \/>\n\t<meta name=\"twitter:data2\" content=\"1 minuto\" \/>\n<script type=\"application\/ld+json\" class=\"yoast-schema-graph\">{\"@context\":\"https:\/\/schema.org\",\"@graph\":[{\"@type\":\"Article\",\"@id\":\"https:\/\/luchonoticias.com\/editor\/alias-negro-fue-capturado-por-porte-ilegal-de-armas-en-un-allanamiento-en-pitalito\/#article\",\"isPartOf\":{\"@id\":\"https:\/\/luchonoticias.com\/editor\/alias-negro-fue-capturado-por-porte-ilegal-de-armas-en-un-allanamiento-en-pitalito\/\"},\"author\":{\"name\":\"admin\",\"@id\":\"https:\/\/luchonoticias.com\/editor\/#\/schema\/person\/7a7fd911f58561fd056dbac7b55af9cd\"},\"headline\":\"Alias \u2018Negro\u2019 fue capturado por porte ilegal de armas en un allanamiento en Pitalito\",\"datePublished\":\"2022-09-10T13:05:20+00:00\",\"dateModified\":\"2022-09-10T13:05:21+00:00\",\"mainEntityOfPage\":{\"@id\":\"https:\/\/luchonoticias.com\/editor\/alias-negro-fue-capturado-por-porte-ilegal-de-armas-en-un-allanamiento-en-pitalito\/\"},\"wordCount\":215,\"commentCount\":0,\"publisher\":{\"@id\":\"https:\/\/luchonoticias.com\/editor\/#\/schema\/person\/7a7fd911f58561fd056dbac7b55af9cd\"},\"articleSection\":[\"Destacado\",\"Judicial\"],\"inLanguage\":\"es\",\"potentialAction\":[{\"@type\":\"CommentAction\",\"name\":\"Comment\",\"target\":[\"https:\/\/luchonoticias.com\/editor\/alias-negro-fue-capturado-por-porte-ilegal-de-armas-en-un-allanamiento-en-pitalito\/#respond\"]}]},{\"@type\":\"WebPage\",\"@id\":\"https:\/\/luchonoticias.com\/editor\/alias-negro-fue-capturado-por-porte-ilegal-de-armas-en-un-allanamiento-en-pitalito\/\",\"url\":\"https:\/\/luchonoticias.com\/editor\/alias-negro-fue-capturado-por-porte-ilegal-de-armas-en-un-allanamiento-en-pitalito\/\",\"name\":\"Alias \u2018Negro\u2019 fue capturado por porte ilegal de armas en un allanamiento en Pitalito -\",\"isPartOf\":{\"@id\":\"https:\/\/luchonoticias.com\/editor\/#website\"},\"datePublished\":\"2022-09-10T13:05:20+00:00\",\"dateModified\":\"2022-09-10T13:05:21+00:00\",\"breadcrumb\":{\"@id\":\"https:\/\/luchonoticias.com\/editor\/alias-negro-fue-capturado-por-porte-ilegal-de-armas-en-un-allanamiento-en-pitalito\/#breadcrumb\"},\"inLanguage\":\"es\",\"potentialAction\":[{\"@type\":\"ReadAction\",\"target\":[\"https:\/\/luchonoticias.com\/editor\/alias-negro-fue-capturado-por-porte-ilegal-de-armas-en-un-allanamiento-en-pitalito\/\"]}]},{\"@type\":\"BreadcrumbList\",\"@id\":\"https:\/\/luchonoticias.com\/editor\/alias-negro-fue-capturado-por-porte-ilegal-de-armas-en-un-allanamiento-en-pitalito\/#breadcrumb\",\"itemListElement\":[{\"@type\":\"ListItem\",\"position\":1,\"name\":\"Portada\",\"item\":\"https:\/\/luchonoticias.com\/editor\/\"},{\"@type\":\"ListItem\",\"position\":2,\"name\":\"Alias \u2018Negro\u2019 fue capturado por porte ilegal de armas en un allanamiento en Pitalito\"}]},{\"@type\":\"WebSite\",\"@id\":\"https:\/\/luchonoticias.com\/editor\/#website\",\"url\":\"https:\/\/luchonoticias.com\/editor\/\",\"name\":\"\",\"description\":\"\",\"publisher\":{\"@id\":\"https:\/\/luchonoticias.com\/editor\/#\/schema\/person\/7a7fd911f58561fd056dbac7b55af9cd\"},\"potentialAction\":[{\"@type\":\"SearchAction\",\"target\":{\"@type\":\"EntryPoint\",\"urlTemplate\":\"https:\/\/luchonoticias.com\/editor\/?s={search_term_string}\"},\"query-input\":{\"@type\":\"PropertyValueSpecification\",\"valueRequired\":true,\"valueName\":\"search_term_string\"}}],\"inLanguage\":\"es\"},{\"@type\":[\"Person\",\"Organization\"],\"@id\":\"https:\/\/luchonoticias.com\/editor\/#\/schema\/person\/7a7fd911f58561fd056dbac7b55af9cd\",\"name\":\"admin\",\"image\":{\"@type\":\"ImageObject\",\"inLanguage\":\"es\",\"@id\":\"https:\/\/luchonoticias.com\/editor\/#\/schema\/person\/image\/\",\"url\":\"https:\/\/luchonoticias.com\/editor\/wp-content\/uploads\/2024\/02\/cropped-cropped-logolu.webp\",\"contentUrl\":\"https:\/\/luchonoticias.com\/editor\/wp-content\/uploads\/2024\/02\/cropped-cropped-logolu.webp\",\"width\":382,\"height\":170,\"caption\":\"admin\"},\"logo\":{\"@id\":\"https:\/\/luchonoticias.com\/editor\/#\/schema\/person\/image\/\"},\"sameAs\":[\"https:\/\/www.facebook.com\/luchonoticiasneiva\"],\"url\":\"https:\/\/luchonoticias.com\/editor\/author\/admin\/\"}]}<\/script>\n<!-- \/ Yoast SEO plugin. -->","yoast_head_json":{"title":"Alias \u2018Negro\u2019 fue capturado por porte ilegal de armas en un allanamiento en Pitalito -","robots":{"index":"index","follow":"follow","max-snippet":"max-snippet:-1","max-image-preview":"max-image-preview:large","max-video-preview":"max-video-preview:-1"},"canonical":"https:\/\/luchonoticias.com\/editor\/alias-negro-fue-capturado-por-porte-ilegal-de-armas-en-un-allanamiento-en-pitalito\/","og_locale":"es_ES","og_type":"article","og_title":"Alias \u2018Negro\u2019 fue capturado por porte ilegal de armas en un allanamiento en Pitalito -","og_url":"https:\/\/luchonoticias.com\/editor\/alias-negro-fue-capturado-por-porte-ilegal-de-armas-en-un-allanamiento-en-pitalito\/","article_publisher":"https:\/\/www.facebook.com\/luchonoticiasneiva","article_author":"https:\/\/www.facebook.com\/luchonoticiasneiva","article_published_time":"2022-09-10T13:05:20+00:00","article_modified_time":"2022-09-10T13:05:21+00:00","author":"admin","twitter_card":"summary_large_image","twitter_misc":{"Escrito por":"admin","Tiempo de lectura":"1 minuto"},"schema":{"@context":"https:\/\/schema.org","@graph":[{"@type":"Article","@id":"https:\/\/luchonoticias.com\/editor\/alias-negro-fue-capturado-por-porte-ilegal-de-armas-en-un-allanamiento-en-pitalito\/#article","isPartOf":{"@id":"https:\/\/luchonoticias.com\/editor\/alias-negro-fue-capturado-por-porte-ilegal-de-armas-en-un-allanamiento-en-pitalito\/"},"author":{"name":"admin","@id":"https:\/\/luchonoticias.com\/editor\/#\/schema\/person\/7a7fd911f58561fd056dbac7b55af9cd"},"headline":"Alias \u2018Negro\u2019 fue capturado por porte ilegal de armas en un allanamiento en Pitalito","datePublished":"2022-09-10T13:05:20+00:00","dateModified":"2022-09-10T13:05:21+00:00","mainEntityOfPage":{"@id":"https:\/\/luchonoticias.com\/editor\/alias-negro-fue-capturado-por-porte-ilegal-de-armas-en-un-allanamiento-en-pitalito\/"},"wordCount":215,"commentCount":0,"publisher":{"@id":"https:\/\/luchonoticias.com\/editor\/#\/schema\/person\/7a7fd911f58561fd056dbac7b55af9cd"},"articleSection":["Destacado","Judicial"],"inLanguage":"es","potentialAction":[{"@type":"CommentAction","name":"Comment","target":["https:\/\/luchonoticias.com\/editor\/alias-negro-fue-capturado-por-porte-ilegal-de-armas-en-un-allanamiento-en-pitalito\/#respond"]}]},{"@type":"WebPage","@id":"https:\/\/luchonoticias.com\/editor\/alias-negro-fue-capturado-por-porte-ilegal-de-armas-en-un-allanamiento-en-pitalito\/","url":"https:\/\/luchonoticias.com\/editor\/alias-negro-fue-capturado-por-porte-ilegal-de-armas-en-un-allanamiento-en-pitalito\/","name":"Alias \u2018Negro\u2019 fue capturado por porte ilegal de armas en un allanamiento en Pitalito -","isPartOf":{"@id":"https:\/\/luchonoticias.com\/editor\/#website"},"datePublished":"2022-09-10T13:05:20+00:00","dateModified":"2022-09-10T13:05:21+00:00","breadcrumb":{"@id":"https:\/\/luchonoticias.com\/editor\/alias-negro-fue-capturado-por-porte-ilegal-de-armas-en-un-allanamiento-en-pitalito\/#breadcrumb"},"inLanguage":"es","potentialAction":[{"@type":"ReadAction","target":["https:\/\/luchonoticias.com\/editor\/alias-negro-fue-capturado-por-porte-ilegal-de-armas-en-un-allanamiento-en-pitalito\/"]}]},{"@type":"BreadcrumbList","@id":"https:\/\/luchonoticias.com\/editor\/alias-negro-fue-capturado-por-porte-ilegal-de-armas-en-un-allanamiento-en-pitalito\/#breadcrumb","itemListElement":[{"@type":"ListItem","position":1,"name":"Portada","item":"https:\/\/luchonoticias.com\/editor\/"},{"@type":"ListItem","position":2,"name":"Alias \u2018Negro\u2019 fue capturado por porte ilegal de armas en un allanamiento en Pitalito"}]},{"@type":"WebSite","@id":"https:\/\/luchonoticias.com\/editor\/#website","url":"https:\/\/luchonoticias.com\/editor\/","name":"","description":"","publisher":{"@id":"https:\/\/luchonoticias.com\/editor\/#\/schema\/person\/7a7fd911f58561fd056dbac7b55af9cd"},"potentialAction":[{"@type":"SearchAction","target":{"@type":"EntryPoint","urlTemplate":"https:\/\/luchonoticias.com\/editor\/?s={search_term_string}"},"query-input":{"@type":"PropertyValueSpecification","valueRequired":true,"valueName":"search_term_string"}}],"inLanguage":"es"},{"@type":["Person","Organization"],"@id":"https:\/\/luchonoticias.com\/editor\/#\/schema\/person\/7a7fd911f58561fd056dbac7b55af9cd","name":"admin","image":{"@type":"ImageObject","inLanguage":"es","@id":"https:\/\/luchonoticias.com\/editor\/#\/schema\/person\/image\/","url":"https:\/\/luchonoticias.com\/editor\/wp-content\/uploads\/2024\/02\/cropped-cropped-logolu.webp","contentUrl":"https:\/\/luchonoticias.com\/editor\/wp-content\/uploads\/2024\/02\/cropped-cropped-logolu.webp","width":382,"height":170,"caption":"admin"},"logo":{"@id":"https:\/\/luchonoticias.com\/editor\/#\/schema\/person\/image\/"},"sameAs":["https:\/\/www.facebook.com\/luchonoticiasneiva"],"url":"https:\/\/luchonoticias.com\/editor\/author\/admin\/"}]}},"_links":{"self":[{"href":"https:\/\/luchonoticias.com\/editor\/wp-json\/wp\/v2\/posts\/34089","targetHints":{"allow":["GET"]}}],"collection":[{"href":"https:\/\/luchonoticias.com\/editor\/wp-json\/wp\/v2\/posts"}],"about":[{"href":"https:\/\/luchonoticias.com\/editor\/wp-json\/wp\/v2\/types\/post"}],"author":[{"embeddable":true,"href":"https:\/\/luchonoticias.com\/editor\/wp-json\/wp\/v2\/users\/1"}],"replies":[{"embeddable":true,"href":"https:\/\/luchonoticias.com\/editor\/wp-json\/wp\/v2\/comments?post=34089"}],"version-history":[{"count":0,"href":"https:\/\/luchonoticias.com\/editor\/wp-json\/wp\/v2\/posts\/34089\/revisions"}],"wp:attachment":[{"href":"https:\/\/luchonoticias.com\/editor\/wp-json\/wp\/v2\/media?parent=34089"}],"wp:term":[{"taxonomy":"category","embeddable":true,"href":"https:\/\/luchonoticias.com\/editor\/wp-json\/wp\/v2\/categories?post=34089"},{"taxonomy":"post_tag","embeddable":true,"href":"https:\/\/luchonoticias.com\/editor\/wp-json\/wp\/v2\/tags?post=34089"}],"curies":[{"name":"wp","href":"https:\/\/api.w.org\/{rel}","templated":true}]}}