{"id":34105,"date":"2022-09-10T10:55:51","date_gmt":"2022-09-10T15:55:51","guid":{"rendered":"https:\/\/luchonoticias.com\/?p=34105"},"modified":"2022-09-10T10:56:09","modified_gmt":"2022-09-10T15:56:09","slug":"nueva-victoria-de-richard-carapaz-en-la-vuelta-a-espana-2","status":"publish","type":"post","link":"https:\/\/luchonoticias.com\/editor\/nueva-victoria-de-richard-carapaz-en-la-vuelta-a-espana-2\/","title":{"rendered":"Nueva victoria de Richard Carapaz en la Vuelta a Espa\u00f1a"},"content":{"rendered":"\n<p>El ciclista ecuatoriano <strong>Richard Carapaz<\/strong> conquist\u00f3 la <strong>victoria en la etapa 20 de la Vuelta a Espa\u00f1a<\/strong>, \u00faltima fracci\u00f3n monta\u00f1osa y que deja al belga Remco Evenepoel como virtual campe\u00f3n de la carrera.<\/p>\n\n\n\n<p>Carapaz fragu\u00f3 su victoria tras <strong>estar involucrado en una fuga <\/strong>la cual se consolid\u00f3 en solitario faltando cinco kil\u00f3metros para el final, venciendo as\u00ed con una ventaja de ocho segundos sobre Thymen Arensman que qued\u00f3 de segundo; <strong>Miguel \u00c1ngel L\u00f3pez <\/strong>cruz\u00f3 la meta de octavo.<\/p>\n\n\n\n<p>Con esta victoria el ecuatoriano logra <strong>su tercera victoria parcial<\/strong> en esta edici\u00f3n de la ronda espa\u00f1ola (igualando a Mads Pedersen) adem\u00e1s de asegurar el t\u00edtulo de los Premios de Monta\u00f1a. <\/p>\n\n\n\n<p>Por su parte <strong>Harold Tejada termin\u00f3 la etapa <\/strong>de hoy en el <strong>puesto 53,<\/strong> a 12:16 minutos <\/p>\n\n\n\n<p>As\u00ed las cosas el belga <strong>Remco Evenepoel queda como l\u00edder y virtual campe\u00f3n de la ronda espa\u00f1ola<\/strong> con una ventaja de 2:05 minutos sobre el mallorqu\u00edn Enric M\u00e1s mientras que <strong>el mejor colombiano es Miguel \u00c1ngel L\u00f3pez<\/strong> que, salvo sorpresa, terminar\u00e1 la competencia como cuarto.<\/p>\n\n\n\n<p>Ma\u00f1ana terminar\u00e1 la tercera grande de la temporada con una etapa plana de 96 kil\u00f3metros entre Las Rozas y Madrid.  <\/p>\n","protected":false},"excerpt":{"rendered":"<p>El ciclista ecuatoriano Richard Carapaz conquist\u00f3 la victoria en la etapa 20 de la Vuelta a Espa\u00f1a, \u00faltima fracci\u00f3n monta\u00f1osa y que deja al belga Remco Evenepoel como virtual campe\u00f3n de la carrera. Carapaz fragu\u00f3 su victoria tras estar involucrado en una fuga la cual se consolid\u00f3 en solitario faltando cinco kil\u00f3metros para el final, [&hellip;]<\/p>\n","protected":false},"author":1,"featured_media":0,"comment_status":"open","ping_status":"open","sticky":false,"template":"","format":"standard","meta":{"footnotes":""},"categories":[34],"tags":[],"class_list":["post-34105","post","type-post","status-publish","format-standard","hentry","category-deportes"],"yoast_head":"<!-- This site is optimized with the Yoast SEO plugin v26.6 - https:\/\/yoast.com\/wordpress\/plugins\/seo\/ -->\n<title>Nueva victoria de Richard Carapaz en la Vuelta a Espa\u00f1a -<\/title>\n<meta name=\"robots\" content=\"index, follow, max-snippet:-1, max-image-preview:large, max-video-preview:-1\" \/>\n<link rel=\"canonical\" href=\"https:\/\/luchonoticias.com\/editor\/nueva-victoria-de-richard-carapaz-en-la-vuelta-a-espana-2\/\" \/>\n<meta property=\"og:locale\" content=\"es_ES\" \/>\n<meta property=\"og:type\" content=\"article\" \/>\n<meta property=\"og:title\" content=\"Nueva victoria de Richard Carapaz en la Vuelta a Espa\u00f1a -\" \/>\n<meta property=\"og:url\" content=\"https:\/\/luchonoticias.com\/editor\/nueva-victoria-de-richard-carapaz-en-la-vuelta-a-espana-2\/\" \/>\n<meta property=\"article:publisher\" content=\"https:\/\/www.facebook.com\/luchonoticiasneiva\" \/>\n<meta property=\"article:author\" content=\"https:\/\/www.facebook.com\/luchonoticiasneiva\" \/>\n<meta property=\"article:published_time\" content=\"2022-09-10T15:55:51+00:00\" \/>\n<meta property=\"article:modified_time\" content=\"2022-09-10T15:56:09+00:00\" \/>\n<meta name=\"author\" content=\"admin\" \/>\n<meta name=\"twitter:card\" content=\"summary_large_image\" \/>\n<meta name=\"twitter:label1\" content=\"Escrito por\" \/>\n\t<meta name=\"twitter:data1\" content=\"admin\" \/>\n\t<meta name=\"twitter:label2\" content=\"Tiempo de lectura\" \/>\n\t<meta name=\"twitter:data2\" content=\"1 minuto\" \/>\n<script type=\"application\/ld+json\" class=\"yoast-schema-graph\">{\"@context\":\"https:\/\/schema.org\",\"@graph\":[{\"@type\":\"Article\",\"@id\":\"https:\/\/luchonoticias.com\/editor\/nueva-victoria-de-richard-carapaz-en-la-vuelta-a-espana-2\/#article\",\"isPartOf\":{\"@id\":\"https:\/\/luchonoticias.com\/editor\/nueva-victoria-de-richard-carapaz-en-la-vuelta-a-espana-2\/\"},\"author\":{\"name\":\"admin\",\"@id\":\"https:\/\/luchonoticias.com\/editor\/#\/schema\/person\/7a7fd911f58561fd056dbac7b55af9cd\"},\"headline\":\"Nueva victoria de Richard Carapaz en la Vuelta a Espa\u00f1a\",\"datePublished\":\"2022-09-10T15:55:51+00:00\",\"dateModified\":\"2022-09-10T15:56:09+00:00\",\"mainEntityOfPage\":{\"@id\":\"https:\/\/luchonoticias.com\/editor\/nueva-victoria-de-richard-carapaz-en-la-vuelta-a-espana-2\/\"},\"wordCount\":216,\"commentCount\":0,\"publisher\":{\"@id\":\"https:\/\/luchonoticias.com\/editor\/#\/schema\/person\/7a7fd911f58561fd056dbac7b55af9cd\"},\"articleSection\":[\"Deportes\"],\"inLanguage\":\"es\",\"potentialAction\":[{\"@type\":\"CommentAction\",\"name\":\"Comment\",\"target\":[\"https:\/\/luchonoticias.com\/editor\/nueva-victoria-de-richard-carapaz-en-la-vuelta-a-espana-2\/#respond\"]}]},{\"@type\":\"WebPage\",\"@id\":\"https:\/\/luchonoticias.com\/editor\/nueva-victoria-de-richard-carapaz-en-la-vuelta-a-espana-2\/\",\"url\":\"https:\/\/luchonoticias.com\/editor\/nueva-victoria-de-richard-carapaz-en-la-vuelta-a-espana-2\/\",\"name\":\"Nueva victoria de Richard Carapaz en la Vuelta a Espa\u00f1a -\",\"isPartOf\":{\"@id\":\"https:\/\/luchonoticias.com\/editor\/#website\"},\"datePublished\":\"2022-09-10T15:55:51+00:00\",\"dateModified\":\"2022-09-10T15:56:09+00:00\",\"breadcrumb\":{\"@id\":\"https:\/\/luchonoticias.com\/editor\/nueva-victoria-de-richard-carapaz-en-la-vuelta-a-espana-2\/#breadcrumb\"},\"inLanguage\":\"es\",\"potentialAction\":[{\"@type\":\"ReadAction\",\"target\":[\"https:\/\/luchonoticias.com\/editor\/nueva-victoria-de-richard-carapaz-en-la-vuelta-a-espana-2\/\"]}]},{\"@type\":\"BreadcrumbList\",\"@id\":\"https:\/\/luchonoticias.com\/editor\/nueva-victoria-de-richard-carapaz-en-la-vuelta-a-espana-2\/#breadcrumb\",\"itemListElement\":[{\"@type\":\"ListItem\",\"position\":1,\"name\":\"Portada\",\"item\":\"https:\/\/luchonoticias.com\/editor\/\"},{\"@type\":\"ListItem\",\"position\":2,\"name\":\"Nueva victoria de Richard Carapaz en la Vuelta a Espa\u00f1a\"}]},{\"@type\":\"WebSite\",\"@id\":\"https:\/\/luchonoticias.com\/editor\/#website\",\"url\":\"https:\/\/luchonoticias.com\/editor\/\",\"name\":\"\",\"description\":\"\",\"publisher\":{\"@id\":\"https:\/\/luchonoticias.com\/editor\/#\/schema\/person\/7a7fd911f58561fd056dbac7b55af9cd\"},\"potentialAction\":[{\"@type\":\"SearchAction\",\"target\":{\"@type\":\"EntryPoint\",\"urlTemplate\":\"https:\/\/luchonoticias.com\/editor\/?s={search_term_string}\"},\"query-input\":{\"@type\":\"PropertyValueSpecification\",\"valueRequired\":true,\"valueName\":\"search_term_string\"}}],\"inLanguage\":\"es\"},{\"@type\":[\"Person\",\"Organization\"],\"@id\":\"https:\/\/luchonoticias.com\/editor\/#\/schema\/person\/7a7fd911f58561fd056dbac7b55af9cd\",\"name\":\"admin\",\"image\":{\"@type\":\"ImageObject\",\"inLanguage\":\"es\",\"@id\":\"https:\/\/luchonoticias.com\/editor\/#\/schema\/person\/image\/\",\"url\":\"https:\/\/luchonoticias.com\/editor\/wp-content\/uploads\/2024\/02\/cropped-cropped-logolu.webp\",\"contentUrl\":\"https:\/\/luchonoticias.com\/editor\/wp-content\/uploads\/2024\/02\/cropped-cropped-logolu.webp\",\"width\":382,\"height\":170,\"caption\":\"admin\"},\"logo\":{\"@id\":\"https:\/\/luchonoticias.com\/editor\/#\/schema\/person\/image\/\"},\"sameAs\":[\"https:\/\/www.facebook.com\/luchonoticiasneiva\"],\"url\":\"https:\/\/luchonoticias.com\/editor\/author\/admin\/\"}]}<\/script>\n<!-- \/ Yoast SEO plugin. -->","yoast_head_json":{"title":"Nueva victoria de Richard Carapaz en la Vuelta a Espa\u00f1a -","robots":{"index":"index","follow":"follow","max-snippet":"max-snippet:-1","max-image-preview":"max-image-preview:large","max-video-preview":"max-video-preview:-1"},"canonical":"https:\/\/luchonoticias.com\/editor\/nueva-victoria-de-richard-carapaz-en-la-vuelta-a-espana-2\/","og_locale":"es_ES","og_type":"article","og_title":"Nueva victoria de Richard Carapaz en la Vuelta a Espa\u00f1a -","og_url":"https:\/\/luchonoticias.com\/editor\/nueva-victoria-de-richard-carapaz-en-la-vuelta-a-espana-2\/","article_publisher":"https:\/\/www.facebook.com\/luchonoticiasneiva","article_author":"https:\/\/www.facebook.com\/luchonoticiasneiva","article_published_time":"2022-09-10T15:55:51+00:00","article_modified_time":"2022-09-10T15:56:09+00:00","author":"admin","twitter_card":"summary_large_image","twitter_misc":{"Escrito por":"admin","Tiempo de lectura":"1 minuto"},"schema":{"@context":"https:\/\/schema.org","@graph":[{"@type":"Article","@id":"https:\/\/luchonoticias.com\/editor\/nueva-victoria-de-richard-carapaz-en-la-vuelta-a-espana-2\/#article","isPartOf":{"@id":"https:\/\/luchonoticias.com\/editor\/nueva-victoria-de-richard-carapaz-en-la-vuelta-a-espana-2\/"},"author":{"name":"admin","@id":"https:\/\/luchonoticias.com\/editor\/#\/schema\/person\/7a7fd911f58561fd056dbac7b55af9cd"},"headline":"Nueva victoria de Richard Carapaz en la Vuelta a Espa\u00f1a","datePublished":"2022-09-10T15:55:51+00:00","dateModified":"2022-09-10T15:56:09+00:00","mainEntityOfPage":{"@id":"https:\/\/luchonoticias.com\/editor\/nueva-victoria-de-richard-carapaz-en-la-vuelta-a-espana-2\/"},"wordCount":216,"commentCount":0,"publisher":{"@id":"https:\/\/luchonoticias.com\/editor\/#\/schema\/person\/7a7fd911f58561fd056dbac7b55af9cd"},"articleSection":["Deportes"],"inLanguage":"es","potentialAction":[{"@type":"CommentAction","name":"Comment","target":["https:\/\/luchonoticias.com\/editor\/nueva-victoria-de-richard-carapaz-en-la-vuelta-a-espana-2\/#respond"]}]},{"@type":"WebPage","@id":"https:\/\/luchonoticias.com\/editor\/nueva-victoria-de-richard-carapaz-en-la-vuelta-a-espana-2\/","url":"https:\/\/luchonoticias.com\/editor\/nueva-victoria-de-richard-carapaz-en-la-vuelta-a-espana-2\/","name":"Nueva victoria de Richard Carapaz en la Vuelta a Espa\u00f1a -","isPartOf":{"@id":"https:\/\/luchonoticias.com\/editor\/#website"},"datePublished":"2022-09-10T15:55:51+00:00","dateModified":"2022-09-10T15:56:09+00:00","breadcrumb":{"@id":"https:\/\/luchonoticias.com\/editor\/nueva-victoria-de-richard-carapaz-en-la-vuelta-a-espana-2\/#breadcrumb"},"inLanguage":"es","potentialAction":[{"@type":"ReadAction","target":["https:\/\/luchonoticias.com\/editor\/nueva-victoria-de-richard-carapaz-en-la-vuelta-a-espana-2\/"]}]},{"@type":"BreadcrumbList","@id":"https:\/\/luchonoticias.com\/editor\/nueva-victoria-de-richard-carapaz-en-la-vuelta-a-espana-2\/#breadcrumb","itemListElement":[{"@type":"ListItem","position":1,"name":"Portada","item":"https:\/\/luchonoticias.com\/editor\/"},{"@type":"ListItem","position":2,"name":"Nueva victoria de Richard Carapaz en la Vuelta a Espa\u00f1a"}]},{"@type":"WebSite","@id":"https:\/\/luchonoticias.com\/editor\/#website","url":"https:\/\/luchonoticias.com\/editor\/","name":"","description":"","publisher":{"@id":"https:\/\/luchonoticias.com\/editor\/#\/schema\/person\/7a7fd911f58561fd056dbac7b55af9cd"},"potentialAction":[{"@type":"SearchAction","target":{"@type":"EntryPoint","urlTemplate":"https:\/\/luchonoticias.com\/editor\/?s={search_term_string}"},"query-input":{"@type":"PropertyValueSpecification","valueRequired":true,"valueName":"search_term_string"}}],"inLanguage":"es"},{"@type":["Person","Organization"],"@id":"https:\/\/luchonoticias.com\/editor\/#\/schema\/person\/7a7fd911f58561fd056dbac7b55af9cd","name":"admin","image":{"@type":"ImageObject","inLanguage":"es","@id":"https:\/\/luchonoticias.com\/editor\/#\/schema\/person\/image\/","url":"https:\/\/luchonoticias.com\/editor\/wp-content\/uploads\/2024\/02\/cropped-cropped-logolu.webp","contentUrl":"https:\/\/luchonoticias.com\/editor\/wp-content\/uploads\/2024\/02\/cropped-cropped-logolu.webp","width":382,"height":170,"caption":"admin"},"logo":{"@id":"https:\/\/luchonoticias.com\/editor\/#\/schema\/person\/image\/"},"sameAs":["https:\/\/www.facebook.com\/luchonoticiasneiva"],"url":"https:\/\/luchonoticias.com\/editor\/author\/admin\/"}]}},"_links":{"self":[{"href":"https:\/\/luchonoticias.com\/editor\/wp-json\/wp\/v2\/posts\/34105","targetHints":{"allow":["GET"]}}],"collection":[{"href":"https:\/\/luchonoticias.com\/editor\/wp-json\/wp\/v2\/posts"}],"about":[{"href":"https:\/\/luchonoticias.com\/editor\/wp-json\/wp\/v2\/types\/post"}],"author":[{"embeddable":true,"href":"https:\/\/luchonoticias.com\/editor\/wp-json\/wp\/v2\/users\/1"}],"replies":[{"embeddable":true,"href":"https:\/\/luchonoticias.com\/editor\/wp-json\/wp\/v2\/comments?post=34105"}],"version-history":[{"count":0,"href":"https:\/\/luchonoticias.com\/editor\/wp-json\/wp\/v2\/posts\/34105\/revisions"}],"wp:attachment":[{"href":"https:\/\/luchonoticias.com\/editor\/wp-json\/wp\/v2\/media?parent=34105"}],"wp:term":[{"taxonomy":"category","embeddable":true,"href":"https:\/\/luchonoticias.com\/editor\/wp-json\/wp\/v2\/categories?post=34105"},{"taxonomy":"post_tag","embeddable":true,"href":"https:\/\/luchonoticias.com\/editor\/wp-json\/wp\/v2\/tags?post=34105"}],"curies":[{"name":"wp","href":"https:\/\/api.w.org\/{rel}","templated":true}]}}